{"id":82025,"date":"2018-05-11T15:12:21","date_gmt":"2018-05-11T18:12:21","guid":{"rendered":"http:\/\/127.0.0.1\/acs\/nova-coordenadoria-do-nucleo-de-jovens-da-associacao-comercial-de-santos-acs-toma-posse-nesta-segunda-feira-14-2\/"},"modified":"2018-05-11T15:12:21","modified_gmt":"2018-05-11T18:12:21","slug":"nova-coordenadoria-do-nucleo-de-jovens-da-associacao-comercial-de-santos-acs-toma-posse-nesta-segunda-feira-14-2","status":"publish","type":"post","link":"https:\/\/acs.org.br\/academy\/nova-coordenadoria-do-nucleo-de-jovens-da-associacao-comercial-de-santos-acs-toma-posse-nesta-segunda-feira-14-2\/","title":{"rendered":"Nova coordenadoria do n\u00facleo de jovens da Associa\u00e7\u00e3o Comercial de Santos (ACS) toma posse nesta segunda-feira (14)"},"content":{"rendered":"<p style=\"text-align: left;\" align=\"center\">Fonte: Assessoria de imprensa ACS<\/p>\n<p>A nova coordenadoria do grupo de jovens da Associa\u00e7\u00e3o Comercial de Santos &#8211; ACS Jovem \u2013 tomar\u00e1 posse nesta segunda-feira (14), em cerim\u00f4nia que ser\u00e1 realizada, \u00e0s 18 horas, no audit\u00f3rio da Institui\u00e7\u00e3o, localizada \u00e0 Rua XV de Novembro, 137, no Centro, em Santos.<\/p>\n<p>Os eleitos para esse novo mandato, que agora ter\u00e1 dura\u00e7\u00e3o de dois anos, foram: coordenador &#8211; Marcelo Teixeira Filho; vice-coordenadora \u2013 Patr\u00edcia Marques; secret\u00e1rio-geral \u2013 Leandro Taveira; secret\u00e1rio de projetos \u2013 Guilherme Apparicio; secret\u00e1ria de rela\u00e7\u00f5es institucionais \u2013 Tatiane Martins.<\/p>\n<p>Duas grandes novidades deste ano ser\u00e3o as comiss\u00f5es e os n\u00facleos organizacionais, divididos pelas seguintes \u00e1reas: cidadania e a\u00e7\u00e3o social; educa\u00e7\u00e3o e cultura; desenvolvimento profissional; esporte e lazer; expans\u00e3o; mulher e sa\u00fade; comunica\u00e7\u00e3o e marketing; justi\u00e7a e ci\u00eancias pol\u00edticas; e meio ambiente e sustentabilidade.<\/p>\n<p><b> <\/b><\/p>\n<p><b>Sobre a ACS Jovem<\/b><\/p>\n<p>A Associa\u00e7\u00e3o Comercial de Santos Jovem (ACS Jovem) \u00e9 um n\u00facleo de jovens empreendedores da Associa\u00e7\u00e3o Comercial de Santos (ACS) com a miss\u00e3o promover a integra\u00e7\u00e3o e participa\u00e7\u00e3o dos associados em iniciativas de incentivo e fortalecimento do empreendedorismo.<\/p>\n<p>A ACS Jovem foi fundada em 1.\u00ba de julho de 2008 e o mandato de cada coordenador tem dura\u00e7\u00e3o de dois anos.<\/p>\n<p>Os prop\u00f3sitos da ACS Jovem s\u00e3o:<\/p>\n<p>&#8211; Contribuir para os objetivos da Associa\u00e7\u00e3o Comercial de Santos, incentivando a participa\u00e7\u00e3o dos jovens nas a\u00e7\u00f5es promovidas pela ACS;<\/p>\n<p>&#8211; Formar lideran\u00e7as empresariais, com o intuito de incentivar e difundir a\u00e7\u00f5es empreendedoras;<\/p>\n<p>&#8211; Desenvolver redes de relacionamento entre empres\u00e1rios, lideran\u00e7as e grupos de jovens empreendedores;<\/p>\n<p>&#8211; Difundir o empreendedorismo na regi\u00e3o.<\/p>\n<p align=\"center\">\u00a0<\/p>\n","protected":false},"excerpt":{"rendered":"<p>Fonte: Assessoria de imprensa ACS A nova coordenadoria do grupo de jovens da Associa\u00e7\u00e3o Comercial de Santos &#8211; ACS Jovem \u2013 tomar\u00e1 posse nesta segunda-feira (14), em cerim\u00f4nia que ser\u00e1 realizada, \u00e0s 18 horas, no audit\u00f3rio da Institui\u00e7\u00e3o, localizada \u00e0 Rua XV de Novembro, 137, no Centro, em Santos. Os eleitos para esse novo mandato, [&hellip;]<\/p>\n","protected":false},"author":1,"featured_media":0,"comment_status":"open","ping_status":"open","sticky":false,"template":"","format":"standard","meta":{"footnotes":""},"categories":[84],"tags":[],"_links":{"self":[{"href":"https:\/\/acs.org.br\/academy\/wp-json\/wp\/v2\/posts\/82025"}],"collection":[{"href":"https:\/\/acs.org.br\/academy\/wp-json\/wp\/v2\/posts"}],"about":[{"href":"https:\/\/acs.org.br\/academy\/wp-json\/wp\/v2\/types\/post"}],"author":[{"embeddable":true,"href":"https:\/\/acs.org.br\/academy\/wp-json\/wp\/v2\/users\/1"}],"replies":[{"embeddable":true,"href":"https:\/\/acs.org.br\/academy\/wp-json\/wp\/v2\/comments?post=82025"}],"version-history":[{"count":0,"href":"https:\/\/acs.org.br\/academy\/wp-json\/wp\/v2\/posts\/82025\/revisions"}],"wp:attachment":[{"href":"https:\/\/acs.org.br\/academy\/wp-json\/wp\/v2\/media?parent=82025"}],"wp:term":[{"taxonomy":"category","embeddable":true,"href":"https:\/\/acs.org.br\/academy\/wp-json\/wp\/v2\/categories?post=82025"},{"taxonomy":"post_tag","embeddable":true,"href":"https:\/\/acs.org.br\/academy\/wp-json\/wp\/v2\/tags?post=82025"}],"curies":[{"name":"wp","href":"https:\/\/api.w.org\/{rel}","templated":true}]}}