{"id":82023,"date":"2018-05-14T00:00:00","date_gmt":"2018-05-14T03:00:00","guid":{"rendered":"http:\/\/127.0.0.1\/acs\/palestras\/"},"modified":"2018-05-14T00:00:00","modified_gmt":"2018-05-14T03:00:00","slug":"palestras","status":"publish","type":"post","link":"https:\/\/acs.org.br\/academy\/palestras\/","title":{"rendered":"Confira as apresenta\u00e7\u00f5es das palestras  realizadas no XXII Semin\u00e1rio  Internacional de Caf\u00e9 de Santos"},"content":{"rendered":"<p style=\"padding-left: 30px;\"><strong><span style=\"text-decoration: underline;\">Quar<\/span><strong><span style=\"text-decoration: underline;\">ta-Feira &#8211; 09 de Maio<\/span><br \/><\/strong><\/strong><\/p>\n<p><a target=\"_blank\" href=\"http:\/\/127.0.0.1\/acs\/wp-content\/uploads\/2018\/05\/PDF_2018_MAIO_PALESTRA-1-Lucio-de-Araujo.pdf\" rel=\"noopener\">Palestra:&nbsp;&nbsp;<span style=\"font-size: 12pt;\"><strong>Estrutura Brasileira Para Atender o Mercado<\/strong><\/span><\/a><\/p>\n<p>Palestrante: L\u00facio de Ara\u00fajo Dias \u2013 Superintendente, Cooxup\u00e9<\/p>\n<p><a href=\"http:\/\/127.0.0.1\/acs\/wp-content\/uploads\/2018\/05\/PDF_2018_MAIO_PALESTRA-2-Trishul-Mandana.pdf\" target=\"_blank\" rel=\"noopener\">Palestra:&nbsp;&nbsp;<span style=\"font-size: 12pt;\"><strong>Participa\u00e7\u00f5es de Fundos no Caf\u00e9 &#8211; Quebrando Recordes<\/strong><\/span><\/a><\/p>\n<p>Palestrante: Trishul Mandana &#8211; Diretor Executivo, Volcafe\/ ED&amp;F MAN<\/p>\n<p><a target=\"_blank\" href=\"http:\/\/127.0.0.1\/acs\/wp-content\/uploads\/2018\/05\/PDF_2018_MAIO_PALESTRA-3-Vivek-Verna.pdf\" rel=\"noopener\">Palestra:&nbsp;&nbsp;<span style=\"font-size: 12pt;\"><strong>Vis\u00e3o Geral do Mercado de Caf\u00e9 &#8211; A Import\u00e2ncia do Brasil<\/strong><\/span><\/a><\/p>\n<p>Palestrante: Vivek Verma &#8211; Diretor Geral, Olam International Ltd.<\/p>\n<p><a href=\"http:\/\/127.0.0.1\/acs\/wp-content\/uploads\/2018\/05\/PDF_2018_MAIO_PALESTRA-4-Zeina.pdf\" target=\"_blank\" rel=\"noopener\">Palestra:&nbsp;&nbsp;<span style=\"font-size: 12pt;\"><strong>Economia<\/strong><\/span><\/a><\/p>\n<p>Palestrante: Zeina Latif &#8211; Economista Chefe, XP Investimentos<\/p>\n<p><span style=\"color: #ffffff;\">_<\/span><\/p>\n<p style=\"padding-left: 30px;\"><span style=\"text-decoration: underline;\"><strong>Quinta-Feira &#8211; 10 de Maio<\/strong><\/span><\/p>\n<p><a href=\"http:\/\/127.0.0.1\/acs\/wp-content\/uploads\/2018\/05\/PDF_2018_MAIO_PALESTRA-5-Roberto-Rodrigues.pdf\" target=\"_blank\" rel=\"noopener\">Palestra:&nbsp;&nbsp;<span style=\"font-size: 12pt;\"><strong>Brasil Agroneg\u00f3cio<\/strong><\/span><\/a><\/p>\n<p>Palestrante: Roberto Rodrigues &#8211; Coordenador Agroneg\u00f3cio, Funda\u00e7\u00e3o Get\u00falio Vargas&nbsp;<\/p>\n<p><a href=\"http:\/\/127.0.0.1\/acs\/wp-content\/uploads\/2018\/05\/PDF_2018_MAIO_PALESTRA-6-Evaristo-Eduardo-de-Miranda.pdf\" target=\"_blank\" rel=\"noopener\">Palestra:&nbsp;&nbsp;<span style=\"font-size: 12pt;\"><strong>Atribui\u00e7\u00e3o, Ocupa\u00e7\u00e3o e Uso de Terras no Brasil e Territ\u00f3rios do Caf\u00e9<\/strong><\/span><\/a><\/p>\n<p>Palestrante: Evaristo Eduardo de Miranda &#8211; Chefe Geral, Embrapa Territorial&nbsp;<\/p>\n<p><a href=\"http:\/\/127.0.0.1\/acs\/wp-content\/uploads\/2018\/05\/PDF_2018_MAIO_PALESTRA-8-Jose-Sette.pdf\" target=\"_blank\" rel=\"noopener\">Palestra:&nbsp;&nbsp;<span style=\"font-size: 12pt;\"><strong>Evolu\u00e7\u00e3o dos Fluxos do Com\u00e9rcio de Caf\u00e9<\/strong><\/span><\/a><\/p>\n<p>Palestrante: Jos\u00e9 Sette &#8211; Diretor Executivo, OIC<\/p>\n","protected":false},"excerpt":{"rendered":"<p>Quarta-Feira &#8211; 09 de Maio Palestra:&nbsp;&nbsp;Estrutura Brasileira Para Atender o Mercado Palestrante: L\u00facio de Ara\u00fajo Dias \u2013 Superintendente, Cooxup\u00e9 Palestra:&nbsp;&nbsp;Participa\u00e7\u00f5es de Fundos no Caf\u00e9 &#8211; Quebrando Recordes Palestrante: Trishul Mandana &#8211; Diretor Executivo, Volcafe\/ ED&amp;F MAN Palestra:&nbsp;&nbsp;Vis\u00e3o Geral do Mercado de Caf\u00e9 &#8211; A Import\u00e2ncia do Brasil Palestrante: Vivek Verma &#8211; Diretor Geral, Olam International [&hellip;]<\/p>\n","protected":false},"author":1,"featured_media":0,"comment_status":"open","ping_status":"open","sticky":false,"template":"","format":"standard","meta":{"footnotes":""},"categories":[84],"tags":[],"_links":{"self":[{"href":"https:\/\/acs.org.br\/academy\/wp-json\/wp\/v2\/posts\/82023"}],"collection":[{"href":"https:\/\/acs.org.br\/academy\/wp-json\/wp\/v2\/posts"}],"about":[{"href":"https:\/\/acs.org.br\/academy\/wp-json\/wp\/v2\/types\/post"}],"author":[{"embeddable":true,"href":"https:\/\/acs.org.br\/academy\/wp-json\/wp\/v2\/users\/1"}],"replies":[{"embeddable":true,"href":"https:\/\/acs.org.br\/academy\/wp-json\/wp\/v2\/comments?post=82023"}],"version-history":[{"count":0,"href":"https:\/\/acs.org.br\/academy\/wp-json\/wp\/v2\/posts\/82023\/revisions"}],"wp:attachment":[{"href":"https:\/\/acs.org.br\/academy\/wp-json\/wp\/v2\/media?parent=82023"}],"wp:term":[{"taxonomy":"category","embeddable":true,"href":"https:\/\/acs.org.br\/academy\/wp-json\/wp\/v2\/categories?post=82023"},{"taxonomy":"post_tag","embeddable":true,"href":"https:\/\/acs.org.br\/academy\/wp-json\/wp\/v2\/tags?post=82023"}],"curies":[{"name":"wp","href":"https:\/\/api.w.org\/{rel}","templated":true}]}}