{"id":81989,"date":"2018-05-09T19:50:27","date_gmt":"2018-05-09T22:50:27","guid":{"rendered":"http:\/\/127.0.0.1\/acs\/xxii-seminario-internacional-de-cafe-de-santos-bate-recorde-de-inscritos\/"},"modified":"2018-05-09T19:50:27","modified_gmt":"2018-05-09T22:50:27","slug":"xxii-seminario-internacional-de-cafe-de-santos-bate-recorde-de-inscritos","status":"publish","type":"post","link":"https:\/\/acs.org.br\/academy\/xxii-seminario-internacional-de-cafe-de-santos-bate-recorde-de-inscritos\/","title":{"rendered":"XXII Semin\u00e1rio Internacional de Caf\u00e9 de Santos bate recorde de inscritos"},"content":{"rendered":"<p style=\"text-align: left;\" align=\"center\">Fonte: Assessoria de imprensa ACS<\/p>\n<p>A 22\u00aa edi\u00e7\u00e3o do Semin\u00e1rio Internacional de Caf\u00e9 de Santos bateu recorde de inscritos: mais de 420 participantes. A abertura, ocorrida nesta quarta-feira (9), contou com a presen\u00e7a de autoridades e da diretoria da Associa\u00e7\u00e3o Comercial de Santos (ACS), realizadora do evento.<\/p>\n<\/p>\n<p>O presidente da ACS, Roberto Clemente Santini, abriu o semin\u00e1rio e ressaltou em seu discurso que a previs\u00e3o \u00e9 de safra recorde este ano, conforme o tema escolhido para esta 22\u00aa edi\u00e7\u00e3o, que \u00e9 \u201cQuebrando recordes\u201d.<\/p>\n<p>\u201cParece um tema ambicioso, mas a hist\u00f3ria e a tradi\u00e7\u00e3o comprovam que o Brasil, por meio dos produtores, comerciantes, corretores, trabalhadores rurais, torrefadores e exportadores t\u00eam correspondido. A previs\u00e3o \u00e9 de safra recorde, para atender a crescente demanda do mercado externo e o nosso consumo interno\u201d.<\/p>\n<p>O coordenador da C\u00e2mara Setorial de Exportadores de Caf\u00e9 da ACS, Moacir Leite Soares, ratificou a fala de Santini e lembrou que o Porto de Santos \u00e9 o maior exportador brasileiro do gr\u00e3o.<\/p>\n<p>\u201cA safra do Brasil, que come\u00e7a oficialmente dia 1 de julho, colhe o dobro do segundo colocado, que \u00e9 o Vietn\u00e3, e cinco vezes a safra da Col\u00f4mbia. \u00c9 um l\u00edder incontest\u00e1vel. O Porto atinge 85% da exporta\u00e7\u00e3o brasileira de caf\u00e9 e a pra\u00e7a de Santos \u00e9 ideal para debater sobre caf\u00e9. O mundo espera not\u00edcias do Brasil e aqui temos voca\u00e7\u00e3o para discutir caf\u00e9\u201d.<\/p>\n<p>Homenageado<\/p>\n<p>O homenageado deste ano foi Jair Coser, da Unicaf\u00e9, que em 2017 conquistou pela 10\u00aa vez a premia\u00e7\u00e3o L\u00edder dos L\u00edderes, eleito nacionalmente por ser o maior exportador de caf\u00e9 do Esp\u00edrito Santo, do Brasil e do mundo. Ele contou ao p\u00fablico um pouco da hist\u00f3ria de sua vida profissional.<\/p>\n<p>\u201cFoi um come\u00e7o muito dif\u00edcil, sem dinheiro, sem comunica\u00e7\u00e3o. Mas, hoje acho que sou o maior e mais velho exportador de caf\u00e9\u201d.<\/p>\n<p>Palestras<\/p>\n<p>Nesse primeiro dia de semin\u00e1rio, foram apresentadas as seguintes palestras: \u201cEstrutura Brasileira Para Atender o Mercado\u201d, de L\u00facio de Ara\u00fajo Dias \u2013 Superintendente, Cooxup\u00e9; \u201cParticipa\u00e7\u00f5es de Fundos no Caf\u00e9 &#8211; Quebrando Recordes\u201d, de Trishul Mandana &#8211; Diretor Executivo, Volcafe \/ ED&amp;F MAN; \u201cVis\u00e3o Geral do Mercado de Caf\u00e9 &#8211; A Import\u00e2ncia do Brasil, de&nbsp; Vivek Verma &#8211; Diretor Geral, Olam International Ltd; e a palestra sobre economia, com Zeina Latif &#8211; Economista Chefe, XP Investimentos.<\/p>\n<p>\u00a0<\/p>\n<p><span style=\"color: #333333;\"><strong>Confira, abaixo, as palestras programadas para esta quinta-feira (10):<\/strong><\/span><\/p>\n<p><b>08h30<\/b><\/p>\n<p>Palestra: Brasil Agroneg\u00f3cio<\/p>\n<p>Palestrante: Roberto Rodrigues &#8211; Coordenador Agroneg\u00f3cio, Funda\u00e7\u00e3o Get\u00falio Vargas<\/p>\n<p>Moderador: Marcio Calves &#8211; Diretor Executivo, Associa\u00e7\u00e3o Comercial de Santos<\/p>\n<p><b>09h45<\/b><\/p>\n<p>Palestra: Atribui\u00e7\u00e3o, Ocupa\u00e7\u00e3o e Uso de Terras no Brasil e Territ\u00f3rios do Caf\u00e9<\/p>\n<p>Palestrante: Evaristo Eduardo de Miranda &#8211; Chefe Geral, Embrapa Territorial<\/p>\n<p>Moderador: Marcio Calves &#8211; Diretor Executivo, Associa\u00e7\u00e3o Comercial de Santos<\/p>\n<p><b>10h30<\/b><\/p>\n<p>Coffee-Break<\/p>\n<p><b>10h45<\/b><\/p>\n<p>Palestra: Brasil Quebrando Recordes. O que Vem Pela Frente?<\/p>\n<p>Palestrante: David Neumann \u2013 S\u00f3cio Administrador, Neumann Gruppe GmbH<\/p>\n<p>Moderador: Marcos Matos &#8211; Diretor Geral, Cecaf\u00e9<\/p>\n<p><b>11h30<\/b><\/p>\n<p>Palestra: Evolu\u00e7\u00e3o dos Fluxos do Com\u00e9rcio de Caf\u00e9<\/p>\n<p>Palestrante: Jos\u00e9 Sette &#8211; Diretor Executivo, OIC<\/p>\n<p>Moderador: Guilherme Braga &#8211; Presidente, Centro de Com\u00e9rcio do Caf\u00e9 do Rio de Janeiro<\/p>\n<p>\u00a0<\/p>\n<p>Tarde livre para reuni\u00f5es e networking<\/p>\n<p><b>20h00<\/b> Jantar de Confraterniza\u00e7\u00e3o<\/p>\n<p>Local: On Stage &#8211; Arena Jequiti<\/p>\n<p> Mais informa\u00e7\u00f5es no site&nbsp; <strong><a href=\"http:\/\/www.seminariocafesantos.com.br\">www.seminariocafesantos.com.br<\/a>.<\/strong><\/p>\n","protected":false},"excerpt":{"rendered":"<p>Fonte: Assessoria de imprensa ACS A 22\u00aa edi\u00e7\u00e3o do Semin\u00e1rio Internacional de Caf\u00e9 de Santos bateu recorde de inscritos: mais de 420 participantes. A abertura, ocorrida nesta quarta-feira (9), contou com a presen\u00e7a de autoridades e da diretoria da Associa\u00e7\u00e3o Comercial de Santos (ACS), realizadora do evento. O presidente da ACS, Roberto Clemente Santini, abriu [&hellip;]<\/p>\n","protected":false},"author":1,"featured_media":79350,"comment_status":"open","ping_status":"open","sticky":false,"template":"","format":"standard","meta":{"footnotes":""},"categories":[84],"tags":[],"_links":{"self":[{"href":"https:\/\/acs.org.br\/academy\/wp-json\/wp\/v2\/posts\/81989"}],"collection":[{"href":"https:\/\/acs.org.br\/academy\/wp-json\/wp\/v2\/posts"}],"about":[{"href":"https:\/\/acs.org.br\/academy\/wp-json\/wp\/v2\/types\/post"}],"author":[{"embeddable":true,"href":"https:\/\/acs.org.br\/academy\/wp-json\/wp\/v2\/users\/1"}],"replies":[{"embeddable":true,"href":"https:\/\/acs.org.br\/academy\/wp-json\/wp\/v2\/comments?post=81989"}],"version-history":[{"count":0,"href":"https:\/\/acs.org.br\/academy\/wp-json\/wp\/v2\/posts\/81989\/revisions"}],"wp:featuredmedia":[{"embeddable":true,"href":"https:\/\/acs.org.br\/academy\/wp-json\/wp\/v2\/media\/79350"}],"wp:attachment":[{"href":"https:\/\/acs.org.br\/academy\/wp-json\/wp\/v2\/media?parent=81989"}],"wp:term":[{"taxonomy":"category","embeddable":true,"href":"https:\/\/acs.org.br\/academy\/wp-json\/wp\/v2\/categories?post=81989"},{"taxonomy":"post_tag","embeddable":true,"href":"https:\/\/acs.org.br\/academy\/wp-json\/wp\/v2\/tags?post=81989"}],"curies":[{"name":"wp","href":"https:\/\/api.w.org\/{rel}","templated":true}]}}