{"id":81984,"date":"2018-05-10T12:40:00","date_gmt":"2018-05-10T15:40:00","guid":{"rendered":"http:\/\/127.0.0.1\/acs\/22o-seminario-internacional-de-cafe-de-santos-acompanhe-a-cobertura-em-tempo-real\/"},"modified":"2018-05-10T12:40:00","modified_gmt":"2018-05-10T15:40:00","slug":"22o-seminario-internacional-de-cafe-de-santos-acompanhe-a-cobertura-em-tempo-real","status":"publish","type":"post","link":"https:\/\/acs.org.br\/academy\/22o-seminario-internacional-de-cafe-de-santos-acompanhe-a-cobertura-em-tempo-real\/","title":{"rendered":"22\u00ba Semin\u00e1rio Internacional de Caf\u00e9 de Santos &#8211; Acompanhe a cobertura em tempo real"},"content":{"rendered":"<p>\u00a0<\/p>\n<p>12h25<\/p>\n<p>Chegou ao fim a \u00faltima palestra do semin\u00e1rio. <br \/> A tarde ser\u00e1 livre e \u00e0 noite ser\u00e1 oferecido um jantar de encerramento.<\/p>\n<\/p>\n<p>12h04<\/p>\n<p>A \u00faltima palestra desse XXII Semin\u00e1rio Internacional de Caf\u00e9 de Santos \u00e9 realizada agora por Jos\u00e9 Sette &#8211; Diretor Executivo, OIC. O tema \u00e9 Evolu\u00e7\u00e3o dos Fluxos do Com\u00e9rcio de Caf\u00e9.<\/p>\n<p><img loading=\"lazy\" decoding=\"async\" class=\" size-full wp-image-81957\" src=\"http:\/\/127.0.0.1\/acs\/wp-content\/uploads\/2018\/05\/WEB_2018_MAIO_SEMINARIO-W_IMG_0593.jpg\" width=\"570\" height=\"428\" srcset=\"https:\/\/acs.org.br\/academy\/wp-content\/uploads\/2018\/05\/WEB_2018_MAIO_SEMINARIO-W_IMG_0593.jpg 570w, https:\/\/acs.org.br\/academy\/wp-content\/uploads\/2018\/05\/WEB_2018_MAIO_SEMINARIO-W_IMG_0593-300x225.jpg 300w\" sizes=\"(max-width: 570px) 100vw, 570px\" \/><\/p>\n<p>12h00<\/p>\n<p>O ex-presidente da ACS Michael Timm entregou ao palestrante David Neumann uma homenagem por sua participa\u00e7\u00e3o no semin\u00e1rio.<\/p>\n<p><img loading=\"lazy\" decoding=\"async\" class=\" size-full wp-image-81958\" src=\"http:\/\/127.0.0.1\/acs\/wp-content\/uploads\/2018\/05\/WEB_2018_MAIO_SEMINARIO-W_IMG_0592.jpg\" width=\"570\" height=\"428\" srcset=\"https:\/\/acs.org.br\/academy\/wp-content\/uploads\/2018\/05\/WEB_2018_MAIO_SEMINARIO-W_IMG_0592.jpg 570w, https:\/\/acs.org.br\/academy\/wp-content\/uploads\/2018\/05\/WEB_2018_MAIO_SEMINARIO-W_IMG_0592-300x225.jpg 300w\" sizes=\"(max-width: 570px) 100vw, 570px\" \/><\/p>\n<p>11H34<\/p>\n<p>O presidente da Acs, Roberto Clemente Santini, e o diretor-executivo da institui\u00e7\u00e3o, M\u00e1rcio Calves, assistem a terceira palestra desta manh\u00e3.<\/p>\n<p><img loading=\"lazy\" decoding=\"async\" class=\" size-full wp-image-81959\" src=\"http:\/\/127.0.0.1\/acs\/wp-content\/uploads\/2018\/05\/WEB_2018_MAIO_SEMINARIO-W_IMG_0586.jpg\" width=\"570\" height=\"449\" srcset=\"https:\/\/acs.org.br\/academy\/wp-content\/uploads\/2018\/05\/WEB_2018_MAIO_SEMINARIO-W_IMG_0586.jpg 570w, https:\/\/acs.org.br\/academy\/wp-content\/uploads\/2018\/05\/WEB_2018_MAIO_SEMINARIO-W_IMG_0586-300x236.jpg 300w\" sizes=\"(max-width: 570px) 100vw, 570px\" \/><\/p>\n<p>11H33<\/p>\n<p>A Palestra: Brasil Quebrando Recordes. O que Vem Pela Frente? Ocorre agora e \u00e9 ministrada por David Neumann \u2013 s\u00f3cio administrador, Neumann Gruppe GmbH.<\/p>\n<p><img loading=\"lazy\" decoding=\"async\" class=\" size-full wp-image-81960\" src=\"http:\/\/127.0.0.1\/acs\/wp-content\/uploads\/2018\/05\/WEB_2018_MAIO_SEMINARIO-W_IMG_0575.jpg\" width=\"570\" height=\"428\" srcset=\"https:\/\/acs.org.br\/academy\/wp-content\/uploads\/2018\/05\/WEB_2018_MAIO_SEMINARIO-W_IMG_0575.jpg 570w, https:\/\/acs.org.br\/academy\/wp-content\/uploads\/2018\/05\/WEB_2018_MAIO_SEMINARIO-W_IMG_0575-300x225.jpg 300w\" sizes=\"(max-width: 570px) 100vw, 570px\" \/><\/p>\n<p>10h19<\/p>\n<p>A Palestra: Atribui\u00e7\u00e3o, Ocupa\u00e7\u00e3o e Uso de Terras no Brasil e Territ\u00f3rios do Caf\u00e9- de Evaristo Eduardo de Miranda &#8211; Chefe Geral, Embrapa Territorial &#8211; \u00e9 ministrada nesse momento.<\/p>\n<p><img loading=\"lazy\" decoding=\"async\" class=\" size-full wp-image-81961\" src=\"http:\/\/127.0.0.1\/acs\/wp-content\/uploads\/2018\/05\/WEB_2018_MAIO_SEMINARIO-W_IMG_0574.jpg\" width=\"570\" height=\"428\" srcset=\"https:\/\/acs.org.br\/academy\/wp-content\/uploads\/2018\/05\/WEB_2018_MAIO_SEMINARIO-W_IMG_0574.jpg 570w, https:\/\/acs.org.br\/academy\/wp-content\/uploads\/2018\/05\/WEB_2018_MAIO_SEMINARIO-W_IMG_0574-300x225.jpg 300w\" sizes=\"(max-width: 570px) 100vw, 570px\" \/><\/p>\n<p>9h27<\/p>\n<p>Neste momento, o palestrante Roberto Rodrigues apresenta os principais destinos das exporta\u00e7\u00f5es brasileiras de caf\u00e9, em 2017.<\/p>\n<p><img loading=\"lazy\" decoding=\"async\" class=\" size-full wp-image-81962\" src=\"http:\/\/127.0.0.1\/acs\/wp-content\/uploads\/2018\/05\/WEB_2018_MAIO_SEMINARIO-W_IMG_0573.jpg\" width=\"570\" height=\"428\" srcset=\"https:\/\/acs.org.br\/academy\/wp-content\/uploads\/2018\/05\/WEB_2018_MAIO_SEMINARIO-W_IMG_0573.jpg 570w, https:\/\/acs.org.br\/academy\/wp-content\/uploads\/2018\/05\/WEB_2018_MAIO_SEMINARIO-W_IMG_0573-300x225.jpg 300w\" sizes=\"(max-width: 570px) 100vw, 570px\" \/><\/p>\n<p>9h10<\/p>\n<p>O coordenador da C\u00e2mara Setorial dos Exportadores de Caf\u00e9 da ACS, Moacir Leite Soares, assiste a primeira palestra desse segundo dia de semin\u00e1rio.<\/p>\n<p><img loading=\"lazy\" decoding=\"async\" class=\" size-full wp-image-81963\" src=\"http:\/\/127.0.0.1\/acs\/wp-content\/uploads\/2018\/05\/WEB_2018_MAIO_SEMINARIO-W_IMG_0571.jpg\" width=\"570\" height=\"424\" srcset=\"https:\/\/acs.org.br\/academy\/wp-content\/uploads\/2018\/05\/WEB_2018_MAIO_SEMINARIO-W_IMG_0571.jpg 570w, https:\/\/acs.org.br\/academy\/wp-content\/uploads\/2018\/05\/WEB_2018_MAIO_SEMINARIO-W_IMG_0571-300x223.jpg 300w\" sizes=\"(max-width: 570px) 100vw, 570px\" \/><\/p>\n<p>&nbsp;9h08<\/p>\n<p>A primeira palestra de hoje \u00e9 do ex-ministro da Agricultura, Pecu\u00e1ria e Abastecimento (2003 a 2006), Roberto Rodrigues, atual Coordenador de Agroneg\u00f3cio, da Funda\u00e7\u00e3o Get\u00falio Vargas. O tema \u00e9 Brasil Agroneg\u00f3cio.<\/p>\n<p><img loading=\"lazy\" decoding=\"async\" class=\" size-full wp-image-81964\" src=\"http:\/\/127.0.0.1\/acs\/wp-content\/uploads\/2018\/05\/WEB_2018_MAIO_SEMINARIO-W_IMG_0561.jpg\" width=\"570\" height=\"428\" srcset=\"https:\/\/acs.org.br\/academy\/wp-content\/uploads\/2018\/05\/WEB_2018_MAIO_SEMINARIO-W_IMG_0561.jpg 570w, https:\/\/acs.org.br\/academy\/wp-content\/uploads\/2018\/05\/WEB_2018_MAIO_SEMINARIO-W_IMG_0561-300x225.jpg 300w\" sizes=\"(max-width: 570px) 100vw, 570px\" \/><\/p>\n<p>9H00<\/p>\n<p>Come\u00e7ou o segundo dia de palestras do XXII Semin\u00e1rio Internacional de Caf\u00e9 de Santos. Confira a programa\u00e7\u00e3o de hoje.<\/p>\n<p><img loading=\"lazy\" decoding=\"async\" class=\" size-full wp-image-81965\" src=\"http:\/\/127.0.0.1\/acs\/wp-content\/uploads\/2018\/05\/WEB_2018_MAIO_SEMINARIO-W_IMG_0560.jpg\" width=\"570\" height=\"428\" srcset=\"https:\/\/acs.org.br\/academy\/wp-content\/uploads\/2018\/05\/WEB_2018_MAIO_SEMINARIO-W_IMG_0560.jpg 570w, https:\/\/acs.org.br\/academy\/wp-content\/uploads\/2018\/05\/WEB_2018_MAIO_SEMINARIO-W_IMG_0560-300x225.jpg 300w\" sizes=\"(max-width: 570px) 100vw, 570px\" \/><\/p>\n<p><span style=\"text-decoration: underline;\"><b>Quinta-feira &#8211; 10 de Maio<\/b><\/span><\/p>\n<p><b>08h30<\/b><\/p>\n<p>Palestra: Brasil Agroneg\u00f3cio<\/p>\n<p>Palestrante: Roberto Rodrigues &#8211; Coordenador Agroneg\u00f3cio, Funda\u00e7\u00e3o Get\u00falio Vargas<\/p>\n<p>Moderador: Marcio Calves &#8211; Diretor Executivo, Associa\u00e7\u00e3o Comercial de Santos<\/p>\n<p><b>09h45<\/b><\/p>\n<p>Palestra: Atribui\u00e7\u00e3o, Ocupa\u00e7\u00e3o e Uso de Terras no Brasil e Territ\u00f3rios do Caf\u00e9<\/p>\n<p>Palestrante: Evaristo Eduardo de Miranda &#8211; Chefe Geral, Embrapa Territorial<\/p>\n<p>Moderador: Marcio Calves &#8211; Diretor Executivo, Associa\u00e7\u00e3o Comercial de Santos<\/p>\n<p><b>10h30<\/b><\/p>\n<p><b>Coffee Break<\/b><\/p>\n<p><b>10h45<\/b><\/p>\n<p>Palestra: Brasil Quebrando Recordes. O que Vem Pela Frente?<\/p>\n<p>Palestrante: David Neumann \u2013 S\u00f3cio Administrador, Neumann Gruppe GmbH<\/p>\n<p>Moderador: Marcos Matos &#8211; Diretor Geral, Cecaf\u00e9<\/p>\n<p><b>11h30<\/b><\/p>\n<p>Palestra: Evolu\u00e7\u00e3o dos Fluxos do Com\u00e9rcio de Caf\u00e9<\/p>\n<p>Palestrante: Jos\u00e9 Sette &#8211; Diretor Executivo, OIC<\/p>\n<p>Moderador: Guilherme Braga &#8211; Presidente, Centro de Com\u00e9rcio do Caf\u00e9 do Rio de Janeiro<\/p>\n<p>\u00a0<\/p>\n<p><b>Tarde livre para reuni\u00f5es e networking<\/b><\/p>\n<p>&nbsp;<b>20h00<\/b> Jantar de Confraterniza\u00e7\u00e3o<\/p>\n<p>Local: On Stage &#8211; Arena Jequiti<\/p>\n<p>\u00a0<\/p>\n<p>\u00a0<\/p>\n<hr \/>\n<p>\u00a0<\/p>\n<p>18h27<\/p>\n<p>Foi encerrada a \u00faltima palestra desse primeiro dia de semin\u00e1rio.<br \/> Amanh\u00e3 a programa\u00e7\u00e3o come\u00e7a \u00e0s&nbsp;08h30 com a palestra &#8211; Brasil Agroneg\u00f3cio, que ser\u00e1 ministrada por Roberto Rodrigues &#8211; coordenador Agroneg\u00f3cio, Funda\u00e7\u00e3o Get\u00falio Vargas.<\/p>\n<p><img loading=\"lazy\" decoding=\"async\" class=\" size-full wp-image-81966\" src=\"http:\/\/127.0.0.1\/acs\/wp-content\/uploads\/2018\/05\/WEB_2018_MAIO_SEMINARIO-W_IMG_0532.jpg\" width=\"570\" height=\"428\" srcset=\"https:\/\/acs.org.br\/academy\/wp-content\/uploads\/2018\/05\/WEB_2018_MAIO_SEMINARIO-W_IMG_0532.jpg 570w, https:\/\/acs.org.br\/academy\/wp-content\/uploads\/2018\/05\/WEB_2018_MAIO_SEMINARIO-W_IMG_0532-300x225.jpg 300w\" sizes=\"(max-width: 570px) 100vw, 570px\" \/><\/p>\n<p>&nbsp;17h38<\/p>\n<p>A palestra sobre economia, com Zeina Latif &#8211; economista chefe, XP Investimentos &#8211; ser\u00e1 a \u00faltima palestra desse primeiro dia de semin\u00e1rio.<br \/>Ela fala agora sobre a atual crise econ\u00f4mica do pa\u00eds, que avalia como a mais grave da hist\u00f3ria.<\/p>\n<p><img loading=\"lazy\" decoding=\"async\" class=\" size-full wp-image-81967\" src=\"http:\/\/127.0.0.1\/acs\/wp-content\/uploads\/2018\/05\/WEB_2018_MAIO_SEMINARIO-W_IMG_0531.jpg\" width=\"570\" height=\"428\" srcset=\"https:\/\/acs.org.br\/academy\/wp-content\/uploads\/2018\/05\/WEB_2018_MAIO_SEMINARIO-W_IMG_0531.jpg 570w, https:\/\/acs.org.br\/academy\/wp-content\/uploads\/2018\/05\/WEB_2018_MAIO_SEMINARIO-W_IMG_0531-300x225.jpg 300w\" sizes=\"(max-width: 570px) 100vw, 570px\" \/><\/p>\n<p>17h23<\/p>\n<p>Os participantes lotam neste momento o audit\u00f3rio e fazem perguntas ao palestrante.<\/p>\n<p><img loading=\"lazy\" decoding=\"async\" class=\" size-full wp-image-81968\" src=\"http:\/\/127.0.0.1\/acs\/wp-content\/uploads\/2018\/05\/WEB_2018_MAIO_SEMINARIO-W_IMG_0529.jpg\" width=\"570\" height=\"428\" srcset=\"https:\/\/acs.org.br\/academy\/wp-content\/uploads\/2018\/05\/WEB_2018_MAIO_SEMINARIO-W_IMG_0529.jpg 570w, https:\/\/acs.org.br\/academy\/wp-content\/uploads\/2018\/05\/WEB_2018_MAIO_SEMINARIO-W_IMG_0529-300x225.jpg 300w\" sizes=\"(max-width: 570px) 100vw, 570px\" \/><\/p>\n<p><img loading=\"lazy\" decoding=\"async\" class=\" size-full wp-image-81969\" src=\"http:\/\/127.0.0.1\/acs\/wp-content\/uploads\/2018\/05\/WEB_2018_MAIO_SEMINARIO-W_IMG_0530.jpg\" width=\"570\" height=\"428\" srcset=\"https:\/\/acs.org.br\/academy\/wp-content\/uploads\/2018\/05\/WEB_2018_MAIO_SEMINARIO-W_IMG_0530.jpg 570w, https:\/\/acs.org.br\/academy\/wp-content\/uploads\/2018\/05\/WEB_2018_MAIO_SEMINARIO-W_IMG_0530-300x225.jpg 300w\" sizes=\"(max-width: 570px) 100vw, 570px\" \/><\/p>\n<p>16h54<\/p>\n<p>Neste momento o p\u00fablico assiste a palestra &#8211; Vis\u00e3o Geral do Mercado de Caf\u00e9 &#8211; A Import\u00e2ncia do Brasil, ministrada por Vivek Verma &#8211; Diretor Geral, Olam International Ltd.<\/p>\n<p><img loading=\"lazy\" decoding=\"async\" class=\" size-full wp-image-81970\" src=\"http:\/\/127.0.0.1\/acs\/wp-content\/uploads\/2018\/05\/WEB_2018_MAIO_SEMINARIO-W_IMG_0519.jpg\" width=\"570\" height=\"428\" srcset=\"https:\/\/acs.org.br\/academy\/wp-content\/uploads\/2018\/05\/WEB_2018_MAIO_SEMINARIO-W_IMG_0519.jpg 570w, https:\/\/acs.org.br\/academy\/wp-content\/uploads\/2018\/05\/WEB_2018_MAIO_SEMINARIO-W_IMG_0519-300x225.jpg 300w\" sizes=\"(max-width: 570px) 100vw, 570px\" \/><\/p>\n<p>16h05<\/p>\n<p>Coffee Break<\/p>\n<p><img loading=\"lazy\" decoding=\"async\" class=\" size-full wp-image-81971\" src=\"http:\/\/127.0.0.1\/acs\/wp-content\/uploads\/2018\/05\/WEB_2018_MAIO_SEMINARIO-W_IMG_0518.jpg\" width=\"570\" height=\"413\" srcset=\"https:\/\/acs.org.br\/academy\/wp-content\/uploads\/2018\/05\/WEB_2018_MAIO_SEMINARIO-W_IMG_0518.jpg 570w, https:\/\/acs.org.br\/academy\/wp-content\/uploads\/2018\/05\/WEB_2018_MAIO_SEMINARIO-W_IMG_0518-300x217.jpg 300w\" sizes=\"(max-width: 570px) 100vw, 570px\" \/><\/p>\n<p>15h52<\/p>\n<p>Edison da Silva Monteiro, secret\u00e1rio da diretoria da ACS, participa do semin\u00e1rio.<\/p>\n<p><img loading=\"lazy\" decoding=\"async\" class=\" size-full wp-image-81972\" src=\"http:\/\/127.0.0.1\/acs\/wp-content\/uploads\/2018\/05\/WEB_2018_MAIO_SEMINARIO-W_IMG_0517.jpg\" width=\"570\" height=\"428\" srcset=\"https:\/\/acs.org.br\/academy\/wp-content\/uploads\/2018\/05\/WEB_2018_MAIO_SEMINARIO-W_IMG_0517.jpg 570w, https:\/\/acs.org.br\/academy\/wp-content\/uploads\/2018\/05\/WEB_2018_MAIO_SEMINARIO-W_IMG_0517-300x225.jpg 300w\" sizes=\"(max-width: 570px) 100vw, 570px\" \/><\/p>\n<p>15h47<\/p>\n<p>Trishul Mandana &#8211; Diretor Executivo, Volcafe \/ ED&amp;F MAN, apresenta sua palestra sobre Participa\u00e7\u00f5es de Fundos no Caf\u00e9 &#8211; Quebrando Recordes<\/p>\n<p><img loading=\"lazy\" decoding=\"async\" class=\" size-full wp-image-81973\" src=\"http:\/\/127.0.0.1\/acs\/wp-content\/uploads\/2018\/05\/WEB_2018_MAIO_SEMINARIO-W_IMG_0510.jpg\" width=\"570\" height=\"428\" srcset=\"https:\/\/acs.org.br\/academy\/wp-content\/uploads\/2018\/05\/WEB_2018_MAIO_SEMINARIO-W_IMG_0510.jpg 570w, https:\/\/acs.org.br\/academy\/wp-content\/uploads\/2018\/05\/WEB_2018_MAIO_SEMINARIO-W_IMG_0510-300x225.jpg 300w\" sizes=\"(max-width: 570px) 100vw, 570px\" \/><\/p>\n<p>15h22<\/p>\n<p>L\u00facio Dias fala neste momento sobre os investimentos que tem sido feitos pela Cooxup\u00e9 nos \u00faltimos anos, para que a empresa se mantivesse competitiva.<\/p>\n<p><img loading=\"lazy\" decoding=\"async\" class=\" size-full wp-image-81974\" src=\"http:\/\/127.0.0.1\/acs\/wp-content\/uploads\/2018\/05\/WEB_2018_MAIO_SEMINARIO-W_IMG_0509.jpg\" width=\"570\" height=\"428\" srcset=\"https:\/\/acs.org.br\/academy\/wp-content\/uploads\/2018\/05\/WEB_2018_MAIO_SEMINARIO-W_IMG_0509.jpg 570w, https:\/\/acs.org.br\/academy\/wp-content\/uploads\/2018\/05\/WEB_2018_MAIO_SEMINARIO-W_IMG_0509-300x225.jpg 300w\" sizes=\"(max-width: 570px) 100vw, 570px\" \/><\/p>\n<p>15h09<\/p>\n<p>O primeiro palestrante deste semin\u00e1rio \u00e9 L\u00facio de Ara\u00fajo Dias, superintendente da Cooxup\u00e9. <br \/>Sua palestra tem como tema &#8211; Estrutura Brasileira Para Atender o Mercado<\/p>\n<p><img loading=\"lazy\" decoding=\"async\" class=\" size-full wp-image-81975\" src=\"http:\/\/127.0.0.1\/acs\/wp-content\/uploads\/2018\/05\/WEB_2018_MAIO_SEMINARIO-W_IMG_0500.jpg\" width=\"570\" height=\"428\" srcset=\"https:\/\/acs.org.br\/academy\/wp-content\/uploads\/2018\/05\/WEB_2018_MAIO_SEMINARIO-W_IMG_0500.jpg 570w, https:\/\/acs.org.br\/academy\/wp-content\/uploads\/2018\/05\/WEB_2018_MAIO_SEMINARIO-W_IMG_0500-300x225.jpg 300w\" sizes=\"(max-width: 570px) 100vw, 570px\" \/><\/p>\n<p>14h57<\/p>\n<p>&nbsp;Jair Coser, da Unicaf\u00e9, foi o homenageado deste semin\u00e1rio.<\/p>\n<p><img loading=\"lazy\" decoding=\"async\" class=\" size-full wp-image-81976\" src=\"http:\/\/127.0.0.1\/acs\/wp-content\/uploads\/2018\/05\/WEB_2018_MAIO_SEMINARIO-W_IMG_0499a.jpg\" width=\"570\" height=\"428\" srcset=\"https:\/\/acs.org.br\/academy\/wp-content\/uploads\/2018\/05\/WEB_2018_MAIO_SEMINARIO-W_IMG_0499a.jpg 570w, https:\/\/acs.org.br\/academy\/wp-content\/uploads\/2018\/05\/WEB_2018_MAIO_SEMINARIO-W_IMG_0499a-300x225.jpg 300w\" sizes=\"(max-width: 570px) 100vw, 570px\" \/><\/p>\n<p>14h50<\/p>\n<p>Nelson Carvalhaes, presidente do Cecaf\u00e9, parabenizou a diretoria da ACS pelos avan\u00e7os e melhorias que tem sido realizadas nesta gest\u00e3o.<\/p>\n<p><img loading=\"lazy\" decoding=\"async\" class=\" size-full wp-image-81977\" src=\"http:\/\/127.0.0.1\/acs\/wp-content\/uploads\/2018\/05\/WEB_2018_MAIO_SEMINARIO-W_IMG_0486.jpg\" width=\"570\" height=\"431\" srcset=\"https:\/\/acs.org.br\/academy\/wp-content\/uploads\/2018\/05\/WEB_2018_MAIO_SEMINARIO-W_IMG_0486.jpg 570w, https:\/\/acs.org.br\/academy\/wp-content\/uploads\/2018\/05\/WEB_2018_MAIO_SEMINARIO-W_IMG_0486-300x227.jpg 300w\" sizes=\"(max-width: 570px) 100vw, 570px\" \/><\/p>\n<p>14h43<\/p>\n<p>O vice-prefeito de Santos, Sandoval Soares, fala nesse momento sobre a import\u00e2ncia do caf\u00e9 para a cidade de Santos.<\/p>\n<p><img loading=\"lazy\" decoding=\"async\" class=\" size-full wp-image-81978\" src=\"http:\/\/127.0.0.1\/acs\/wp-content\/uploads\/2018\/05\/WEB_2018_MAIO_SEMINARIO-W_IMG_0476.jpg\" width=\"570\" height=\"428\" srcset=\"https:\/\/acs.org.br\/academy\/wp-content\/uploads\/2018\/05\/WEB_2018_MAIO_SEMINARIO-W_IMG_0476.jpg 570w, https:\/\/acs.org.br\/academy\/wp-content\/uploads\/2018\/05\/WEB_2018_MAIO_SEMINARIO-W_IMG_0476-300x225.jpg 300w\" sizes=\"(max-width: 570px) 100vw, 570px\" \/><\/p>\n<p>14h33<\/p>\n<p>Em seu discurso de abertura, o presidente da ACS, Roberto Clemente Santini, falou sobre as obras de moderniza\u00e7\u00e3o da ACS e sobre a nova sala de classifica\u00e7\u00e3o de caf\u00e9, onde ser\u00e1 realizado o curso de Q-Grader.<\/p>\n<p><img loading=\"lazy\" decoding=\"async\" class=\" size-full wp-image-79350\" src=\"http:\/\/127.0.0.1\/acs\/wp-content\/uploads\/2021\/07\/WEB_2018_MAIO_SEMINARIO-W_IMG_0471.jpg\" width=\"570\" height=\"428\" srcset=\"https:\/\/acs.org.br\/academy\/wp-content\/uploads\/2021\/07\/WEB_2018_MAIO_SEMINARIO-W_IMG_0471.jpg 570w, https:\/\/acs.org.br\/academy\/wp-content\/uploads\/2021\/07\/WEB_2018_MAIO_SEMINARIO-W_IMG_0471-300x225.jpg 300w\" sizes=\"(max-width: 570px) 100vw, 570px\" \/><\/p>\n<p>14h18<\/p>\n<p>Para compor a mesa foram chamados o presidente da Associa\u00e7\u00e3o Comercial de Santos, Roberto Clemente Santini, o vice-presidente Vicente do Valle e o coordenador da Camada Setorial de Exportadores de Caf\u00e9, Moacir Leite Soares.<\/p>\n<p><img loading=\"lazy\" decoding=\"async\" class=\" size-full wp-image-81979\" src=\"http:\/\/127.0.0.1\/acs\/wp-content\/uploads\/2018\/05\/WEB_2018_MAIO_SEMINARIO-W_IMG_0448a.jpg\" width=\"570\" height=\"428\" srcset=\"https:\/\/acs.org.br\/academy\/wp-content\/uploads\/2018\/05\/WEB_2018_MAIO_SEMINARIO-W_IMG_0448a.jpg 570w, https:\/\/acs.org.br\/academy\/wp-content\/uploads\/2018\/05\/WEB_2018_MAIO_SEMINARIO-W_IMG_0448a-300x225.jpg 300w\" sizes=\"(max-width: 570px) 100vw, 570px\" \/><\/p>\n<p>14h14<\/p>\n<p>Come\u00e7ou agora a cerim\u00f4nia de abertura do XXII Semin\u00e1rio Internacional de Caf\u00e9 de Santos.<\/p>\n<p><img loading=\"lazy\" decoding=\"async\" class=\" size-full wp-image-81980\" src=\"http:\/\/127.0.0.1\/acs\/wp-content\/uploads\/2018\/05\/WEB_2018_MAIO_SEMINARIO-W_IMG_0442.jpg\" width=\"570\" height=\"429\" srcset=\"https:\/\/acs.org.br\/academy\/wp-content\/uploads\/2018\/05\/WEB_2018_MAIO_SEMINARIO-W_IMG_0442.jpg 570w, https:\/\/acs.org.br\/academy\/wp-content\/uploads\/2018\/05\/WEB_2018_MAIO_SEMINARIO-W_IMG_0442-300x226.jpg 300w\" sizes=\"(max-width: 570px) 100vw, 570px\" \/><\/p>\n<p><img loading=\"lazy\" decoding=\"async\" class=\" size-full wp-image-81981\" src=\"http:\/\/127.0.0.1\/acs\/wp-content\/uploads\/2018\/05\/WEB_2018_MAIO_SEMINARIO-W_IMG_0443.jpg\" width=\"570\" height=\"428\" srcset=\"https:\/\/acs.org.br\/academy\/wp-content\/uploads\/2018\/05\/WEB_2018_MAIO_SEMINARIO-W_IMG_0443.jpg 570w, https:\/\/acs.org.br\/academy\/wp-content\/uploads\/2018\/05\/WEB_2018_MAIO_SEMINARIO-W_IMG_0443-300x225.jpg 300w\" sizes=\"(max-width: 570px) 100vw, 570px\" \/><\/p>\n<p>13h56<\/p>\n<p>J\u00e1 est\u00e1 tudo preparado para a abertura abertura do XXII Semin\u00e1rio Internacional de Caf\u00e9 de Santos.<\/p>\n<p><img loading=\"lazy\" decoding=\"async\" class=\" size-full wp-image-81982\" src=\"http:\/\/127.0.0.1\/acs\/wp-content\/uploads\/2018\/05\/WEB_2018_MAIO_SEMINARIO-W_IMG_0440.jpg\" width=\"570\" height=\"428\" srcset=\"https:\/\/acs.org.br\/academy\/wp-content\/uploads\/2018\/05\/WEB_2018_MAIO_SEMINARIO-W_IMG_0440.jpg 570w, https:\/\/acs.org.br\/academy\/wp-content\/uploads\/2018\/05\/WEB_2018_MAIO_SEMINARIO-W_IMG_0440-300x225.jpg 300w\" sizes=\"(max-width: 570px) 100vw, 570px\" \/><\/p>\n<p>11h12<\/p>\n<p>O credenciamento j\u00e1 est\u00e1 sendo feito na recep\u00e7\u00e3o do XXII Semin\u00e1rio Internacional de Caf\u00e9 de Santos. A solenidade de abertura ser\u00e1 \u00e0s 13h30.<\/p>\n<p><img loading=\"lazy\" decoding=\"async\" class=\" size-full wp-image-81983\" src=\"http:\/\/127.0.0.1\/acs\/wp-content\/uploads\/2018\/05\/WEB_2018_MAIO_SEMINARIO-W_IMG_0422.jpg\" width=\"570\" height=\"428\" srcset=\"https:\/\/acs.org.br\/academy\/wp-content\/uploads\/2018\/05\/WEB_2018_MAIO_SEMINARIO-W_IMG_0422.jpg 570w, https:\/\/acs.org.br\/academy\/wp-content\/uploads\/2018\/05\/WEB_2018_MAIO_SEMINARIO-W_IMG_0422-300x225.jpg 300w\" sizes=\"(max-width: 570px) 100vw, 570px\" \/><\/p>\n<p>\u00a0<\/p>\n<hr \/>\n<p>Confira a programa\u00e7\u00e3o:<\/p>\n<p><b><span style=\"text-decoration: underline;\">Quarta-feira, 09 de Maio<\/span><\/b><\/p>\n<p><b>10h00<\/b><\/p>\n<p>In\u00edcio do Credenciamento<\/p>\n<p><b>13h30<\/b><\/p>\n<p>Abertura Solene<\/p>\n<p><b>14h30<\/b><\/p>\n<p>Palestra: Estrutura Brasileira Para Atender o Mercado<\/p>\n<p>Palestrante: L\u00facio de Ara\u00fajo Dias \u2013 Superintendente, Cooxup\u00e9<\/p>\n<p>Moderador: Marcio Calves &#8211; Diretor Executivo, Associa\u00e7\u00e3o Comercial de Santos<\/p>\n<p><b>15h00<\/b><\/p>\n<p>Palestra: Participa\u00e7\u00f5es de Fundos no Caf\u00e9 &#8211; Quebrando Recordes.<\/p>\n<p>Palestrante: Trishul Mandana &#8211; Diretor Executivo, Volcafe \/ ED&amp;F MAN<\/p>\n<p>Moderadores: Marcio Calves &#8211; Diretor Executivo, Associa\u00e7\u00e3o Comercial de Santos e Marcos Matos &#8211; Diretor Geral, Cecaf\u00e9<\/p>\n<p><b>15h45<\/b><\/p>\n<p><b>Coffee Break<\/b><\/p>\n<p><b>16h00<\/b><\/p>\n<p>Palestra: Vis\u00e3o Geral do Mercado de Caf\u00e9 &#8211; A Import\u00e2ncia do Brasil.<\/p>\n<p>Palestrante: Vivek Verma &#8211; Diretor Geral, Olam International Ltd.<\/p>\n<p>Moderador: Marcio Calves &#8211; Diretor Executivo, Associa\u00e7\u00e3o Comercial de Santos e Marcos Matos &#8211; Diretor Geral, Cecaf\u00e9<\/p>\n<p><b>16h45<\/b><\/p>\n<p>Palestra: Economia<\/p>\n<p>Palestrante: Zeina Latif &#8211; Economista Chefe, XP Investimentos<\/p>\n<p>Moderador: Marcio Calves &#8211; Diretor Executivo, Associa\u00e7\u00e3o Comercial de Santos<\/p>\n<p><b>19h00<\/b><\/p>\n<p>Coquetel de Boas-Vindas<\/p>\n<p>Local: Deck da Piscina<\/p>\n<p>\u00a0<\/p>\n<p><b><span style=\"text-decoration: underline;\">Quinta-feira &#8211; 10 de Maio<\/span><\/b><\/p>\n<p><b>08h30<\/b><\/p>\n<p>Palestra: Brasil Agroneg\u00f3cio<\/p>\n<p>Palestrante: Roberto Rodrigues &#8211; Coordenador Agroneg\u00f3cio, Funda\u00e7\u00e3o Get\u00falio Vargas<\/p>\n<p>Moderador: Marcio Calves &#8211; Diretor Executivo, Associa\u00e7\u00e3o Comercial de Santos<\/p>\n<p><b>09h45<\/b><\/p>\n<p>Palestra: Atribui\u00e7\u00e3o, Ocupa\u00e7\u00e3o e Uso de Terras no Brasil e Territ\u00f3rios do Caf\u00e9<\/p>\n<p>Palestrante: Evaristo Eduardo de Miranda &#8211; Chefe Geral, Embrapa Territorial<\/p>\n<p>Moderador: Marcio Calves &#8211; Diretor Executivo, Associa\u00e7\u00e3o Comercial de Santos<\/p>\n<p><b>10h30<\/b><\/p>\n<p><b>Coffee Break<\/b><\/p>\n<p><b>10h45<\/b><\/p>\n<p>Palestra: Brasil Quebrando Recordes. O que Vem Pela Frente?<\/p>\n<p>Palestrante: David Neumann \u2013 S\u00f3cio Administrador, Neumann Gruppe GmbH<\/p>\n<p>Moderador: Marcos Matos &#8211; Diretor Geral, Cecaf\u00e9<\/p>\n<p><b>11h30<\/b><\/p>\n<p>Palestra: Evolu\u00e7\u00e3o dos Fluxos do Com\u00e9rcio de Caf\u00e9<\/p>\n<p>Palestrante: Jos\u00e9 Sette &#8211; Diretor Executivo, OIC<\/p>\n<p>Moderador: Guilherme Braga &#8211; Presidente, Centro de Com\u00e9rcio do Caf\u00e9 do Rio de Janeiro<\/p>\n<p>\u00a0<\/p>\n<p><b>Tarde livre para reuni\u00f5es e networking<\/b><\/p>\n<p>\u00a0<\/p>\n<p><b>20h00<\/b> Jantar de Confraterniza\u00e7\u00e3o<\/p>\n<p>Local: On Stage &#8211; Arena Jequiti<\/p>\n<p>__________________________________________________________________________<\/p>\n<p><b><a target=\"_blank\" href=\"http:\/\/seminariocafesantos.com.br\/programacao\" rel=\"noopener\">seminariocafesantos.com.br<\/a><\/b><\/p>\n<p>&nbsp; &nbsp; &nbsp;* programa\u00e7\u00e3o sujeita a altera\u00e7\u00e3o<\/p>\n","protected":false},"excerpt":{"rendered":"<p>\u00a0 12h25 Chegou ao fim a \u00faltima palestra do semin\u00e1rio. A tarde ser\u00e1 livre e \u00e0 noite ser\u00e1 oferecido um jantar de encerramento. 12h04 A \u00faltima palestra desse XXII Semin\u00e1rio Internacional de Caf\u00e9 de Santos \u00e9 realizada agora por Jos\u00e9 Sette &#8211; Diretor Executivo, OIC. O tema \u00e9 Evolu\u00e7\u00e3o dos Fluxos do Com\u00e9rcio de Caf\u00e9. [&hellip;]<\/p>\n","protected":false},"author":1,"featured_media":81956,"comment_status":"open","ping_status":"open","sticky":false,"template":"","format":"standard","meta":{"footnotes":""},"categories":[84],"tags":[],"_links":{"self":[{"href":"https:\/\/acs.org.br\/academy\/wp-json\/wp\/v2\/posts\/81984"}],"collection":[{"href":"https:\/\/acs.org.br\/academy\/wp-json\/wp\/v2\/posts"}],"about":[{"href":"https:\/\/acs.org.br\/academy\/wp-json\/wp\/v2\/types\/post"}],"author":[{"embeddable":true,"href":"https:\/\/acs.org.br\/academy\/wp-json\/wp\/v2\/users\/1"}],"replies":[{"embeddable":true,"href":"https:\/\/acs.org.br\/academy\/wp-json\/wp\/v2\/comments?post=81984"}],"version-history":[{"count":0,"href":"https:\/\/acs.org.br\/academy\/wp-json\/wp\/v2\/posts\/81984\/revisions"}],"wp:featuredmedia":[{"embeddable":true,"href":"https:\/\/acs.org.br\/academy\/wp-json\/wp\/v2\/media\/81956"}],"wp:attachment":[{"href":"https:\/\/acs.org.br\/academy\/wp-json\/wp\/v2\/media?parent=81984"}],"wp:term":[{"taxonomy":"category","embeddable":true,"href":"https:\/\/acs.org.br\/academy\/wp-json\/wp\/v2\/categories?post=81984"},{"taxonomy":"post_tag","embeddable":true,"href":"https:\/\/acs.org.br\/academy\/wp-json\/wp\/v2\/tags?post=81984"}],"curies":[{"name":"wp","href":"https:\/\/api.w.org\/{rel}","templated":true}]}}