{"id":81931,"date":"2018-05-07T16:25:59","date_gmt":"2018-05-07T19:25:59","guid":{"rendered":"http:\/\/127.0.0.1\/acs\/xxii-seminario-internacional-de-cafe-de-santos-trara-grandes-players-do-mercado-mundial-de-cafe-na-edicao-2018\/"},"modified":"2018-05-07T16:25:59","modified_gmt":"2018-05-07T19:25:59","slug":"xxii-seminario-internacional-de-cafe-de-santos-trara-grandes-players-do-mercado-mundial-de-cafe-na-edicao-2018","status":"publish","type":"post","link":"https:\/\/acs.org.br\/academy\/xxii-seminario-internacional-de-cafe-de-santos-trara-grandes-players-do-mercado-mundial-de-cafe-na-edicao-2018\/","title":{"rendered":"XXII Semin\u00e1rio Internacional de Caf\u00e9 de Santos trar\u00e1 grandes players do mercado mundial de caf\u00e9 na edi\u00e7\u00e3o 2018"},"content":{"rendered":"<p style=\"text-align: left;\" align=\"center\">FOnte: Assessoria de imprensa ACS<\/p>\n<p style=\"text-align: left;\" align=\"center\">A 22\u00aa edi\u00e7\u00e3o do Semin\u00e1rio Internacional de Caf\u00e9 de Santos, que ser\u00e1 realizada pela Associa\u00e7\u00e3o Comercial de Santos (ACS) quarta e quinta-feira (dias 9 e 10), trar\u00e1 representantes dos grandes players do mercado mundial de caf\u00e9: Neumann Kaffee Gruppe, Volcafe\/EDFMan e Olam, dentre outros.<\/p>\n<p>Participar\u00e3o os principais dirigentes dessas empresas: David Neumann, Trishul Mandana e Vivek Verma.<\/p>\n<p>\u201cSem d\u00favida, formadores de opini\u00e3o no mercado mundial de caf\u00e9\u201d, afirmou o presidente da ACS, Roberto Clemente Santini.<\/p>\n<p>Assim como nas \u00faltimas cinco edi\u00e7\u00f5es, o evento ocorrer\u00e1 no Sofitel Jequitimar, em Guaruj\u00e1.&nbsp; Segundo o coordenador da C\u00e2mara Setorial dos Exportadores de Caf\u00e9 da ACS, Moacir Delfim Leite Soares, a expectativa \u00e9 que um novo recorde de participantes seja alcan\u00e7ado.<\/p>\n<p>\u201cEstamos otimistas. O Hotel est\u00e1 bloqueado para o evento. Contudo, as vagas s\u00e3o limitadas\u201d.<\/p>\n<p><b>Palestrantes<\/b><\/p>\n<p>Levando em conta que cadeia do agroneg\u00f3cio do caf\u00e9 \u00e9 considerada como uma das mais avan\u00e7adas e rigorosas em termos de leis trabalhistas e ambientais, ningu\u00e9m melhor que o ex-ministro da Agricultura, Pecu\u00e1ria e Abastecimento Roberto Rodrigues para falar sobre o assunto, um dos palestrantes deste ano.<\/p>\n<p>Outro dado importante levado em considera\u00e7\u00e3o pela organiza\u00e7\u00e3o do evento para a escolha dos palestrantes foi o fato de o pa\u00eds ter cerca de 290 mil produtores de caf\u00e9 espalhados por 15 estados da Federa\u00e7\u00e3o. Diante deste n\u00famero, foi convidado o chefe-geral da Empresa Brasileira de Pesquisa Agropecu\u00e1ria (EMBRAPA), o engenheiro agr\u00f4nomo Evaristo de Miranda, que ir\u00e1 mapear o uso de terras no Brasil.<\/p>\n<p>Para falar da esperada safra recorde, a maior cooperativa de cafeicultores do mundo e maior empresa exportadora brasileira, a Cooperativa Regional de Cafeicultores em Guaxup\u00e9 (Cooxup\u00e9), tamb\u00e9m est\u00e1 entre as convidadas, por meio de seu superintendente e cafeicultor, L\u00facio Dias.<\/p>\n<p>J\u00e1 para falar sobre o consumo mundial de caf\u00e9, perspectivas para o futuro e o trabalho que a Organiza\u00e7\u00e3o Internacional do Caf\u00e9 (OIC) tem realizado em todo mundo, o evento trar\u00e1 o diretor executivo da OIC, o brasileiro Jos\u00e9 Sette.<\/p>\n<p>Diante do per\u00edodo de crise (desafios econ\u00f4micos) pelo qual tem passado o Brasil nos \u00faltimos anos, ainda mais agora, por conta do ano eleitoral, a organiza\u00e7\u00e3o do evento acrescentou \u00e0 programa\u00e7\u00e3o uma palestra sobre economia com Zeina Latif, doutora em Economia pela USP e economista-chefe da XP Investimentos, com passagem por v\u00e1rias institui\u00e7\u00f5es financeiras, como Royal Bank of Scotland, ING, Banco Real e HSBC Asset. Ela \u00e9 tamb\u00e9m colunista do Estad\u00e3o e membro do Conselho de Desenvolvimento Econ\u00f4mico e Social do Governo Federal.<\/p>\n<p><b>SERVI\u00c7O:<\/b><\/p>\n<p>Data: 9 e 10 de maio de 2018.<\/p>\n<p>Local: Sofitel Jequitimar \u2013 Av. Marjori da Silva Prado 1100 &#8211; Praia de Pernambuco, Guaruj\u00e1.<\/p>\n<p>Inscri\u00e7\u00f5es: <a href=\"http:\/\/seminariocafesantos.com.br\/\">http:\/\/seminariocafesantos.com.br\/<\/a><\/p>\n<p>\u00a0<\/p>\n","protected":false},"excerpt":{"rendered":"<p>FOnte: Assessoria de imprensa ACS A 22\u00aa edi\u00e7\u00e3o do Semin\u00e1rio Internacional de Caf\u00e9 de Santos, que ser\u00e1 realizada pela Associa\u00e7\u00e3o Comercial de Santos (ACS) quarta e quinta-feira (dias 9 e 10), trar\u00e1 representantes dos grandes players do mercado mundial de caf\u00e9: Neumann Kaffee Gruppe, Volcafe\/EDFMan e Olam, dentre outros. Participar\u00e3o os principais dirigentes dessas empresas: [&hellip;]<\/p>\n","protected":false},"author":1,"featured_media":0,"comment_status":"open","ping_status":"open","sticky":false,"template":"","format":"standard","meta":{"footnotes":""},"categories":[84],"tags":[],"_links":{"self":[{"href":"https:\/\/acs.org.br\/academy\/wp-json\/wp\/v2\/posts\/81931"}],"collection":[{"href":"https:\/\/acs.org.br\/academy\/wp-json\/wp\/v2\/posts"}],"about":[{"href":"https:\/\/acs.org.br\/academy\/wp-json\/wp\/v2\/types\/post"}],"author":[{"embeddable":true,"href":"https:\/\/acs.org.br\/academy\/wp-json\/wp\/v2\/users\/1"}],"replies":[{"embeddable":true,"href":"https:\/\/acs.org.br\/academy\/wp-json\/wp\/v2\/comments?post=81931"}],"version-history":[{"count":0,"href":"https:\/\/acs.org.br\/academy\/wp-json\/wp\/v2\/posts\/81931\/revisions"}],"wp:attachment":[{"href":"https:\/\/acs.org.br\/academy\/wp-json\/wp\/v2\/media?parent=81931"}],"wp:term":[{"taxonomy":"category","embeddable":true,"href":"https:\/\/acs.org.br\/academy\/wp-json\/wp\/v2\/categories?post=81931"},{"taxonomy":"post_tag","embeddable":true,"href":"https:\/\/acs.org.br\/academy\/wp-json\/wp\/v2\/tags?post=81931"}],"curies":[{"name":"wp","href":"https:\/\/api.w.org\/{rel}","templated":true}]}}