{"id":81904,"date":"2018-05-05T14:11:54","date_gmt":"2018-05-05T17:11:54","guid":{"rendered":"http:\/\/127.0.0.1\/acs\/associacao-comercial-de-santos-entrega-obra-de-modernizacao-e-anuncia-novos-servicos\/"},"modified":"2018-05-05T14:11:54","modified_gmt":"2018-05-05T17:11:54","slug":"associacao-comercial-de-santos-entrega-obra-de-modernizacao-e-anuncia-novos-servicos","status":"publish","type":"post","link":"https:\/\/acs.org.br\/academy\/associacao-comercial-de-santos-entrega-obra-de-modernizacao-e-anuncia-novos-servicos\/","title":{"rendered":"Associa\u00e7\u00e3o Comercial de Santos entrega obra de moderniza\u00e7\u00e3o e anuncia novos servi\u00e7os"},"content":{"rendered":"<p align=\"center\" style=\"text-align: left;\"><i>A cerim\u00f4nia, realizada nesta sexta-feira (4), contou com a presen\u00e7a do governador do Estado, M\u00e1rcio Fran\u00e7a<\/i><\/p>\n<p align=\"center\"><i> <\/i><\/p>\n<p>Fonte: Assessoria de imprensa ACS<\/p>\n<\/p>\n<p>Durante cerim\u00f4nia de entrega das obras de moderniza\u00e7\u00e3o da Associa\u00e7\u00e3o Comercial de Santos (ACS), realizada nesta sexta-feira (4), o presidente Roberto Clemente Santini anunciou novidades que ser\u00e3o oferecidas pela entidade, como a amplia\u00e7\u00e3o dos servi\u00e7os do posto da Receita Federal, a implanta\u00e7\u00e3o da C\u00e2mara de Concilia\u00e7\u00e3o e Arbitragem da Associa\u00e7\u00e3o Comercial de Santos, um recurso cada vez mais utilizado por pequenas, m\u00e9dias e grandes empresas para solu\u00e7\u00e3o de conflitos, e o curso de Q Grader (ver detalhes abaixo).<\/p>\n<p>A cerim\u00f4nia contou com a presen\u00e7a de importantes autoridades, como a do governador do Estado, M\u00e1rcio Fran\u00e7a, e o prefeito de Santos, Paulo Alexandre Barbosa, al\u00e9m de toda diretoria da ACS.<\/p>\n<p>A mesa foi composta pelos deputados federais, Beto Mansur e Jo\u00e3o Paulo Tavares Papa, pela primeira mulher a integrar a diretoria da ACS em 147 anos, Lucia Teixeira, pelo presidente da C\u00e2mara de Vereadores de Santos, Adilson Junior, pelo general de Brigada, Alexandre de Almeida e pelo novo delegado-chefe da Policia Federal em Santos, Gilberto Castro, al\u00e9m dos diretores da ACS Andre Canoilas e Vicente do Valle.<\/p>\n<p>A cerim\u00f4nia foi aberta com o discurso do presidente Roberto Clemente Santini, que iniciou sua fala agradecendo aos s\u00f3cios, que deram total apoio \u00e0 diretoria para a realiza\u00e7\u00e3o desta grande obra, que durou um ano e quatro meses.<\/p>\n<p><img loading=\"lazy\" decoding=\"async\" class=\" size-full wp-image-81902\" src=\"http:\/\/127.0.0.1\/acs\/wp-content\/uploads\/2018\/05\/WEB_2018_MAIO_ENTREGA-W_ENTREGA-176.JPG\" width=\"570\" height=\"379\" srcset=\"https:\/\/acs.org.br\/academy\/wp-content\/uploads\/2018\/05\/WEB_2018_MAIO_ENTREGA-W_ENTREGA-176.JPG 570w, https:\/\/acs.org.br\/academy\/wp-content\/uploads\/2018\/05\/WEB_2018_MAIO_ENTREGA-W_ENTREGA-176-300x199.jpg 300w\" sizes=\"(max-width: 570px) 100vw, 570px\" \/><\/p>\n<p>\u201cEssa \u00e9 uma noite do nosso associado, que confiou na nossa proposta de modernizar a sede hist\u00f3rica da Associa\u00e7\u00e3o Comercial de Santos e, desde o in\u00edcio, nos apoiou incondicionalmente. Nosso muito obrigado\u201d.<\/p>\n<p><b> <\/b><\/p>\n<p><b>Receita Federal<\/b><\/p>\n<p>Em seguida, Santini citou as grandes mudan\u00e7as que foram proporcionadas pela reforma.<\/p>\n<p>\u201cO resultado a\u00ed est\u00e1: desde esse audit\u00f3rio, com capacidade para 150 pessoas, com moderno sistema de som e alta tecnologia, como novas as depend\u00eancias administrativas. No andar t\u00e9rreo, ampliamos as instala\u00e7\u00f5es para aperfei\u00e7oar ainda mais os nossos servi\u00e7os para os associados e o p\u00fablico em geral. A emiss\u00e3o do Certificado de origem, nosso principal servi\u00e7o, conta com um novo e moderno sistema, totalmente eletr\u00f4nico. A unidade de Receita Federal, que realiza a triagem de documentos, a partir agora, ampliar\u00e1 suas orienta\u00e7\u00f5es de atendimento eletr\u00f4nico\u201d.<\/p>\n<p>A formaliza\u00e7\u00e3o desses novos servi\u00e7os ocorreu com a assinatura do delegado adjunto da Receita Federal do Brasil em Santos, Christiano Pinheiro.<\/p>\n<p><b> <\/b><\/p>\n<p><b>Q Grader<\/b><\/p>\n<p>Na sequ\u00eancia, o presidente da ACS falou sobre a nova Sala de Classifica\u00e7\u00e3o de Degusta\u00e7\u00e3o de Caf\u00e9, onde \u00e9 realizado o tradicional curso de caf\u00e9 da ACS, e anunciou mais novidades.<\/p>\n<p>\u201cA Associa\u00e7\u00e3o Comercial sempre foi uma refer\u00eancia para o setor cafeeiro do Brasil. Cerca de 80% do que o nosso Pa\u00eds exporta sai do Porto de Santos, com o Certificado de Origem (OIC) emitido pela ACS. Aqui na nossa sede, no terceiro andar, que est\u00e1 em fase final para ser entregue, est\u00e1 localizada a Sala de Classifica\u00e7\u00e3o e Degusta\u00e7\u00e3o de Caf\u00e9, que ir\u00e1 oferecer o curso de Q Grader, o que vai colocar a ACS no n\u00edvel mundial de qualifica\u00e7\u00e3o de profissionais\u201d.<\/p>\n<p>Trata-se de uma certifica\u00e7\u00e3o mundial concedida a profissionais de classifica\u00e7\u00e3o e degusta\u00e7\u00e3o de caf\u00e9s, que pertence ao \u201cQ-Grader System\u201d, uma s\u00e9rie de exames pr\u00e1ticos desenvolvidos pelo Instituto de Qualidade do Caf\u00e9 (CQI, na sigla em ingl\u00eas).<\/p>\n<p>O objetivo \u00e9 criar uma equipe qualificada de provadores de caf\u00e9 ar\u00e1bica especial, que possa avaliar, de forma consistente e precisa, as caracter\u00edsticas de qualidade do caf\u00e9, f\u00edsicas e sensoriais, usando uma terminologia padronizada de atributos e pontua\u00e7\u00f5es.<\/p>\n<p><b> <\/b><\/p>\n<p><b>Ado\u00e7\u00e3o da Pra\u00e7a do Caf\u00e9<\/b><\/p>\n<p>Foi formalizada, simbolicamente, durante a cerim\u00f4nia, a ado\u00e7\u00e3o da Pra\u00e7a Azevedo J\u00fanior, localizada na parte posterior do pr\u00e9dio, com a assinatura do prefeito de Santos, Paulo Alexandre Barbosa. A publica\u00e7\u00e3o da ado\u00e7\u00e3o da Pra\u00e7a ocorreu na sexta-feira (4) mesmo, no Di\u00e1rio Oficial do munic\u00edpio.<\/p>\n<p>\u201cEssa \u00e9 mais uma demonstra\u00e7\u00e3o de apoio \u00e0 revitaliza\u00e7\u00e3o do Centro Hist\u00f3rico. A Pra\u00e7a do Caf\u00e9 tamb\u00e9m \u00e9 um ponto hist\u00f3rico, parada obrigat\u00f3ria do bonde tur\u00edstico que circula pela nossa \u00e1rea central. E, a partir da pr\u00f3xima semana, plantaremos novos p\u00e9s de caf\u00e9 para manter a tradi\u00e7\u00e3o daquela \u00e1rea\u201d, ressaltou Santini.<\/p>\n<p><b> <\/b><\/p>\n<p><b>C\u00e2mara de Concilia\u00e7\u00e3o e Arbitragem<\/b><\/p>\n<p>Outro grande an\u00fancio foi a assinatura de do Termo de Parceria para efetiva implanta\u00e7\u00e3o da C\u00e2mara de Concilia\u00e7\u00e3o e Arbitragem da Associa\u00e7\u00e3o Comercial de<\/p>\n<p>Santos. Trata-se de um recurso cada vez mais utilizado por pequenas, m\u00e9dias e grandes empresas para solu\u00e7\u00e3o de conflitos e outras quest\u00f5es, evitando a judicializa\u00e7\u00e3o, que quase sempre \u00e9 longa e desgastante.<\/p>\n<p>Como houve apoio da Associa\u00e7\u00e3o Comercial de S\u00e3o Paulo para este processo, o vice-presidente da Facesp (Federa\u00e7\u00e3o das Associa\u00e7\u00f5es Comerciais Estado S\u00e3o Paulo), Eliseu Braga Chagas, assinou o documento que formaliza a parceria, juntamente com o diretor-jur\u00eddico da ACS, Mauricio Cury.<\/p>\n<p><b> <\/b><\/p>\n<p><b>Homenagens<\/b><\/p>\n<p>No encerramento de sua fala, Santini homenageou o diretor-financeiro da ACS, Andr\u00e9 Marques Canoilas, por sua grande colabora\u00e7\u00e3o na execu\u00e7\u00e3o dessa obra ao longo de quase 14 meses.<\/p>\n<p>Foram homenageados, ainda, o diretor-executivo do Sindamar, Jos\u00e9 Roque, que ao longo da obra foi um parceiro importante, cedendo sempre suas instala\u00e7\u00f5es para as reuni\u00f5es de nossas c\u00e2maras setoriais e outros encontros; o engenheiro Alexandre Alonso, que gerenciou os trabalhos; o engenheiro Delchi&nbsp;Migotto, respons\u00e1vel pela execu\u00e7\u00e3o da obra; o diretor-executivo da ACS, Marcio Calves; o ex-presidente da ACS Jos\u00e9 Moreira; e todos os funcion\u00e1rios da Casa.<\/p>\n<p>Na sequ\u00eancia, foi exibido um v\u00eddeo institucional.<\/p>\n<p><b> <\/b><\/p>\n<p><b>Governador<\/b><\/p>\n<p>Em sua primeira solenidade p\u00fablica em entidade desde que assumiu o cargo de governador, Marcio Fran\u00e7a foi o \u00faltimo a falar e parabenizou a coragem do presidente da ACS, Roberto Clemente Santini.<\/p>\n<p><img loading=\"lazy\" decoding=\"async\" class=\" size-full wp-image-81903\" src=\"http:\/\/127.0.0.1\/acs\/wp-content\/uploads\/2018\/05\/WEB_2018_MAIO_ENTREGA-W_ENTREGA-233.JPG\" width=\"570\" height=\"415\" srcset=\"https:\/\/acs.org.br\/academy\/wp-content\/uploads\/2018\/05\/WEB_2018_MAIO_ENTREGA-W_ENTREGA-233.JPG 570w, https:\/\/acs.org.br\/academy\/wp-content\/uploads\/2018\/05\/WEB_2018_MAIO_ENTREGA-W_ENTREGA-233-300x218.jpg 300w\" sizes=\"(max-width: 570px) 100vw, 570px\" \/><\/p>\n<p>\u201cGosto de pessoas arrojadas, que t\u00eam coragem de fazer aquilo que as pessoas normalmente desaconselham: alterar uma coisa que existe h\u00e1 tanto anos. Parab\u00e9ns pela coragem e determina\u00e7\u00e3o. Isso \u00e9 muito mais do que uma reforma, \u00e9 a sensa\u00e7\u00e3o da uni\u00e3o das pessoas, do esfor\u00e7o de muita gente, que manteve em Santos uma tradi\u00e7\u00e3o longa, de uma institui\u00e7\u00e3o conhecida como a Associa\u00e7\u00e3o Comercial de Santos\u201d.<\/p>\n<p><b> <\/b><\/p>\n<p><b>Visita\u00e7\u00e3o<\/b><\/p>\n<p>Neste s\u00e1bado (5), a Associa\u00e7\u00e3o Comercial de Santos foi aberta, excepcionalmente, para visita\u00e7\u00e3o p\u00fablica, das 10 \u00e0s 14 horas. Mais de 200 pessoas que vieram ao Centro da Cidade aproveitaram para conhecer as novas instala\u00e7\u00f5es do pr\u00e9dio.<\/p>\n<p><img decoding=\"async\" src=\"images\/stories\/WEB\/2018\/MAIO\/VISITA-W\/ENTREGA-252.JPG\" \/><\/p>\n<p>Entre as principais atra\u00e7\u00f5es est\u00e3o os quadros do pintor Benedito Calixto, localizados na Sala da Presid\u00eancia, e as p\u00e1ginas do Livro de Ouro da ACS, com assinaturas de presidentes ilustres, como duas delas assinadas por D. Pedro II.<\/p>\n<p><img decoding=\"async\" src=\"images\/stories\/WEB\/2018\/MAIO\/VISITA-W\/ENTREGA-258.JPG\" \/><\/p>\n<p>Escolas tamb\u00e9m j\u00e1 agendaram visita monitorada \u00e0 entidade.<\/p>\n<p><b>Sobre as obras de moderniza\u00e7\u00e3o<\/b><\/p>\n<p>A grande obra de moderniza\u00e7\u00e3o do pr\u00e9dio-sede da ACS durou um ano e quatro meses. Mais de dois mil metros quadrados de hist\u00f3ria foram revitalizados.<\/p>\n<p>O pr\u00e9dio da ACS \u00e9 N\u00edvel de Prote\u00e7\u00e3o 2 (NP-2), conforme decis\u00e3o&nbsp; do Conselho de Defesa do Patrim\u00f4nio Cultural de Santos (Condepasa), que protege fachada, telhado e volumetria. Com autoriza\u00e7\u00e3o do \u00f3rg\u00e3o, foram feitos restauro, pintura e lavagem da frente do pr\u00e9dio, ressaltando belezas como as caravelas presentes na entrada e o nome da institui\u00e7\u00e3o, com a grafia original revelando \u201cAssocia\u00e7\u00e3o Commercial\u201d, ainda com duas letras \u201cm\u201d.<\/p>\n<p>O novo audit\u00f3rio, que conta com sistema de proje\u00e7\u00e3o de \u00faltima gera\u00e7\u00e3o, ampliou sua capacidade de 90 para 150 lugares. O espa\u00e7o poder\u00e1 ser alugado pelos s\u00f3cios e pelo p\u00fablico em geral.<\/p>\n<p>Um novo elevador foi instalado, com capacidade para 13 lugares. A moderniza\u00e7\u00e3o inclui, ainda, novo mobili\u00e1rio, modernos equipamentos, al\u00e9m de novas instala\u00e7\u00f5es.<\/p>\n<p>As principais p\u00e1ginas do Livro de Ouro da ACS foram enquadradas e, daqui para frente, ficar\u00e3o expostas no foyer do primeiro andar.<\/p>\n<p>Entre elas, est\u00e3o as p\u00e1ginas com assinaturas do imperador D. Pedro II e de presidentes da Rep\u00fablica como Epit\u00e1cio Pessoa, Wenceslau Bras, Eurico Gaspar Dutra, Washington Luis, Juscelino Kubitschek e Fernando Collor, al\u00e9m de governadores e autoridades.<\/p>\n<p>A ACS est\u00e1 localizada na Rua XV de Novembro, 137, esquina com a Rua Riachuelo, Centro \u2013 Santos.<\/p>\n<p>As visitas monitoradas podem ser agendadas pelo telefone 3212-8200, direto com o Departamento de Comunica\u00e7\u00e3o.<\/p>\n","protected":false},"excerpt":{"rendered":"<p>A cerim\u00f4nia, realizada nesta sexta-feira (4), contou com a presen\u00e7a do governador do Estado, M\u00e1rcio Fran\u00e7a Fonte: Assessoria de imprensa ACS Durante cerim\u00f4nia de entrega das obras de moderniza\u00e7\u00e3o da Associa\u00e7\u00e3o Comercial de Santos (ACS), realizada nesta sexta-feira (4), o presidente Roberto Clemente Santini anunciou novidades que ser\u00e3o oferecidas pela entidade, como a amplia\u00e7\u00e3o dos [&hellip;]<\/p>\n","protected":false},"author":1,"featured_media":81901,"comment_status":"open","ping_status":"open","sticky":false,"template":"","format":"standard","meta":{"footnotes":""},"categories":[84],"tags":[],"_links":{"self":[{"href":"https:\/\/acs.org.br\/academy\/wp-json\/wp\/v2\/posts\/81904"}],"collection":[{"href":"https:\/\/acs.org.br\/academy\/wp-json\/wp\/v2\/posts"}],"about":[{"href":"https:\/\/acs.org.br\/academy\/wp-json\/wp\/v2\/types\/post"}],"author":[{"embeddable":true,"href":"https:\/\/acs.org.br\/academy\/wp-json\/wp\/v2\/users\/1"}],"replies":[{"embeddable":true,"href":"https:\/\/acs.org.br\/academy\/wp-json\/wp\/v2\/comments?post=81904"}],"version-history":[{"count":0,"href":"https:\/\/acs.org.br\/academy\/wp-json\/wp\/v2\/posts\/81904\/revisions"}],"wp:featuredmedia":[{"embeddable":true,"href":"https:\/\/acs.org.br\/academy\/wp-json\/wp\/v2\/media\/81901"}],"wp:attachment":[{"href":"https:\/\/acs.org.br\/academy\/wp-json\/wp\/v2\/media?parent=81904"}],"wp:term":[{"taxonomy":"category","embeddable":true,"href":"https:\/\/acs.org.br\/academy\/wp-json\/wp\/v2\/categories?post=81904"},{"taxonomy":"post_tag","embeddable":true,"href":"https:\/\/acs.org.br\/academy\/wp-json\/wp\/v2\/tags?post=81904"}],"curies":[{"name":"wp","href":"https:\/\/api.w.org\/{rel}","templated":true}]}}