{"id":81873,"date":"2018-05-03T09:25:08","date_gmt":"2018-05-03T12:25:08","guid":{"rendered":"http:\/\/127.0.0.1\/acs\/associacao-comercial-de-santos-obra-de-modernizacao-do-predio-sede-sera-entregue-nesta-sexta-feira-4-com-a-presenca-do-governador-de-sao-paulo-marcio-franca\/"},"modified":"2018-05-03T09:25:08","modified_gmt":"2018-05-03T12:25:08","slug":"associacao-comercial-de-santos-obra-de-modernizacao-do-predio-sede-sera-entregue-nesta-sexta-feira-4-com-a-presenca-do-governador-de-sao-paulo-marcio-franca","status":"publish","type":"post","link":"https:\/\/acs.org.br\/academy\/associacao-comercial-de-santos-obra-de-modernizacao-do-predio-sede-sera-entregue-nesta-sexta-feira-4-com-a-presenca-do-governador-de-sao-paulo-marcio-franca\/","title":{"rendered":"Associa\u00e7\u00e3o Comercial de Santos &#8211; Obra de moderniza\u00e7\u00e3o do pr\u00e9dio-sede ser\u00e1 entregue nesta sexta-feira (4), com a presen\u00e7a do governador de S\u00e3o Paulo, Marcio Fran\u00e7a"},"content":{"rendered":"<p style=\"text-align: left;\" align=\"center\">Fonte: Assessoria de imprensa ACS<\/p>\n<p>A Associa\u00e7\u00e3o Comercial de Santos (ACS) entregar\u00e1 nesta sexta-feira (4), ap\u00f3s um ano e quatro meses, uma grande obra de moderniza\u00e7\u00e3o de seu pr\u00e9dio-sede, com mais de dois mil metros quadrados de hist\u00f3ria revitalizados. A cerim\u00f4nia ser\u00e1 \u00e0s 18 horas, na Rua XV de Novembro, 137, Centro de Santos, e contar\u00e1 com a presen\u00e7a do governador de S\u00e3o Paulo, Marcio Fran\u00e7a.<\/p>\n<p>Quando a diretoria da ACS, presidida por Roberto Clemente Santini, idealizou a reforma, a preocupa\u00e7\u00e3o inicial era fazer com que o edif\u00edcio, inaugurado em 1924, com estilo ecl\u00e9tico e forte influ\u00eancia barroca, n\u00e3o perdesse sua identidade.<\/p>\n<p>Tamb\u00e9m era uma preocupa\u00e7\u00e3o que a obra fosse um indutor de investimentos no Centro Hist\u00f3rico de Santos, melhorando o atendimento ao p\u00fablico e aos cerca de 270 associados que aprovaram a proposta da diretoria. O investimento foi de cerca de R$ 3,8 milh\u00f5es.<\/p>\n<p>Sem d\u00favida, uma importante obra para o Centro, ressaltou o presidente da ACS, Roberto Clemente Santini.<\/p>\n<p>\u201cA ACS acredita no Centro Hist\u00f3rico de Santos. Essa reforma ser\u00e1 um est\u00edmulo para outros empres\u00e1rios, al\u00e9m de melhorar o atendimento em geral para os associados e a sociedade, j\u00e1 que aqui s\u00e3o realizadas tamb\u00e9m reuni\u00f5es de interesse p\u00fablico, como as dos conselhos municipais de Seguran\u00e7a, do Desenvolvimento Urbano, de Emprego e Trabalho, entre outras\u201d.<\/p>\n<p>Apesar de antiga, a sede da ACS deve ser a pioneira no Centro de Santos a receber o Auto de Vistoria do Corpo de Bombeiros (AVCB), mesmo com N\u00edvel de Prote\u00e7\u00e3o 2 (NP-2), emitido pelo Conselho de Defesa do Patrim\u00f4nio Cultural de Santos (Condepasa), que protege fachada, telhado e volumetria.<\/p>\n<p>Com autoriza\u00e7\u00e3o do \u00f3rg\u00e3o, foram feitos restauro, pintura e lavagem da frente do pr\u00e9dio, ressaltando belezas como as caravelas presentes na entrada e o nome da institui\u00e7\u00e3o, com a grafia original revelando \u201cAssocia\u00e7\u00e3o Commercial\u201d, ainda com duas letras \u201cm\u201d.<\/p>\n<p><b> <\/b><\/p>\n<p><b>Novidades<\/b><\/p>\n<p>O novo audit\u00f3rio, que conta com sistema de proje\u00e7\u00e3o de \u00faltima gera\u00e7\u00e3o, ampliou sua capacidade de 90 para 150 lugares. O espa\u00e7o poder\u00e1 ser alugado pelos s\u00f3cios e pelo p\u00fablico em geral.<\/p>\n<p>\u201cA ACS \u00e9 uma institui\u00e7\u00e3o antiga, mas n\u00e3o antiquada\u201d, ressaltou o presidente Roberto Clemente Santini.<\/p>\n<p>Um novo elevador foi instalado, com capacidade para 13 lugares. A moderniza\u00e7\u00e3o inclui, ainda, novo mobili\u00e1rio, modernos equipamentos, al\u00e9m de novas instala\u00e7\u00f5es.<\/p>\n<p><b> <\/b><\/p>\n<p><b>Servi\u00e7os<\/b><\/p>\n<p>Entre os servi\u00e7os oferecidos pela institui\u00e7\u00e3o est\u00e3o a emiss\u00e3o do Certificado de Origem, um documento necess\u00e1rio para toda e qualquer exporta\u00e7\u00e3o; emiss\u00e3o do Certificado Digital; posto da Receita Federal; posto de informa\u00e7\u00f5es do Banco Nacional de Desenvolvimento Econ\u00f4mico e Social (BNDES); e a secretaria para atendimento aos associados.<\/p>\n<p>\u00a0<\/p>\n","protected":false},"excerpt":{"rendered":"<p>Fonte: Assessoria de imprensa ACS A Associa\u00e7\u00e3o Comercial de Santos (ACS) entregar\u00e1 nesta sexta-feira (4), ap\u00f3s um ano e quatro meses, uma grande obra de moderniza\u00e7\u00e3o de seu pr\u00e9dio-sede, com mais de dois mil metros quadrados de hist\u00f3ria revitalizados. A cerim\u00f4nia ser\u00e1 \u00e0s 18 horas, na Rua XV de Novembro, 137, Centro de Santos, e [&hellip;]<\/p>\n","protected":false},"author":1,"featured_media":0,"comment_status":"open","ping_status":"open","sticky":false,"template":"","format":"standard","meta":{"footnotes":""},"categories":[84],"tags":[],"_links":{"self":[{"href":"https:\/\/acs.org.br\/academy\/wp-json\/wp\/v2\/posts\/81873"}],"collection":[{"href":"https:\/\/acs.org.br\/academy\/wp-json\/wp\/v2\/posts"}],"about":[{"href":"https:\/\/acs.org.br\/academy\/wp-json\/wp\/v2\/types\/post"}],"author":[{"embeddable":true,"href":"https:\/\/acs.org.br\/academy\/wp-json\/wp\/v2\/users\/1"}],"replies":[{"embeddable":true,"href":"https:\/\/acs.org.br\/academy\/wp-json\/wp\/v2\/comments?post=81873"}],"version-history":[{"count":0,"href":"https:\/\/acs.org.br\/academy\/wp-json\/wp\/v2\/posts\/81873\/revisions"}],"wp:attachment":[{"href":"https:\/\/acs.org.br\/academy\/wp-json\/wp\/v2\/media?parent=81873"}],"wp:term":[{"taxonomy":"category","embeddable":true,"href":"https:\/\/acs.org.br\/academy\/wp-json\/wp\/v2\/categories?post=81873"},{"taxonomy":"post_tag","embeddable":true,"href":"https:\/\/acs.org.br\/academy\/wp-json\/wp\/v2\/tags?post=81873"}],"curies":[{"name":"wp","href":"https:\/\/api.w.org\/{rel}","templated":true}]}}