{"id":81617,"date":"2018-04-03T16:15:05","date_gmt":"2018-04-03T19:15:05","guid":{"rendered":"http:\/\/127.0.0.1\/acs\/rodada-2\/"},"modified":"2018-04-03T16:15:05","modified_gmt":"2018-04-03T19:15:05","slug":"rodada-2","status":"publish","type":"post","link":"https:\/\/acs.org.br\/academy\/rodada-2\/","title":{"rendered":"2\u00aa Rodada da Cidadania da ACS &#8211; Marinha deve implantar no pr\u00f3ximo semestre um grupamento de patrulha naval"},"content":{"rendered":"<p style=\"text-align: left;\" align=\"center\">Fonte: Assessoria de imprensa ACS<\/p>\n<p style=\"text-align: left;\" align=\"center\"><i style=\"text-align: left;\">As tarefas do novo grupo visam dar garantia, sustentabilidade e seguran\u00e7a aos investimentos que est\u00e3o sendo feitos na Bacia de Santos e incrementar a presen\u00e7a da Marinha na costa de S\u00e3o Paulo<\/i><\/p>\n<p>No pr\u00f3ximo semestre, a Marinha do Brasil deve implantar no litoral de S\u00e3o Paulo um grupamento de patrulha naval. As tarefas do novo grupo visam dar garantia, sustentabilidade e seguran\u00e7a aos investimentos que est\u00e3o sendo feitos na Bacia de Santos e incrementar a presen\u00e7a da Marinha na costa de S\u00e3o Paulo.<\/p>\n<p>O an\u00fancio foi feito pelo Capit\u00e3o dos Portos de S\u00e3o Paulo, Daniel Am\u00e9rico Rosa Menezes, durante a 2\u00aa Rodada da Cidadania, promovida pela Associa\u00e7\u00e3o Comercial de Santos (ACS), por meio da C\u00e2mara Setorial de Institui\u00e7\u00f5es de Ensino.<\/p>\n<\/p>\n<p>\u201cEsse grupamento teve seu n\u00facleo inaugurado em 2014, que era uma estrutura inicial para montar equipamento. Depois, por conta da recess\u00e3o, esse n\u00facleo ficou sem evolu\u00e7\u00e3o at\u00e9 o final do ano passado. Hoje, estamos em processo de prepara\u00e7\u00e3o, temos um navio designado para c\u00e1, foram feitas reformas em dois avisos, que s\u00e3o navios de pequeno porte, e estamos preparando moradias para as tripula\u00e7\u00f5es dos navios que vir\u00e3o. A ideia \u00e9 que, no segundo semestre, esse navio esteja aqui e o grupamento seja operacional. Vamos trabalhar junto com a Capitania (tanto na costa, em atividades de esporte e recreio, quanto em aproxima\u00e7\u00f5es portu\u00e1rias e alta mar), fazendo fiscaliza\u00e7\u00f5es e promovendo a conscientiza\u00e7\u00e3o, para que as pessoas entendam a necessidade da preocupa\u00e7\u00e3o com a seguran\u00e7a\u201d.<\/p>\n<p><b>Abertura<\/b><\/p>\n<p>O evento, que teve como tema \u201cSeguran\u00e7a P\u00fablica e Desenvolvimento Regional\u201d foi aberto pelo presidente da ACS, Roberto Clemente Santini, que ressaltou a import\u00e2ncia do tema para a nossa regi\u00e3o e tamb\u00e9m para o Pa\u00eds.<\/p>\n<p><img loading=\"lazy\" decoding=\"async\" class=\" size-full wp-image-81609\" src=\"http:\/\/127.0.0.1\/acs\/wp-content\/uploads\/2018\/04\/WEB_2018_ABRIL_RODADA-W_RODADA-012.JPG\" width=\"570\" height=\"428\" srcset=\"https:\/\/acs.org.br\/academy\/wp-content\/uploads\/2018\/04\/WEB_2018_ABRIL_RODADA-W_RODADA-012.JPG 570w, https:\/\/acs.org.br\/academy\/wp-content\/uploads\/2018\/04\/WEB_2018_ABRIL_RODADA-W_RODADA-012-300x225.jpg 300w\" sizes=\"(max-width: 570px) 100vw, 570px\" \/><\/p>\n<p>\u201cPela representatividade dos nossos palestrantes, tivemos uma vis\u00e3o geral de todas as \u00e1reas e, sem d\u00favida, esse debate contribuir\u00e1 muito para o aperfei\u00e7oamento dos mecanismos que norteiam a seguran\u00e7a p\u00fablica\u201d.<\/p>\n<p><img loading=\"lazy\" decoding=\"async\" class=\" size-full wp-image-81610\" src=\"http:\/\/127.0.0.1\/acs\/wp-content\/uploads\/2018\/04\/WEB_2018_ABRIL_RODADA-W_RODADA-005.JPG\" width=\"570\" height=\"428\" srcset=\"https:\/\/acs.org.br\/academy\/wp-content\/uploads\/2018\/04\/WEB_2018_ABRIL_RODADA-W_RODADA-005.JPG 570w, https:\/\/acs.org.br\/academy\/wp-content\/uploads\/2018\/04\/WEB_2018_ABRIL_RODADA-W_RODADA-005-300x225.jpg 300w\" sizes=\"(max-width: 570px) 100vw, 570px\" \/><\/p>\n<p>Silvia Teixeira Penteado, coordenadora da C\u00e2mara Setorial das Institui\u00e7\u00f5es de Ensino, disse que o objetivo das rodadas da cidadania \u00e9 realizar um di\u00e1logo que possa resultar na melhoria da sociedade.<\/p>\n<p><img loading=\"lazy\" decoding=\"async\" class=\" size-full wp-image-81611\" src=\"http:\/\/127.0.0.1\/acs\/wp-content\/uploads\/2018\/04\/WEB_2018_ABRIL_RODADA-W_RODADA-020.JPG\" width=\"570\" height=\"424\" srcset=\"https:\/\/acs.org.br\/academy\/wp-content\/uploads\/2018\/04\/WEB_2018_ABRIL_RODADA-W_RODADA-020.JPG 570w, https:\/\/acs.org.br\/academy\/wp-content\/uploads\/2018\/04\/WEB_2018_ABRIL_RODADA-W_RODADA-020-300x223.jpg 300w\" sizes=\"(max-width: 570px) 100vw, 570px\" \/><\/p>\n<p>\u201cCom a apresenta\u00e7\u00e3o dos dados das institui\u00e7\u00f5es participantes poderemos pensar de que forma esses indicadores poder\u00e3o levar \u00e0 difus\u00e3o de uma tecnologia de informa\u00e7\u00e3o, que possa ser acessada por todos. E, ainda, refletir numa forma de dimensionar os investimentos para o aprimoramento de pessoal, por exemplo\u201d.<\/p>\n<p><img loading=\"lazy\" decoding=\"async\" class=\" size-full wp-image-81612\" src=\"http:\/\/127.0.0.1\/acs\/wp-content\/uploads\/2018\/04\/WEB_2018_ABRIL_RODADA-W_RODADA-022.JPG\" width=\"570\" height=\"428\" srcset=\"https:\/\/acs.org.br\/academy\/wp-content\/uploads\/2018\/04\/WEB_2018_ABRIL_RODADA-W_RODADA-022.JPG 570w, https:\/\/acs.org.br\/academy\/wp-content\/uploads\/2018\/04\/WEB_2018_ABRIL_RODADA-W_RODADA-022-300x225.jpg 300w\" sizes=\"(max-width: 570px) 100vw, 570px\" \/><\/p>\n<p><strong>Palestras<\/strong><\/p>\n<p>O primeiro palestrante do dia foi Jos\u00e9 Alex Bot\u00ealho de Oliva, Presidente da Companhia Docas do Estado de S\u00e3o Paulo \u2013 CODESP. Al\u00e9m de apresentar as principais a\u00e7\u00f5es da institui\u00e7\u00e3o, ele anunciou que ser\u00e1 feito ainda neste m\u00eas um grande simulado, para prevenir acidentes no Porto de Santos.<\/p>\n<p><img loading=\"lazy\" decoding=\"async\" class=\" size-full wp-image-81613\" src=\"http:\/\/127.0.0.1\/acs\/wp-content\/uploads\/2018\/04\/WEB_2018_ABRIL_RODADA-W__SCN0789.JPG\" width=\"570\" height=\"413\" srcset=\"https:\/\/acs.org.br\/academy\/wp-content\/uploads\/2018\/04\/WEB_2018_ABRIL_RODADA-W__SCN0789.JPG 570w, https:\/\/acs.org.br\/academy\/wp-content\/uploads\/2018\/04\/WEB_2018_ABRIL_RODADA-W__SCN0789-300x217.jpg 300w\" sizes=\"(max-width: 570px) 100vw, 570px\" \/><\/p>\n<p>\u201cVamos utilizar helic\u00f3pteros, ter\u00e1 fuma\u00e7a e muita movimenta\u00e7\u00e3o. Ser\u00e1 uma a\u00e7\u00e3o preventiva\u201d.<\/p>\n<p>Na sequ\u00eancia, o Delegado da Alf\u00e2ndega da Receita Federal do Porto de Santos, Cleiton Alves dos Santos Jo\u00e3o Sim\u00f5es, mostrou em sua apresenta\u00e7\u00e3o as principais fun\u00e7\u00f5es da Receita, como apreens\u00f5es de drogas, produtos falsificados, armas e at\u00e9 animais silvestres. E mostrou que, apesar de as apreens\u00f5es terem subido, o n\u00famero de funcion\u00e1rios \u00e9 cada vez menor.<\/p>\n<p><img loading=\"lazy\" decoding=\"async\" class=\" size-full wp-image-81614\" src=\"http:\/\/127.0.0.1\/acs\/wp-content\/uploads\/2018\/04\/WEB_2018_ABRIL_RODADA-W__SCN0800.JPG\" width=\"570\" height=\"428\" srcset=\"https:\/\/acs.org.br\/academy\/wp-content\/uploads\/2018\/04\/WEB_2018_ABRIL_RODADA-W__SCN0800.JPG 570w, https:\/\/acs.org.br\/academy\/wp-content\/uploads\/2018\/04\/WEB_2018_ABRIL_RODADA-W__SCN0800-300x225.jpg 300w\" sizes=\"(max-width: 570px) 100vw, 570px\" \/><\/p>\n<p>\u201cPara ter essa efici\u00eancia, fazemos um trabalho conjunto com outros \u00f3rg\u00e3os, principalmente com a Pol\u00edcia Federal. Al\u00e9m disso, temos a nossa central de opera\u00e7\u00f5es de vigil\u00e2ncia, com quase 3 mil c\u00e2meras no Porto de Santos; os scanners; c\u00e3es farejadores; e treinamentos com servidores em navios de carga\u201d.<\/p>\n<p>O delegado seccional de Santos, Manoel Gatto Neto, mostrou os \u00edndices de criminalidade da regi\u00e3o, alguns deles t\u00e3o positivos que ele comparou com os \u00edndices de pa\u00edses de primeiro mundo.<\/p>\n<p><img loading=\"lazy\" decoding=\"async\" class=\" size-full wp-image-81615\" src=\"http:\/\/127.0.0.1\/acs\/wp-content\/uploads\/2018\/04\/WEB_2018_ABRIL_RODADA-W__SCN0823.JPG\" width=\"570\" height=\"428\" srcset=\"https:\/\/acs.org.br\/academy\/wp-content\/uploads\/2018\/04\/WEB_2018_ABRIL_RODADA-W__SCN0823.JPG 570w, https:\/\/acs.org.br\/academy\/wp-content\/uploads\/2018\/04\/WEB_2018_ABRIL_RODADA-W__SCN0823-300x225.jpg 300w\" sizes=\"(max-width: 570px) 100vw, 570px\" \/><\/p>\n<p>\u201cEm 2017, por exemplo, 84% dos homic\u00eddios em Santos foram esclarecidos. Isso \u00e9 n\u00famero de Pa\u00eds de primeiro mundo\u201d.<\/p>\n<p><strong>Viol\u00eancia no Rio<\/strong><\/p>\n<p>Por fim, o \u00faltimo palestrante, o General de Brigada Maur\u00edlio Miranda Netto Ribeiro, Comandante da 1\u00aa Brigada de Artilharia Antia\u00e9rea, falou sobre a atua\u00e7\u00e3o do Ex\u00e9rcito Brasileiro, ap\u00f3s o intermediador dos debates, o diretor-executivo das ACS e jornalista, Marcio Calves, questionar se a miss\u00e3o que tem sido realizada pelo Ex\u00e9rcito no Rio de Janeiro ir\u00e1 solucionar a quest\u00e3o da viol\u00eancia na Cidade.<\/p>\n<p>\u201cS\u00f3 a atua\u00e7\u00e3o do Ex\u00e9rcito, s\u00f3 a interven\u00e7\u00e3o federal n\u00e3o \u00e9 suficiente para resolver o problema, mas \u00e9 um passo que o estado brasileiro precisava dar\u201d.<\/p>\n<p><img loading=\"lazy\" decoding=\"async\" class=\" size-full wp-image-81616\" src=\"http:\/\/127.0.0.1\/acs\/wp-content\/uploads\/2018\/04\/WEB_2018_ABRIL_RODADA-W_RODADA-030.JPG\" width=\"570\" height=\"428\" srcset=\"https:\/\/acs.org.br\/academy\/wp-content\/uploads\/2018\/04\/WEB_2018_ABRIL_RODADA-W_RODADA-030.JPG 570w, https:\/\/acs.org.br\/academy\/wp-content\/uploads\/2018\/04\/WEB_2018_ABRIL_RODADA-W_RODADA-030-300x225.jpg 300w\" sizes=\"(max-width: 570px) 100vw, 570px\" \/><\/p>\n<p>\u00a0<\/p>\n<p>\u00a0<\/p>\n<p>\u00a0<\/p>\n<p>\u00a0<\/p>\n<p>\u00a0<\/p>\n","protected":false},"excerpt":{"rendered":"<p>Fonte: Assessoria de imprensa ACS As tarefas do novo grupo visam dar garantia, sustentabilidade e seguran\u00e7a aos investimentos que est\u00e3o sendo feitos na Bacia de Santos e incrementar a presen\u00e7a da Marinha na costa de S\u00e3o Paulo No pr\u00f3ximo semestre, a Marinha do Brasil deve implantar no litoral de S\u00e3o Paulo um grupamento de patrulha [&hellip;]<\/p>\n","protected":false},"author":1,"featured_media":81608,"comment_status":"open","ping_status":"open","sticky":false,"template":"","format":"standard","meta":{"footnotes":""},"categories":[84],"tags":[],"_links":{"self":[{"href":"https:\/\/acs.org.br\/academy\/wp-json\/wp\/v2\/posts\/81617"}],"collection":[{"href":"https:\/\/acs.org.br\/academy\/wp-json\/wp\/v2\/posts"}],"about":[{"href":"https:\/\/acs.org.br\/academy\/wp-json\/wp\/v2\/types\/post"}],"author":[{"embeddable":true,"href":"https:\/\/acs.org.br\/academy\/wp-json\/wp\/v2\/users\/1"}],"replies":[{"embeddable":true,"href":"https:\/\/acs.org.br\/academy\/wp-json\/wp\/v2\/comments?post=81617"}],"version-history":[{"count":0,"href":"https:\/\/acs.org.br\/academy\/wp-json\/wp\/v2\/posts\/81617\/revisions"}],"wp:featuredmedia":[{"embeddable":true,"href":"https:\/\/acs.org.br\/academy\/wp-json\/wp\/v2\/media\/81608"}],"wp:attachment":[{"href":"https:\/\/acs.org.br\/academy\/wp-json\/wp\/v2\/media?parent=81617"}],"wp:term":[{"taxonomy":"category","embeddable":true,"href":"https:\/\/acs.org.br\/academy\/wp-json\/wp\/v2\/categories?post=81617"},{"taxonomy":"post_tag","embeddable":true,"href":"https:\/\/acs.org.br\/academy\/wp-json\/wp\/v2\/tags?post=81617"}],"curies":[{"name":"wp","href":"https:\/\/api.w.org\/{rel}","templated":true}]}}