{"id":81510,"date":"2018-03-20T18:54:35","date_gmt":"2018-03-20T21:54:35","guid":{"rendered":"http:\/\/127.0.0.1\/acs\/assembleia-na-acs-por-unanimidade-socios-aprovam-as-contas-de-2017\/"},"modified":"2018-03-20T18:54:35","modified_gmt":"2018-03-20T21:54:35","slug":"assembleia-na-acs-por-unanimidade-socios-aprovam-as-contas-de-2017","status":"publish","type":"post","link":"https:\/\/acs.org.br\/academy\/assembleia-na-acs-por-unanimidade-socios-aprovam-as-contas-de-2017\/","title":{"rendered":"Assembleia na ACS &#8211; Por unanimidade, s\u00f3cios aprovam as contas de 2017"},"content":{"rendered":"<p style=\"text-align: left;\" align=\"center\">Fonte: Assessoria de imprensa ACS<\/p>\n<p style=\"text-align: left;\" align=\"center\">\n<p style=\"text-align: left;\" align=\"center\">Durante assembleia ordin\u00e1ria da Associa\u00e7\u00e3o Comercial de Santos (ACS), realizada nesta ter\u00e7a-feira (20) no audit\u00f3rio da TV Tribuna, em raz\u00e3o das obras de moderniza\u00e7\u00e3o da ACS, os associados aprovaram, por unanimidade, as contas da diretoria-executiva, referentes ao exerc\u00edcio de 2017.<\/p>\n<p>O presidente da ACS, Roberto Clemente Santini, ap\u00f3s a aprova\u00e7\u00e3o das contas, falou sobre o grande investimento que foi feito no ano passado na moderniza\u00e7\u00e3o do pr\u00e9dio-sede, previsto para ser entregue no pr\u00f3ximo m\u00eas.<\/p>\n<p><img loading=\"lazy\" decoding=\"async\" class=\" size-full wp-image-81507\" src=\"http:\/\/127.0.0.1\/acs\/wp-content\/uploads\/2018\/03\/WEB_2018_MARCO_CONTAS-W_CONTAS-024.JPG\" width=\"570\" height=\"428\" srcset=\"https:\/\/acs.org.br\/academy\/wp-content\/uploads\/2018\/03\/WEB_2018_MARCO_CONTAS-W_CONTAS-024.JPG 570w, https:\/\/acs.org.br\/academy\/wp-content\/uploads\/2018\/03\/WEB_2018_MARCO_CONTAS-W_CONTAS-024-300x225.jpg 300w\" sizes=\"(max-width: 570px) 100vw, 570px\" \/><\/p>\n<p>\u201c\u00c9 com muita alegria que estamos no final dessa obra, que ser\u00e1 um presente para todos e estar\u00e1 adequada aos novos tempos. Ficar\u00e1 como um exemplo de uma grande obra no Centro de Santos\u201d.<\/p>\n<p><img loading=\"lazy\" decoding=\"async\" class=\" size-full wp-image-81508\" src=\"http:\/\/127.0.0.1\/acs\/wp-content\/uploads\/2018\/03\/WEB_2018_MARCO_CONTAS-W_CONTAS-034.JPG\" width=\"570\" height=\"409\" srcset=\"https:\/\/acs.org.br\/academy\/wp-content\/uploads\/2018\/03\/WEB_2018_MARCO_CONTAS-W_CONTAS-034.JPG 570w, https:\/\/acs.org.br\/academy\/wp-content\/uploads\/2018\/03\/WEB_2018_MARCO_CONTAS-W_CONTAS-034-300x215.jpg 300w\" sizes=\"(max-width: 570px) 100vw, 570px\" \/><\/p>\n<p><b>Aprova\u00e7\u00f5es<\/b><\/p>\n<p>Primeiramente, foi aprovado o relat\u00f3rio anual de atividades da diretoria executiva do exerc\u00edcio de 2017.<\/p>\n<p>Em seguida, o 1\u00ba diretor-financeiro, Andr\u00e9 Canoilas, apresentou aos associados detalhadamente o balan\u00e7o patrimonial de 2017, inclusive os investimentos feitos na obra de moderniza\u00e7\u00e3o.<\/p>\n<p><img loading=\"lazy\" decoding=\"async\" class=\" size-full wp-image-81509\" src=\"http:\/\/127.0.0.1\/acs\/wp-content\/uploads\/2018\/03\/WEB_2018_MARCO_CONTAS-W_CONTAS-013.JPG\" width=\"570\" height=\"431\" srcset=\"https:\/\/acs.org.br\/academy\/wp-content\/uploads\/2018\/03\/WEB_2018_MARCO_CONTAS-W_CONTAS-013.JPG 570w, https:\/\/acs.org.br\/academy\/wp-content\/uploads\/2018\/03\/WEB_2018_MARCO_CONTAS-W_CONTAS-013-300x227.jpg 300w\" sizes=\"(max-width: 570px) 100vw, 570px\" \/><\/p>\n<p>Ao final, a assembleia aprovou a presta\u00e7\u00e3o de contas do per\u00edodo, que recebeu parecer favor\u00e1vel do Conselho Fiscal e da Apply-Auditores Associados, que afirmou que \u201cas demonstra\u00e7\u00f5es cont\u00e1beis referidas apresentam adequadamente todos os aspectos relevantes \u00e0 posi\u00e7\u00e3o patrimonial e financeira da ACS em 31 de dezembro de 2017\u201d.<\/p>\n","protected":false},"excerpt":{"rendered":"<p>Fonte: Assessoria de imprensa ACS Durante assembleia ordin\u00e1ria da Associa\u00e7\u00e3o Comercial de Santos (ACS), realizada nesta ter\u00e7a-feira (20) no audit\u00f3rio da TV Tribuna, em raz\u00e3o das obras de moderniza\u00e7\u00e3o da ACS, os associados aprovaram, por unanimidade, as contas da diretoria-executiva, referentes ao exerc\u00edcio de 2017. O presidente da ACS, Roberto Clemente Santini, ap\u00f3s a aprova\u00e7\u00e3o [&hellip;]<\/p>\n","protected":false},"author":1,"featured_media":81506,"comment_status":"open","ping_status":"open","sticky":false,"template":"","format":"standard","meta":{"footnotes":""},"categories":[84],"tags":[],"_links":{"self":[{"href":"https:\/\/acs.org.br\/academy\/wp-json\/wp\/v2\/posts\/81510"}],"collection":[{"href":"https:\/\/acs.org.br\/academy\/wp-json\/wp\/v2\/posts"}],"about":[{"href":"https:\/\/acs.org.br\/academy\/wp-json\/wp\/v2\/types\/post"}],"author":[{"embeddable":true,"href":"https:\/\/acs.org.br\/academy\/wp-json\/wp\/v2\/users\/1"}],"replies":[{"embeddable":true,"href":"https:\/\/acs.org.br\/academy\/wp-json\/wp\/v2\/comments?post=81510"}],"version-history":[{"count":0,"href":"https:\/\/acs.org.br\/academy\/wp-json\/wp\/v2\/posts\/81510\/revisions"}],"wp:featuredmedia":[{"embeddable":true,"href":"https:\/\/acs.org.br\/academy\/wp-json\/wp\/v2\/media\/81506"}],"wp:attachment":[{"href":"https:\/\/acs.org.br\/academy\/wp-json\/wp\/v2\/media?parent=81510"}],"wp:term":[{"taxonomy":"category","embeddable":true,"href":"https:\/\/acs.org.br\/academy\/wp-json\/wp\/v2\/categories?post=81510"},{"taxonomy":"post_tag","embeddable":true,"href":"https:\/\/acs.org.br\/academy\/wp-json\/wp\/v2\/tags?post=81510"}],"curies":[{"name":"wp","href":"https:\/\/api.w.org\/{rel}","templated":true}]}}