{"id":81433,"date":"2018-03-15T15:21:51","date_gmt":"2018-03-15T18:21:51","guid":{"rendered":"http:\/\/127.0.0.1\/acs\/coordenador-das-camaras-setoriais-da-acs-mike-sealy-e-eleito-presidente-do-conselho-da-abtl\/"},"modified":"2018-03-15T15:21:51","modified_gmt":"2018-03-15T18:21:51","slug":"coordenador-das-camaras-setoriais-da-acs-mike-sealy-e-eleito-presidente-do-conselho-da-abtl","status":"publish","type":"post","link":"https:\/\/acs.org.br\/academy\/coordenador-das-camaras-setoriais-da-acs-mike-sealy-e-eleito-presidente-do-conselho-da-abtl\/","title":{"rendered":"Coordenador das C\u00e2maras Setoriais da ACS, Mike Sealy \u00e9 eleito presidente do conselho da ABTL"},"content":{"rendered":"<p style=\"text-align: left;\" align=\"center\">Fonte: Assessoria de imprensa ACS<\/p>\n<p>O coordenador das C\u00e2maras Setoriais da Associa\u00e7\u00e3o Comercial de Santos, Mike Sealy, foi eleito nesta quarta-feira (14) presidente do Conselho de Administra\u00e7\u00e3o (Consad) da Associa\u00e7\u00e3o Brasileira de Terminais de L\u00edquidos (ABTL).<\/p>\n<p>O Conselho &#8211; que orienta as atividades da ABTL, cuja dire\u00e7\u00e3o \u00e9 profissionalizada e representa institucionalmente o segmento &#8211; \u00e9 formado por sete membros. Mike Sealy era vice-presidente e agora substitui Ary Serpa, que passou a ocupar o cargo de vice-presidente da entidade.<\/p>\n<p>\u201cCom grande orgulho e responsabilidade que em vota\u00e7\u00e3o un\u00e2nime fui proclamado presidente do Consad da ABTL para o Bi\u00eanio 2018\/2020. Nossos objetivos ser\u00e3o estreitar rela\u00e7\u00f5es com as entidades de classe de nosso segmento e tornar a ABTL uma institui\u00e7\u00e3o com padr\u00f5es de excel\u00eancia operacional, al\u00e9m de desenvolver suas atividades no \u00e2mbito nacional\u201d, disse Mike.<\/p>\n","protected":false},"excerpt":{"rendered":"<p>Fonte: Assessoria de imprensa ACS O coordenador das C\u00e2maras Setoriais da Associa\u00e7\u00e3o Comercial de Santos, Mike Sealy, foi eleito nesta quarta-feira (14) presidente do Conselho de Administra\u00e7\u00e3o (Consad) da Associa\u00e7\u00e3o Brasileira de Terminais de L\u00edquidos (ABTL). O Conselho &#8211; que orienta as atividades da ABTL, cuja dire\u00e7\u00e3o \u00e9 profissionalizada e representa institucionalmente o segmento &#8211; [&hellip;]<\/p>\n","protected":false},"author":1,"featured_media":0,"comment_status":"open","ping_status":"open","sticky":false,"template":"","format":"standard","meta":{"footnotes":""},"categories":[84],"tags":[],"_links":{"self":[{"href":"https:\/\/acs.org.br\/academy\/wp-json\/wp\/v2\/posts\/81433"}],"collection":[{"href":"https:\/\/acs.org.br\/academy\/wp-json\/wp\/v2\/posts"}],"about":[{"href":"https:\/\/acs.org.br\/academy\/wp-json\/wp\/v2\/types\/post"}],"author":[{"embeddable":true,"href":"https:\/\/acs.org.br\/academy\/wp-json\/wp\/v2\/users\/1"}],"replies":[{"embeddable":true,"href":"https:\/\/acs.org.br\/academy\/wp-json\/wp\/v2\/comments?post=81433"}],"version-history":[{"count":0,"href":"https:\/\/acs.org.br\/academy\/wp-json\/wp\/v2\/posts\/81433\/revisions"}],"wp:attachment":[{"href":"https:\/\/acs.org.br\/academy\/wp-json\/wp\/v2\/media?parent=81433"}],"wp:term":[{"taxonomy":"category","embeddable":true,"href":"https:\/\/acs.org.br\/academy\/wp-json\/wp\/v2\/categories?post=81433"},{"taxonomy":"post_tag","embeddable":true,"href":"https:\/\/acs.org.br\/academy\/wp-json\/wp\/v2\/tags?post=81433"}],"curies":[{"name":"wp","href":"https:\/\/api.w.org\/{rel}","templated":true}]}}