{"id":81432,"date":"2018-03-15T14:26:12","date_gmt":"2018-03-15T17:26:12","guid":{"rendered":"http:\/\/127.0.0.1\/acs\/cenarios-do-brasil-o-brasil-ja-superou-a-recessao-e-as-condicoes-sao-favoraveis-para-continuar-o-crescimento-no-proximo-ano\/"},"modified":"2018-03-15T14:26:12","modified_gmt":"2018-03-15T17:26:12","slug":"cenarios-do-brasil-o-brasil-ja-superou-a-recessao-e-as-condicoes-sao-favoraveis-para-continuar-o-crescimento-no-proximo-ano","status":"publish","type":"post","link":"https:\/\/acs.org.br\/academy\/cenarios-do-brasil-o-brasil-ja-superou-a-recessao-e-as-condicoes-sao-favoraveis-para-continuar-o-crescimento-no-proximo-ano\/","title":{"rendered":"Cen\u00e1rios do Brasil &#8211; \u201cO Brasil j\u00e1 superou a recess\u00e3o e as condi\u00e7\u00f5es s\u00e3o favor\u00e1veis para continuar o crescimento no pr\u00f3ximo ano\u201d"},"content":{"rendered":"<p align=\"center\" style=\"text-align: left;\"><i>A afirma\u00e7\u00e3o \u00e9 o professor da Funda\u00e7\u00e3o Dom Cabral, Paulo Paiva, durante palestra promovida pela ACS, Funda\u00e7\u00e3o Dom Cabral e o Grupo Tribuna<\/i><\/p>\n<p>Fonte: Assessoria de imprensa ACS<\/p>\n<p>Durante a palestra \u201cCen\u00e1rios do Brasil\u201d, realizada nesta quarta-feira (14) pela Associa\u00e7\u00e3o Comercial de Santos (ACS), em parceria com a Funda\u00e7\u00e3o Dom Cabral e o Grupo Tribuna, o professor da institui\u00e7\u00e3o de ensino, Paulo Paiva, mostrou-se otimista em rela\u00e7\u00e3o \u00e0 economia nacional e garantiu: \u201cO Brasil j\u00e1 superou a recess\u00e3o e as condi\u00e7\u00f5es s\u00e3o favor\u00e1veis para continuar o crescimento no pr\u00f3ximo ano\u201d.<\/p>\n<\/p>\n<p>Mais de 60 empres\u00e1rios e associados \u00e0 ACS participaram da palestra no audit\u00f3rio da TV Tribuna. Entre eles, estava o presidente da ACS, Roberto Clemente Santini, que ressaltou a import\u00e2ncia dessa parceria entre as institui\u00e7\u00f5es para a promo\u00e7\u00e3o de palestras t\u00e3o relevantes: \u201cParceria de excel\u00eancia\u201d.<\/p>\n<p><img loading=\"lazy\" decoding=\"async\" class=\" size-full wp-image-81428\" src=\"http:\/\/127.0.0.1\/acs\/wp-content\/uploads\/2018\/03\/WEB_2018_MARCO_DIALOGO-W_DIALOGO-012.JPG\" width=\"570\" height=\"428\" srcset=\"https:\/\/acs.org.br\/academy\/wp-content\/uploads\/2018\/03\/WEB_2018_MARCO_DIALOGO-W_DIALOGO-012.JPG 570w, https:\/\/acs.org.br\/academy\/wp-content\/uploads\/2018\/03\/WEB_2018_MARCO_DIALOGO-W_DIALOGO-012-300x225.jpg 300w\" sizes=\"(max-width: 570px) 100vw, 570px\" \/><\/p>\n<p><b> <\/b><\/p>\n<p><b>Condi\u00e7\u00f5es favor\u00e1veis<\/b><\/p>\n<p>Em sua apresenta\u00e7\u00e3o, o professor apresentou gr\u00e1ficos que mostram que a economia est\u00e1 em recupera\u00e7\u00e3o, como a varia\u00e7\u00e3o do Produto Interno Bruto (PIB), a taxa de desemprego (em queda a partir de 2017) e a produ\u00e7\u00e3o industrial, que obteve aumentos significados a partir do ano passado.<\/p>\n<p>\u201cExistem condi\u00e7\u00f5es favor\u00e1veis e positivas para continuar o crescimento esse ano e no pr\u00f3ximo, com taxas superiores \u00e0s do ano passado. A economia deve crescer em torno de 3 % esse ano e no pr\u00f3ximo\u201d.<\/p>\n<p><img loading=\"lazy\" decoding=\"async\" class=\" size-full wp-image-81429\" src=\"http:\/\/127.0.0.1\/acs\/wp-content\/uploads\/2018\/03\/WEB_2018_MARCO_DIALOGO-W_DIALOGO-033.JPG\" width=\"570\" height=\"428\" srcset=\"https:\/\/acs.org.br\/academy\/wp-content\/uploads\/2018\/03\/WEB_2018_MARCO_DIALOGO-W_DIALOGO-033.JPG 570w, https:\/\/acs.org.br\/academy\/wp-content\/uploads\/2018\/03\/WEB_2018_MARCO_DIALOGO-W_DIALOGO-033-300x225.jpg 300w\" sizes=\"(max-width: 570px) 100vw, 570px\" \/><\/p>\n<p>Segundo ele, existe a incerteza no \u00e2mbito politico, sobre quais ser\u00e3o as escolhas que o Brasil far\u00e1 nas elei\u00e7\u00f5es. Por isso, \u00e9 preciso escolher um governo comprometido com um programa de reformas que garanta sustentabilidade ao crescimento econ\u00f4mico.<\/p>\n<p>\u201cH\u00e1 vulnerabilidade na economia, que \u00e9 o desequil\u00edbrio fiscal, e h\u00e1 necessidade de um governo que tenha compromisso com o crescimento, o que significa compromisso com as reformas estruturais necess\u00e1rias para tornar o Pa\u00eds mais eficiente. Precisamos de uma economia mais para o mercado e da atua\u00e7\u00e3o mais efetiva da iniciativa privada nos investimentos do Brasil\u201d.<\/p>\n<p><img loading=\"lazy\" decoding=\"async\" class=\" size-full wp-image-81430\" src=\"http:\/\/127.0.0.1\/acs\/wp-content\/uploads\/2018\/03\/WEB_2018_MARCO_DIALOGO-W_DIALOGO-016.JPG\" width=\"570\" height=\"428\" srcset=\"https:\/\/acs.org.br\/academy\/wp-content\/uploads\/2018\/03\/WEB_2018_MARCO_DIALOGO-W_DIALOGO-016.JPG 570w, https:\/\/acs.org.br\/academy\/wp-content\/uploads\/2018\/03\/WEB_2018_MARCO_DIALOGO-W_DIALOGO-016-300x225.jpg 300w\" sizes=\"(max-width: 570px) 100vw, 570px\" \/><\/p>\n<p>Segundo ele, os grandes desafios das elei\u00e7\u00f5es deste ano s\u00e3o: a baixa reputa\u00e7\u00e3o dos pol\u00edticos e a possibilidade de maior absten\u00e7\u00e3o e votos nulos; combate \u00e0 corrup\u00e7\u00e3o (quais pr\u00e9-cadidatos estar\u00e3o eleg\u00edveis?); candidatos gestores sem experi\u00eancia pol\u00edtica pr\u00e9via; impactos da efetividade da cl\u00e1usula de barreira; per\u00edodo eleitoral mais curto; distribui\u00e7\u00e3o do financiamento p\u00fablico de campanha (sem financiamento de empresas); custo da campanha; e o papel das redes sociais.<\/p>\n<p>Com base nesses desafios, ele disse que os empres\u00e1rios t\u00eam a responsabilidade de escolher o que querem para o Brasil por meio do voto em outubro.<\/p>\n<p>\u201cN\u00e3o adianta apenas fazer investimentos e deixar o Brasil cair nas m\u00e3os de um governo populista e irrespons\u00e1vel\u201d.<\/p>\n<p><img loading=\"lazy\" decoding=\"async\" class=\" size-full wp-image-81431\" src=\"http:\/\/127.0.0.1\/acs\/wp-content\/uploads\/2018\/03\/WEB_2018_MARCO_DIALOGO-W_DIALOGO-035.JPG\" width=\"570\" height=\"428\" srcset=\"https:\/\/acs.org.br\/academy\/wp-content\/uploads\/2018\/03\/WEB_2018_MARCO_DIALOGO-W_DIALOGO-035.JPG 570w, https:\/\/acs.org.br\/academy\/wp-content\/uploads\/2018\/03\/WEB_2018_MARCO_DIALOGO-W_DIALOGO-035-300x225.jpg 300w\" sizes=\"(max-width: 570px) 100vw, 570px\" \/><\/p>\n<p>\u00a0<\/p>\n","protected":false},"excerpt":{"rendered":"<p>A afirma\u00e7\u00e3o \u00e9 o professor da Funda\u00e7\u00e3o Dom Cabral, Paulo Paiva, durante palestra promovida pela ACS, Funda\u00e7\u00e3o Dom Cabral e o Grupo Tribuna Fonte: Assessoria de imprensa ACS Durante a palestra \u201cCen\u00e1rios do Brasil\u201d, realizada nesta quarta-feira (14) pela Associa\u00e7\u00e3o Comercial de Santos (ACS), em parceria com a Funda\u00e7\u00e3o Dom Cabral e o Grupo Tribuna, [&hellip;]<\/p>\n","protected":false},"author":1,"featured_media":81427,"comment_status":"open","ping_status":"open","sticky":false,"template":"","format":"standard","meta":{"footnotes":""},"categories":[84],"tags":[],"_links":{"self":[{"href":"https:\/\/acs.org.br\/academy\/wp-json\/wp\/v2\/posts\/81432"}],"collection":[{"href":"https:\/\/acs.org.br\/academy\/wp-json\/wp\/v2\/posts"}],"about":[{"href":"https:\/\/acs.org.br\/academy\/wp-json\/wp\/v2\/types\/post"}],"author":[{"embeddable":true,"href":"https:\/\/acs.org.br\/academy\/wp-json\/wp\/v2\/users\/1"}],"replies":[{"embeddable":true,"href":"https:\/\/acs.org.br\/academy\/wp-json\/wp\/v2\/comments?post=81432"}],"version-history":[{"count":0,"href":"https:\/\/acs.org.br\/academy\/wp-json\/wp\/v2\/posts\/81432\/revisions"}],"wp:featuredmedia":[{"embeddable":true,"href":"https:\/\/acs.org.br\/academy\/wp-json\/wp\/v2\/media\/81427"}],"wp:attachment":[{"href":"https:\/\/acs.org.br\/academy\/wp-json\/wp\/v2\/media?parent=81432"}],"wp:term":[{"taxonomy":"category","embeddable":true,"href":"https:\/\/acs.org.br\/academy\/wp-json\/wp\/v2\/categories?post=81432"},{"taxonomy":"post_tag","embeddable":true,"href":"https:\/\/acs.org.br\/academy\/wp-json\/wp\/v2\/tags?post=81432"}],"curies":[{"name":"wp","href":"https:\/\/api.w.org\/{rel}","templated":true}]}}