{"id":81400,"date":"2018-03-13T17:31:50","date_gmt":"2018-03-13T20:31:50","guid":{"rendered":"http:\/\/127.0.0.1\/acs\/confira-as-apresentacoes-das-palestras-realizadas-no-seminario-implantacao-de-base-offshore-como-alavanca-do-desenvolvimento-regional\/"},"modified":"2018-03-13T17:31:50","modified_gmt":"2018-03-13T20:31:50","slug":"confira-as-apresentacoes-das-palestras-realizadas-no-seminario-implantacao-de-base-offshore-como-alavanca-do-desenvolvimento-regional","status":"publish","type":"post","link":"https:\/\/acs.org.br\/academy\/confira-as-apresentacoes-das-palestras-realizadas-no-seminario-implantacao-de-base-offshore-como-alavanca-do-desenvolvimento-regional\/","title":{"rendered":"Confira as apresenta\u00e7\u00f5es das palestras realizadas no semin\u00e1rio Implanta\u00e7\u00e3o de Base Offshore como Alavanca do Desenvolvimento Regional"},"content":{"rendered":"<p>Confira as apresenta\u00e7\u00f5es das palestras realizadas no semin\u00e1rio <strong><em>Implanta\u00e7\u00e3o de Base Offshore como Alavanca do Desenvolvimento Regional<\/em>:<\/p>\n<p><\/strong><\/p>\n<p><a href=\"http:\/\/127.0.0.1\/acs\/wp-content\/uploads\/2018\/03\/PDF_2018_MARCO_APRESENTACOES-PDF_PETROBRAS.PDF\" target=\"_blank\" rel=\"noopener\"><strong>PETROBRAS<\/strong> &#8211; Pedro Parente<\/a><\/p>\n<p><a target=\"_blank\" href=\"http:\/\/127.0.0.1\/acs\/wp-content\/uploads\/2018\/03\/PDF_2018_MARCO_APRESENTACOES-PDF_STATOIL.pdf\" rel=\"noopener\"><strong>STATOIL<\/strong> &#8211; Rodrigo Santoro<\/a><\/p>\n<p><a href=\"http:\/\/127.0.0.1\/acs\/wp-content\/uploads\/2018\/03\/PDF_2018_MARCO_APRESENTACOES-PDF_ABESPETRO.PDF\" target=\"_blank\" rel=\"noopener\"><strong>ABESPETRO<\/strong> &#8211;&nbsp;Claudio Makarovsky<\/a><\/p>\n<p><a target=\"_blank\" href=\"http:\/\/127.0.0.1\/acs\/wp-content\/uploads\/2018\/03\/PDF_2018_MARCO_APRESENTACOES-PDF_IBP.PDF\" rel=\"noopener\"><strong>IBP<\/strong> &#8211; Antonio Guimar\u00e3es<\/a><\/p>\n<p><a href=\"http:\/\/127.0.0.1\/acs\/wp-content\/uploads\/2018\/03\/PDF_2018_MARCO_APRESENTACOES-PDF_FIESP.PDF\" target=\"_blank\" rel=\"noopener\"><strong>FIESP<\/strong> &#8211;&nbsp;Jos\u00e9 Ricardo Roriz<\/a><\/p>\n<p><a target=\"_blank\" href=\"http:\/\/127.0.0.1\/acs\/wp-content\/uploads\/2018\/03\/PDF_2018_MARCO_APRESENTACOES-PDF_ABIMAQ.PDF\" rel=\"noopener\"><strong>ABIMAQ<\/strong> &#8211;&nbsp;Arthur de Almeida<\/p>\n<p><\/a><\/p>\n<p>O Semin\u00e1rio foi realizado em 12\/03\/2018<\/p>\n","protected":false},"excerpt":{"rendered":"<p>Confira as apresenta\u00e7\u00f5es das palestras realizadas no semin\u00e1rio Implanta\u00e7\u00e3o de Base Offshore como Alavanca do Desenvolvimento Regional: PETROBRAS &#8211; Pedro Parente STATOIL &#8211; Rodrigo Santoro ABESPETRO &#8211;&nbsp;Claudio Makarovsky IBP &#8211; Antonio Guimar\u00e3es FIESP &#8211;&nbsp;Jos\u00e9 Ricardo Roriz ABIMAQ &#8211;&nbsp;Arthur de Almeida O Semin\u00e1rio foi realizado em 12\/03\/2018<\/p>\n","protected":false},"author":1,"featured_media":0,"comment_status":"open","ping_status":"open","sticky":false,"template":"","format":"standard","meta":{"footnotes":""},"categories":[84],"tags":[],"_links":{"self":[{"href":"https:\/\/acs.org.br\/academy\/wp-json\/wp\/v2\/posts\/81400"}],"collection":[{"href":"https:\/\/acs.org.br\/academy\/wp-json\/wp\/v2\/posts"}],"about":[{"href":"https:\/\/acs.org.br\/academy\/wp-json\/wp\/v2\/types\/post"}],"author":[{"embeddable":true,"href":"https:\/\/acs.org.br\/academy\/wp-json\/wp\/v2\/users\/1"}],"replies":[{"embeddable":true,"href":"https:\/\/acs.org.br\/academy\/wp-json\/wp\/v2\/comments?post=81400"}],"version-history":[{"count":0,"href":"https:\/\/acs.org.br\/academy\/wp-json\/wp\/v2\/posts\/81400\/revisions"}],"wp:attachment":[{"href":"https:\/\/acs.org.br\/academy\/wp-json\/wp\/v2\/media?parent=81400"}],"wp:term":[{"taxonomy":"category","embeddable":true,"href":"https:\/\/acs.org.br\/academy\/wp-json\/wp\/v2\/categories?post=81400"},{"taxonomy":"post_tag","embeddable":true,"href":"https:\/\/acs.org.br\/academy\/wp-json\/wp\/v2\/tags?post=81400"}],"curies":[{"name":"wp","href":"https:\/\/api.w.org\/{rel}","templated":true}]}}