{"id":81393,"date":"2018-03-13T16:57:04","date_gmt":"2018-03-13T19:57:04","guid":{"rendered":"http:\/\/127.0.0.1\/acs\/evento-de-pg-na-acs-presidente-da-petrobras-anuncia-13-novas-plataformas-na-bacia-de-santos-e-presidente-da-acs-garante-a-iniciativa-privada-esta-pronta-para-participar-da-implantacao-de-uma-base\/"},"modified":"2018-03-13T16:57:04","modified_gmt":"2018-03-13T19:57:04","slug":"evento-de-pg-na-acs-presidente-da-petrobras-anuncia-13-novas-plataformas-na-bacia-de-santos-e-presidente-da-acs-garante-a-iniciativa-privada-esta-pronta-para-participar-da-implantacao-de-uma-base","status":"publish","type":"post","link":"https:\/\/acs.org.br\/academy\/evento-de-pg-na-acs-presidente-da-petrobras-anuncia-13-novas-plataformas-na-bacia-de-santos-e-presidente-da-acs-garante-a-iniciativa-privada-esta-pronta-para-participar-da-implantacao-de-uma-base\/","title":{"rendered":"Evento de P&#038;G na ACS &#8211; Presidente da Petrobras anuncia 13 novas plataformas na Bacia de Santos e presidente da ACS garante: a iniciativa privada est\u00e1 pronta para participar da implanta\u00e7\u00e3o de uma base offshore na regi\u00e3o"},"content":{"rendered":"<p style=\"text-align: left;\" align=\"center\">Fonte: Assessoria de imprensa ACS&nbsp;<\/p>\n<p>Durante o semin\u00e1rio <i>Implanta\u00e7\u00e3o de Base Offshore como Alavanca do Desenvolvimento Regional<\/i>, realizado na \u00faltima segunda-feira (12) pela Associa\u00e7\u00e3o Comercial de Santos (ACS), o presidente da Petrobras, Pedro Parente, anunciou a constru\u00e7\u00e3o de 13 novas plataformas na Bacia de Santos at\u00e9 2022. Diante dessa perspectiva positiva, o presidente da ACS, Roberto Clemente Santini, garantiu: \u201cA iniciativa privada est\u00e1 pronta para participar da implanta\u00e7\u00e3o de uma base offshore na regi\u00e3o\u201d.<\/p>\n<\/p>\n<p><img loading=\"lazy\" decoding=\"async\" class=\" size-full wp-image-81383\" src=\"http:\/\/127.0.0.1\/acs\/wp-content\/uploads\/2018\/03\/WEB_2018_MARCO_GEOBRASILIS-W_GEOBRASILIS-096.JPG\" width=\"570\" height=\"421\" srcset=\"https:\/\/acs.org.br\/academy\/wp-content\/uploads\/2018\/03\/WEB_2018_MARCO_GEOBRASILIS-W_GEOBRASILIS-096.JPG 570w, https:\/\/acs.org.br\/academy\/wp-content\/uploads\/2018\/03\/WEB_2018_MARCO_GEOBRASILIS-W_GEOBRASILIS-096-300x222.jpg 300w\" sizes=\"(max-width: 570px) 100vw, 570px\" \/><\/p>\n<p>Santini explicou que na Associa\u00e7\u00e3o Comercial de Santos foi criada a C\u00e2mara Setorial de Petr\u00f3leo e G\u00e1s, respons\u00e1vel pela organiza\u00e7\u00e3o de sucessivas reuni\u00f5es at\u00e9 a contrata\u00e7\u00e3o da empresa Geobrasilis, que realizou o estudo apresentado no Semin\u00e1rio.<\/p>\n<p>\u201cO objetivo desse estudo era demonstrar claramente as oportunidades de Santos e regi\u00e3o e a import\u00e2ncia da retomada dos grandes projetos na \u00e1rea de Petr\u00f3leo e G\u00e1s. O Porto faz parte de nossa infraestrutura e \u00e9 respons\u00e1vel por 28 por cento de nossa balan\u00e7a comercial. Com certeza, nosso complexo portu\u00e1rio tem todas as condi\u00e7\u00f5es de receber uma base de apoio \u00e0s plataformas de extra\u00e7\u00e3o e produ\u00e7\u00e3o de Petr\u00f3leo e G\u00e1s\u201d.<\/p>\n<p><img loading=\"lazy\" decoding=\"async\" class=\" size-full wp-image-81384\" src=\"http:\/\/127.0.0.1\/acs\/wp-content\/uploads\/2018\/03\/WEB_2018_MARCO_GEOBRASILIS-W_GEOBRASILIS-114.JPG\" width=\"570\" height=\"394\" srcset=\"https:\/\/acs.org.br\/academy\/wp-content\/uploads\/2018\/03\/WEB_2018_MARCO_GEOBRASILIS-W_GEOBRASILIS-114.JPG 570w, https:\/\/acs.org.br\/academy\/wp-content\/uploads\/2018\/03\/WEB_2018_MARCO_GEOBRASILIS-W_GEOBRASILIS-114-300x207.jpg 300w\" sizes=\"(max-width: 570px) 100vw, 570px\" \/><\/p>\n<p>Estiveram presidentes na abertura do evento a senadora Martha Suplicy, os prefeitos Paulo Alexandre Barbosa (Santos), Valter Suman (Guaruj\u00e1) e Alberto Mour\u00e3o (Praia Grande), o presidente da Codesp, Alex Oliva, o capit\u00e3o dos Portos, Daniel Am\u00e9rico Rosa Menezes, o vice-presidente da ACS, Vicente do Valle, e dos diretores Pedro Veras, Andre Canoilas, Gustavo Pierotti, Mike Sealy, Edison Monteiro, Lucia Maria Teixeira, Fabr\u00edcio Guimar\u00e3es Juli\u00e3o, Martin Alexandre Aron e Omar Abdul Assaf, al\u00e9m do diretor-executivo, Marcio Calves.<\/p>\n<p><img loading=\"lazy\" decoding=\"async\" class=\" size-full wp-image-81385\" src=\"http:\/\/127.0.0.1\/acs\/wp-content\/uploads\/2018\/03\/WEB_2018_MARCO_GEOBRASILIS-W_GEOBRASILIS-017.JPG\" width=\"570\" height=\"334\" srcset=\"https:\/\/acs.org.br\/academy\/wp-content\/uploads\/2018\/03\/WEB_2018_MARCO_GEOBRASILIS-W_GEOBRASILIS-017.JPG 570w, https:\/\/acs.org.br\/academy\/wp-content\/uploads\/2018\/03\/WEB_2018_MARCO_GEOBRASILIS-W_GEOBRASILIS-017-300x176.jpg 300w\" sizes=\"(max-width: 570px) 100vw, 570px\" \/><\/p>\n<p><b>Bacia de Santos<\/b><\/p>\n<p>Em sua apresenta\u00e7\u00e3o, Pedro Parente anunciou que 13 dos 19 sistemas de Produ\u00e7\u00e3o previstos at\u00e9 2022 s\u00e3o para a Bacia de Santos e afirmou que, mesmo com a redistribui\u00e7\u00e3o de ativos para a UO-Rio, a opera\u00e7\u00e3o dos campos do Pr\u00e9-sal continuar\u00e1 concentrada da Cidade Santos.<\/p>\n<p>Por este motivo, a Petrobras estaria realizando projetos de implanta\u00e7\u00e3o de infraestrutura para a amplia\u00e7\u00e3o da capacidade operacional em terra. Um exemplo \u00e9 a amplia\u00e7\u00e3o da malha de fibra \u00f3tica offshore, que conecta as plataformas aos centros integrados de opera\u00e7\u00e3o em Santos.<\/p>\n<p>Informa\u00e7\u00f5es estas que ratificam a necessidade da instala\u00e7\u00e3o de uma base offshore na Baixada Santista.<\/p>\n<p>\u201cPara implanta\u00e7\u00e3o de uma base offshore, primeiramente, era fundamental que acontecesse o que ocorreu em 2017: voltaram os leil\u00f5es. Tivemos tr\u00eas no ano passado e nesses tr\u00eas leil\u00f5es, seis novas \u00e1reas do pr\u00e9-sal foram leiloadas com sucesso. Sem a mudan\u00e7a da lei, ao inv\u00e9s de termos seis \u00e1reas sendo exploradas com atividade econ\u00f4mica, ter\u00edamos apenas tr\u00eas, que foram as que a Petrobras, de maneira seletiva, decidiu participar. Em primeiro lugar existir a demanda era fundamental, se n\u00e3o tivesse o leil\u00e3o, o centro offshore iria atender a quem? Depois disso, \u00e9 entender que com o sucesso dos leil\u00f5es passamos a ter 13 empresas operando nessa regi\u00e3o, portanto, gerando demanda\u201d.<\/p>\n<p>Parente aproveitou para agradecer ao senado, pela mudan\u00e7a da lei, ali representado pela Senadora Martha Suplicy, que ratificou a fala de parente.<\/p>\n<p>\u201cO maior impedimento foi ultrapassado com a mudan\u00e7a da lei, porque quando t\u00ednhamos uma lei em que a Petrobras era obrigada a participar com pelo menos 30 % da perfura\u00e7\u00e3o do pr\u00e9-sal era imposs\u00edvel, porque estava quebrada. Foi isso que destravou e permitiu o come\u00e7o da recupera\u00e7\u00e3o das plataformas\u201d.<\/p>\n<p><img loading=\"lazy\" decoding=\"async\" class=\" size-full wp-image-81386\" src=\"http:\/\/127.0.0.1\/acs\/wp-content\/uploads\/2018\/03\/WEB_2018_MARCO_GEOBRASILIS-W_GEOBRASILIS-133.JPG\" width=\"570\" height=\"423\" srcset=\"https:\/\/acs.org.br\/academy\/wp-content\/uploads\/2018\/03\/WEB_2018_MARCO_GEOBRASILIS-W_GEOBRASILIS-133.JPG 570w, https:\/\/acs.org.br\/academy\/wp-content\/uploads\/2018\/03\/WEB_2018_MARCO_GEOBRASILIS-W_GEOBRASILIS-133-300x223.jpg 300w\" sizes=\"(max-width: 570px) 100vw, 570px\" \/><\/p>\n<p><b> <\/b><\/p>\n<p><b>O Estudo<\/b><\/p>\n<p>Entre os principais resultados do estudo, est\u00e1 o levantamento das poss\u00edveis \u00e1reas para implanta\u00e7\u00e3o da base offshore.<\/p>\n<p>De acordo como diretor da Geo Brasilis, Jos\u00e9 Roberto dos Santos, as \u00e1reas dispon\u00edveis foram divididas em tr\u00eas grupos: de curto, m\u00e9dio e longo prazos.<\/p>\n<p><img loading=\"lazy\" decoding=\"async\" class=\" size-full wp-image-81387\" src=\"http:\/\/127.0.0.1\/acs\/wp-content\/uploads\/2018\/03\/WEB_2018_MARCO_GEOBRASILIS-W_GEOBRASILIS-073.JPG\" width=\"570\" height=\"420\" srcset=\"https:\/\/acs.org.br\/academy\/wp-content\/uploads\/2018\/03\/WEB_2018_MARCO_GEOBRASILIS-W_GEOBRASILIS-073.JPG 570w, https:\/\/acs.org.br\/academy\/wp-content\/uploads\/2018\/03\/WEB_2018_MARCO_GEOBRASILIS-W_GEOBRASILIS-073-300x221.jpg 300w\" sizes=\"(max-width: 570px) 100vw, 570px\" \/><\/p>\n<p>\u201cAs de curto prazo s\u00e3o as \u00e1reas j\u00e1 licenciadas e estruturadas para receber investimentos: o Complexo Industrial Naval de Guaruj\u00e1 (CING) e \u00e1reas concessionadas do Porto de Santos, no Ecoporto e Santos Brasil. Estas, j\u00e1 est\u00e3o preparadas para operar. No grupo m\u00e9dio prazo est\u00e3o as \u00e1reas que ainda necessitam de licen\u00e7as e investimentos para torn\u00e1-las ocupadas: o aeroporto do Guaruj\u00e1, que tem \u00e1reas pr\u00f3ximas e dentro da base a\u00e9rea, e dentro do terreno da Usiminas. Por fim, a longo prazo est\u00e3o \u00e1reas do retroporto e \u00c1rea Continental de Santos, onde n\u00e3o h\u00e1 nenhum projeto nem licen\u00e7a ambiental\u201d.<\/p>\n<p>Os lotes t\u00eam entre 40 e 60 mil metros quadrados, com espa\u00e7o para poss\u00edvel expans\u00e3o.<\/p>\n<p><b> <\/b><\/p>\n<p><b>Agenda pr\u00f3-ativa<\/b><\/p>\n<p>O pr\u00f3ximo passo, segundo o vice-presidente da ACS, Vicente do Valle, \u00e9 unir as informa\u00e7\u00f5es apresentadas no semin\u00e1rio para montar uma agenda pr\u00f3-ativa de neg\u00f3cios.<\/p>\n<p>\u201cA ACS far\u00e1 a continuidade dessa luta para a instala\u00e7\u00e3o de uma base offshore com a cria\u00e7\u00e3o dessa agenda, pois agora teremos de um lado os poss\u00edveis interessados, que s\u00e3o as plataformas e as companhias de navega\u00e7\u00e3o, e do outro lado as empresas de capital privado, que se interessem em fazer esse investimento\u201d.<\/p>\n<p><img loading=\"lazy\" decoding=\"async\" class=\" size-full wp-image-81388\" src=\"http:\/\/127.0.0.1\/acs\/wp-content\/uploads\/2018\/03\/WEB_2018_MARCO_GEOBRASILIS-W_GEOBRASILIS-148.JPG\" width=\"570\" height=\"409\" srcset=\"https:\/\/acs.org.br\/academy\/wp-content\/uploads\/2018\/03\/WEB_2018_MARCO_GEOBRASILIS-W_GEOBRASILIS-148.JPG 570w, https:\/\/acs.org.br\/academy\/wp-content\/uploads\/2018\/03\/WEB_2018_MARCO_GEOBRASILIS-W_GEOBRASILIS-148-300x215.jpg 300w\" sizes=\"(max-width: 570px) 100vw, 570px\" \/><\/p>\n<p><img loading=\"lazy\" decoding=\"async\" class=\" size-full wp-image-81389\" src=\"http:\/\/127.0.0.1\/acs\/wp-content\/uploads\/2018\/03\/WEB_2018_MARCO_GEOBRASILIS-W_GEOBRASILIS-139.JPG\" width=\"570\" height=\"383\" srcset=\"https:\/\/acs.org.br\/academy\/wp-content\/uploads\/2018\/03\/WEB_2018_MARCO_GEOBRASILIS-W_GEOBRASILIS-139.JPG 570w, https:\/\/acs.org.br\/academy\/wp-content\/uploads\/2018\/03\/WEB_2018_MARCO_GEOBRASILIS-W_GEOBRASILIS-139-300x202.jpg 300w\" sizes=\"(max-width: 570px) 100vw, 570px\" \/><\/p>\n<p><img loading=\"lazy\" decoding=\"async\" class=\" size-full wp-image-81390\" src=\"http:\/\/127.0.0.1\/acs\/wp-content\/uploads\/2018\/03\/WEB_2018_MARCO_GEOBRASILIS-W_GEOBRASILIS-145.JPG\" width=\"570\" height=\"407\" srcset=\"https:\/\/acs.org.br\/academy\/wp-content\/uploads\/2018\/03\/WEB_2018_MARCO_GEOBRASILIS-W_GEOBRASILIS-145.JPG 570w, https:\/\/acs.org.br\/academy\/wp-content\/uploads\/2018\/03\/WEB_2018_MARCO_GEOBRASILIS-W_GEOBRASILIS-145-300x214.jpg 300w\" sizes=\"(max-width: 570px) 100vw, 570px\" \/><\/p>\n<p><img loading=\"lazy\" decoding=\"async\" class=\" size-full wp-image-81391\" src=\"http:\/\/127.0.0.1\/acs\/wp-content\/uploads\/2018\/03\/WEB_2018_MARCO_GEOBRASILIS-W_GEOBRASILIS-228.JPG\" width=\"570\" height=\"450\" srcset=\"https:\/\/acs.org.br\/academy\/wp-content\/uploads\/2018\/03\/WEB_2018_MARCO_GEOBRASILIS-W_GEOBRASILIS-228.JPG 570w, https:\/\/acs.org.br\/academy\/wp-content\/uploads\/2018\/03\/WEB_2018_MARCO_GEOBRASILIS-W_GEOBRASILIS-228-300x237.jpg 300w\" sizes=\"(max-width: 570px) 100vw, 570px\" \/><\/p>\n<p><img loading=\"lazy\" decoding=\"async\" class=\" size-full wp-image-81392\" src=\"http:\/\/127.0.0.1\/acs\/wp-content\/uploads\/2018\/03\/WEB_2018_MARCO_GEOBRASILIS-W_GEOBRASILIS-236.JPG\" width=\"570\" height=\"446\" srcset=\"https:\/\/acs.org.br\/academy\/wp-content\/uploads\/2018\/03\/WEB_2018_MARCO_GEOBRASILIS-W_GEOBRASILIS-236.JPG 570w, https:\/\/acs.org.br\/academy\/wp-content\/uploads\/2018\/03\/WEB_2018_MARCO_GEOBRASILIS-W_GEOBRASILIS-236-300x235.jpg 300w\" sizes=\"(max-width: 570px) 100vw, 570px\" \/><\/p>\n","protected":false},"excerpt":{"rendered":"<p>Fonte: Assessoria de imprensa ACS&nbsp; Durante o semin\u00e1rio Implanta\u00e7\u00e3o de Base Offshore como Alavanca do Desenvolvimento Regional, realizado na \u00faltima segunda-feira (12) pela Associa\u00e7\u00e3o Comercial de Santos (ACS), o presidente da Petrobras, Pedro Parente, anunciou a constru\u00e7\u00e3o de 13 novas plataformas na Bacia de Santos at\u00e9 2022. Diante dessa perspectiva positiva, o presidente da ACS, [&hellip;]<\/p>\n","protected":false},"author":1,"featured_media":81382,"comment_status":"open","ping_status":"open","sticky":false,"template":"","format":"standard","meta":{"footnotes":""},"categories":[84],"tags":[],"_links":{"self":[{"href":"https:\/\/acs.org.br\/academy\/wp-json\/wp\/v2\/posts\/81393"}],"collection":[{"href":"https:\/\/acs.org.br\/academy\/wp-json\/wp\/v2\/posts"}],"about":[{"href":"https:\/\/acs.org.br\/academy\/wp-json\/wp\/v2\/types\/post"}],"author":[{"embeddable":true,"href":"https:\/\/acs.org.br\/academy\/wp-json\/wp\/v2\/users\/1"}],"replies":[{"embeddable":true,"href":"https:\/\/acs.org.br\/academy\/wp-json\/wp\/v2\/comments?post=81393"}],"version-history":[{"count":0,"href":"https:\/\/acs.org.br\/academy\/wp-json\/wp\/v2\/posts\/81393\/revisions"}],"wp:featuredmedia":[{"embeddable":true,"href":"https:\/\/acs.org.br\/academy\/wp-json\/wp\/v2\/media\/81382"}],"wp:attachment":[{"href":"https:\/\/acs.org.br\/academy\/wp-json\/wp\/v2\/media?parent=81393"}],"wp:term":[{"taxonomy":"category","embeddable":true,"href":"https:\/\/acs.org.br\/academy\/wp-json\/wp\/v2\/categories?post=81393"},{"taxonomy":"post_tag","embeddable":true,"href":"https:\/\/acs.org.br\/academy\/wp-json\/wp\/v2\/tags?post=81393"}],"curies":[{"name":"wp","href":"https:\/\/api.w.org\/{rel}","templated":true}]}}