{"id":81366,"date":"2018-03-13T08:36:48","date_gmt":"2018-03-13T11:36:48","guid":{"rendered":"http:\/\/127.0.0.1\/acs\/presidente-da-acs-recebe-presidente-da-associacao-empresarial-de-portugal\/"},"modified":"2018-03-13T08:36:48","modified_gmt":"2018-03-13T11:36:48","slug":"presidente-da-acs-recebe-presidente-da-associacao-empresarial-de-portugal","status":"publish","type":"post","link":"https:\/\/acs.org.br\/academy\/presidente-da-acs-recebe-presidente-da-associacao-empresarial-de-portugal\/","title":{"rendered":"Presidente da ACS recebe presidente da Associa\u00e7\u00e3o Empresarial de Portugal"},"content":{"rendered":"<p align=\"center\" style=\"text-align: left;\"><i>Objetivo \u00e9 viabilizar poss\u00edveis interc\u00e2mbios entre o Pa\u00eds Europeu e a Cidade<\/i><\/p>\n<p align=\"center\"><i> <\/i><\/p>\n<p>Fonte: Assessoria de imprensa ACS&nbsp;<\/p>\n<\/p>\n<p>O presidente da Associa\u00e7\u00e3o Comercial de Santos (ACS), Roberto Clemente Santini, recebeu nesta segunda-feira (12) o presidente da Associa\u00e7\u00e3o Empresarial de Portugal, Paulo Nunes de Almeida. O objetivo do encontro \u00e9 viabilizar poss\u00edveis interc\u00e2mbios entre o Pa\u00eds Europeu e a Cidade.<\/p>\n<p>A visita ocorreu na TV Tribuna, em raz\u00e3o das obras de moderniza\u00e7\u00e3o que ocorrem na ACS desde o final do ano passado. Tamb\u00e9m esteve presente o gestor do Consulado Honor\u00e1rio de Portugal em Santos, Jos\u00e9 Augusto do Ros\u00e1rio.<\/p>\n<p><img loading=\"lazy\" decoding=\"async\" class=\" size-full wp-image-81364\" src=\"http:\/\/127.0.0.1\/acs\/wp-content\/uploads\/2018\/03\/WEB_2018_MARCO_PORTUGAL-W_PORTUGAL-256.JPG\" width=\"570\" height=\"428\" srcset=\"https:\/\/acs.org.br\/academy\/wp-content\/uploads\/2018\/03\/WEB_2018_MARCO_PORTUGAL-W_PORTUGAL-256.JPG 570w, https:\/\/acs.org.br\/academy\/wp-content\/uploads\/2018\/03\/WEB_2018_MARCO_PORTUGAL-W_PORTUGAL-256-300x225.jpg 300w\" sizes=\"(max-width: 570px) 100vw, 570px\" \/><\/p>\n<p>Entre os assuntos discutidos, foi feito um convite pelo presidente da AEP para que o presidente da ACS e empres\u00e1rios brasileiros participem de um evento do setor imobili\u00e1rio que ocorrer\u00e1 em 7 de junho, o Sal\u00e3o imobili\u00e1rio, na cidade do Porto.<\/p>\n<p>\u201cL\u00e1 eles poder\u00e3o ver o trabalho que foi feito e que, na minha opini\u00e3o, \u00e9 uma das raz\u00f5es pelas quais o turismo tem crescido tanto em nosso Pa\u00eds. O que hoje me trouxe a esse encontro foi o fato de os investimentos de brasileiros em Portugal, na \u00e1rea imobili\u00e1ria, terem crescido. H\u00e1 10 anos n\u00e3o realiz\u00e1vamos esse evento, em raz\u00e3o da crise pela qual passava nosso Pa\u00eds. Por isso, vim convidar o presidente Santini para que possamos ter a participa\u00e7\u00e3o de empres\u00e1rios brasileiros ligados ao setor imobili\u00e1rio\u201d.<\/p>\n<p>Segundo ele, o Brasil foi em 2017 o Pa\u00eds com mais investimentos imobili\u00e1rios no norte de Portugal, n\u00e3o s\u00f3 para resid\u00eancias, mas para alugu\u00e9is.<\/p>\n<p>\u201cAt\u00e9 hoje, n\u00e3o tivemos uma rela\u00e7\u00e3o direta com Santos. Entendo que a cidade se desenvolve cada vez mais, a pr\u00f3pria din\u00e2mica da ACS justifica que eu me reunisse com Santini e apresentasse algumas ideias que podem unir as duas associa\u00e7\u00f5es. O investimento de brasileiros no setor imobili\u00e1rio em Portugal vem crescendo muito, assim como o turismo e o trabalho de reabilita\u00e7\u00e3o das cidades. Seria importante que Santos visse os investimentos feitos nas zonas hist\u00f3ricas de Portugal, que estavam degradadas, o que ajudou no crescimento do turismo\u201d.<\/p>\n<p>Roberto Clemente Santini, que esteve em visita \u00e0 AEP em 2016, ressaltou que a ideia \u00e9 estreitar rela\u00e7\u00f5es entre o Pa\u00eds Europeu e a cidade de Santos, uma vez que nossa regi\u00e3o tem cerca de 50 mil entre portugueses e seus descendentes.<\/p>\n<p>\u201cQueremos estreitar nossas a\u00e7\u00f5es de divulga\u00e7\u00e3o para que possamos realizar o fomento ao turismo e aos neg\u00f3cios\u201d.<\/p>\n<p><img loading=\"lazy\" decoding=\"async\" class=\" size-full wp-image-81365\" src=\"http:\/\/127.0.0.1\/acs\/wp-content\/uploads\/2018\/03\/WEB_2018_MARCO_PORTUGAL-W_PORTUGAL-268.JPG\" width=\"570\" height=\"428\" srcset=\"https:\/\/acs.org.br\/academy\/wp-content\/uploads\/2018\/03\/WEB_2018_MARCO_PORTUGAL-W_PORTUGAL-268.JPG 570w, https:\/\/acs.org.br\/academy\/wp-content\/uploads\/2018\/03\/WEB_2018_MARCO_PORTUGAL-W_PORTUGAL-268-300x225.jpg 300w\" sizes=\"(max-width: 570px) 100vw, 570px\" \/><\/p>\n<p>Jos\u00e9 Augusto do Ros\u00e1rio destacou que a visita pode ser um ponto de partida para uma nova rela\u00e7\u00e3o entre Portugal e Santos. \u201cPrecisamos expandir ainda mais essa aproxima\u00e7\u00e3o. E, por meio das associa\u00e7\u00f5es, eu tenho certeza que vai ser uma rela\u00e7\u00e3o muito prof\u00edcua, n\u00e3o s\u00f3 no comercial, mas na educa\u00e7\u00e3o e turismo. A nossa regi\u00e3o tem muito a ver e conhecer projetos que Portugal j\u00e1 desenvolveu, que deram certo e que cabem aqui na nossa regi\u00e3o\u201d.<\/p>\n","protected":false},"excerpt":{"rendered":"<p>Objetivo \u00e9 viabilizar poss\u00edveis interc\u00e2mbios entre o Pa\u00eds Europeu e a Cidade Fonte: Assessoria de imprensa ACS&nbsp; O presidente da Associa\u00e7\u00e3o Comercial de Santos (ACS), Roberto Clemente Santini, recebeu nesta segunda-feira (12) o presidente da Associa\u00e7\u00e3o Empresarial de Portugal, Paulo Nunes de Almeida. O objetivo do encontro \u00e9 viabilizar poss\u00edveis interc\u00e2mbios entre o Pa\u00eds Europeu [&hellip;]<\/p>\n","protected":false},"author":1,"featured_media":81363,"comment_status":"open","ping_status":"open","sticky":false,"template":"","format":"standard","meta":{"footnotes":""},"categories":[84],"tags":[],"_links":{"self":[{"href":"https:\/\/acs.org.br\/academy\/wp-json\/wp\/v2\/posts\/81366"}],"collection":[{"href":"https:\/\/acs.org.br\/academy\/wp-json\/wp\/v2\/posts"}],"about":[{"href":"https:\/\/acs.org.br\/academy\/wp-json\/wp\/v2\/types\/post"}],"author":[{"embeddable":true,"href":"https:\/\/acs.org.br\/academy\/wp-json\/wp\/v2\/users\/1"}],"replies":[{"embeddable":true,"href":"https:\/\/acs.org.br\/academy\/wp-json\/wp\/v2\/comments?post=81366"}],"version-history":[{"count":0,"href":"https:\/\/acs.org.br\/academy\/wp-json\/wp\/v2\/posts\/81366\/revisions"}],"wp:featuredmedia":[{"embeddable":true,"href":"https:\/\/acs.org.br\/academy\/wp-json\/wp\/v2\/media\/81363"}],"wp:attachment":[{"href":"https:\/\/acs.org.br\/academy\/wp-json\/wp\/v2\/media?parent=81366"}],"wp:term":[{"taxonomy":"category","embeddable":true,"href":"https:\/\/acs.org.br\/academy\/wp-json\/wp\/v2\/categories?post=81366"},{"taxonomy":"post_tag","embeddable":true,"href":"https:\/\/acs.org.br\/academy\/wp-json\/wp\/v2\/tags?post=81366"}],"curies":[{"name":"wp","href":"https:\/\/api.w.org\/{rel}","templated":true}]}}