{"id":81304,"date":"2018-03-02T17:28:14","date_gmt":"2018-03-02T20:28:14","guid":{"rendered":"http:\/\/127.0.0.1\/acs\/camara-setorial-de-petroleo-e-gas-acs-apresentara-estudo-de-implantacao-de-uma-base-offshore-como-alavanca-do-desenvolvimento-regional\/"},"modified":"2018-03-02T17:28:14","modified_gmt":"2018-03-02T20:28:14","slug":"camara-setorial-de-petroleo-e-gas-acs-apresentara-estudo-de-implantacao-de-uma-base-offshore-como-alavanca-do-desenvolvimento-regional","status":"publish","type":"post","link":"https:\/\/acs.org.br\/academy\/camara-setorial-de-petroleo-e-gas-acs-apresentara-estudo-de-implantacao-de-uma-base-offshore-como-alavanca-do-desenvolvimento-regional\/","title":{"rendered":"C\u00e2mara Setorial de Petr\u00f3leo e G\u00e1s &#8211; ACS apresentar\u00e1 estudo de implanta\u00e7\u00e3o de uma base offshore como alavanca do desenvolvimento regional"},"content":{"rendered":"<p align=\"center\"><i>Evento ser\u00e1 no pr\u00f3ximo dia 12 e contar\u00e1 com a presen\u00e7a do presidente da Petrobras, Pedro Parente<\/i><\/p>\n<p>Fonte: Assessoria de imprensa ACS<\/p>\n<p>A Associa\u00e7\u00e3o Comercial de Santos (ACS), por meio de sua C\u00e2mara Setorial de Petr\u00f3leo e G\u00e1s, apresentar\u00e1, no dia 12 de mar\u00e7o, um amplo estudo t\u00e9cnico para comprovar oportunidades, \u00e1reas e estruturas dispon\u00edveis em Santos, Cubat\u00e3o e Guaruj\u00e1, visando a implanta\u00e7\u00e3o de uma <i>base offshore <\/i>(base de apoio para abastecimento \u00e0s plataformas em alto mar) para atender a Bacia de Santos. O trabalho ser\u00e1 apresentado durante semin\u00e1rio com o <i>tema Implanta\u00e7\u00e3o de Base Offshore como Alavanca do Desenvolvimento Regional,<\/i> no Sal\u00e3o de Eventos do Parque Balne\u00e1rio Hotel, em Santos, e contar\u00e1 com a presen\u00e7a do presidente da Petrobras, Pedro Parente.<\/p>\n<p>Entre os convidados est\u00e3o o governador de S\u00e3o Paulo, Geraldo Alckmin, o vice-governador de S\u00e3o Paulo e secret\u00e1rio estadual de Desenvolvimento Econ\u00f4mico, Ci\u00eancia, Tecnologia e Inova\u00e7\u00e3o, Marcio Fran\u00e7a, a senadora da Rep\u00fablica Marta Suplicy, o presidente da Codesp, Jos\u00e9 Alex de Oliva, prefeitos e representantes das prefeituras que integram a Regi\u00e3o Metropolitana da Baixada Santista.<\/p>\n<p>O presidente da ACS, Roberto Clemente Santini, far\u00e1 a abertura do evento e o vice-presidente, Vicente do Valle, falar\u00e1 sobre a import\u00e2ncia da implanta\u00e7\u00e3o de uma base offshore como alavanca do desenvolvimento regional.<\/p>\n<p>A programa\u00e7\u00e3o prev\u00ea, al\u00e9m da apresenta\u00e7\u00e3o do estudo, feito pela consultoria Geo Brasilis&nbsp; &#8211; e que apontar\u00e1 as potencialidades existentes na regi\u00e3o e a situa\u00e7\u00e3o dos projetos e \u00e1reas para bases offshore &#8211; palestras da Associa\u00e7\u00e3o Brasileira de M\u00e1quinas e Equipamentos &#8211; ABIMAQ; da Associa\u00e7\u00e3o Brasileira de Empresas de Servi\u00e7os de Petr\u00f3leo &#8211;&nbsp; ABESPETRO; e do Instituto Brasileiro de Petr\u00f3leo, G\u00e1s e Biocombust\u00edveis IBP.<\/p>\n<p>Na sequ\u00eancia, falar\u00e1 o presidente da Statoil, Anders Opedal, sobre o projeto Carcar\u00e1 na Bacia de Santos.<\/p>\n<p><b> <\/b><\/p>\n<p><b>Sobre o estudo<\/b><\/p>\n<p><b> <\/b><\/p>\n<p>A ideia de elaborar um estudo que apontasse a viabilidade da instala\u00e7\u00e3o de uma base offshore na Baixada Santista veio ao encontro de todo trabalho realizado desde 2013 pela ACS, que tem se dedicado, entre outras tarefas, \u00e0 avalia\u00e7\u00e3o e suporte aos investimentos e projetos ligados \u00e0 atividade de Petr\u00f3leo e G\u00e1s Natural na Baixada Santista.<\/p>\n<p>Ap\u00f3s a implanta\u00e7\u00e3o da UO-BS da PETROBRAS no munic\u00edpio de Santos e de diversos outros investimentos na regi\u00e3o, verificou-se a necessidade de um novo salto em termos de infraestrutura para a implanta\u00e7\u00e3o de atividades de servi\u00e7os para fortalecer a explora\u00e7\u00e3o e produ\u00e7\u00e3o de petr\u00f3leo e GN.<\/p>\n<p>Nesse contexto, a ACS realizou uma audi\u00eancia privada em mar\u00e7o de 2014 e elaborou estudo t\u00e9cnico, juntamente com a empresa de consultoria Geo Brasilis. No semin\u00e1rio do pr\u00f3ximo dia 12 ser\u00e1 feito o encerramento dessa audi\u00eancia, com a elabora\u00e7\u00e3o de um documento, uma agenda pr\u00f3 ativa, juntamente com a apresenta\u00e7\u00e3o de outras a\u00e7\u00f5es e projetos dos munic\u00edpios e de empresas privadas.<\/p>\n<p>O material foi apresentado pela presid\u00eancia da ACS \u00e0 Petrobras em audi\u00eancia no Rio de Janeiro no final do ano passado, ocasi\u00e3o em que o presidente da Petrobras, Pedro Parente, confirmou participa\u00e7\u00e3o no evento, comprovando a import\u00e2ncia da regi\u00e3o para a explora\u00e7\u00e3o e produ\u00e7\u00e3o de petr\u00f3leo e GN.<\/p>\n<p>A semin\u00e1rio tem apoio da Abespetro, IBP, Abimaq, Ciesp\/Fiesp, AGEM, Invest SP, e prefeituras de Santos, Guaruj\u00e1 e Cubat\u00e3o.<\/p>\n<p>\u00a0<\/p>\n<p><strong>Programa\u00e7\u00e3o:&nbsp; &nbsp; &nbsp; <br \/><\/strong>atualizada em 9\/03\/2018<\/p>\n<p>\u00a0<\/p>\n<p>9h \u2013 Credenciamento e Welcome Coffee<\/p>\n<p>\u00a0<\/p>\n<p>9h30 \u2013 Solenidade de abertura<\/p>\n<p>Presidente da Associa\u00e7\u00e3o Comercial de Santos &#8211; Roberto Clemente Santini<\/p>\n<p>Vice-presidente da Associa\u00e7\u00e3o Comercial de Santos \u2013 Vicente do Valle<\/p>\n<p>Vice-Governador de S\u00e3o Paulo e secret\u00e1rio estadual de Desenvolvimento Econ\u00f4mico, Ci\u00eancia, Tecnologia e Inova\u00e7\u00e3o &#8211; Marcio Fran\u00e7a<\/p>\n<p>Senadora da Rep\u00fablica Marta Suplicy<\/p>\n<p>Prefeito do Munic\u00edpio de Santos \u2013 Paulo Alexandre Barbosa<\/p>\n<p>Prefeito do Munic\u00edpio de Guaruj\u00e1 &#8211; Dr. Valter Sum\u00e1n<\/p>\n<p>Prefeito do Munic\u00edpio de Cubat\u00e3o \u2013 Adem\u00e1rio da Silva Oliveira<\/p>\n<p>Palestrantes<\/p>\n<p>\u00a0<\/p>\n<p>10h &#8211; Thiago Martins (Statoil) \u2013 Rela\u00e7\u00f5es P\u00fablicas e Governamentais<\/p>\n<p>\u00a0<\/p>\n<p>10h30 &#8211; Jos\u00e9 Roberto dos Santos (Geo Brasilis) &#8211; Oportunidades e a\u00e7\u00f5es para o desenvolvimento regional<\/p>\n<p>\u00a0<\/p>\n<p>11h15 \u2013 Pedro Parente \u2013 presidente da Petrobras &#8211; Vis\u00e3o da PETROBRAS: mercado e Baixada Santista<\/p>\n<p>\u00a0<\/p>\n<p>11h50 &#8211; Jos\u00e9 Ricardo Roriz (diretor de infraestrutura da Fiesp) &#8211; Perspectiva da ind\u00fastria paulista no desenvolvimento da \u00e1rea de petr\u00f3leo e g\u00e1s. Haver\u00e1 a participa\u00e7\u00e3o do professor-doutor Aureo Emanuel Figueiredo, pesquisador do Mestrado em Engenharia da Unisanta<\/p>\n<p>\u00a0<\/p>\n<p>13 horas \u2013 Intervalo para almo\u00e7o<\/p>\n<p>\u00a0<\/p>\n<p>14h \u2013 Antonio Guimar\u00e3es (secret\u00e1rio-executivo do IBP) &#8211; Pol\u00edtica nacional de petr\u00f3leo e g\u00e1s e necessidades das empresas operadoras<\/p>\n<p>14h30 \u2013 Claudio Makarovsky (diretor-presidente da ABESPETRO) &#8211; Caracter\u00edsticas e demandas para \u00e1reas de apoio e bases offshore<\/p>\n<p>\u00a0<\/p>\n<p>15h \u2013 Arthur De Almeida (vice-presidente de Petr\u00f3leo e G\u00e1s da ABIMAQ) &#8211; Potencial e demandas da ind\u00fastria paulista<\/p>\n<p>\u00a0<\/p>\n<p>15h45 \u2013 Coffee break<\/p>\n<p>\u00a0<\/p>\n<p>16h \u2013 Mesa de debates: munic\u00edpios, Governo de S\u00e3o Paulo, operadoras e associa\u00e7\u00f5es empresariais<\/p>\n<p>\u00a0<\/p>\n<p>17h30 \u2013 Encerramento<\/p>\n<p>\u00a0<\/p>\n<p><b>Servi\u00e7o:<\/b><\/p>\n<p>Data: 12 de mar\u00e7o de 2018<\/p>\n<p>Local: Sal\u00e3o de Eventos do Parque Balne\u00e1rio Hotel<\/p>\n<p>Endere\u00e7o: Avenida Dona Ana Costa, 555 &#8211; Gonzaga, Santos &#8211; SP, 11060-003<\/p>\n","protected":false},"excerpt":{"rendered":"<p>Evento ser\u00e1 no pr\u00f3ximo dia 12 e contar\u00e1 com a presen\u00e7a do presidente da Petrobras, Pedro Parente Fonte: Assessoria de imprensa ACS A Associa\u00e7\u00e3o Comercial de Santos (ACS), por meio de sua C\u00e2mara Setorial de Petr\u00f3leo e G\u00e1s, apresentar\u00e1, no dia 12 de mar\u00e7o, um amplo estudo t\u00e9cnico para comprovar oportunidades, \u00e1reas e estruturas dispon\u00edveis [&hellip;]<\/p>\n","protected":false},"author":1,"featured_media":0,"comment_status":"open","ping_status":"open","sticky":false,"template":"","format":"standard","meta":{"footnotes":""},"categories":[84],"tags":[],"_links":{"self":[{"href":"https:\/\/acs.org.br\/academy\/wp-json\/wp\/v2\/posts\/81304"}],"collection":[{"href":"https:\/\/acs.org.br\/academy\/wp-json\/wp\/v2\/posts"}],"about":[{"href":"https:\/\/acs.org.br\/academy\/wp-json\/wp\/v2\/types\/post"}],"author":[{"embeddable":true,"href":"https:\/\/acs.org.br\/academy\/wp-json\/wp\/v2\/users\/1"}],"replies":[{"embeddable":true,"href":"https:\/\/acs.org.br\/academy\/wp-json\/wp\/v2\/comments?post=81304"}],"version-history":[{"count":0,"href":"https:\/\/acs.org.br\/academy\/wp-json\/wp\/v2\/posts\/81304\/revisions"}],"wp:attachment":[{"href":"https:\/\/acs.org.br\/academy\/wp-json\/wp\/v2\/media?parent=81304"}],"wp:term":[{"taxonomy":"category","embeddable":true,"href":"https:\/\/acs.org.br\/academy\/wp-json\/wp\/v2\/categories?post=81304"},{"taxonomy":"post_tag","embeddable":true,"href":"https:\/\/acs.org.br\/academy\/wp-json\/wp\/v2\/tags?post=81304"}],"curies":[{"name":"wp","href":"https:\/\/api.w.org\/{rel}","templated":true}]}}