{"id":81303,"date":"2018-03-02T15:14:55","date_gmt":"2018-03-02T18:14:55","guid":{"rendered":"http:\/\/127.0.0.1\/acs\/curso-de-classificacao-e-degustacao-de-cafe-da-associacao-comercial-de-santos-inscricoes-abertas\/"},"modified":"2018-03-02T15:14:55","modified_gmt":"2018-03-02T18:14:55","slug":"curso-de-classificacao-e-degustacao-de-cafe-da-associacao-comercial-de-santos-inscricoes-abertas","status":"publish","type":"post","link":"https:\/\/acs.org.br\/academy\/curso-de-classificacao-e-degustacao-de-cafe-da-associacao-comercial-de-santos-inscricoes-abertas\/","title":{"rendered":"Curso de Classifica\u00e7\u00e3o e Degusta\u00e7\u00e3o de Caf\u00e9 da Associa\u00e7\u00e3o Comercial de Santos &#8211; inscri\u00e7\u00f5es abertas"},"content":{"rendered":"<p style=\"text-align: left;\" align=\"center\">Fonte: Assessoria de imprensa ACS&nbsp;<\/p>\n<p>O curso de caf\u00e9 da Associa\u00e7\u00e3o Comercial de Santos, considerado o melhor da modalidade no Pa\u00eds e um dos principais do mundo, <b>voltar\u00e1 a abrir turmas a partir de julho<\/b>.<\/p>\n<p>A tradicional sala de classifica\u00e7\u00e3o e degusta\u00e7\u00e3o est\u00e1 em um grande processo de amplia\u00e7\u00e3o e moderniza\u00e7\u00e3o, visando tamb\u00e9m o credenciamento para realiza\u00e7\u00e3o de cursos \u201cQ-Grader\u201d.<\/p>\n<p>Trata-se de uma certifica\u00e7\u00e3o mundial concedida a profissionais de classifica\u00e7\u00e3o e degusta\u00e7\u00e3o de caf\u00e9s, que pertence ao \u201cQ-Grader System\u201d, uma s\u00e9rie de exames pr\u00e1ticos desenvolvidos pelo Instituto de Qualidade do Caf\u00e9 (CQI, na sigla em ingl\u00eas). O objetivo \u00e9 criar uma equipe qualificada de provadores de caf\u00e9 ar\u00e1bica especial, que possa avaliar, de forma consistente e precisa, as caracter\u00edsticas de qualidade do caf\u00e9, f\u00edsicas e sensoriais, usando uma terminologia padronizada de atributos e pontua\u00e7\u00f5es.<\/p>\n<p>Muito em breve voltaremos com informa\u00e7\u00f5es mais detalhadas sobre o in\u00edcio dos cursos \u201cQ-Grader\u201d.<\/p>\n<p><b>Sobre o curso de caf\u00e9 da ACS<\/b><\/p>\n<p>Entre os objetivos, o curso de classifica\u00e7\u00e3o e degusta\u00e7\u00e3o de caf\u00e9 pretende formar profissionais capazes de identificar as diferentes caracter\u00edsticas do caf\u00e9, atender \u00e0s exig\u00eancias do mercado e criar oportunidades de neg\u00f3cio. Al\u00e9m de atrair alunos de todo o Brasil, \u00e9 reconhecido tamb\u00e9m pelos principais pa\u00edses consumidores.<\/p>\n<p>A grade de programa\u00e7\u00e3o inclui visitas a uma fazenda, a um armaz\u00e9m e um terminal de embarque no Porto de Santos. As aulas te\u00f3ricas e pr\u00e1ticas de classifica\u00e7\u00e3o e degusta\u00e7\u00e3o s\u00e3o realizadas na Sala de Classifica\u00e7\u00e3o da ACS, na Rua XV de Novembro, 137 &#8211; 3.\u00ba andar.<\/p>\n<p>Os alunos passam por aprendizagem sobre a hist\u00f3ria do caf\u00e9, produ\u00e7\u00e3o, armazenagem, aspectos econ\u00f4micos nacionais e internacionais, legisla\u00e7\u00e3o, tecnologia, fiscaliza\u00e7\u00e3o, identifica\u00e7\u00e3o de gr\u00e3os, prova de bebida e desenvolvimento de blends.<\/p>\n<p>Ao final, os alunos aprovados recebem, al\u00e9m do certificado, a carteira de classificador de caf\u00e9 e uma colher de prova.<\/p>\n<p>As aulas ocorrem de segunda a sexta feira, das 8 \u00e0s 10 horas, durante um m\u00eas.<\/p>\n<p>Os valores do curso s\u00e3o as seguintes:<\/p>\n<p>&#8211; N\u00e3o s\u00f3cios: R$ 1.800<\/p>\n<p>&#8211; S\u00f3cios: R$ 950<\/p>\n<p>O curso ter\u00e1 as seguintes edi\u00e7\u00f5es:<\/p>\n<p>\u2022 Julho \u2013 de 2 a 26<\/p>\n<p>\u2022 Setembro \u2013 de 3 a 27<\/p>\n<p>\u2022 Novembro \u2013 5 a 29<\/p>\n<p>As inscri\u00e7\u00f5es devem ser feitas diretamente na Secretaria da Associa\u00e7\u00e3o Comercial de Santos, com Katherine Landin.<\/p>\n<p>Vale lembrar que o aluno s\u00f3 ter\u00e1 a matr\u00edcula confirmada ap\u00f3s o pagamento &#8211; que dever\u00e1 ser feito at\u00e9 o dia 25 do m\u00eas anterior ao da realiza\u00e7\u00e3o do curso &#8211; e assinatura do termo de compromisso.&nbsp;<\/p>\n<p><b>Requisitos para inscri\u00e7\u00e3o<\/b><\/p>\n<p>O participante deve ter idade m\u00ednima de 18 anos e apresentar as seguintes documenta\u00e7\u00f5es:<\/p>\n<p>&#8211; C\u00f3pia do diploma ou certificado de conclus\u00e3o do Ensino M\u00e9dio ou equivalente;<\/p>\n<p>&#8211; Atestado de sanidade bucal emitido por profissional habilitado;<\/p>\n<p>&#8211; C\u00f3pia da c\u00e9dula de identidade e, no caso de estrangeiros, c\u00f3pia do passaporte;<\/p>\n<p>&#8211; 2 (duas) fotos 3&#215;4.<\/p>\n<p>Toda a documenta\u00e7\u00e3o dever\u00e1 ser entregue na sede da ACS antes do in\u00edcio de cada curso.<\/p>\n<p>Mais informa\u00e7\u00f5es podem ser obtidas pelo telefone (13) 3212-8200 &#8211; ramal 220.<\/p>\n<p>\u00a0<\/p>\n<p>\u00a0<\/p>\n<p>\u00a0<\/p>\n","protected":false},"excerpt":{"rendered":"<p>Fonte: Assessoria de imprensa ACS&nbsp; O curso de caf\u00e9 da Associa\u00e7\u00e3o Comercial de Santos, considerado o melhor da modalidade no Pa\u00eds e um dos principais do mundo, voltar\u00e1 a abrir turmas a partir de julho. A tradicional sala de classifica\u00e7\u00e3o e degusta\u00e7\u00e3o est\u00e1 em um grande processo de amplia\u00e7\u00e3o e moderniza\u00e7\u00e3o, visando tamb\u00e9m o credenciamento [&hellip;]<\/p>\n","protected":false},"author":1,"featured_media":0,"comment_status":"open","ping_status":"open","sticky":false,"template":"","format":"standard","meta":{"footnotes":""},"categories":[84],"tags":[],"_links":{"self":[{"href":"https:\/\/acs.org.br\/academy\/wp-json\/wp\/v2\/posts\/81303"}],"collection":[{"href":"https:\/\/acs.org.br\/academy\/wp-json\/wp\/v2\/posts"}],"about":[{"href":"https:\/\/acs.org.br\/academy\/wp-json\/wp\/v2\/types\/post"}],"author":[{"embeddable":true,"href":"https:\/\/acs.org.br\/academy\/wp-json\/wp\/v2\/users\/1"}],"replies":[{"embeddable":true,"href":"https:\/\/acs.org.br\/academy\/wp-json\/wp\/v2\/comments?post=81303"}],"version-history":[{"count":0,"href":"https:\/\/acs.org.br\/academy\/wp-json\/wp\/v2\/posts\/81303\/revisions"}],"wp:attachment":[{"href":"https:\/\/acs.org.br\/academy\/wp-json\/wp\/v2\/media?parent=81303"}],"wp:term":[{"taxonomy":"category","embeddable":true,"href":"https:\/\/acs.org.br\/academy\/wp-json\/wp\/v2\/categories?post=81303"},{"taxonomy":"post_tag","embeddable":true,"href":"https:\/\/acs.org.br\/academy\/wp-json\/wp\/v2\/tags?post=81303"}],"curies":[{"name":"wp","href":"https:\/\/api.w.org\/{rel}","templated":true}]}}