{"id":80979,"date":"2018-01-18T17:24:55","date_gmt":"2018-01-18T19:24:55","guid":{"rendered":"http:\/\/127.0.0.1\/acs\/inscricoes-abertas-xxii-seminario-internacional-de-cafe-de-santos\/"},"modified":"2018-01-18T17:24:55","modified_gmt":"2018-01-18T19:24:55","slug":"inscricoes-abertas-xxii-seminario-internacional-de-cafe-de-santos","status":"publish","type":"post","link":"https:\/\/acs.org.br\/academy\/inscricoes-abertas-xxii-seminario-internacional-de-cafe-de-santos\/","title":{"rendered":"Inscri\u00e7\u00f5es Abertas &#8211; XXII Semin\u00e1rio Internacional de Caf\u00e9 de Santos"},"content":{"rendered":"<p>Caro associado,&nbsp;<\/p>\n<p>Ainda h\u00e1 vagas para participar do<strong>&nbsp;XXII Semin\u00e1rio Internacional de Caf\u00e9 de Santos<\/strong>, que ser\u00e1 realizado no Guaruj\u00e1, no per\u00edodo de 9 e 10 de maio de 2018.<\/p>\n<p>Visite o site e fa\u00e7a a sua inscri\u00e7\u00e3o:&nbsp;&nbsp;<strong style=\"font-size: 12pt;\"><a href=\"http:\/\/www.seminariocafesantos.com.br\" target=\"_blank\" rel=\"noopener\">www.seminariocafesantos.com.br<\/a> .<\/p>\n<p><\/strong><\/p>\n<p>Confira mat\u00e9ria publicada sobre o semin\u00e1rio na Revista do Caf\u00e9, clicando <a href=\"http:\/\/127.0.0.1\/acs\/wp-content\/uploads\/2018\/01\/PDF_2018_ABRIL_REVISTA.PDF\" target=\"_blank\" rel=\"noopener\">AQUI<\/a>.&nbsp;<\/p>\n<p>N\u00f3s esperamos voc\u00ea.<\/p>\n<p>\u00a0<\/p>\n<p>Cordialmente,&nbsp;<br \/><b><i>Associa\u00e7\u00e3o Comercial de Santos<\/i><\/b><\/p>\n","protected":false},"excerpt":{"rendered":"<p>Caro associado,&nbsp; Ainda h\u00e1 vagas para participar do&nbsp;XXII Semin\u00e1rio Internacional de Caf\u00e9 de Santos, que ser\u00e1 realizado no Guaruj\u00e1, no per\u00edodo de 9 e 10 de maio de 2018. Visite o site e fa\u00e7a a sua inscri\u00e7\u00e3o:&nbsp;&nbsp;www.seminariocafesantos.com.br . Confira mat\u00e9ria publicada sobre o semin\u00e1rio na Revista do Caf\u00e9, clicando AQUI.&nbsp; N\u00f3s esperamos voc\u00ea. \u00a0 Cordialmente,&nbsp;Associa\u00e7\u00e3o [&hellip;]<\/p>\n","protected":false},"author":1,"featured_media":0,"comment_status":"open","ping_status":"open","sticky":false,"template":"","format":"standard","meta":{"footnotes":""},"categories":[84],"tags":[],"_links":{"self":[{"href":"https:\/\/acs.org.br\/academy\/wp-json\/wp\/v2\/posts\/80979"}],"collection":[{"href":"https:\/\/acs.org.br\/academy\/wp-json\/wp\/v2\/posts"}],"about":[{"href":"https:\/\/acs.org.br\/academy\/wp-json\/wp\/v2\/types\/post"}],"author":[{"embeddable":true,"href":"https:\/\/acs.org.br\/academy\/wp-json\/wp\/v2\/users\/1"}],"replies":[{"embeddable":true,"href":"https:\/\/acs.org.br\/academy\/wp-json\/wp\/v2\/comments?post=80979"}],"version-history":[{"count":0,"href":"https:\/\/acs.org.br\/academy\/wp-json\/wp\/v2\/posts\/80979\/revisions"}],"wp:attachment":[{"href":"https:\/\/acs.org.br\/academy\/wp-json\/wp\/v2\/media?parent=80979"}],"wp:term":[{"taxonomy":"category","embeddable":true,"href":"https:\/\/acs.org.br\/academy\/wp-json\/wp\/v2\/categories?post=80979"},{"taxonomy":"post_tag","embeddable":true,"href":"https:\/\/acs.org.br\/academy\/wp-json\/wp\/v2\/tags?post=80979"}],"curies":[{"name":"wp","href":"https:\/\/api.w.org\/{rel}","templated":true}]}}