{"id":80762,"date":"2017-12-21T16:53:28","date_gmt":"2017-12-21T18:53:28","guid":{"rendered":"http:\/\/127.0.0.1\/acs\/expediente-de-final-de-ano-associacao-comercial-de-santos-2017\/"},"modified":"2017-12-21T16:53:28","modified_gmt":"2017-12-21T18:53:28","slug":"expediente-de-final-de-ano-associacao-comercial-de-santos-2017","status":"publish","type":"post","link":"https:\/\/acs.org.br\/academy\/expediente-de-final-de-ano-associacao-comercial-de-santos-2017\/","title":{"rendered":"Expediente de final de ano \u2013 Associa\u00e7\u00e3o Comercial de Santos &#8211; 2017"},"content":{"rendered":"<p>Caro associado, boa tarde<\/p>\n<p>A seguir, o hor\u00e1rio de expediente da Associa\u00e7\u00e3o Comercial de Santos (ACS) nesse final de ano:<\/p>\n<p>Dias 22 e 29, ambos sexta-feira, expediente normal.<\/p>\n<p>Nos dias 25 e 1\u00ba de janeiro, n\u00e3o haver\u00e1 expediente.<\/p>\n<p>Em nome da diretoria, aproveitamos a oportunidade para desejar um Natal feliz e um novo ano de sucesso.<\/p>\n<p>Cordialmente,<\/p>\n<p>Marcio Calves <br \/> Diretor Executivo <br \/> <b><i>Associa\u00e7\u00e3o Comercial de Santos<\/i><\/b> <\/p>\n","protected":false},"excerpt":{"rendered":"<p>Caro associado, boa tarde A seguir, o hor\u00e1rio de expediente da Associa\u00e7\u00e3o Comercial de Santos (ACS) nesse final de ano: Dias 22 e 29, ambos sexta-feira, expediente normal. Nos dias 25 e 1\u00ba de janeiro, n\u00e3o haver\u00e1 expediente. Em nome da diretoria, aproveitamos a oportunidade para desejar um Natal feliz e um novo ano de [&hellip;]<\/p>\n","protected":false},"author":1,"featured_media":0,"comment_status":"open","ping_status":"open","sticky":false,"template":"","format":"standard","meta":{"footnotes":""},"categories":[84],"tags":[],"_links":{"self":[{"href":"https:\/\/acs.org.br\/academy\/wp-json\/wp\/v2\/posts\/80762"}],"collection":[{"href":"https:\/\/acs.org.br\/academy\/wp-json\/wp\/v2\/posts"}],"about":[{"href":"https:\/\/acs.org.br\/academy\/wp-json\/wp\/v2\/types\/post"}],"author":[{"embeddable":true,"href":"https:\/\/acs.org.br\/academy\/wp-json\/wp\/v2\/users\/1"}],"replies":[{"embeddable":true,"href":"https:\/\/acs.org.br\/academy\/wp-json\/wp\/v2\/comments?post=80762"}],"version-history":[{"count":0,"href":"https:\/\/acs.org.br\/academy\/wp-json\/wp\/v2\/posts\/80762\/revisions"}],"wp:attachment":[{"href":"https:\/\/acs.org.br\/academy\/wp-json\/wp\/v2\/media?parent=80762"}],"wp:term":[{"taxonomy":"category","embeddable":true,"href":"https:\/\/acs.org.br\/academy\/wp-json\/wp\/v2\/categories?post=80762"},{"taxonomy":"post_tag","embeddable":true,"href":"https:\/\/acs.org.br\/academy\/wp-json\/wp\/v2\/tags?post=80762"}],"curies":[{"name":"wp","href":"https:\/\/api.w.org\/{rel}","templated":true}]}}