{"id":80686,"date":"2017-12-12T16:36:38","date_gmt":"2017-12-12T18:36:38","guid":{"rendered":"http:\/\/127.0.0.1\/acs\/associados-aprovam-por-unanimidade-reforma-da-sala-de-classificacao-e-degustacao-de-cafe-da-acs\/"},"modified":"2017-12-12T16:36:38","modified_gmt":"2017-12-12T18:36:38","slug":"associados-aprovam-por-unanimidade-reforma-da-sala-de-classificacao-e-degustacao-de-cafe-da-acs","status":"publish","type":"post","link":"https:\/\/acs.org.br\/academy\/associados-aprovam-por-unanimidade-reforma-da-sala-de-classificacao-e-degustacao-de-cafe-da-acs\/","title":{"rendered":"Associados aprovam por unanimidade reforma da Sala de Classifica\u00e7\u00e3o e Degusta\u00e7\u00e3o de Caf\u00e9 da ACS"},"content":{"rendered":"<p style=\"text-align: left;\" align=\"center\">Fonte: Assessoria de imprensa ACS<\/p>\n<p>Em assembleia extraordin\u00e1ria, realizada nesta ter\u00e7a-feira (12) no audit\u00f3rio da TV Tribuna, em raz\u00e3o das obras de moderniza\u00e7\u00e3o que ocorrem na sede da ACS desde dezembro do ano passado, os associados aprovaram por unanimidade a reforma da Sala de Classifica\u00e7\u00e3o e Degusta\u00e7\u00e3o de Caf\u00e9. As obras, or\u00e7adas em R$ 570 mil reais, devem come\u00e7ar em 15 dias e a previs\u00e3o para conclus\u00e3o \u00e9 de 60 dias.<\/p>\n<p>&nbsp;<\/p>\n<p>A abertura da assembleia foi realizada pelo presidente da ACS, Roberto Clemente Santini, que falou sobre a import\u00e2ncia de modernizar as instala\u00e7\u00f5es da sala onde \u00e9 realizado o tradicional curso de caf\u00e9, que atrai alunos de todo o mundo.<\/p>\n<p><img loading=\"lazy\" decoding=\"async\" class=\" size-full wp-image-80682\" src=\"http:\/\/127.0.0.1\/acs\/wp-content\/uploads\/2017\/12\/WEB_2017_DEZEMBRO_ASSEMBLEIA-W_ASSEMBLEIA-010.JPG\" width=\"570\" height=\"428\" srcset=\"https:\/\/acs.org.br\/academy\/wp-content\/uploads\/2017\/12\/WEB_2017_DEZEMBRO_ASSEMBLEIA-W_ASSEMBLEIA-010.JPG 570w, https:\/\/acs.org.br\/academy\/wp-content\/uploads\/2017\/12\/WEB_2017_DEZEMBRO_ASSEMBLEIA-W_ASSEMBLEIA-010-300x225.jpg 300w\" sizes=\"(max-width: 570px) 100vw, 570px\" \/>&nbsp;<\/p>\n<p>\u201cNeste ano fizemos tr\u00eas cursos, com o total de 53 alunos. Agora queremos avan\u00e7ar e oferecer novos cursos para nossos associados e para o p\u00fablico em geral\u201d.<\/p>\n<p>Na sequ\u00eancia, o coordenador da C\u00e2mara Setorial dos Exportadores de Caf\u00e9 e membro do Conselho Fiscal da ACS, Moacir Delfim Leite Soares, apresentou imagens da Sala de Classifica\u00e7\u00e3o e Degusta\u00e7\u00e3o de Caf\u00e9 atualmente e como ficar\u00e1 ap\u00f3s a moderniza\u00e7\u00e3o (clique <a href=\"http:\/\/127.0.0.1\/acs\/wp-content\/uploads\/2017\/12\/PDF_2017_DEZEMBRO_CAFE.PDF\">AQUI<\/a> e veja o antes e depois). O projeto prev\u00ea que, inclusive, a ACS passe a oferecer o curso para a certifica\u00e7\u00e3o mundial Q Grader, concedida aos classificadores e degustadores de caf\u00e9.<\/p>\n<p><img loading=\"lazy\" decoding=\"async\" class=\" size-full wp-image-80684\" src=\"http:\/\/127.0.0.1\/acs\/wp-content\/uploads\/2017\/12\/WEB_2017_DEZEMBRO_ASSEMBLEIA-W_ASSEMBLEIA-038.JPG\" width=\"570\" height=\"428\" srcset=\"https:\/\/acs.org.br\/academy\/wp-content\/uploads\/2017\/12\/WEB_2017_DEZEMBRO_ASSEMBLEIA-W_ASSEMBLEIA-038.JPG 570w, https:\/\/acs.org.br\/academy\/wp-content\/uploads\/2017\/12\/WEB_2017_DEZEMBRO_ASSEMBLEIA-W_ASSEMBLEIA-038-300x225.jpg 300w\" sizes=\"(max-width: 570px) 100vw, 570px\" \/><\/p>\n<p>Segundo Moacir, trata-se de uma s\u00e9rie de programas pr\u00e1ticos, desenvolvida pelo Instituto de Qualidade do Caf\u00e9 (CQI, sigla em ingl\u00eas), baseada nos m\u00e9todos da SCA \u2013 Specialty Coffee Association. \u201cPor isso, a reforma n\u00e3o ser\u00e1 s\u00f3 uma obra para melhorar o patrim\u00f4nio da Associa\u00e7\u00e3o, mas ser\u00e1 um investimento, uma fonte de renda\u201d.<\/p>\n<p>A empresa escolhida para realiza\u00e7\u00e3o da obra foi a que apresentou o menor valor e a mesma que j\u00e1 realiza a reforma no pr\u00e9dio da ACS, a Delchi Migotto Filho Constru\u00e7\u00f5es e Engenharia.<\/p>\n<p>Por fim, o gestor da obra, Alexandre Alonso, apresentou os valores. O investimento para a reforma da Sala de Classifica\u00e7\u00e3o e Degusta\u00e7\u00e3o de Caf\u00e9 ser\u00e1 de R$ 570 mil, incluindo a aquisi\u00e7\u00e3o de modernos equipamentos. Essa quantia ser\u00e1 somada ao valor total da obra que est\u00e1 sendo realizada no pr\u00e9dio, or\u00e7ada em R$ 4.434.877,70, mais 5% para eventualidades, chegando ao investimento final de R$ 4.656.621,59 (para as duas obras).<\/p>\n<p><img loading=\"lazy\" decoding=\"async\" class=\" size-full wp-image-80685\" src=\"http:\/\/127.0.0.1\/acs\/wp-content\/uploads\/2017\/12\/WEB_2017_DEZEMBRO_ASSEMBLEIA-W_ASSEMBLEIA-054.JPG\" width=\"570\" height=\"428\" srcset=\"https:\/\/acs.org.br\/academy\/wp-content\/uploads\/2017\/12\/WEB_2017_DEZEMBRO_ASSEMBLEIA-W_ASSEMBLEIA-054.JPG 570w, https:\/\/acs.org.br\/academy\/wp-content\/uploads\/2017\/12\/WEB_2017_DEZEMBRO_ASSEMBLEIA-W_ASSEMBLEIA-054-300x225.jpg 300w\" sizes=\"(max-width: 570px) 100vw, 570px\" \/><\/p>\n<p>\u201cCome\u00e7aremos a fazer remo\u00e7\u00f5es nos pr\u00f3ximos dias e as mudan\u00e7as de alguns equipamentos para a biblioteca. Em fevereiro a Sala deve ser entregue\u201d.<\/p>\n<p>\u00a0<\/p>\n<p>\u00a0<\/p>\n<p>\u00a0<\/p>\n<p>\u00a0<\/p>\n<p>\u00a0<\/p>\n<p>\u00a0<\/p>\n","protected":false},"excerpt":{"rendered":"<p>Fonte: Assessoria de imprensa ACS Em assembleia extraordin\u00e1ria, realizada nesta ter\u00e7a-feira (12) no audit\u00f3rio da TV Tribuna, em raz\u00e3o das obras de moderniza\u00e7\u00e3o que ocorrem na sede da ACS desde dezembro do ano passado, os associados aprovaram por unanimidade a reforma da Sala de Classifica\u00e7\u00e3o e Degusta\u00e7\u00e3o de Caf\u00e9. As obras, or\u00e7adas em R$ 570 [&hellip;]<\/p>\n","protected":false},"author":1,"featured_media":80681,"comment_status":"open","ping_status":"open","sticky":false,"template":"","format":"standard","meta":{"footnotes":""},"categories":[84],"tags":[],"_links":{"self":[{"href":"https:\/\/acs.org.br\/academy\/wp-json\/wp\/v2\/posts\/80686"}],"collection":[{"href":"https:\/\/acs.org.br\/academy\/wp-json\/wp\/v2\/posts"}],"about":[{"href":"https:\/\/acs.org.br\/academy\/wp-json\/wp\/v2\/types\/post"}],"author":[{"embeddable":true,"href":"https:\/\/acs.org.br\/academy\/wp-json\/wp\/v2\/users\/1"}],"replies":[{"embeddable":true,"href":"https:\/\/acs.org.br\/academy\/wp-json\/wp\/v2\/comments?post=80686"}],"version-history":[{"count":0,"href":"https:\/\/acs.org.br\/academy\/wp-json\/wp\/v2\/posts\/80686\/revisions"}],"wp:featuredmedia":[{"embeddable":true,"href":"https:\/\/acs.org.br\/academy\/wp-json\/wp\/v2\/media\/80681"}],"wp:attachment":[{"href":"https:\/\/acs.org.br\/academy\/wp-json\/wp\/v2\/media?parent=80686"}],"wp:term":[{"taxonomy":"category","embeddable":true,"href":"https:\/\/acs.org.br\/academy\/wp-json\/wp\/v2\/categories?post=80686"},{"taxonomy":"post_tag","embeddable":true,"href":"https:\/\/acs.org.br\/academy\/wp-json\/wp\/v2\/tags?post=80686"}],"curies":[{"name":"wp","href":"https:\/\/api.w.org\/{rel}","templated":true}]}}