{"id":80593,"date":"2017-12-05T17:32:12","date_gmt":"2017-12-05T19:32:12","guid":{"rendered":"http:\/\/127.0.0.1\/acs\/entidades-empresariais-ligadas-ao-porto-se-reunem-e-decidem-pedir-reuniao-com-o-prefeito-de-santos-para-negociar-aumento-do-iss\/"},"modified":"2017-12-05T17:32:12","modified_gmt":"2017-12-05T19:32:12","slug":"entidades-empresariais-ligadas-ao-porto-se-reunem-e-decidem-pedir-reuniao-com-o-prefeito-de-santos-para-negociar-aumento-do-iss","status":"publish","type":"post","link":"https:\/\/acs.org.br\/academy\/entidades-empresariais-ligadas-ao-porto-se-reunem-e-decidem-pedir-reuniao-com-o-prefeito-de-santos-para-negociar-aumento-do-iss\/","title":{"rendered":"Entidades empresariais ligadas ao Porto se re\u00fanem e decidem pedir reuni\u00e3o com o Prefeito de Santos para negociar aumento do ISS"},"content":{"rendered":"<p align=\"center\" style=\"text-align: left;\"><i>O presidente da ACS, Roberto Clemente Santini, participou do encontro<\/i><\/p>\n<p>Fonte: Assessoria de Imprensa ACS<\/p>\n<p>Representantes de 11 entidades ligadas ao Porto de Santos, entre eles Roberto Clemente Santini, presidente da Associa\u00e7\u00e3o Comercial de Santos (ACS), se reuniram nesta ter\u00e7a-feira (5) no Sopesp (Sindicato dos Operadores Portu\u00e1rios do Estado de S\u00e3o Paulo) e decidiram pedir uma reuni\u00e3o com o prefeito de Santos, Paulo Alexandre Barbosa, para tentar negociar o aumento do ISS. Dois projetos de lei, propostos pelas prefeituras de Santos e Guaruj\u00e1, pedem o reajuste do ISS apenas para atividades portu\u00e1rias, de 3% para 5%.<\/p>\n<\/p>\n<p><img loading=\"lazy\" decoding=\"async\" class=\" size-full wp-image-80590\" src=\"http:\/\/127.0.0.1\/acs\/wp-content\/uploads\/2017\/12\/WEB_2017_DEZEMBRO_SOPESP-W_SOPESP-031.JPG\" width=\"570\" height=\"404\" srcset=\"https:\/\/acs.org.br\/academy\/wp-content\/uploads\/2017\/12\/WEB_2017_DEZEMBRO_SOPESP-W_SOPESP-031.JPG 570w, https:\/\/acs.org.br\/academy\/wp-content\/uploads\/2017\/12\/WEB_2017_DEZEMBRO_SOPESP-W_SOPESP-031-300x213.jpg 300w\" sizes=\"(max-width: 570px) 100vw, 570px\" \/><\/p>\n<p>Tamb\u00e9m estavam presentes representantes da ABTP (Associa\u00e7\u00e3o Brasileira dos Terminais Portu\u00e1rios), AMA, ABTRA (Associa\u00e7\u00e3o Brasileira de Terminais e Recintos Alfandegados), ABTTC (Associa\u00e7\u00e3o Brasileira dos Terminais Retroportu\u00e1rios e das Transportadoras de Cont\u00eaineres), CIESP (Centro das Ind\u00fastrias do Estado de S\u00e3o Paulo), ABTL (Associa\u00e7\u00e3o Brasileira de Terminais de L\u00edquidos), ABRATEC (Associa\u00e7\u00e3o Brasileira dos Terminais de Cont\u00eaineres de Uso P\u00fablico), FIESP (Federa\u00e7\u00e3o das Ind\u00fastrias do Estado de S\u00e3o Paulo) e FENOP (Federa\u00e7\u00e3o Nacional dos Operadores Portu\u00e1rios).<\/p>\n<p>O Sopesp, que representa o segmento empresarial dos operadores portu\u00e1rios, organizou a reuni\u00e3o, para que as entidades pudessem tomar um posicionamento \u00fanico, conforme explicou o diretor-executivo do Sopesp, Jos\u00e9 dos Santos Martins.<\/p>\n<p>\u201cConsiderando que a maioria das categorias se colocou contra o aumento, em fun\u00e7\u00e3o do impacto que ele causar\u00e1 em seus custos log\u00edsticos e operacionais, resolvemos nos reunir e ficou definido que vamos pedir essa reuni\u00e3o com o Prefeito, para tentarmos uma negocia\u00e7\u00e3o. O Sopesp j\u00e1 encaminhou um of\u00edcio ao Prefeito, pedindo a abertura dessa negocia\u00e7\u00e3o, e tenho certeza que o pedido ser\u00e1 bem aceito por ele\u201d.<\/p>\n<p><img loading=\"lazy\" decoding=\"async\" class=\" size-full wp-image-80591\" src=\"http:\/\/127.0.0.1\/acs\/wp-content\/uploads\/2017\/12\/WEB_2017_DEZEMBRO_SOPESP-W_SOPESP-056.JPG\" width=\"570\" height=\"379\" srcset=\"https:\/\/acs.org.br\/academy\/wp-content\/uploads\/2017\/12\/WEB_2017_DEZEMBRO_SOPESP-W_SOPESP-056.JPG 570w, https:\/\/acs.org.br\/academy\/wp-content\/uploads\/2017\/12\/WEB_2017_DEZEMBRO_SOPESP-W_SOPESP-056-300x199.jpg 300w\" sizes=\"(max-width: 570px) 100vw, 570px\" \/><\/p>\n<p>Segundo Martins, um comit\u00ea foi criado para esse encontro com o prefeito. \u201cCinco segmentos ir\u00e3o participar desse comit\u00ea, mas os nomes s\u00f3 ser\u00e3o divulgados posteriormente. A previs\u00e3o \u00e9 que a reuni\u00e3o ocorra nesta quarta (6) ou quinta-feira (7)\u201d.<\/p>\n<p>Por fim, ele ressaltou que, se aprovado, o aumento do ISS causar\u00e1 um impacto em toda cadeia log\u00edstica nacional. \u201cTodo produto exportado e importado sofrer\u00e1 esse impacto nos seus custos log\u00edsticos e isso ser\u00e1 repassado para a comunidade como um todo. \u00c9 uma preocupa\u00e7\u00e3o do nosso segmento a fuga de cargas para outros portos e, ao perder carga, abre-se a possibilidade de perdermos renda\u201d.<\/p>\n<p><img loading=\"lazy\" decoding=\"async\" class=\" size-full wp-image-80592\" src=\"http:\/\/127.0.0.1\/acs\/wp-content\/uploads\/2017\/12\/WEB_2017_DEZEMBRO_SOPESP-W_SOPESP-006.JPG\" width=\"570\" height=\"428\" srcset=\"https:\/\/acs.org.br\/academy\/wp-content\/uploads\/2017\/12\/WEB_2017_DEZEMBRO_SOPESP-W_SOPESP-006.JPG 570w, https:\/\/acs.org.br\/academy\/wp-content\/uploads\/2017\/12\/WEB_2017_DEZEMBRO_SOPESP-W_SOPESP-006-300x225.jpg 300w\" sizes=\"(max-width: 570px) 100vw, 570px\" \/><\/p>\n<p>Martins acredita que, antes que a vota\u00e7\u00e3o do projeto de lei ocorra na C\u00e2mara Municipal de Santos, \u201cas entidades j\u00e1 tenham conseguido chegar a um acordo com o Prefeito\u201d.<\/p>\n","protected":false},"excerpt":{"rendered":"<p>O presidente da ACS, Roberto Clemente Santini, participou do encontro Fonte: Assessoria de Imprensa ACS Representantes de 11 entidades ligadas ao Porto de Santos, entre eles Roberto Clemente Santini, presidente da Associa\u00e7\u00e3o Comercial de Santos (ACS), se reuniram nesta ter\u00e7a-feira (5) no Sopesp (Sindicato dos Operadores Portu\u00e1rios do Estado de S\u00e3o Paulo) e decidiram pedir [&hellip;]<\/p>\n","protected":false},"author":1,"featured_media":80589,"comment_status":"open","ping_status":"open","sticky":false,"template":"","format":"standard","meta":{"footnotes":""},"categories":[84],"tags":[],"_links":{"self":[{"href":"https:\/\/acs.org.br\/academy\/wp-json\/wp\/v2\/posts\/80593"}],"collection":[{"href":"https:\/\/acs.org.br\/academy\/wp-json\/wp\/v2\/posts"}],"about":[{"href":"https:\/\/acs.org.br\/academy\/wp-json\/wp\/v2\/types\/post"}],"author":[{"embeddable":true,"href":"https:\/\/acs.org.br\/academy\/wp-json\/wp\/v2\/users\/1"}],"replies":[{"embeddable":true,"href":"https:\/\/acs.org.br\/academy\/wp-json\/wp\/v2\/comments?post=80593"}],"version-history":[{"count":0,"href":"https:\/\/acs.org.br\/academy\/wp-json\/wp\/v2\/posts\/80593\/revisions"}],"wp:featuredmedia":[{"embeddable":true,"href":"https:\/\/acs.org.br\/academy\/wp-json\/wp\/v2\/media\/80589"}],"wp:attachment":[{"href":"https:\/\/acs.org.br\/academy\/wp-json\/wp\/v2\/media?parent=80593"}],"wp:term":[{"taxonomy":"category","embeddable":true,"href":"https:\/\/acs.org.br\/academy\/wp-json\/wp\/v2\/categories?post=80593"},{"taxonomy":"post_tag","embeddable":true,"href":"https:\/\/acs.org.br\/academy\/wp-json\/wp\/v2\/tags?post=80593"}],"curies":[{"name":"wp","href":"https:\/\/api.w.org\/{rel}","templated":true}]}}