{"id":80574,"date":"2017-12-04T15:01:59","date_gmt":"2017-12-04T17:01:59","guid":{"rendered":"http:\/\/127.0.0.1\/acs\/obra-de-modernizacao-da-acs-chega-em-etapa-final\/"},"modified":"2017-12-04T15:01:59","modified_gmt":"2017-12-04T17:01:59","slug":"obra-de-modernizacao-da-acs-chega-em-etapa-final","status":"publish","type":"post","link":"https:\/\/acs.org.br\/academy\/obra-de-modernizacao-da-acs-chega-em-etapa-final\/","title":{"rendered":"Obra de moderniza\u00e7\u00e3o da ACS chega em etapa final"},"content":{"rendered":"<p style=\"text-align: left;\" align=\"center\">Fonte: Assessoria de imprensa ACS<\/p>\n<p>A obra de moderniza\u00e7\u00e3o da Associa\u00e7\u00e3o Comercial de Santos (ACS), que se iniciou h\u00e1 11 meses, chega em sua etapa final de execu\u00e7\u00e3o. Todas as demoli\u00e7\u00f5es necess\u00e1rias foram conclu\u00eddas.<\/p>\n<\/p>\n<p>De acordo com o gestor da obra, Alexandre Alonso, j\u00e1 est\u00e3o sendo instaladas as tubula\u00e7\u00f5es para infraestrutura do sistema de climatiza\u00e7\u00e3o de nossa sede.<\/p>\n<p><img loading=\"lazy\" decoding=\"async\" class=\" size-full wp-image-80570\" src=\"http:\/\/127.0.0.1\/acs\/wp-content\/uploads\/2017\/12\/WEB_2017_NOVEMBRO_OBRA-21-11-2017-W_OBRA-21-11-2017-062.jpg\" width=\"570\" height=\"428\" srcset=\"https:\/\/acs.org.br\/academy\/wp-content\/uploads\/2017\/12\/WEB_2017_NOVEMBRO_OBRA-21-11-2017-W_OBRA-21-11-2017-062.jpg 570w, https:\/\/acs.org.br\/academy\/wp-content\/uploads\/2017\/12\/WEB_2017_NOVEMBRO_OBRA-21-11-2017-W_OBRA-21-11-2017-062-300x225.jpg 300w\" sizes=\"(max-width: 570px) 100vw, 570px\" \/><\/p>\n<p>\u201cO sal\u00e3o de certifica\u00e7\u00e3o, o \u00faltimo a sofrer demoli\u00e7\u00f5es, teve os trabalhos conclu\u00eddos, com a instala\u00e7\u00e3o de importante refor\u00e7o estrutural por meio de perfil met\u00e1lico. Agora estamos na fase de execu\u00e7\u00e3o de alvenarias nos pavimentos t\u00e9rreo, primeiro e segundo andares e com a continua\u00e7\u00e3o dos servi\u00e7os de instala\u00e7\u00f5es hidr\u00e1ulicas, instala\u00e7\u00f5es el\u00e9tricas, telefonia e som\u201d.<\/p>\n<p><img loading=\"lazy\" decoding=\"async\" class=\" size-full wp-image-80571\" src=\"http:\/\/127.0.0.1\/acs\/wp-content\/uploads\/2017\/12\/WEB_2017_NOVEMBRO_OBRA-21-11-2017-W_OBRA-21-11-2017-065.jpg\" width=\"570\" height=\"435\" srcset=\"https:\/\/acs.org.br\/academy\/wp-content\/uploads\/2017\/12\/WEB_2017_NOVEMBRO_OBRA-21-11-2017-W_OBRA-21-11-2017-065.jpg 570w, https:\/\/acs.org.br\/academy\/wp-content\/uploads\/2017\/12\/WEB_2017_NOVEMBRO_OBRA-21-11-2017-W_OBRA-21-11-2017-065-300x229.jpg 300w\" sizes=\"(max-width: 570px) 100vw, 570px\" \/><\/p>\n<p>Segundo ele, outros servi\u00e7os executados s\u00e3o: embo\u00e7o e reboco nas alvenarias; requadra\u00e7\u00f5es e enchimentos em alvenarias para regularizar e nivelar os revestimentos em paredes existentes; contrapisos; instala\u00e7\u00f5es hidr\u00e1ulicas nos sanit\u00e1rios; e paredes drywall, com instala\u00e7\u00f5es embutidas.<\/p>\n<p><img loading=\"lazy\" decoding=\"async\" class=\" size-full wp-image-80572\" src=\"http:\/\/127.0.0.1\/acs\/wp-content\/uploads\/2017\/12\/WEB_2017_NOVEMBRO_OBRA-21-11-2017-W_OBRA-21-11-2017-059.jpg\" width=\"570\" height=\"473\" srcset=\"https:\/\/acs.org.br\/academy\/wp-content\/uploads\/2017\/12\/WEB_2017_NOVEMBRO_OBRA-21-11-2017-W_OBRA-21-11-2017-059.jpg 570w, https:\/\/acs.org.br\/academy\/wp-content\/uploads\/2017\/12\/WEB_2017_NOVEMBRO_OBRA-21-11-2017-W_OBRA-21-11-2017-059-300x249.jpg 300w\" sizes=\"(max-width: 570px) 100vw, 570px\" \/><\/p>\n<p><b>Projeto<\/b><\/p>\n<p>O projeto prev\u00ea, entre outras mudan\u00e7as, a amplia\u00e7\u00e3o e moderniza\u00e7\u00e3o do audit\u00f3rio (com novos equipamentos de ilumina\u00e7\u00e3o, \u00e1udio e v\u00eddeo); amplia\u00e7\u00e3o da sala onde s\u00e3o emitidos os certificados de origem; instala\u00e7\u00e3o de um novo elevador e de novos banheiros no t\u00e9rreo, primeiro e segundo pavimentos, al\u00e9m de pintura e reformas el\u00e9trica e hidr\u00e1ulica de todo o pr\u00e9dio.<\/p>\n<p><img loading=\"lazy\" decoding=\"async\" class=\" size-full wp-image-80573\" src=\"http:\/\/127.0.0.1\/acs\/wp-content\/uploads\/2017\/12\/WEB_2017_NOVEMBRO_OBRA-21-11-2017-W_OBRA-21-11-2017-043.jpg\" width=\"570\" height=\"428\" srcset=\"https:\/\/acs.org.br\/academy\/wp-content\/uploads\/2017\/12\/WEB_2017_NOVEMBRO_OBRA-21-11-2017-W_OBRA-21-11-2017-043.jpg 570w, https:\/\/acs.org.br\/academy\/wp-content\/uploads\/2017\/12\/WEB_2017_NOVEMBRO_OBRA-21-11-2017-W_OBRA-21-11-2017-043-300x225.jpg 300w\" sizes=\"(max-width: 570px) 100vw, 570px\" \/><\/p>\n<p>A partir do t\u00e9rmino da obra de moderniza\u00e7\u00e3o, novos servi\u00e7os ser\u00e3o implantados, ampliando o apoio aos associados e ao p\u00fablico em geral.<\/p>\n","protected":false},"excerpt":{"rendered":"<p>Fonte: Assessoria de imprensa ACS A obra de moderniza\u00e7\u00e3o da Associa\u00e7\u00e3o Comercial de Santos (ACS), que se iniciou h\u00e1 11 meses, chega em sua etapa final de execu\u00e7\u00e3o. Todas as demoli\u00e7\u00f5es necess\u00e1rias foram conclu\u00eddas. De acordo com o gestor da obra, Alexandre Alonso, j\u00e1 est\u00e3o sendo instaladas as tubula\u00e7\u00f5es para infraestrutura do sistema de climatiza\u00e7\u00e3o [&hellip;]<\/p>\n","protected":false},"author":1,"featured_media":80569,"comment_status":"open","ping_status":"open","sticky":false,"template":"","format":"standard","meta":{"footnotes":""},"categories":[84],"tags":[],"_links":{"self":[{"href":"https:\/\/acs.org.br\/academy\/wp-json\/wp\/v2\/posts\/80574"}],"collection":[{"href":"https:\/\/acs.org.br\/academy\/wp-json\/wp\/v2\/posts"}],"about":[{"href":"https:\/\/acs.org.br\/academy\/wp-json\/wp\/v2\/types\/post"}],"author":[{"embeddable":true,"href":"https:\/\/acs.org.br\/academy\/wp-json\/wp\/v2\/users\/1"}],"replies":[{"embeddable":true,"href":"https:\/\/acs.org.br\/academy\/wp-json\/wp\/v2\/comments?post=80574"}],"version-history":[{"count":0,"href":"https:\/\/acs.org.br\/academy\/wp-json\/wp\/v2\/posts\/80574\/revisions"}],"wp:featuredmedia":[{"embeddable":true,"href":"https:\/\/acs.org.br\/academy\/wp-json\/wp\/v2\/media\/80569"}],"wp:attachment":[{"href":"https:\/\/acs.org.br\/academy\/wp-json\/wp\/v2\/media?parent=80574"}],"wp:term":[{"taxonomy":"category","embeddable":true,"href":"https:\/\/acs.org.br\/academy\/wp-json\/wp\/v2\/categories?post=80574"},{"taxonomy":"post_tag","embeddable":true,"href":"https:\/\/acs.org.br\/academy\/wp-json\/wp\/v2\/tags?post=80574"}],"curies":[{"name":"wp","href":"https:\/\/api.w.org\/{rel}","templated":true}]}}