{"id":80560,"date":"2017-12-01T11:58:26","date_gmt":"2017-12-01T13:58:26","guid":{"rendered":"http:\/\/127.0.0.1\/acs\/edital-de-convocacao-de-assembleia-geral-extraordinaria\/"},"modified":"2017-12-01T11:58:26","modified_gmt":"2017-12-01T13:58:26","slug":"edital-de-convocacao-de-assembleia-geral-extraordinaria","status":"publish","type":"post","link":"https:\/\/acs.org.br\/academy\/edital-de-convocacao-de-assembleia-geral-extraordinaria\/","title":{"rendered":"Edital de convoca\u00e7\u00e3o de Assembl\u00e9ia Geral Extraordin\u00e1ria"},"content":{"rendered":"<\/p>\n<p><\/p>\n","protected":false},"excerpt":{"rendered":"","protected":false},"author":1,"featured_media":80559,"comment_status":"open","ping_status":"open","sticky":false,"template":"","format":"standard","meta":{"footnotes":""},"categories":[84],"tags":[],"_links":{"self":[{"href":"https:\/\/acs.org.br\/academy\/wp-json\/wp\/v2\/posts\/80560"}],"collection":[{"href":"https:\/\/acs.org.br\/academy\/wp-json\/wp\/v2\/posts"}],"about":[{"href":"https:\/\/acs.org.br\/academy\/wp-json\/wp\/v2\/types\/post"}],"author":[{"embeddable":true,"href":"https:\/\/acs.org.br\/academy\/wp-json\/wp\/v2\/users\/1"}],"replies":[{"embeddable":true,"href":"https:\/\/acs.org.br\/academy\/wp-json\/wp\/v2\/comments?post=80560"}],"version-history":[{"count":0,"href":"https:\/\/acs.org.br\/academy\/wp-json\/wp\/v2\/posts\/80560\/revisions"}],"wp:featuredmedia":[{"embeddable":true,"href":"https:\/\/acs.org.br\/academy\/wp-json\/wp\/v2\/media\/80559"}],"wp:attachment":[{"href":"https:\/\/acs.org.br\/academy\/wp-json\/wp\/v2\/media?parent=80560"}],"wp:term":[{"taxonomy":"category","embeddable":true,"href":"https:\/\/acs.org.br\/academy\/wp-json\/wp\/v2\/categories?post=80560"},{"taxonomy":"post_tag","embeddable":true,"href":"https:\/\/acs.org.br\/academy\/wp-json\/wp\/v2\/tags?post=80560"}],"curies":[{"name":"wp","href":"https:\/\/api.w.org\/{rel}","templated":true}]}}