{"id":80443,"date":"2017-11-17T17:45:29","date_gmt":"2017-11-17T19:45:29","guid":{"rendered":"http:\/\/127.0.0.1\/acs\/3-coracoes-e-gran-reserva-sao-as-empresas-campeas-do-leilao-do-16o-concurso-estadual-de-qualidade-do-cafe-de-sao-paulo\/"},"modified":"2017-11-17T17:45:29","modified_gmt":"2017-11-17T19:45:29","slug":"3-coracoes-e-gran-reserva-sao-as-empresas-campeas-do-leilao-do-16o-concurso-estadual-de-qualidade-do-cafe-de-sao-paulo","status":"publish","type":"post","link":"https:\/\/acs.org.br\/academy\/3-coracoes-e-gran-reserva-sao-as-empresas-campeas-do-leilao-do-16o-concurso-estadual-de-qualidade-do-cafe-de-sao-paulo\/","title":{"rendered":"3 Cora\u00e7\u00f5es e Gran Reserva s\u00e3o as empresas campe\u00e3s do Leil\u00e3o  do 16\u00ba Concurso Estadual de Qualidade do Caf\u00e9 de S\u00e3o Paulo"},"content":{"rendered":"<p style=\"text-align: left;\" align=\"center\"><b>Fonte: Tempo Comunica\u00e7\u00e3o \/ ACS<\/b><\/p>\n<p><b> <\/b><\/p>\n<p>Em cerim\u00f4nia realizada nesta sexta-feira (18) no Museu do Caf\u00e9, em Santos, aconteceu a premia\u00e7\u00e3o das empresas campe\u00e3s do leil\u00e3o dos lotes finalistas do 16\u00ba Concurso Estadual de Qualidade do Caf\u00e9 de S\u00e3o Paulo \u2013 Pr\u00eamio Aldir Alves Teixeira. Nesta edi\u00e7\u00e3o, o Grupo 3 Cora\u00e7\u00f5es foi o vencedor na categoria Diamante pelo maior investimento em qualidade, num total de R$ 16.450,00.&nbsp;&nbsp; Na categoria Ouro, o vencedor foi a Coopinhal \u2013 Cooperativa dos Cafeicultores da Regi\u00e3o de Pinhal (Caf\u00e9 Gran Reserva), pelo maior valor por saca: R$ 15.351,48, comprados dos produtores F\u00e1bio Colletti Barbosa e Sta. Jucy Agroindustrial.<\/p>\n<p>&nbsp;<img loading=\"lazy\" decoding=\"async\" class=\" size-full wp-image-80438\" src=\"http:\/\/127.0.0.1\/acs\/wp-content\/uploads\/2017\/11\/WEB_2017_NOVEMBRO_PREMIACAO-W_PREMIACAO-004.JPG\" width=\"570\" height=\"428\" srcset=\"https:\/\/acs.org.br\/academy\/wp-content\/uploads\/2017\/11\/WEB_2017_NOVEMBRO_PREMIACAO-W_PREMIACAO-004.JPG 570w, https:\/\/acs.org.br\/academy\/wp-content\/uploads\/2017\/11\/WEB_2017_NOVEMBRO_PREMIACAO-W_PREMIACAO-004-300x225.jpg 300w\" sizes=\"(max-width: 570px) 100vw, 570px\" \/><\/p>\n<p><img loading=\"lazy\" decoding=\"async\" class=\" size-full wp-image-80439\" src=\"http:\/\/127.0.0.1\/acs\/wp-content\/uploads\/2017\/11\/WEB_2017_NOVEMBRO_PREMIACAO-W_PREMIACAO-038.JPG\" width=\"570\" height=\"447\" srcset=\"https:\/\/acs.org.br\/academy\/wp-content\/uploads\/2017\/11\/WEB_2017_NOVEMBRO_PREMIACAO-W_PREMIACAO-038.JPG 570w, https:\/\/acs.org.br\/academy\/wp-content\/uploads\/2017\/11\/WEB_2017_NOVEMBRO_PREMIACAO-W_PREMIACAO-038-300x235.jpg 300w\" sizes=\"(max-width: 570px) 100vw, 570px\" \/><\/p>\n<p><img loading=\"lazy\" decoding=\"async\" class=\" size-full wp-image-80438\" src=\"http:\/\/127.0.0.1\/acs\/wp-content\/uploads\/2017\/11\/WEB_2017_NOVEMBRO_PREMIACAO-W_PREMIACAO-004.JPG\" width=\"570\" height=\"428\" srcset=\"https:\/\/acs.org.br\/academy\/wp-content\/uploads\/2017\/11\/WEB_2017_NOVEMBRO_PREMIACAO-W_PREMIACAO-004.JPG 570w, https:\/\/acs.org.br\/academy\/wp-content\/uploads\/2017\/11\/WEB_2017_NOVEMBRO_PREMIACAO-W_PREMIACAO-004-300x225.jpg 300w\" sizes=\"(max-width: 570px) 100vw, 570px\" \/>O diretor-executivo da Associa\u00e7\u00e3o Comercial de Santos (ACS), Marcio Calves, participou do evento, uma vez que a ACS \u00e9 uma institui\u00e7\u00e3o parceira do concurso, e parabenizou os organizadores. \u201cO mais importante \u00e9 chegar ao final com sucesso que \u00e9 este evento. Parab\u00e9ns a todos\u201d.<\/p>\n<p><img loading=\"lazy\" decoding=\"async\" class=\" size-full wp-image-80440\" src=\"http:\/\/127.0.0.1\/acs\/wp-content\/uploads\/2017\/11\/WEB_2017_NOVEMBRO_PREMIACAO-W_PREMIACAO-015.JPG\" width=\"570\" height=\"428\" srcset=\"https:\/\/acs.org.br\/academy\/wp-content\/uploads\/2017\/11\/WEB_2017_NOVEMBRO_PREMIACAO-W_PREMIACAO-015.JPG 570w, https:\/\/acs.org.br\/academy\/wp-content\/uploads\/2017\/11\/WEB_2017_NOVEMBRO_PREMIACAO-W_PREMIACAO-015-300x225.jpg 300w\" sizes=\"(max-width: 570px) 100vw, 570px\" \/><\/p>\n<p>\u00a0<\/p>\n<p>Estiveram presentes tamb\u00e9m o presidente da C\u00e2mara Setorial de Caf\u00e9 do Estado de S\u00e3o Paulo, Eduardo Carvalhaes, o pr\u00f3prio Aldir Alves Teixeira, que d\u00e1 nome ao concurso, e o coordenador do concurso, Nathan Herszkowicz, que ressaltou a import\u00e2ncia para os produtores em conquistar um lugar na lista de finalistas.<\/p>\n<p>\u201cO concurso de qualidade do Estado de S\u00e3o Paulo foi muito bem sucedido em suas 16 edi\u00e7\u00f5es e motivou centenas de produtores a melhorarem a qualidade do caf\u00e9 que produzem. Tamb\u00e9m \u00e9 o marketing mais barato que existe tanto para o produtor, para ele fazer propaganda da sua capacidade de produzir caf\u00e9s de boa qualidade, quanto para a cooperativa, que o representou no concurso, e ainda para a ind\u00fastria de caf\u00e9, que compra e oferece o lote no mercado como caf\u00e9 premiado\u201d.<\/p>\n<p>Outro resultado de destaque foi o da categoria Especial, que distingue a empresa que pagou o maior valor por uma saca do Microlote. A campe\u00e3 foi a Ill Barista Caf\u00e9s Especiais, com o valor de R$ 1.590,00, pela saca do produzida por Carlos Eduardo Mengalli.<\/p>\n<p><img loading=\"lazy\" decoding=\"async\" class=\" size-full wp-image-80441\" src=\"http:\/\/127.0.0.1\/acs\/wp-content\/uploads\/2017\/11\/WEB_2017_NOVEMBRO_PREMIACAO-W_PREMIACAO-006.JPG\" width=\"570\" height=\"428\" srcset=\"https:\/\/acs.org.br\/academy\/wp-content\/uploads\/2017\/11\/WEB_2017_NOVEMBRO_PREMIACAO-W_PREMIACAO-006.JPG 570w, https:\/\/acs.org.br\/academy\/wp-content\/uploads\/2017\/11\/WEB_2017_NOVEMBRO_PREMIACAO-W_PREMIACAO-006-300x225.jpg 300w\" sizes=\"(max-width: 570px) 100vw, 570px\" \/><\/p>\n<p><img loading=\"lazy\" decoding=\"async\" class=\" size-full wp-image-80442\" src=\"http:\/\/127.0.0.1\/acs\/wp-content\/uploads\/2017\/11\/WEB_2017_NOVEMBRO_PREMIACAO-W_PREMIACAO-040.JPG\" width=\"570\" height=\"428\" srcset=\"https:\/\/acs.org.br\/academy\/wp-content\/uploads\/2017\/11\/WEB_2017_NOVEMBRO_PREMIACAO-W_PREMIACAO-040.JPG 570w, https:\/\/acs.org.br\/academy\/wp-content\/uploads\/2017\/11\/WEB_2017_NOVEMBRO_PREMIACAO-W_PREMIACAO-040-300x225.jpg 300w\" sizes=\"(max-width: 570px) 100vw, 570px\" \/><\/p>\n<p><b>Edi\u00e7\u00e3o Especial<\/b><\/p>\n<p><b> <\/b><\/p>\n<p>Esses caf\u00e9s adquiridos no leil\u00e3o ser\u00e3o agora cuidadosamente processados pelas ind\u00fastrias e chegar\u00e3o aos supermercados e lojas gourmet em embalagens sofisticadas e identificadas por selos num\u00e9ricos, compondo a 15\u00aa Edi\u00e7\u00e3o Especial dos Melhores Caf\u00e9s de S\u00e3o Paulo.<\/p>\n<p>O concurso, seguido do leil\u00e3o e do lan\u00e7amento da edi\u00e7\u00e3o especial, \u00e9 uma promo\u00e7\u00e3o da C\u00e2mara Setorial de Caf\u00e9 de S\u00e3o Paulo e da CODEAGRO &#8211; Coordenadoria de Agroneg\u00f3cios da Secretaria da Agricultura do Estado, e conta com a parceria do Sindicato das Ind\u00fastrias de Caf\u00e9 de S\u00e3o Paulo, da ABIC &#8211; Associa\u00e7\u00e3o Brasileira da Ind\u00fastria de Caf\u00e9, da ACS &#8211; Associa\u00e7\u00e3o Comercial de Santos e do Museu do Caf\u00e9.<\/p>\n","protected":false},"excerpt":{"rendered":"<p>Fonte: Tempo Comunica\u00e7\u00e3o \/ ACS Em cerim\u00f4nia realizada nesta sexta-feira (18) no Museu do Caf\u00e9, em Santos, aconteceu a premia\u00e7\u00e3o das empresas campe\u00e3s do leil\u00e3o dos lotes finalistas do 16\u00ba Concurso Estadual de Qualidade do Caf\u00e9 de S\u00e3o Paulo \u2013 Pr\u00eamio Aldir Alves Teixeira. Nesta edi\u00e7\u00e3o, o Grupo 3 Cora\u00e7\u00f5es foi o vencedor na categoria [&hellip;]<\/p>\n","protected":false},"author":1,"featured_media":80438,"comment_status":"open","ping_status":"open","sticky":false,"template":"","format":"standard","meta":{"footnotes":""},"categories":[84],"tags":[],"_links":{"self":[{"href":"https:\/\/acs.org.br\/academy\/wp-json\/wp\/v2\/posts\/80443"}],"collection":[{"href":"https:\/\/acs.org.br\/academy\/wp-json\/wp\/v2\/posts"}],"about":[{"href":"https:\/\/acs.org.br\/academy\/wp-json\/wp\/v2\/types\/post"}],"author":[{"embeddable":true,"href":"https:\/\/acs.org.br\/academy\/wp-json\/wp\/v2\/users\/1"}],"replies":[{"embeddable":true,"href":"https:\/\/acs.org.br\/academy\/wp-json\/wp\/v2\/comments?post=80443"}],"version-history":[{"count":0,"href":"https:\/\/acs.org.br\/academy\/wp-json\/wp\/v2\/posts\/80443\/revisions"}],"wp:featuredmedia":[{"embeddable":true,"href":"https:\/\/acs.org.br\/academy\/wp-json\/wp\/v2\/media\/80438"}],"wp:attachment":[{"href":"https:\/\/acs.org.br\/academy\/wp-json\/wp\/v2\/media?parent=80443"}],"wp:term":[{"taxonomy":"category","embeddable":true,"href":"https:\/\/acs.org.br\/academy\/wp-json\/wp\/v2\/categories?post=80443"},{"taxonomy":"post_tag","embeddable":true,"href":"https:\/\/acs.org.br\/academy\/wp-json\/wp\/v2\/tags?post=80443"}],"curies":[{"name":"wp","href":"https:\/\/api.w.org\/{rel}","templated":true}]}}