{"id":80343,"date":"2017-11-09T09:17:34","date_gmt":"2017-11-09T11:17:34","guid":{"rendered":"http:\/\/127.0.0.1\/acs\/1o-encontro-sobre-solucoes-inovadoras-em-logistica-porto-cidade\/"},"modified":"2017-11-09T09:17:34","modified_gmt":"2017-11-09T11:17:34","slug":"1o-encontro-sobre-solucoes-inovadoras-em-logistica-porto-cidade","status":"publish","type":"post","link":"https:\/\/acs.org.br\/academy\/1o-encontro-sobre-solucoes-inovadoras-em-logistica-porto-cidade\/","title":{"rendered":"1\u00ba Encontro sobre Solu\u00e7\u00f5es Inovadoras em Log\u00edstica Porto\/Cidade"},"content":{"rendered":"<p><b> <\/b><\/p>\n<p>12H36<\/p>\n<\/p>\n<p>O evento foi encerrado.<\/p>\n<p>12H10<\/p>\n<p><img loading=\"lazy\" decoding=\"async\" class=\" size-full wp-image-80329\" src=\"http:\/\/127.0.0.1\/acs\/wp-content\/uploads\/2017\/11\/WEB_2017_NOVEMBRO_1ENCONTRO-W_IMG_LINO2.jpg\" width=\"570\" height=\"405\" srcset=\"https:\/\/acs.org.br\/academy\/wp-content\/uploads\/2017\/11\/WEB_2017_NOVEMBRO_1ENCONTRO-W_IMG_LINO2.jpg 570w, https:\/\/acs.org.br\/academy\/wp-content\/uploads\/2017\/11\/WEB_2017_NOVEMBRO_1ENCONTRO-W_IMG_LINO2-300x213.jpg 300w\" sizes=\"(max-width: 570px) 100vw, 570px\" \/><\/p>\n<p>O doutor Lino explica agora a JUP &#8211; Janela \u00danica Portu\u00e1ria, que \u00e9 uma plataforma eletr\u00f4nica do tipo e-Hub, que implementa o conceito de balc\u00e3o \u00fanico virtual, ou seja, ponto \u00fanico de contato com o Porto.<\/p>\n<p>12H05<\/p>\n<p><img loading=\"lazy\" decoding=\"async\" class=\" size-full wp-image-80330\" src=\"http:\/\/127.0.0.1\/acs\/wp-content\/uploads\/2017\/11\/WEB_2017_NOVEMBRO_1ENCONTRO-W_IMG_LINO.jpg\" width=\"570\" height=\"461\" srcset=\"https:\/\/acs.org.br\/academy\/wp-content\/uploads\/2017\/11\/WEB_2017_NOVEMBRO_1ENCONTRO-W_IMG_LINO.jpg 570w, https:\/\/acs.org.br\/academy\/wp-content\/uploads\/2017\/11\/WEB_2017_NOVEMBRO_1ENCONTRO-W_IMG_LINO-300x243.jpg 300w\" sizes=\"(max-width: 570px) 100vw, 570px\" \/><\/p>\n<p>A \u00faltima palestra do dia \u00e9 apresentada pelo doutor Lino Oliveira, tamb\u00e9m por meio de transmiss\u00e3o simult\u00e2nea com Portugal, e fala sobre a inova\u00e7\u00e3o nas redes log\u00edsticas de grande capacidade. O tema \u00e9 \u201cA experi\u00eancia europeia: caso do Porto de Leix\u00f5es\u201d.<\/p>\n<p>11h44<\/p>\n<p><img loading=\"lazy\" decoding=\"async\" class=\" size-full wp-image-80331\" src=\"http:\/\/127.0.0.1\/acs\/wp-content\/uploads\/2017\/11\/WEB_2017_NOVEMBRO_1ENCONTRO-W_IMG_ANIBAL.jpg\" width=\"570\" height=\"428\" srcset=\"https:\/\/acs.org.br\/academy\/wp-content\/uploads\/2017\/11\/WEB_2017_NOVEMBRO_1ENCONTRO-W_IMG_ANIBAL.jpg 570w, https:\/\/acs.org.br\/academy\/wp-content\/uploads\/2017\/11\/WEB_2017_NOVEMBRO_1ENCONTRO-W_IMG_ANIBAL-300x225.jpg 300w\" sizes=\"(max-width: 570px) 100vw, 570px\" \/><\/p>\n<p>S\u00e3o apresentadas pelo doutor An\u00edbal Matos, por meio de transmiss\u00e3o simult\u00e2nea de Portugal, solu\u00e7\u00f5es inovadoras para o monitoramento da infraestrutura portu\u00e1ria, dentro da palestra \u201cRob\u00f3tica aut\u00f4noma em miss\u00f5es de inspe\u00e7\u00e3o subaqu\u00e1tica e reconhecimento batim\u00e9trico\u201d. Ele mostra ao p\u00fablico tipos de tecnologias ac\u00fasticas, como sistemas de c\u00e2mera\/lazer.<\/p>\n<p>11h35<\/p>\n<p><img loading=\"lazy\" decoding=\"async\" class=\" size-full wp-image-80332\" src=\"http:\/\/127.0.0.1\/acs\/wp-content\/uploads\/2017\/11\/WEB_2017_NOVEMBRO_1ENCONTRO-W_IMG_SOUSA2.jpg\" width=\"570\" height=\"466\" srcset=\"https:\/\/acs.org.br\/academy\/wp-content\/uploads\/2017\/11\/WEB_2017_NOVEMBRO_1ENCONTRO-W_IMG_SOUSA2.jpg 570w, https:\/\/acs.org.br\/academy\/wp-content\/uploads\/2017\/11\/WEB_2017_NOVEMBRO_1ENCONTRO-W_IMG_SOUSA2-300x245.jpg 300w\" sizes=\"(max-width: 570px) 100vw, 570px\" \/><\/p>\n<p>Agora, o professor Jorge Pinho Sousa explica como os projetos s\u00e3o desenvolvidos com as empresas.<\/p>\n<p>11H28<\/p>\n<p><img loading=\"lazy\" decoding=\"async\" class=\" size-full wp-image-80333\" src=\"http:\/\/127.0.0.1\/acs\/wp-content\/uploads\/2017\/11\/WEB_2017_NOVEMBRO_1ENCONTRO-W_IMG_PEDRO2.jpg\" width=\"570\" height=\"428\" srcset=\"https:\/\/acs.org.br\/academy\/wp-content\/uploads\/2017\/11\/WEB_2017_NOVEMBRO_1ENCONTRO-W_IMG_PEDRO2.jpg 570w, https:\/\/acs.org.br\/academy\/wp-content\/uploads\/2017\/11\/WEB_2017_NOVEMBRO_1ENCONTRO-W_IMG_PEDRO2-300x225.jpg 300w\" sizes=\"(max-width: 570px) 100vw, 570px\" \/><\/p>\n<p><img loading=\"lazy\" decoding=\"async\" class=\" size-full wp-image-80334\" src=\"http:\/\/127.0.0.1\/acs\/wp-content\/uploads\/2017\/11\/WEB_2017_NOVEMBRO_1ENCONTRO-W_IMG_EDISON.jpg\" width=\"570\" height=\"428\" srcset=\"https:\/\/acs.org.br\/academy\/wp-content\/uploads\/2017\/11\/WEB_2017_NOVEMBRO_1ENCONTRO-W_IMG_EDISON.jpg 570w, https:\/\/acs.org.br\/academy\/wp-content\/uploads\/2017\/11\/WEB_2017_NOVEMBRO_1ENCONTRO-W_IMG_EDISON-300x225.jpg 300w\" sizes=\"(max-width: 570px) 100vw, 570px\" \/><\/p>\n<p><span style=\"font-family: arial, helvetica, sans-serif;\"> Os diretores da ACS, Pedro Veras e Edison Monteiro, assistem \u00e0s palestras <\/span><\/p>\n<p>10h18<\/p>\n<p><img loading=\"lazy\" decoding=\"async\" class=\" size-full wp-image-80335\" src=\"http:\/\/127.0.0.1\/acs\/wp-content\/uploads\/2017\/11\/WEB_2017_NOVEMBRO_1ENCONTRO-W_IMG_SOUSA.jpg\" width=\"570\" height=\"428\" srcset=\"https:\/\/acs.org.br\/academy\/wp-content\/uploads\/2017\/11\/WEB_2017_NOVEMBRO_1ENCONTRO-W_IMG_SOUSA.jpg 570w, https:\/\/acs.org.br\/academy\/wp-content\/uploads\/2017\/11\/WEB_2017_NOVEMBRO_1ENCONTRO-W_IMG_SOUSA-300x225.jpg 300w\" sizes=\"(max-width: 570px) 100vw, 570px\" \/><\/p>\n<p>A transmiss\u00e3o simult\u00e2nea de Portugal come\u00e7ou neste momento e o professor doutor Jorge Pinho Sousa ministra a palestra \u201cInova\u00e7\u00e3o em processos operacionais em log\u00edstica e transportes\u201d.<\/p>\n<p>10h51<\/p>\n<p><img loading=\"lazy\" decoding=\"async\" class=\" size-full wp-image-80336\" src=\"http:\/\/127.0.0.1\/acs\/wp-content\/uploads\/2017\/11\/WEB_2017_NOVEMBRO_1ENCONTRO-W_IMG_PLATEIA.jpg\" width=\"570\" height=\"428\" srcset=\"https:\/\/acs.org.br\/academy\/wp-content\/uploads\/2017\/11\/WEB_2017_NOVEMBRO_1ENCONTRO-W_IMG_PLATEIA.jpg 570w, https:\/\/acs.org.br\/academy\/wp-content\/uploads\/2017\/11\/WEB_2017_NOVEMBRO_1ENCONTRO-W_IMG_PLATEIA-300x225.jpg 300w\" sizes=\"(max-width: 570px) 100vw, 570px\" \/><\/p>\n<p>As pr\u00f3ximas tr\u00eas palestras ser\u00e3o transmitidas, ao vivo, de Portugal.<\/p>\n<p>10H31<\/p>\n<p><img loading=\"lazy\" decoding=\"async\" class=\" size-full wp-image-80337\" src=\"http:\/\/127.0.0.1\/acs\/wp-content\/uploads\/2017\/11\/WEB_2017_NOVEMBRO_1ENCONTRO-W_IMG_MAURO.jpg\" width=\"570\" height=\"448\" srcset=\"https:\/\/acs.org.br\/academy\/wp-content\/uploads\/2017\/11\/WEB_2017_NOVEMBRO_1ENCONTRO-W_IMG_MAURO.jpg 570w, https:\/\/acs.org.br\/academy\/wp-content\/uploads\/2017\/11\/WEB_2017_NOVEMBRO_1ENCONTRO-W_IMG_MAURO-300x236.jpg 300w\" sizes=\"(max-width: 570px) 100vw, 570px\" \/><\/p>\n<p>Os modelos de projetos de PD&amp;I realizados pelo INESC s\u00e3o apresentados neste momento pelo professor doutor Mauro Rosa. <br \/> Segundo ele, na Europa foi desenvolvido um modelo de gest\u00e3o que deu certo. A miss\u00e3o mais concreta no desse modelo \u00e9 estreitar a rela\u00e7\u00e3o entre universidades, ind\u00fastrias brasileiras e a sociedade. <br \/> \u201cNosso modelo de gest\u00e3o tem uma ambi\u00e7\u00e3o de organizar o que temos nas universidades p\u00fablicas brasileiras em termos de capital intelectual e fazer esse capital atuar para a ind\u00fastria\u201d.<\/p>\n<p>10H20<\/p>\n<p><img loading=\"lazy\" decoding=\"async\" class=\" size-full wp-image-80338\" src=\"http:\/\/127.0.0.1\/acs\/wp-content\/uploads\/2017\/11\/WEB_2017_NOVEMBRO_1ENCONTRO-W_IMG_PIEDADE.jpg\" width=\"570\" height=\"456\" srcset=\"https:\/\/acs.org.br\/academy\/wp-content\/uploads\/2017\/11\/WEB_2017_NOVEMBRO_1ENCONTRO-W_IMG_PIEDADE.jpg 570w, https:\/\/acs.org.br\/academy\/wp-content\/uploads\/2017\/11\/WEB_2017_NOVEMBRO_1ENCONTRO-W_IMG_PIEDADE-300x240.jpg 300w\" sizes=\"(max-width: 570px) 100vw, 570px\" \/><\/p>\n<p>O convidado, professor doutor Roberto da Piedade Francisco, apresenta palestra com o tema \u201cInstitui\u00e7\u00f5es de ci\u00eancia e tecnologia e de fomento \u00e0 projetos de PD&amp;I\u201d.<\/p>\n<p>10H18<\/p>\n<p><img loading=\"lazy\" decoding=\"async\" class=\" size-full wp-image-80339\" src=\"http:\/\/127.0.0.1\/acs\/wp-content\/uploads\/2017\/11\/WEB_2017_NOVEMBRO_1ENCONTRO-W_IMG_ROCCO.jpg\" width=\"570\" height=\"428\" srcset=\"https:\/\/acs.org.br\/academy\/wp-content\/uploads\/2017\/11\/WEB_2017_NOVEMBRO_1ENCONTRO-W_IMG_ROCCO.jpg 570w, https:\/\/acs.org.br\/academy\/wp-content\/uploads\/2017\/11\/WEB_2017_NOVEMBRO_1ENCONTRO-W_IMG_ROCCO-300x225.jpg 300w\" sizes=\"(max-width: 570px) 100vw, 570px\" \/><\/p>\n<p>Em sua palestra, o diretor executivo do INESC, Alexandre Rocco, disse que este encontro \u00e9 uma \u201coportunidade para estreitar a coopera\u00e7\u00e3o com as empresas da regi\u00e3o para buscar projetos de inova\u00e7\u00e3o que resultem em melhorias de desemprenho e conquistem resultados para a comunidade regional\u201d.<\/p>\n<p>10h16<\/p>\n<p><img loading=\"lazy\" decoding=\"async\" class=\" size-full wp-image-80340\" src=\"http:\/\/127.0.0.1\/acs\/wp-content\/uploads\/2017\/11\/WEB_2017_NOVEMBRO_1ENCONTRO-W_IMG_PAULO.jpg\" width=\"570\" height=\"482\" srcset=\"https:\/\/acs.org.br\/academy\/wp-content\/uploads\/2017\/11\/WEB_2017_NOVEMBRO_1ENCONTRO-W_IMG_PAULO.jpg 570w, https:\/\/acs.org.br\/academy\/wp-content\/uploads\/2017\/11\/WEB_2017_NOVEMBRO_1ENCONTRO-W_IMG_PAULO-300x254.jpg 300w\" sizes=\"(max-width: 570px) 100vw, 570px\" \/><\/p>\n<p>Paulo Loyola de Souza, diretor t\u00e9cnico do Parque Tecnol\u00f3gico de Santos falou sobre as novidades que t\u00eam sido realizadas pela institui\u00e7\u00e3o. \u201cO objetivo do Parque \u00e9&nbsp; aproximar as institui\u00e7\u00f5es de pesquisa e tecnologia de modo que os resultados das pesquisas de inova\u00e7\u00e3o tecnol\u00f3gica sejam aplicados em novos produtos e efici\u00eancia nos pre\u00e7os. Nesse sentido, o Parque firmou uma&nbsp; parceria com o INESC Brasil, institui\u00e7\u00e3o&nbsp; de tecnologia privada, sem fins lucrativos, que j\u00e1 est\u00e1 fazendo a gest\u00e3o de v\u00e1rios projetos inovadores em \u00e1reas de conhecimento no Brasil e no exterior. Assim, o Parque disponibilizar\u00e1 \u00e0s empresas conveniadas a possibilidade de desenvolver e implantar projetos em conjunto com o INESC e o Parque Tecnol\u00f3gico\u201d.<\/p>\n<p>9H57<\/p>\n<p><img loading=\"lazy\" decoding=\"async\" class=\" size-full wp-image-80341\" src=\"http:\/\/127.0.0.1\/acs\/wp-content\/uploads\/2017\/11\/WEB_2017_NOVEMBRO_1ENCONTRO-W_IMG_PEDRO.jpg\" width=\"570\" height=\"462\" srcset=\"https:\/\/acs.org.br\/academy\/wp-content\/uploads\/2017\/11\/WEB_2017_NOVEMBRO_1ENCONTRO-W_IMG_PEDRO.jpg 570w, https:\/\/acs.org.br\/academy\/wp-content\/uploads\/2017\/11\/WEB_2017_NOVEMBRO_1ENCONTRO-W_IMG_PEDRO-300x243.jpg 300w\" sizes=\"(max-width: 570px) 100vw, 570px\" \/><\/p>\n<p>O diretor da ACS, Pedro Veras, ressaltou a import\u00e2ncia da Associa\u00e7\u00e3o Comercial de Santos apoiar um evento de tecnologia e agradeceu ao presidente da ACS, Roberto Clemente Santini, pelo apoio.<\/p>\n<p>9H52<\/p>\n<p><img loading=\"lazy\" decoding=\"async\" class=\" size-full wp-image-80342\" src=\"http:\/\/127.0.0.1\/acs\/wp-content\/uploads\/2017\/11\/WEB_2017_NOVEMBRO_1ENCONTRO-W_IMG_MARCIO.jpg\" width=\"570\" height=\"428\" srcset=\"https:\/\/acs.org.br\/academy\/wp-content\/uploads\/2017\/11\/WEB_2017_NOVEMBRO_1ENCONTRO-W_IMG_MARCIO.jpg 570w, https:\/\/acs.org.br\/academy\/wp-content\/uploads\/2017\/11\/WEB_2017_NOVEMBRO_1ENCONTRO-W_IMG_MARCIO-300x225.jpg 300w\" sizes=\"(max-width: 570px) 100vw, 570px\" \/><\/p>\n<p>O diretor executivo da ACS, M\u00e1rcio Calves, faz neste momento a abertura do 1&nbsp;Encontro sobre Solu\u00e7\u00f5es Inovadoras em Log\u00edstica Porto\/Cidade.<\/p>\n<hr \/>\n<p>\u00a0<\/p>\n<p>\u00a0<\/p>\n<p>9H30<\/p>\n<p><b>PROGRAMA\u00c7\u00c3O&nbsp;<\/b><\/p>\n<p>Local: Audit\u00f3rio da TV Tribuna \u2013 Rua Jo\u00e3o Pessoa, 350 &#8211; 3\u00ba andar \u2013 Santos-SP <\/p>\n<p>09h30 \u2013 Abertura<\/p>\n<p>M\u00e1rcio Calves, Diretor Executivo da Associa\u00e7\u00e3o Comercial de Santos \u2013 15 min.<\/p>\n<p>Eng\u00ba Paulo Loyola de Souza Diretor T\u00e9cnico do Parque Tecnol\u00f3gico de Santos<\/p>\n<p>Prof. Dr. Alexandre Rocco, Diretor Executivo do INESC P&amp;D Brasil <\/p>\n<p>09h45<\/p>\n<p>Pesquisa, Desenvolvimento e Inova\u00e7\u00e3o em Ambientes Portu\u00e1rios &#8211; 10 min.<\/p>\n<p>Tema: Institui\u00e7\u00f5es de Ci\u00eancia e Tecnologia e de fomento a projetos de PD&amp;I<\/p>\n<p>Palestrante: Prof. Dr. Roberto da Piedade Francisco <\/p>\n<p>09h55<\/p>\n<p>Projetos Colaborativos de Inova\u00e7\u00e3o &#8211; 15 min.<\/p>\n<p>Tema: Modelo de Projetos de PD&amp;I realizados pelo INESC P&amp;D Brasil<\/p>\n<p>Palestrante: Prof. Dr. Mauro Rosa <\/p>\n<p>10h10&nbsp; &nbsp; Pausa para Caf\u00e9 &#8211; 20 min.<\/p>\n<p>10h30<\/p>\n<p>Inova\u00e7\u00e3o nas Opera\u00e7\u00f5es de Log\u00edstica \u2013 30 min.<\/p>\n<p>Tema: Inova\u00e7\u00e3o em processos operacionais em log\u00edstica e transportes.<\/p>\n<p>Palestrante: Prof. Dr. Jorge Pinho Sousa [intera\u00e7\u00e3o simult\u00e2nea ao vivo de Portugal] <\/p>\n<p>11h00<\/p>\n<p>Solu\u00e7\u00f5es Inovadoras para o Monitoramento da Infraestrutura Portu\u00e1ria \u2013 30 min.<\/p>\n<p>Tema: Rob\u00f3tica aut\u00f4noma em miss\u00f5es de inspe\u00e7\u00e3o subaqu\u00e1tica e reconhecimento<\/p>\n<p>batim\u00e9trico.<\/p>\n<p>Palestrante: Dr. Anibal Matos [intera\u00e7\u00e3o simult\u00e2nea ao vivo de Portugal] <\/p>\n<p>11h30<\/p>\n<p>A Inova\u00e7\u00e3o nas Redes Log\u00edsticas de Grande Capacidade &#8211; 30 min.<\/p>\n<p>Tema: A Experi\u00eancia Europeia: caso do Porto de Leix\u00f5es<\/p>\n<p>Palestrante: Dr. Lino Oliveira [intera\u00e7\u00e3o simult\u00e2nea ao vivo de Portugal] <\/p>\n<p>12h00 &#8211; Encerramento \u2013 20 min.<\/p>\n<p>Convite a parcerias para desenvolvimento de projetos de pesquisa na Log\u00edstica<\/p>\n<p>Portu\u00e1ria<\/p>\n<p>Palestrante: Prof. Dr. Vladimiro Miranda, Eng\u00b0 Antonio Carlos Silva Gon\u00e7alves<\/p>\n<p>Agradecimentos:<\/p>\n<p>Dr. Roberto Clemente Santini, Presidente da Associa\u00e7\u00e3o Comercial de Santos; Diretor Presidente da TV Tribuna<\/p>\n","protected":false},"excerpt":{"rendered":"<p>12H36 O evento foi encerrado. 12H10 O doutor Lino explica agora a JUP &#8211; Janela \u00danica Portu\u00e1ria, que \u00e9 uma plataforma eletr\u00f4nica do tipo e-Hub, que implementa o conceito de balc\u00e3o \u00fanico virtual, ou seja, ponto \u00fanico de contato com o Porto. 12H05 A \u00faltima palestra do dia \u00e9 apresentada pelo doutor Lino Oliveira, tamb\u00e9m [&hellip;]<\/p>\n","protected":false},"author":1,"featured_media":80328,"comment_status":"open","ping_status":"open","sticky":false,"template":"","format":"standard","meta":{"footnotes":""},"categories":[84],"tags":[],"_links":{"self":[{"href":"https:\/\/acs.org.br\/academy\/wp-json\/wp\/v2\/posts\/80343"}],"collection":[{"href":"https:\/\/acs.org.br\/academy\/wp-json\/wp\/v2\/posts"}],"about":[{"href":"https:\/\/acs.org.br\/academy\/wp-json\/wp\/v2\/types\/post"}],"author":[{"embeddable":true,"href":"https:\/\/acs.org.br\/academy\/wp-json\/wp\/v2\/users\/1"}],"replies":[{"embeddable":true,"href":"https:\/\/acs.org.br\/academy\/wp-json\/wp\/v2\/comments?post=80343"}],"version-history":[{"count":0,"href":"https:\/\/acs.org.br\/academy\/wp-json\/wp\/v2\/posts\/80343\/revisions"}],"wp:featuredmedia":[{"embeddable":true,"href":"https:\/\/acs.org.br\/academy\/wp-json\/wp\/v2\/media\/80328"}],"wp:attachment":[{"href":"https:\/\/acs.org.br\/academy\/wp-json\/wp\/v2\/media?parent=80343"}],"wp:term":[{"taxonomy":"category","embeddable":true,"href":"https:\/\/acs.org.br\/academy\/wp-json\/wp\/v2\/categories?post=80343"},{"taxonomy":"post_tag","embeddable":true,"href":"https:\/\/acs.org.br\/academy\/wp-json\/wp\/v2\/tags?post=80343"}],"curies":[{"name":"wp","href":"https:\/\/api.w.org\/{rel}","templated":true}]}}