{"id":80327,"date":"2017-11-08T17:13:55","date_gmt":"2017-11-08T19:13:55","guid":{"rendered":"http:\/\/127.0.0.1\/acs\/dialogo-solange\/"},"modified":"2017-11-08T17:13:55","modified_gmt":"2017-11-08T19:13:55","slug":"dialogo-solange","status":"publish","type":"post","link":"https:\/\/acs.org.br\/academy\/dialogo-solange\/","title":{"rendered":"\u201cEmpres\u00e1rios que n\u00e3o gastam uma parte do seu dia para olhar para fora est\u00e3o aumentando a probabilidade de fracassar\u201d"},"content":{"rendered":"<p align=\"center\" style=\"text-align: left;\"><i>Fala \u00e9 da doutoranda em competitividade e mestre em inova\u00e7\u00e3o e estrat\u00e9gia pela EASP-FGV, Solange Mata Machado, durante o evento Di\u00e1logo com Empres\u00e1rios<\/i><\/p>\n<p>Fonte: Assessoria de imprensa ACS<\/p>\n<p>\u201cEmpres\u00e1rios que n\u00e3o gastam uma parte do seu dia para olhar para fora est\u00e3o aumentando a probabilidade de fracassar\u201d. O alerta foi feito nesta quarta-feira (8) pela doutoranda em competitividade e mestre em inova\u00e7\u00e3o e estrat\u00e9gia pela EASP-FGV, Solange Mata Machado, durante o encontro <i>Di\u00e1logo com Empres\u00e1rios<\/i>, promovido pela Funda\u00e7\u00e3o Dom Cabral, em parceria com a Associa\u00e7\u00e3o Comercial de Santos (ACS). Em raz\u00e3o das obras de moderniza\u00e7\u00e3o da ACS, o evento foi realizado no audit\u00f3rio da TV Tribuna.<i>&nbsp;<\/i><\/p>\n<p><i><br \/><\/i><\/p>\n<p>Em sua palestra, intitulada \u201cInova\u00e7\u00e3o e os impactos das mudan\u00e7as exponenciais\u201d, ela ressaltou que os empres\u00e1rios precisam rapidamente se atualizar.<\/p>\n<p>\u201c\u00c9 preciso separar uma parte do dia s\u00f3 para aprender o que \u00e9 a exponencialidade e que impactos ela traz. As pessoas que se preparam para se aposentar v\u00e3o ter uma grande surpresa, porque o mundo relacionado com o modelo e ciclo de vida \u201ccrescer, educar e aposentar\u201d acabou. Ser\u00e1 preciso aprender continuamente que a incerteza hoje est\u00e1 pautada em todos os lugares e o pr\u00f3prio governo est\u00e1 mostrando sinais de uma grande mudan\u00e7a. Voc\u00ea s\u00f3 vai poder confiar naquilo que voc\u00ea puder aprender e fazer\u201d.<\/p>\n<p>Segundo ela, quando o assunto \u00e9 empreendedorismo e start ups, infelizmente o Brasil tem um <i>gap<\/i> gigante, ou seja, um grande atraso em compara\u00e7\u00e3o com os Estados Unidos.<\/p>\n<p>\u201cN\u00e3o temos na nossa educa\u00e7\u00e3o a tecnologia. Mas, estamos vendo a migra\u00e7\u00e3o dos jovens, que se aprofundam e se aprimoram em tecnologia da informa\u00e7\u00e3o, que, para mim, \u00e9 base de qualquer empreendimento. A gente v\u00ea um crescimento grande em empreendedorismo, mas n\u00e3o com base em tecnologia. J\u00e1 vejo as empresas se movimentarem na busca de trazer para dentro de casa o conhecimento de exponencialidade, porque sem isso n\u00e3o v\u00e3o sobreviver. Mas ainda \u00e9 lento\u201d.<\/p>\n<p>Como exemplo, ela citou que na universidade de Harvard (em Cambridge, Massachusetts, Estados Unidos) houve uma diminui\u00e7\u00e3o de 30% nas inscri\u00e7\u00f5es para a gradua\u00e7\u00e3o em direito, porque grande parte dessa profiss\u00e3o ser\u00e1 substitu\u00edda por intelig\u00eancia artificial.<\/p>\n<p>\u201cO Vale do Sil\u00edcio (regi\u00e3o da Calif\u00f3rnia, onde est\u00e3o situadas v\u00e1rias empresas de alta tecnologia) j\u00e1 est\u00e1 contratando pessoas futuristas e a gente se pergunta: mas que profiss\u00e3o \u00e9 essa? Por isso, talvez o diploma que voc\u00ea tenha hoje n\u00e3o v\u00e1 valer de nada. Na hora de contratar, as empresas n\u00e3o querem os caras viciados em modelos de gest\u00e3o que n\u00e3o se usam mais. Steve Jobs (fundador da Apple) e o criador da Netflix n\u00e3o foram para a universidade&#8221;.<\/p>\n<p>Por fim, Solange falou sobre a inova\u00e7\u00e3o disruptiva, tipo de inova\u00e7\u00e3o que entra por baixo do mercado para, posteriormente, conquistar as classes sociais mais altas.<\/p>\n<p>\u201cOu seja, empresas inovadoras est\u00e3o criando solu\u00e7\u00f5es muito mais baratas e que atraem o pessoal que n\u00e3o tinha acesso. Ela entra num mercado menos exigente, e quem estava l\u00e1 em cima e era atendido pelas empresas de alta tecnologia, olha ali embaixo e percebe que precisa da mesma coisa, mas pode pagar bem menos. Ent\u00e3o, h\u00e1 migra\u00e7\u00e3o desse p\u00fablico\u201d.<\/p>\n<p><img loading=\"lazy\" decoding=\"async\" class=\" size-full wp-image-80323\" src=\"http:\/\/127.0.0.1\/acs\/wp-content\/uploads\/2017\/11\/WEB_2017_NOVEMBRO_DIALOGO-W_DIALOGO-002.jpg\" width=\"570\" height=\"406\" srcset=\"https:\/\/acs.org.br\/academy\/wp-content\/uploads\/2017\/11\/WEB_2017_NOVEMBRO_DIALOGO-W_DIALOGO-002.jpg 570w, https:\/\/acs.org.br\/academy\/wp-content\/uploads\/2017\/11\/WEB_2017_NOVEMBRO_DIALOGO-W_DIALOGO-002-300x214.jpg 300w\" sizes=\"(max-width: 570px) 100vw, 570px\" \/><\/p>\n<p><img loading=\"lazy\" decoding=\"async\" class=\" size-full wp-image-80324\" src=\"http:\/\/127.0.0.1\/acs\/wp-content\/uploads\/2017\/11\/WEB_2017_NOVEMBRO_DIALOGO-W_DIALOGO-023.jpg\" width=\"570\" height=\"431\" srcset=\"https:\/\/acs.org.br\/academy\/wp-content\/uploads\/2017\/11\/WEB_2017_NOVEMBRO_DIALOGO-W_DIALOGO-023.jpg 570w, https:\/\/acs.org.br\/academy\/wp-content\/uploads\/2017\/11\/WEB_2017_NOVEMBRO_DIALOGO-W_DIALOGO-023-300x227.jpg 300w\" sizes=\"(max-width: 570px) 100vw, 570px\" \/><\/p>\n<p><img loading=\"lazy\" decoding=\"async\" class=\" size-full wp-image-80325\" src=\"http:\/\/127.0.0.1\/acs\/wp-content\/uploads\/2017\/11\/WEB_2017_NOVEMBRO_DIALOGO-W_DIALOGO-029.jpg\" width=\"570\" height=\"422\" srcset=\"https:\/\/acs.org.br\/academy\/wp-content\/uploads\/2017\/11\/WEB_2017_NOVEMBRO_DIALOGO-W_DIALOGO-029.jpg 570w, https:\/\/acs.org.br\/academy\/wp-content\/uploads\/2017\/11\/WEB_2017_NOVEMBRO_DIALOGO-W_DIALOGO-029-300x222.jpg 300w\" sizes=\"(max-width: 570px) 100vw, 570px\" \/><\/p>\n<p><img loading=\"lazy\" decoding=\"async\" class=\" size-full wp-image-80326\" src=\"http:\/\/127.0.0.1\/acs\/wp-content\/uploads\/2017\/11\/WEB_2017_NOVEMBRO_DIALOGO-W_DIALOGO-045.jpg\" width=\"570\" height=\"378\" srcset=\"https:\/\/acs.org.br\/academy\/wp-content\/uploads\/2017\/11\/WEB_2017_NOVEMBRO_DIALOGO-W_DIALOGO-045.jpg 570w, https:\/\/acs.org.br\/academy\/wp-content\/uploads\/2017\/11\/WEB_2017_NOVEMBRO_DIALOGO-W_DIALOGO-045-300x199.jpg 300w\" sizes=\"(max-width: 570px) 100vw, 570px\" \/><\/p>\n","protected":false},"excerpt":{"rendered":"<p>Fala \u00e9 da doutoranda em competitividade e mestre em inova\u00e7\u00e3o e estrat\u00e9gia pela EASP-FGV, Solange Mata Machado, durante o evento Di\u00e1logo com Empres\u00e1rios Fonte: Assessoria de imprensa ACS \u201cEmpres\u00e1rios que n\u00e3o gastam uma parte do seu dia para olhar para fora est\u00e3o aumentando a probabilidade de fracassar\u201d. O alerta foi feito nesta quarta-feira (8) pela [&hellip;]<\/p>\n","protected":false},"author":1,"featured_media":80322,"comment_status":"open","ping_status":"open","sticky":false,"template":"","format":"standard","meta":{"footnotes":""},"categories":[84],"tags":[],"_links":{"self":[{"href":"https:\/\/acs.org.br\/academy\/wp-json\/wp\/v2\/posts\/80327"}],"collection":[{"href":"https:\/\/acs.org.br\/academy\/wp-json\/wp\/v2\/posts"}],"about":[{"href":"https:\/\/acs.org.br\/academy\/wp-json\/wp\/v2\/types\/post"}],"author":[{"embeddable":true,"href":"https:\/\/acs.org.br\/academy\/wp-json\/wp\/v2\/users\/1"}],"replies":[{"embeddable":true,"href":"https:\/\/acs.org.br\/academy\/wp-json\/wp\/v2\/comments?post=80327"}],"version-history":[{"count":0,"href":"https:\/\/acs.org.br\/academy\/wp-json\/wp\/v2\/posts\/80327\/revisions"}],"wp:featuredmedia":[{"embeddable":true,"href":"https:\/\/acs.org.br\/academy\/wp-json\/wp\/v2\/media\/80322"}],"wp:attachment":[{"href":"https:\/\/acs.org.br\/academy\/wp-json\/wp\/v2\/media?parent=80327"}],"wp:term":[{"taxonomy":"category","embeddable":true,"href":"https:\/\/acs.org.br\/academy\/wp-json\/wp\/v2\/categories?post=80327"},{"taxonomy":"post_tag","embeddable":true,"href":"https:\/\/acs.org.br\/academy\/wp-json\/wp\/v2\/tags?post=80327"}],"curies":[{"name":"wp","href":"https:\/\/api.w.org\/{rel}","templated":true}]}}