{"id":80299,"date":"2017-11-06T16:37:34","date_gmt":"2017-11-06T18:37:34","guid":{"rendered":"http:\/\/127.0.0.1\/acs\/consulado-dos-estados-unidos-em-sp-traz-a-santos-empresas-voltadas-ao-ramo-da-saude-para-oferecer-novas-tecnologias-a-instituicoes-publicas-e-privadas\/"},"modified":"2017-11-06T16:37:34","modified_gmt":"2017-11-06T18:37:34","slug":"consulado-dos-estados-unidos-em-sp-traz-a-santos-empresas-voltadas-ao-ramo-da-saude-para-oferecer-novas-tecnologias-a-instituicoes-publicas-e-privadas","status":"publish","type":"post","link":"https:\/\/acs.org.br\/academy\/consulado-dos-estados-unidos-em-sp-traz-a-santos-empresas-voltadas-ao-ramo-da-saude-para-oferecer-novas-tecnologias-a-instituicoes-publicas-e-privadas\/","title":{"rendered":"Consulado dos Estados Unidos em SP traz a Santos empresas voltadas ao ramo da sa\u00fade para oferecer novas tecnologias a institui\u00e7\u00f5es p\u00fablicas e privadas"},"content":{"rendered":"<p style=\"text-align: left;\" align=\"center\"><i>Evento, realizado na TV Tribuna, com apoio da Associa\u00e7\u00e3o Comercial de Santos, faz parte da programa\u00e7\u00e3o do US Brazil Health IT Week<\/i><\/p>\n<p>Fonte: Assessoria de imprensa ACS<\/p>\n<p>Dentro da programa\u00e7\u00e3o do evento US Brazil Health IT Week, o consulado dos Estados Unidos em S\u00e3o Paulo trouxe a Santos, nesta segunda-feira (6), seis empresas norte-americanas dos ramos de tecnologia e sa\u00fade: 3M, Abbott, Boston Scientific, Dimensional Insight, DMX e JMC. Realizado no audit\u00f3rio da TV Tribuna, o encontro, que tem apoio da TV e da Associa\u00e7\u00e3o Comercial de Santos (ACS), tem como objetivo apresentar a institui\u00e7\u00f5es p\u00fablicas e privadas os produtos oferecidos pelas empresas estrangeiras.<\/p>\n<\/p>\n<p>De acordo com informa\u00e7\u00f5es do consulado, essa foi uma maneira de fazer com que as institui\u00e7\u00f5es de sa\u00fade se comuniquem melhor com as empresas fornecedoras. Por isso, o consulado viabiliza esses encontros e atua como uma esp\u00e9cie de ponte entre as empresas que querem investir no Brasil e as institui\u00e7\u00f5es p\u00fablicas e privadas.<\/p>\n<p><img loading=\"lazy\" decoding=\"async\" class=\" size-full wp-image-80294\" src=\"http:\/\/127.0.0.1\/acs\/wp-content\/uploads\/2017\/11\/WEB_2017_NOVEMBRO_CONSULADO-W_CONSULADO-010.jpg\" width=\"570\" height=\"428\" srcset=\"https:\/\/acs.org.br\/academy\/wp-content\/uploads\/2017\/11\/WEB_2017_NOVEMBRO_CONSULADO-W_CONSULADO-010.jpg 570w, https:\/\/acs.org.br\/academy\/wp-content\/uploads\/2017\/11\/WEB_2017_NOVEMBRO_CONSULADO-W_CONSULADO-010-300x225.jpg 300w\" sizes=\"(max-width: 570px) 100vw, 570px\" \/><\/p>\n<p>O evento foi aberto pelo diretor-executivo da ACS, Marcio Calves, que agradeceu o apoio que tem sido oferecido pelo consulado \u00e0 ACS e \u00e0 TV Tribuna, todas as vezes em que foram realizadas viagens aos portos dos Estados Unidos (durante o semin\u00e1rio Santos Export). \u201cEsse apoio \u00e9 uma retribui\u00e7\u00e3o pelo o que voc\u00eas tem feito por n\u00f3s. Mas deve-se tamb\u00e9m \u00e0 import\u00e2ncia da iniciativa. A \u00e1rea de sa\u00fade \u00e9 fundamental\u201d.<\/p>\n<p><img loading=\"lazy\" decoding=\"async\" class=\" size-full wp-image-80295\" src=\"http:\/\/127.0.0.1\/acs\/wp-content\/uploads\/2017\/11\/WEB_2017_NOVEMBRO_CONSULADO-W_CONSULADO-017.jpg\" width=\"570\" height=\"428\" srcset=\"https:\/\/acs.org.br\/academy\/wp-content\/uploads\/2017\/11\/WEB_2017_NOVEMBRO_CONSULADO-W_CONSULADO-017.jpg 570w, https:\/\/acs.org.br\/academy\/wp-content\/uploads\/2017\/11\/WEB_2017_NOVEMBRO_CONSULADO-W_CONSULADO-017-300x225.jpg 300w\" sizes=\"(max-width: 570px) 100vw, 570px\" \/><\/p>\n<p>Em seguida, o secret\u00e1rio de Sa\u00fade de Santos, F\u00e1bio Ferraz, falou sobre a import\u00e2ncia de a Prefeitura participar do evento.<\/p>\n<p><img loading=\"lazy\" decoding=\"async\" class=\" size-full wp-image-80296\" src=\"http:\/\/127.0.0.1\/acs\/wp-content\/uploads\/2017\/11\/WEB_2017_NOVEMBRO_CONSULADO-W_CONSULADO-029.jpg\" width=\"570\" height=\"428\" srcset=\"https:\/\/acs.org.br\/academy\/wp-content\/uploads\/2017\/11\/WEB_2017_NOVEMBRO_CONSULADO-W_CONSULADO-029.jpg 570w, https:\/\/acs.org.br\/academy\/wp-content\/uploads\/2017\/11\/WEB_2017_NOVEMBRO_CONSULADO-W_CONSULADO-029-300x225.jpg 300w\" sizes=\"(max-width: 570px) 100vw, 570px\" \/><\/p>\n<p>\u201cA nossa inten\u00e7\u00e3o \u00e9 otimizar servi\u00e7os e recursos, buscando menores gastos.&nbsp; Ou seja, ser mais eficiente e fazer mais, com menos. As ferramentas de tecnologia colaboram muito para que a gente possa buscar solu\u00e7\u00f5es. Iniciamos em Santos um programa consistente de integra\u00e7\u00e3o de sa\u00fade. At\u00e9 o fim do ano, teremos todos os nossos equipamentos integrados do ponto de vista de tecnologia da informa\u00e7\u00e3o, como por exemplo o prontu\u00e1rio \u00fanico. Avan\u00e7os de tecnologia s\u00e3o sempre constantes , por isso \u00e9 muito importante que n\u00f3s do setor p\u00fablico estejamos antenados com as novas tecnologias disponibilizadas no mercado\u201d.<\/p>\n<p><img loading=\"lazy\" decoding=\"async\" class=\" size-full wp-image-80297\" src=\"http:\/\/127.0.0.1\/acs\/wp-content\/uploads\/2017\/11\/WEB_2017_NOVEMBRO_CONSULADO-W_CONSULADO-033.jpg\" width=\"570\" height=\"428\" srcset=\"https:\/\/acs.org.br\/academy\/wp-content\/uploads\/2017\/11\/WEB_2017_NOVEMBRO_CONSULADO-W_CONSULADO-033.jpg 570w, https:\/\/acs.org.br\/academy\/wp-content\/uploads\/2017\/11\/WEB_2017_NOVEMBRO_CONSULADO-W_CONSULADO-033-300x225.jpg 300w\" sizes=\"(max-width: 570px) 100vw, 570px\" \/><\/p>\n<p>Ap\u00f3s uma mesa-redonda, os representantes das empresas apresentaram seus produtos \u00e0s institui\u00e7\u00f5es interessadas e visitaram, no per\u00edodo da tarde, unidades de sa\u00fade da Cidade.<\/p>\n<p><img loading=\"lazy\" decoding=\"async\" class=\" size-full wp-image-80298\" src=\"http:\/\/127.0.0.1\/acs\/wp-content\/uploads\/2017\/11\/WEB_2017_NOVEMBRO_CONSULADO-W_CONSULADO-054.jpg\" width=\"570\" height=\"419\" srcset=\"https:\/\/acs.org.br\/academy\/wp-content\/uploads\/2017\/11\/WEB_2017_NOVEMBRO_CONSULADO-W_CONSULADO-054.jpg 570w, https:\/\/acs.org.br\/academy\/wp-content\/uploads\/2017\/11\/WEB_2017_NOVEMBRO_CONSULADO-W_CONSULADO-054-300x221.jpg 300w\" sizes=\"(max-width: 570px) 100vw, 570px\" \/><\/p>\n","protected":false},"excerpt":{"rendered":"<p>Evento, realizado na TV Tribuna, com apoio da Associa\u00e7\u00e3o Comercial de Santos, faz parte da programa\u00e7\u00e3o do US Brazil Health IT Week Fonte: Assessoria de imprensa ACS Dentro da programa\u00e7\u00e3o do evento US Brazil Health IT Week, o consulado dos Estados Unidos em S\u00e3o Paulo trouxe a Santos, nesta segunda-feira (6), seis empresas norte-americanas dos [&hellip;]<\/p>\n","protected":false},"author":1,"featured_media":80293,"comment_status":"open","ping_status":"open","sticky":false,"template":"","format":"standard","meta":{"footnotes":""},"categories":[84],"tags":[],"_links":{"self":[{"href":"https:\/\/acs.org.br\/academy\/wp-json\/wp\/v2\/posts\/80299"}],"collection":[{"href":"https:\/\/acs.org.br\/academy\/wp-json\/wp\/v2\/posts"}],"about":[{"href":"https:\/\/acs.org.br\/academy\/wp-json\/wp\/v2\/types\/post"}],"author":[{"embeddable":true,"href":"https:\/\/acs.org.br\/academy\/wp-json\/wp\/v2\/users\/1"}],"replies":[{"embeddable":true,"href":"https:\/\/acs.org.br\/academy\/wp-json\/wp\/v2\/comments?post=80299"}],"version-history":[{"count":0,"href":"https:\/\/acs.org.br\/academy\/wp-json\/wp\/v2\/posts\/80299\/revisions"}],"wp:featuredmedia":[{"embeddable":true,"href":"https:\/\/acs.org.br\/academy\/wp-json\/wp\/v2\/media\/80293"}],"wp:attachment":[{"href":"https:\/\/acs.org.br\/academy\/wp-json\/wp\/v2\/media?parent=80299"}],"wp:term":[{"taxonomy":"category","embeddable":true,"href":"https:\/\/acs.org.br\/academy\/wp-json\/wp\/v2\/categories?post=80299"},{"taxonomy":"post_tag","embeddable":true,"href":"https:\/\/acs.org.br\/academy\/wp-json\/wp\/v2\/tags?post=80299"}],"curies":[{"name":"wp","href":"https:\/\/api.w.org\/{rel}","templated":true}]}}