{"id":80235,"date":"2017-10-31T14:31:55","date_gmt":"2017-10-31T16:31:55","guid":{"rendered":"http:\/\/127.0.0.1\/acs\/divulgados-os-10-finalistas-do-16o-concurso-estadual-de-qualidade-do-cafe-de-sao-paulo\/"},"modified":"2017-10-31T14:31:55","modified_gmt":"2017-10-31T16:31:55","slug":"divulgados-os-10-finalistas-do-16o-concurso-estadual-de-qualidade-do-cafe-de-sao-paulo","status":"publish","type":"post","link":"https:\/\/acs.org.br\/academy\/divulgados-os-10-finalistas-do-16o-concurso-estadual-de-qualidade-do-cafe-de-sao-paulo\/","title":{"rendered":"Divulgados os 10 finalistas do 16\u00ba Concurso Estadual de Qualidade do Caf\u00e9 de S\u00e3o Paulo"},"content":{"rendered":"<p align=\"center\" style=\"text-align: left;\">Fonte: Assessoria de imprensa ACS&nbsp;<\/p>\n<p>Os nomes dos 10 finalistas do 16\u00ba Concurso Estadual de Qualidade do Caf\u00e9 de S\u00e3o Paulo foram divulgados pela comiss\u00e3o julgadora nesta ter\u00e7a-feira (31). A fase de provas foi realizada nesta segunda-feira (30) na Sala de Classifica\u00e7\u00e3o e Degusta\u00e7\u00e3o de Caf\u00e9 da Associa\u00e7\u00e3o Comercial de Santos (ACS) e contou com sete jurados, entre eles o degustador Nilton Ribeiro, representante da ACS. O classificador de caf\u00e9 da ACS, Onivaldo Ruas, o Geleia, tamb\u00e9m colaborou com a organiza\u00e7\u00e3o das provas.<\/p>\n<\/p>\n<p>A maior pontua\u00e7\u00e3o, de 8,82, foi conquistada na categoria, experimental, Nanolote pela produtora Gertrudes dos Santos, da Associa\u00e7\u00e3o Agropecu\u00e1ria de Barra Grande de Caconde, S\u00edtio Boa Vista Caconde. Segundo os jurados, entre as caracter\u00edsticas desse lote est\u00e3o o sabor frutado, lembrando frutas vermelhas, com corpo delicado e acidez persistente com fundo de caramelo.<\/p>\n<p>Em segundo lugar, ainda de acordo com a pontua\u00e7\u00e3o geral, ficou a categoria Microlote, do produtor Carlos Eduardo Menegali, da Associa\u00e7\u00e3o dos Cafeicultores de Montanha Divinol\u00e2ndia, S\u00edtio Laranjal Divinol\u00e2ndia, com a nota 8,81. Segundo os avaliadores, seu caf\u00e9 possui aroma e sabor c\u00edtricos, lembrando laranja. Tem corpo e do\u00e7ura persistentes, com finaliza\u00e7\u00e3o m\u00e9dia a longa.<\/p>\n<p><img loading=\"lazy\" decoding=\"async\" class=\" size-full wp-image-80233\" src=\"http:\/\/127.0.0.1\/acs\/wp-content\/uploads\/2017\/10\/WEB_2017_OUTUBRO_PROVAS-W_PROVAS-032.jpg\" width=\"570\" height=\"428\" srcset=\"https:\/\/acs.org.br\/academy\/wp-content\/uploads\/2017\/10\/WEB_2017_OUTUBRO_PROVAS-W_PROVAS-032.jpg 570w, https:\/\/acs.org.br\/academy\/wp-content\/uploads\/2017\/10\/WEB_2017_OUTUBRO_PROVAS-W_PROVAS-032-300x225.jpg 300w\" sizes=\"(max-width: 570px) 100vw, 570px\" \/><\/p>\n<p>J\u00e1 a terceira maior pontua\u00e7\u00e3o ficou com a categoria de Caf\u00e9s Naturais. O produtor Francisco Sergio Lange, da Associa\u00e7\u00e3o dos Cafeicultores de Montanha Divinol\u00e2ndia, S\u00edtio Nossa Senhora Apa Divinol\u00e2ndia, conquistou a nota 8,8. Seu caf\u00e9 possui sabor frutado, lembrando frutas amarelas, com leve toque de avel\u00e3 e chocolate amargo, c\u00edtrico, com acidez bem equilibrada, conforme relato dos jurados.<\/p>\n<p>Com a divulga\u00e7\u00e3o dos 10 finalistas, o concurso passa para a fase de leil\u00e3o desses lotes. De 3 a 9 de novembro podem ser enviados os lances para o e-mail <a href=\"mailto:clair@sindicafesp.com.br\">clair@sindicafesp.com.br<\/a>. Dessa maneira, os produtores t\u00eam a chance de vender esses caf\u00e9s por valores acima dos de mercado.<\/p>\n<p><img loading=\"lazy\" decoding=\"async\" class=\" size-full wp-image-80234\" src=\"http:\/\/127.0.0.1\/acs\/wp-content\/uploads\/2017\/10\/WEB_2017_OUTUBRO_PROVAS-W_PROVAS-099.jpg\" width=\"570\" height=\"428\" srcset=\"https:\/\/acs.org.br\/academy\/wp-content\/uploads\/2017\/10\/WEB_2017_OUTUBRO_PROVAS-W_PROVAS-099.jpg 570w, https:\/\/acs.org.br\/academy\/wp-content\/uploads\/2017\/10\/WEB_2017_OUTUBRO_PROVAS-W_PROVAS-099-300x225.jpg 300w\" sizes=\"(max-width: 570px) 100vw, 570px\" \/><\/p>\n<p>O \u00faltimo evento do calend\u00e1rio deste ano ser\u00e1 em 14 de dezembro, com o lan\u00e7amento da 15.\u00aa Edi\u00e7\u00e3o Especial dos Melhores Caf\u00e9s de S\u00e3o Paulo, na capital, da qual participam marcas elaboradas com os gr\u00e3os que foram adquiridos no leil\u00e3o pelas ind\u00fastrias.<\/p>\n<p><b>Sobre o concurso <\/b><\/p>\n<p>O Concurso Estadual de Qualidade do Caf\u00e9 de S\u00e3o Paulo \u00e9 um evento tradicional e um dos mais antigos certames nacionais, que promovem a qualidade dos gr\u00e3os produzidos no Estado.<\/p>\n<p>\u00c9 uma iniciativa da Secretaria da Agricultura e Abastecimento, em parceria com a C\u00e2mara Setorial de Caf\u00e9, o Sindicato da Ind\u00fastria de Caf\u00e9 do Estado de S\u00e3o Paulo &#8211; Sindicaf\u00e9 SP, o Museu do Caf\u00e9, a Associa\u00e7\u00e3o Comercial de Santos, a ABIC &#8211; Associa\u00e7\u00e3o Brasileira da Ind\u00fastria de Caf\u00e9 e o Instituto Biol\u00f3gico.<\/p>\n<p>O concurso tem sido apontado como importante ferramenta para melhoria da qualidade dos gr\u00e3os de caf\u00e9, estimulando as boas pr\u00e1ticas que conduzem \u00e0 qualidade e premiando produtores, ind\u00fastrias de torrefa\u00e7\u00e3o, cafeterias e empresas exportadoras, o que leva \u00e0 melhoria do valor agregado do produto e eleva o conceito de qualidade do Caf\u00e9 de S\u00e3o Paulo.<\/p>\n<p>Mais informa\u00e7\u00f5es sobre a programa\u00e7\u00e3o podem ser obtidas clicando <a href=\"index.php?option=com_content&amp;view=article&amp;id=17787;2017-10-02-20-42-03&amp;catid=2;noticias&amp;Itemid=49\">AQUI<\/a>.<\/p>\n<p>\u00a0<\/p>\n<p><b>Saiba mais sobre os finalistas:<\/b><\/p>\n<p>\u00a0<\/p>\n<p><b>Categoria Caf\u00e9s Cereja<\/b><\/p>\n<p>1-Fabio Colletti Barbosa &#8211; COOPINHAL &#8211; Cooperativa dos Cafeicultores da Regi\u00e3o de Pinhal &#8211; Fazenda Nova Cintra, Esp\u00edrito Santo Pinhal<\/p>\n<p>Nota &#8211; 8,75<\/p>\n<p>Caracter\u00edsticas &#8211; caf\u00e9 com toque de caramelo. Notas frutadas. Corpo delicado.<\/p>\n<p>2-Santa Jucy Agroindustrial Ltda &#8211; COOPINHAL &#8211; Cooperativa dos Cafeicultores da Regi\u00e3o de Pinhal, Fazenda Santa Jucy C\u00e1ssia dos Coqueiros<\/p>\n<p>Nota &#8211; 8,62<\/p>\n<p>Caracter\u00edsticas &#8211; c\u00edtrico, acidez m\u00e9dia. Encorpado.<\/p>\n<p>3-Reginaldo Faria Santos &#8211; SINDICATO RURAL DE AMPARO &#8211; Fazenda Santana Serra Negra<\/p>\n<p>Nota &#8211; 8,62<\/p>\n<p>Caracter\u00edsticas &#8211; caf\u00e9 muito doce lembrando garapa. Acidez equilibrada.<\/p>\n<p>4-Antonio Beltran Martinez &#8211; APSL &#8211; Associa\u00e7\u00e3o dos Produtores de Caf\u00e9s Especiais de Santa Luzia e Regi\u00e3o, Fazenda Estancia Lecy Esp\u00edrito Santo do Pinhal<\/p>\n<p>Nota &#8211; 8,6<\/p>\n<p>Caracter\u00edsticas &#8211; caf\u00e9 sem aroma e sabor de mel, notas florais e c\u00edtricas.<\/p>\n<p>\u00a0<\/p>\n<p><b>Categoria Caf\u00e9s Naturais<\/b><\/p>\n<p>1-Francisco Sergio Lange &#8211; Associa\u00e7\u00e3o dos Cafeicultores de Montanha Divinol\u00e2ndia, S\u00edtio Nossa Senhora Apa Divinol\u00e2ndia<\/p>\n<p>Nota &#8211; 8,8<\/p>\n<p>Caracter\u00edsticas &#8211; caf\u00e9 de sabor frutado, lembrando frutas amarelas, com<\/p>\n<p>leve toque de avel\u00e3 e chocolate amargo. C\u00edtrico. Acidez bem equilibrada.<\/p>\n<p>2-Jos\u00e9 Moacir de Avila &#8211; Associa\u00e7\u00e3o dos Cafeicultores de Montanha Divinol\u00e2ndia, Sitio Pouso Alto Divinol\u00e2ndia<\/p>\n<p>Nota &#8211; 8,75<\/p>\n<p>Caracter\u00edsticas &#8211; caf\u00e9 com notas de frutas amarelas, floral. Corpo macio e suave. Sabor persistente.<\/p>\n<p>3-Jos\u00e9 Cl\u00f3vis Borges Associa\u00e7\u00e3o dos Cafeicultores de Montanha Divinol\u00e2ndia, S\u00edtio Piratininga Divinol\u00e2ndia<\/p>\n<p>Nota &#8211; 8,678<\/p>\n<p>Caracter\u00edsticas: caf\u00e9 com aroma e sabor c\u00edtricos, com notas florais e caramelo. Corpo macio.<\/p>\n<p>4-Jovane Daniel de Sordi &#8211; Associa\u00e7\u00e3o dos Cafeicultores de Montanha Divinol\u00e2ndia, S\u00edtio Contendas Divinol\u00e2ndia<\/p>\n<p>Nota &#8211; 8,671<\/p>\n<p>Caracter\u00edsticas &#8211; caf\u00e9 com notas de cereal e caramelo, mela\u00e7o. Acidez equilibrada.<\/p>\n<p>\u00a0<\/p>\n<p><b>Categoria Caf\u00e9s Microlote<\/b><\/p>\n<p>1-Carlos Eduardo Menegali &#8211; Associa\u00e7\u00e3o dos Cafeicultores de Montanha Divinol\u00e2ndia, S\u00edtio Laranjal Divinol\u00e2ndia<\/p>\n<p>Nota &#8211; 8,81<\/p>\n<p>Caracter\u00edsticas &#8211; aroma e sabor c\u00edtrico lembrando laranja. Corpo e do\u00e7ura persistentes com finaliza\u00e7\u00e3o m\u00e9dia a longa.<\/p>\n<p>2-Jos\u00e9 Francisco Antonio Sobrinho &#8211; Associa\u00e7\u00e3o Agropecu\u00e1ria de Barra Grande de Caconde, S\u00edtio S Jose do Bairro Caconde<\/p>\n<p>Nota &#8211; 8,71<\/p>\n<p>Caracter\u00edsticas &#8211; aroma com toque de caramelo, corpo cremoso com finaliza\u00e7\u00e3o doce, lembrando p\u00e3o de mel.<\/p>\n<p>\u00a0<\/p>\n<p><b>Categoria Caf\u00e9 Nanolote<\/b><\/p>\n<p>1-Gertrudes dos Santos &#8211; Associa\u00e7\u00e3o Agropecu\u00e1ria de Barra Grande de Caconde, S\u00edtio Boa Vista Caconde<\/p>\n<p>Nota &#8211; 8,82<\/p>\n<p>Caracter\u00edsticas &#8211; frutado lembrando frutas vermelhas, com corpo delicado, acidez persistente com fundo de caramelo.<\/p>\n<p><b> <\/b><\/p>\n","protected":false},"excerpt":{"rendered":"<p>Fonte: Assessoria de imprensa ACS&nbsp; Os nomes dos 10 finalistas do 16\u00ba Concurso Estadual de Qualidade do Caf\u00e9 de S\u00e3o Paulo foram divulgados pela comiss\u00e3o julgadora nesta ter\u00e7a-feira (31). A fase de provas foi realizada nesta segunda-feira (30) na Sala de Classifica\u00e7\u00e3o e Degusta\u00e7\u00e3o de Caf\u00e9 da Associa\u00e7\u00e3o Comercial de Santos (ACS) e contou com [&hellip;]<\/p>\n","protected":false},"author":1,"featured_media":80232,"comment_status":"open","ping_status":"open","sticky":false,"template":"","format":"standard","meta":{"footnotes":""},"categories":[84],"tags":[],"_links":{"self":[{"href":"https:\/\/acs.org.br\/academy\/wp-json\/wp\/v2\/posts\/80235"}],"collection":[{"href":"https:\/\/acs.org.br\/academy\/wp-json\/wp\/v2\/posts"}],"about":[{"href":"https:\/\/acs.org.br\/academy\/wp-json\/wp\/v2\/types\/post"}],"author":[{"embeddable":true,"href":"https:\/\/acs.org.br\/academy\/wp-json\/wp\/v2\/users\/1"}],"replies":[{"embeddable":true,"href":"https:\/\/acs.org.br\/academy\/wp-json\/wp\/v2\/comments?post=80235"}],"version-history":[{"count":0,"href":"https:\/\/acs.org.br\/academy\/wp-json\/wp\/v2\/posts\/80235\/revisions"}],"wp:featuredmedia":[{"embeddable":true,"href":"https:\/\/acs.org.br\/academy\/wp-json\/wp\/v2\/media\/80232"}],"wp:attachment":[{"href":"https:\/\/acs.org.br\/academy\/wp-json\/wp\/v2\/media?parent=80235"}],"wp:term":[{"taxonomy":"category","embeddable":true,"href":"https:\/\/acs.org.br\/academy\/wp-json\/wp\/v2\/categories?post=80235"},{"taxonomy":"post_tag","embeddable":true,"href":"https:\/\/acs.org.br\/academy\/wp-json\/wp\/v2\/tags?post=80235"}],"curies":[{"name":"wp","href":"https:\/\/api.w.org\/{rel}","templated":true}]}}