{"id":80216,"date":"2017-10-30T11:44:11","date_gmt":"2017-10-30T13:44:11","guid":{"rendered":"http:\/\/127.0.0.1\/acs\/associacao-comercial-de-santos-recebe-comissao-julgadora-da-etapa-de-provas-do-16o-concurso-estadual-de-qualidade-do-cafe-de-sao-paulo\/"},"modified":"2017-10-30T11:44:11","modified_gmt":"2017-10-30T13:44:11","slug":"associacao-comercial-de-santos-recebe-comissao-julgadora-da-etapa-de-provas-do-16o-concurso-estadual-de-qualidade-do-cafe-de-sao-paulo","status":"publish","type":"post","link":"https:\/\/acs.org.br\/academy\/associacao-comercial-de-santos-recebe-comissao-julgadora-da-etapa-de-provas-do-16o-concurso-estadual-de-qualidade-do-cafe-de-sao-paulo\/","title":{"rendered":"Associa\u00e7\u00e3o Comercial de Santos recebe comiss\u00e3o julgadora da etapa de provas do 16\u00ba Concurso Estadual de Qualidade do Caf\u00e9 de S\u00e3o Paulo"},"content":{"rendered":"<p style=\"text-align: left;\" align=\"center\"><i>Resultado dos 10 finalistas ser\u00e1 divulgado nesta ter\u00e7a-feira (31)<\/i><\/p>\n<p>Fonte: Assessoria de imprensa ACS&nbsp;<\/p>\n<p>A Associa\u00e7\u00e3o Comercial de Santos (ACS) recebe, nesta segunda-feira (30), a comiss\u00e3o julgadora da etapa de provas do 16\u00ba Concurso Estadual de Qualidade do Caf\u00e9 de S\u00e3o Paulo. O resultado com os 10 finalistas ser\u00e1 divulgado nesta ter\u00e7a-feira (31). Posteriormente, esses caf\u00e9s ser\u00e3o leiloados.<\/p>\n<\/p>\n<p>Estiveram presentes na abertura das provas de caf\u00e9 o presidente da C\u00e2mara Setorial de Caf\u00e9 do Estado de S\u00e3o Paulo, Eduardo Carvalhaes, o degustador e professor do curso de caf\u00e9 da ACS, Nilton Ribeiro, e o coordenador do concurso, Nathan Herszkowicz, que ressaltou a import\u00e2ncia para os produtores em conquistar um lugar na lista de finalistas.<\/p>\n<p><img loading=\"lazy\" decoding=\"async\" class=\" size-full wp-image-80211\" src=\"http:\/\/127.0.0.1\/acs\/wp-content\/uploads\/2017\/10\/WEB_2017_OUTUBRO_PROVAS-W_PROVAS-066.jpg\" width=\"570\" height=\"408\" srcset=\"https:\/\/acs.org.br\/academy\/wp-content\/uploads\/2017\/10\/WEB_2017_OUTUBRO_PROVAS-W_PROVAS-066.jpg 570w, https:\/\/acs.org.br\/academy\/wp-content\/uploads\/2017\/10\/WEB_2017_OUTUBRO_PROVAS-W_PROVAS-066-300x215.jpg 300w\" sizes=\"(max-width: 570px) 100vw, 570px\" \/><\/p>\n<p>\u201cOs concursos de qualidade, principalmente o do Estado de S\u00e3o Paulo, ajudaram a formar o conceito de qualidade entre os produtores. Al\u00e9m do aspecto mercadol\u00f3gico, uma vez que os finalistas se destacam no mundo da cafeicultura e nas regi\u00f5es produtoras, estar entre os finalistas valoriza esse produtor que consegue um valor agregado maior para o caf\u00e9 dele, n\u00e3o s\u00f3 para os lotes que v\u00e3o para o concurso, mas tamb\u00e9m para o resto da colheita, que passa a valer mais. Tamb\u00e9m \u00e9 o marketing mais barato que existe tanto para o produtor, para ele fazer propaganda da sua capacidade de produzir caf\u00e9s de boa qualidade, quanto para a cooperativa, que representou ele no concurso, e ainda para a ind\u00fastria de caf\u00e9, que compra e oferece o lote no mercado como caf\u00e9 premiado\u201d.<\/p>\n<p>Vale lembrar que apenas vencedores dos concursos regionais podem participar do concurso estadual.<\/p>\n<p><b>Novidade<\/b><\/p>\n<p>De acordo com o presidente da C\u00e2mara Setorial de Caf\u00e9 do Estado de S\u00e3o Paulo, Eduardo Carvalhaes, a grande novidade deste ano foi a introdu\u00e7\u00e3o do nanolote, um pequeno lote de 10 quilos.<\/p>\n<p><img loading=\"lazy\" decoding=\"async\" class=\" size-full wp-image-80212\" src=\"http:\/\/127.0.0.1\/acs\/wp-content\/uploads\/2017\/10\/WEB_2017_OUTUBRO_PROVAS-W_PROVAS-017.jpg\" width=\"570\" height=\"419\" srcset=\"https:\/\/acs.org.br\/academy\/wp-content\/uploads\/2017\/10\/WEB_2017_OUTUBRO_PROVAS-W_PROVAS-017.jpg 570w, https:\/\/acs.org.br\/academy\/wp-content\/uploads\/2017\/10\/WEB_2017_OUTUBRO_PROVAS-W_PROVAS-017-300x221.jpg 300w\" sizes=\"(max-width: 570px) 100vw, 570px\" \/><\/p>\n<p>\u201cInserimos h\u00e1 quatro anos a categoria microlote, que deu certo, todos foram comprados ao final dos concursos nos anos anteriores. E acreditamos que o nanolote tamb\u00e9m ser\u00e1 comprado pelas cafeterias, que procuram caf\u00e9s diferenciados\u201d.<\/p>\n<p>Nesta nova categoria, nanolote, h\u00e1 cinco amostras inscritas. J\u00e1 na categoria Natural, h\u00e1 36 amostras; na Cereja &amp; Despolpados, 20 amostras; e na microlote, 10.<\/p>\n<p>Fazem parte da comiss\u00e3o julgadora deste ano: o degustador Nilton Ribeiro, que representa a ACS; Aloisio Aparecido Lusvaldi Barca &#8211; ABIC; Clovis Venancio de Jesus &#8211; CPC\/MUSEU DO CAF\u00c9; Camila Arcanjo &#8211; SINDICAFE\/GAC; Gina Maria Cardoso \u2013 ITAL; Renan Marques &#8211; B3 S\/A; e Cristina Saraiva Deolindo \u2013 CECAF\u00c9.<\/p>\n<p><img loading=\"lazy\" decoding=\"async\" class=\" size-full wp-image-80213\" src=\"http:\/\/127.0.0.1\/acs\/wp-content\/uploads\/2017\/10\/WEB_2017_OUTUBRO_PROVAS-W_PROVAS-084.jpg\" width=\"570\" height=\"428\" srcset=\"https:\/\/acs.org.br\/academy\/wp-content\/uploads\/2017\/10\/WEB_2017_OUTUBRO_PROVAS-W_PROVAS-084.jpg 570w, https:\/\/acs.org.br\/academy\/wp-content\/uploads\/2017\/10\/WEB_2017_OUTUBRO_PROVAS-W_PROVAS-084-300x225.jpg 300w\" sizes=\"(max-width: 570px) 100vw, 570px\" \/><\/p>\n<p>Com a divulga\u00e7\u00e3o dos 10 finalistas, o concurso passa para a fase de leil\u00e3o desses lotes. De 3 a 9 de novembro podem ser enviados os lances para o e-mail <a href=\"mailto:clair@sindicafesp.com.br\">clair@sindicafesp.com.br<\/a>. Dessa maneira, os produtores t\u00eam a chance de vender esses caf\u00e9s por valores acima dos de mercado.<\/p>\n<p><img loading=\"lazy\" decoding=\"async\" class=\" size-full wp-image-80214\" src=\"http:\/\/127.0.0.1\/acs\/wp-content\/uploads\/2017\/10\/WEB_2017_OUTUBRO_PROVAS-W_PROVAS-108.jpg\" width=\"570\" height=\"428\" srcset=\"https:\/\/acs.org.br\/academy\/wp-content\/uploads\/2017\/10\/WEB_2017_OUTUBRO_PROVAS-W_PROVAS-108.jpg 570w, https:\/\/acs.org.br\/academy\/wp-content\/uploads\/2017\/10\/WEB_2017_OUTUBRO_PROVAS-W_PROVAS-108-300x225.jpg 300w\" sizes=\"(max-width: 570px) 100vw, 570px\" \/><\/p>\n<p>O \u00faltimo evento do calend\u00e1rio deste ano ser\u00e1 em 14 de dezembro, com o lan\u00e7amento da 15.\u00aa Edi\u00e7\u00e3o Especial dos Melhores Caf\u00e9s de S\u00e3o Paulo, na capital, da qual participam marcas elaboradas com os gr\u00e3os que foram adquiridos no leil\u00e3o pelas ind\u00fastrias.<\/p>\n<p><b>Sobre o concurso <\/b><\/p>\n<p>O Concurso Estadual de Qualidade do Caf\u00e9 de S\u00e3o Paulo \u00e9 um evento tradicional e um dos mais antigos certames nacionais, que promovem a qualidade dos gr\u00e3os produzidos no Estado.<\/p>\n<p>\u00c9 uma iniciativa da Secretaria da Agricultura e Abastecimento, em parceria com a C\u00e2mara Setorial de Caf\u00e9, o Sindicato da Ind\u00fastria de Caf\u00e9 do Estado de S\u00e3o Paulo &#8211; Sindicaf\u00e9 SP, o Museu do Caf\u00e9, a Associa\u00e7\u00e3o Comercial de Santos, a ABIC &#8211; Associa\u00e7\u00e3o Brasileira da Ind\u00fastria de Caf\u00e9 e o Instituto Biol\u00f3gico.<\/p>\n<p><img loading=\"lazy\" decoding=\"async\" class=\" size-full wp-image-80215\" src=\"http:\/\/127.0.0.1\/acs\/wp-content\/uploads\/2017\/10\/WEB_2017_OUTUBRO_PROVAS-W_PROVAS-111.jpg\" width=\"570\" height=\"415\" srcset=\"https:\/\/acs.org.br\/academy\/wp-content\/uploads\/2017\/10\/WEB_2017_OUTUBRO_PROVAS-W_PROVAS-111.jpg 570w, https:\/\/acs.org.br\/academy\/wp-content\/uploads\/2017\/10\/WEB_2017_OUTUBRO_PROVAS-W_PROVAS-111-300x218.jpg 300w\" sizes=\"(max-width: 570px) 100vw, 570px\" \/><\/p>\n<p>O concurso tem sido apontado como importante ferramenta para melhoria da qualidade dos gr\u00e3os de caf\u00e9, estimulando as boas pr\u00e1ticas que conduzem \u00e0 qualidade e premiando produtores, ind\u00fastrias de torrefa\u00e7\u00e3o, cafeterias e empresas exportadoras, o que leva \u00e0 melhoria do valor agregado do produto e eleva o conceito de qualidade do Caf\u00e9 de S\u00e3o Paulo.<\/p>\n<p>Mais informa\u00e7\u00f5es sobre a programa\u00e7\u00e3o podem ser obtidas clicando <a href=\"index.php?option=com_content&amp;view=article&amp;id=17787;2017-10-02-20-42-03&amp;catid=2;noticias&amp;Itemid=49\">AQUI<\/a>.<\/p>\n<p>\u00a0<\/p>\n<p>\u00a0<\/p>\n","protected":false},"excerpt":{"rendered":"<p>Resultado dos 10 finalistas ser\u00e1 divulgado nesta ter\u00e7a-feira (31) Fonte: Assessoria de imprensa ACS&nbsp; A Associa\u00e7\u00e3o Comercial de Santos (ACS) recebe, nesta segunda-feira (30), a comiss\u00e3o julgadora da etapa de provas do 16\u00ba Concurso Estadual de Qualidade do Caf\u00e9 de S\u00e3o Paulo. O resultado com os 10 finalistas ser\u00e1 divulgado nesta ter\u00e7a-feira (31). Posteriormente, esses [&hellip;]<\/p>\n","protected":false},"author":1,"featured_media":80210,"comment_status":"open","ping_status":"open","sticky":false,"template":"","format":"standard","meta":{"footnotes":""},"categories":[84],"tags":[],"_links":{"self":[{"href":"https:\/\/acs.org.br\/academy\/wp-json\/wp\/v2\/posts\/80216"}],"collection":[{"href":"https:\/\/acs.org.br\/academy\/wp-json\/wp\/v2\/posts"}],"about":[{"href":"https:\/\/acs.org.br\/academy\/wp-json\/wp\/v2\/types\/post"}],"author":[{"embeddable":true,"href":"https:\/\/acs.org.br\/academy\/wp-json\/wp\/v2\/users\/1"}],"replies":[{"embeddable":true,"href":"https:\/\/acs.org.br\/academy\/wp-json\/wp\/v2\/comments?post=80216"}],"version-history":[{"count":0,"href":"https:\/\/acs.org.br\/academy\/wp-json\/wp\/v2\/posts\/80216\/revisions"}],"wp:featuredmedia":[{"embeddable":true,"href":"https:\/\/acs.org.br\/academy\/wp-json\/wp\/v2\/media\/80210"}],"wp:attachment":[{"href":"https:\/\/acs.org.br\/academy\/wp-json\/wp\/v2\/media?parent=80216"}],"wp:term":[{"taxonomy":"category","embeddable":true,"href":"https:\/\/acs.org.br\/academy\/wp-json\/wp\/v2\/categories?post=80216"},{"taxonomy":"post_tag","embeddable":true,"href":"https:\/\/acs.org.br\/academy\/wp-json\/wp\/v2\/tags?post=80216"}],"curies":[{"name":"wp","href":"https:\/\/api.w.org\/{rel}","templated":true}]}}