{"id":80143,"date":"2017-10-23T09:50:49","date_gmt":"2017-10-23T11:50:49","guid":{"rendered":"http:\/\/127.0.0.1\/acs\/o-principal-problema-do-brasil-e-a-falta-de-rumo-diz-presidente-do-bndes-em-visita-a-santos\/"},"modified":"2017-10-23T09:50:49","modified_gmt":"2017-10-23T11:50:49","slug":"o-principal-problema-do-brasil-e-a-falta-de-rumo-diz-presidente-do-bndes-em-visita-a-santos","status":"publish","type":"post","link":"https:\/\/acs.org.br\/academy\/o-principal-problema-do-brasil-e-a-falta-de-rumo-diz-presidente-do-bndes-em-visita-a-santos\/","title":{"rendered":"\u201cO principal problema do Brasil \u00e9 a falta de rumo\u201d, diz presidente do BNDES em visita a Santos"},"content":{"rendered":"<p style=\"text-align: left;\" align=\"center\"><i>Paulo Rabello de Castro participou do IV Encontro Paulista de Economistas e III Encontro de Delegados Regionais, Municipais e Distritais do CORECON-SP, na Fatec<\/i><\/p>\n<p align=\"center\"><i> <\/i><\/p>\n<p>Fonte: Assessoria de imprensa ACS<\/p>\n<\/p>\n<p><img loading=\"lazy\" decoding=\"async\" class=\" size-full wp-image-80136\" src=\"http:\/\/127.0.0.1\/acs\/wp-content\/uploads\/2017\/10\/WEB_2017_OUTUBRO_BNDES-W_BNDES-034.JPG\" width=\"570\" height=\"428\" srcset=\"https:\/\/acs.org.br\/academy\/wp-content\/uploads\/2017\/10\/WEB_2017_OUTUBRO_BNDES-W_BNDES-034.JPG 570w, https:\/\/acs.org.br\/academy\/wp-content\/uploads\/2017\/10\/WEB_2017_OUTUBRO_BNDES-W_BNDES-034-300x225.jpg 300w\" sizes=\"(max-width: 570px) 100vw, 570px\" \/><\/p>\n<p>Durante sua participa\u00e7\u00e3o no <i>IV Encontro Paulista de Economistas e III Encontro de Delegados Regionais, Municipais e Distritais do CORECON-SP<\/i>, no \u00faltimo s\u00e1bado (21), o presidente do Banco Nacional de Desenvolvimento Econ\u00f4mico e Social (BNDES), Paulo Rabello de Castro, disse que o principal problema do Brasil \u00e9 \u201ca falta de rumo\u201d.<\/p>\n<p>\u201cN\u00e3o no governo Temer, que, por ser reformista, j\u00e1 adota uma vis\u00e3o planejada, mas precisamos agora de um plano documentado de longo prazo, que tenha uma vis\u00e3o para 2022 e para al\u00e9m de 2022. \u00c9 assim que fazem os chineses, os coreanos, at\u00e9 mesmo os americanos, que dizem que n\u00e3o \u00e9 para planejar, mas s\u00e3o os primeiros a planejar. Portanto, o grande desafio a ser superado \u00e9 ter um plano digno de ser chamado plano\u201d.<\/p>\n<p>Sua palestra foi realizada na abertura do evento, ocorrido na Fatec de Santos (Avenida Bartolomeu de Gusm\u00e3o, 110, Aparecida).<\/p>\n<p>O ponto mais defendido por ele, ao longo de toda a sua fala, para a retomada econ\u00f4mica do Brasil, foi o planejamento.<\/p>\n<p><img loading=\"lazy\" decoding=\"async\" class=\" size-full wp-image-80137\" src=\"http:\/\/127.0.0.1\/acs\/wp-content\/uploads\/2017\/10\/WEB_2017_OUTUBRO_BNDES-W_BNDES-042.JPG\" width=\"570\" height=\"428\" srcset=\"https:\/\/acs.org.br\/academy\/wp-content\/uploads\/2017\/10\/WEB_2017_OUTUBRO_BNDES-W_BNDES-042.JPG 570w, https:\/\/acs.org.br\/academy\/wp-content\/uploads\/2017\/10\/WEB_2017_OUTUBRO_BNDES-W_BNDES-042-300x225.jpg 300w\" sizes=\"(max-width: 570px) 100vw, 570px\" \/><\/p>\n<p>\u201cO PIB (Produto Interno Bruto) se faz com trabalho, organizando o trabalho, que anda muito desorganizado. T\u00e3o desorganizado que hoje a gente inviabiliza o trabalho para viabilizar o juros, \u00e9 um Pa\u00eds de ponta cabe\u00e7a, que dificilmente vai conseguir trabalhar. Portanto, n\u00e3o adianta pedir para o BNDES mandar cheque para matar a d\u00edvida que est\u00e1 l\u00e1 em 2050 se a gente n\u00e3o organizar, nesse mesmo banco, o cr\u00e9dito\u201d.<\/p>\n<p>O presidente do BNDES ressaltou que a prioridade ao investimento ser\u00e1 a \u00fanica maneira de reerguer o Pa\u00eds.<\/p>\n<p>\u201cTemos que dar prioridade ao investimento, que depende de uma agenda de investimentos e de um plano de infraestrutura, para apresentar aos pr\u00f3ximos candidatos a presidente essa agenda. N\u00e3o pode ser s\u00f3 um <i>hall<\/i> de obras, isso n\u00e3o \u00e9 plano. Plano \u00e9 algo que organiza a nossa maneira de chegar l\u00e1, uma esp\u00e9cie de roteiro. Tem que ser um conjunto de obras que organize o crescimento para que a gente, no futuro, pague a d\u00edvida. Ali\u00e1s, ela nem precisar\u00e1 ser paga, ela vai desaparecendo no meio da nossa riqueza\u201d.<\/p>\n<p>Na sequ\u00eancia, Castro apontou os outros dois grandes desafios do Brasil. \u201cO segundo \u00e9 acabar com o manic\u00f4mio tribut\u00e1rio. J\u00e1 o terceiro \u00e9 normalizar a vida monet\u00e1ria do Pa\u00eds, por meio de juros normais\u201d.<\/p>\n<p><img loading=\"lazy\" decoding=\"async\" class=\" size-full wp-image-80138\" src=\"http:\/\/127.0.0.1\/acs\/wp-content\/uploads\/2017\/10\/WEB_2017_OUTUBRO_BNDES-W_BNDES-047.JPG\" width=\"570\" height=\"390\" srcset=\"https:\/\/acs.org.br\/academy\/wp-content\/uploads\/2017\/10\/WEB_2017_OUTUBRO_BNDES-W_BNDES-047.JPG 570w, https:\/\/acs.org.br\/academy\/wp-content\/uploads\/2017\/10\/WEB_2017_OUTUBRO_BNDES-W_BNDES-047-300x205.jpg 300w\" sizes=\"(max-width: 570px) 100vw, 570px\" \/><\/p>\n<p><img loading=\"lazy\" decoding=\"async\" class=\" size-full wp-image-80139\" src=\"http:\/\/127.0.0.1\/acs\/wp-content\/uploads\/2017\/10\/WEB_2017_OUTUBRO_BNDES-W_BNDES-075.JPG\" width=\"570\" height=\"408\" srcset=\"https:\/\/acs.org.br\/academy\/wp-content\/uploads\/2017\/10\/WEB_2017_OUTUBRO_BNDES-W_BNDES-075.JPG 570w, https:\/\/acs.org.br\/academy\/wp-content\/uploads\/2017\/10\/WEB_2017_OUTUBRO_BNDES-W_BNDES-075-300x215.jpg 300w\" sizes=\"(max-width: 570px) 100vw, 570px\" \/><\/p>\n<p>Quando questionado sobre as perspectivas para os empres\u00e1rios, ele foi otimista. \u201cS\u00e3o boas para os empres\u00e1rios e principalmente para o trabalhador\u201d.<\/p>\n<p><b> <\/b><\/p>\n<p><b>Linhas de cr\u00e9dito municipais<\/b><\/p>\n<p>Na oportunidade, Castro anunciou que est\u00e3o sendo realizados estudos para tornar mais f\u00e1cil o acesso \u00e0s linhas atuais do BNDES para utiliza\u00e7\u00e3o municipal.<\/p>\n<p>\u201cA mesma preocupa\u00e7\u00e3o que temos para facilitar o acesso \u00e0s micro e pequenas empresas temos com as prefeituras. Precisamos facilitar, foi isso que o presidente Michel Temer pediu, para que repens\u00e1ssemos essas linhas de forma a torn\u00e1-las mais facilitadas. Em 2018 ele quer que os munic\u00edpios brasileiros tenham cr\u00e9dito e a garantia dessa linha, que tomem esse dinheiro e fa\u00e7am investimentos\u201d.<\/p>\n<p><img loading=\"lazy\" decoding=\"async\" class=\" size-full wp-image-80140\" src=\"http:\/\/127.0.0.1\/acs\/wp-content\/uploads\/2017\/10\/WEB_2017_OUTUBRO_BNDES-W_BNDES-088.JPG\" width=\"570\" height=\"405\" srcset=\"https:\/\/acs.org.br\/academy\/wp-content\/uploads\/2017\/10\/WEB_2017_OUTUBRO_BNDES-W_BNDES-088.JPG 570w, https:\/\/acs.org.br\/academy\/wp-content\/uploads\/2017\/10\/WEB_2017_OUTUBRO_BNDES-W_BNDES-088-300x213.jpg 300w\" sizes=\"(max-width: 570px) 100vw, 570px\" \/><\/p>\n<p><img loading=\"lazy\" decoding=\"async\" class=\" size-full wp-image-80141\" src=\"http:\/\/127.0.0.1\/acs\/wp-content\/uploads\/2017\/10\/WEB_2017_OUTUBRO_BNDES-W_BNDES-094.JPG\" width=\"570\" height=\"418\" srcset=\"https:\/\/acs.org.br\/academy\/wp-content\/uploads\/2017\/10\/WEB_2017_OUTUBRO_BNDES-W_BNDES-094.JPG 570w, https:\/\/acs.org.br\/academy\/wp-content\/uploads\/2017\/10\/WEB_2017_OUTUBRO_BNDES-W_BNDES-094-300x220.jpg 300w\" sizes=\"(max-width: 570px) 100vw, 570px\" \/><\/p>\n<p><img loading=\"lazy\" decoding=\"async\" class=\" size-full wp-image-80142\" src=\"http:\/\/127.0.0.1\/acs\/wp-content\/uploads\/2017\/10\/WEB_2017_OUTUBRO_BNDES-W_BNDES-112.JPG\" width=\"570\" height=\"377\" srcset=\"https:\/\/acs.org.br\/academy\/wp-content\/uploads\/2017\/10\/WEB_2017_OUTUBRO_BNDES-W_BNDES-112.JPG 570w, https:\/\/acs.org.br\/academy\/wp-content\/uploads\/2017\/10\/WEB_2017_OUTUBRO_BNDES-W_BNDES-112-300x198.jpg 300w\" sizes=\"(max-width: 570px) 100vw, 570px\" \/><\/p>\n<p>Mas, haver\u00e1 uma restri\u00e7\u00e3o. \u201cA \u00fanica restri\u00e7\u00e3o \u00e9 que essa linha de cr\u00e9dito n\u00e3o seja para gastos de custeio, mas sim para um gasto objetivo de investimento em benef\u00edcio da popula\u00e7\u00e3o local\u201d.<\/p>\n<p>Castro acredita que dentro de dois meses dever\u00e1 ocorrer um \u201can\u00fancio pr\u00e1tico dessa medida\u201d.<\/p>\n","protected":false},"excerpt":{"rendered":"<p>Paulo Rabello de Castro participou do IV Encontro Paulista de Economistas e III Encontro de Delegados Regionais, Municipais e Distritais do CORECON-SP, na Fatec Fonte: Assessoria de imprensa ACS Durante sua participa\u00e7\u00e3o no IV Encontro Paulista de Economistas e III Encontro de Delegados Regionais, Municipais e Distritais do CORECON-SP, no \u00faltimo s\u00e1bado (21), o presidente [&hellip;]<\/p>\n","protected":false},"author":1,"featured_media":80135,"comment_status":"open","ping_status":"open","sticky":false,"template":"","format":"standard","meta":{"footnotes":""},"categories":[84],"tags":[],"_links":{"self":[{"href":"https:\/\/acs.org.br\/academy\/wp-json\/wp\/v2\/posts\/80143"}],"collection":[{"href":"https:\/\/acs.org.br\/academy\/wp-json\/wp\/v2\/posts"}],"about":[{"href":"https:\/\/acs.org.br\/academy\/wp-json\/wp\/v2\/types\/post"}],"author":[{"embeddable":true,"href":"https:\/\/acs.org.br\/academy\/wp-json\/wp\/v2\/users\/1"}],"replies":[{"embeddable":true,"href":"https:\/\/acs.org.br\/academy\/wp-json\/wp\/v2\/comments?post=80143"}],"version-history":[{"count":0,"href":"https:\/\/acs.org.br\/academy\/wp-json\/wp\/v2\/posts\/80143\/revisions"}],"wp:featuredmedia":[{"embeddable":true,"href":"https:\/\/acs.org.br\/academy\/wp-json\/wp\/v2\/media\/80135"}],"wp:attachment":[{"href":"https:\/\/acs.org.br\/academy\/wp-json\/wp\/v2\/media?parent=80143"}],"wp:term":[{"taxonomy":"category","embeddable":true,"href":"https:\/\/acs.org.br\/academy\/wp-json\/wp\/v2\/categories?post=80143"},{"taxonomy":"post_tag","embeddable":true,"href":"https:\/\/acs.org.br\/academy\/wp-json\/wp\/v2\/tags?post=80143"}],"curies":[{"name":"wp","href":"https:\/\/api.w.org\/{rel}","templated":true}]}}