{"id":80015,"date":"2017-10-06T18:11:55","date_gmt":"2017-10-06T21:11:55","guid":{"rendered":"http:\/\/127.0.0.1\/acs\/ensino-6\/"},"modified":"2017-10-06T18:11:55","modified_gmt":"2017-10-06T21:11:55","slug":"ensino-6","status":"publish","type":"post","link":"https:\/\/acs.org.br\/academy\/ensino-6\/","title":{"rendered":"Durante reuni\u00e3o da C\u00e2mara de Ensino da ACS &#8211; Prefeito anuncia \u00e0s universidades que Centro Tecnol\u00f3gico da Baixada Santista come\u00e7ar\u00e1 a ser constru\u00eddo ano que vem"},"content":{"rendered":"<p style=\"text-align: left;\" align=\"center\">Fonte: Assessoria de imprensa ACS<\/p>\n<p style=\"text-align: left;\" align=\"center\">\n<p><img loading=\"lazy\" decoding=\"async\" class=\" size-full wp-image-80009\" src=\"http:\/\/127.0.0.1\/acs\/wp-content\/uploads\/2017\/10\/WEB_2017_OUTUBRO_ENSINO-W_IMG_5514.JPG\" width=\"570\" height=\"453\" srcset=\"https:\/\/acs.org.br\/academy\/wp-content\/uploads\/2017\/10\/WEB_2017_OUTUBRO_ENSINO-W_IMG_5514.JPG 570w, https:\/\/acs.org.br\/academy\/wp-content\/uploads\/2017\/10\/WEB_2017_OUTUBRO_ENSINO-W_IMG_5514-300x238.jpg 300w\" sizes=\"(max-width: 570px) 100vw, 570px\" \/><\/p>\n<p>Durante reuni\u00e3o realizada pela C\u00e2mara Setorial de Institui\u00e7\u00f5es de Ensino da Associa\u00e7\u00e3o Comercial de Santos (ACS), o prefeito de Santos, Paulo Alexandre Barbosa, anunciou que a constru\u00e7\u00e3o do Centro Tecnol\u00f3gico da Baixada Santista (CTBS) come\u00e7ar\u00e1 em 2018. O Centro ser\u00e1 um \u00f3rg\u00e3o de pesquisa semi-privado, com administra\u00e7\u00e3o pr\u00f3pria, mas focado nas pesquisas aplicadas em opera\u00e7\u00f5es integradas de explora\u00e7\u00e3o e produ\u00e7\u00e3o, incluindo tecnologias, pessoas e processos.<\/p>\n<p>\u201cTemos priorizado esse tema. Por isso estive com o presidente da Petrobras, Pedro Parente, e na ocasi\u00e3o apresentamos o projeto a ele como prioridade para a Baixada Santista. O Governador, Geraldo Alckmin, refor\u00e7ou a import\u00e2ncia do Centro e, dessa forma, ficou estabelecido que a licita\u00e7\u00e3o para sua constru\u00e7\u00e3o ser\u00e1 feita em 2018 e a obra tamb\u00e9m ser\u00e1 iniciada no ano que vem. Agora, temos que cobrar e demonstrar, unidos, a import\u00e2ncia desse equipamento para a Cidade\u201d.<\/p>\n<p><img loading=\"lazy\" decoding=\"async\" class=\" size-full wp-image-80010\" src=\"http:\/\/127.0.0.1\/acs\/wp-content\/uploads\/2017\/10\/WEB_2017_OUTUBRO_ENSINO-W_IMG_5517.JPG\" width=\"570\" height=\"417\" srcset=\"https:\/\/acs.org.br\/academy\/wp-content\/uploads\/2017\/10\/WEB_2017_OUTUBRO_ENSINO-W_IMG_5517.JPG 570w, https:\/\/acs.org.br\/academy\/wp-content\/uploads\/2017\/10\/WEB_2017_OUTUBRO_ENSINO-W_IMG_5517-300x219.jpg 300w\" sizes=\"(max-width: 570px) 100vw, 570px\" \/>&nbsp;<\/p>\n<p>O encontro, realizado na Sala de Situa\u00e7\u00e3o da Prefeitura de Santos, em raz\u00e3o das obras de moderniza\u00e7\u00e3o que ocorrem no pr\u00e9dio-sede da &nbsp;ACS desde dezembro do ano passado, foi viabilizado pela coordena\u00e7\u00e3o da C\u00e2mara Setorial de Institui\u00e7\u00f5es de Ensino da ACS, representada por Silvia Teixeira Penteado (UniSanta) e reuniu representantes de nove universidades (p\u00fablicas e privadas), al\u00e9m do gerente-geral da Petrobras, Osvaldo Kawakami.<\/p>\n<p><img loading=\"lazy\" decoding=\"async\" class=\" size-full wp-image-80011\" src=\"http:\/\/127.0.0.1\/acs\/wp-content\/uploads\/2017\/10\/WEB_2017_OUTUBRO_ENSINO-W_IMG_5544.JPG\" width=\"570\" height=\"398\" srcset=\"https:\/\/acs.org.br\/academy\/wp-content\/uploads\/2017\/10\/WEB_2017_OUTUBRO_ENSINO-W_IMG_5544.JPG 570w, https:\/\/acs.org.br\/academy\/wp-content\/uploads\/2017\/10\/WEB_2017_OUTUBRO_ENSINO-W_IMG_5544-300x209.jpg 300w\" sizes=\"(max-width: 570px) 100vw, 570px\" \/>&nbsp;<\/p>\n<p>O representante da Petrobras aproveitou a ocasi\u00e3o para dizer que a Bacia de Santos est\u00e1 produzindo hoje 1,2 milh\u00e3o de barris por dia, de um total de 2 milh\u00f5es utilizados pelo Pa\u00eds.<\/p>\n<p><img loading=\"lazy\" decoding=\"async\" class=\" size-full wp-image-80012\" src=\"http:\/\/127.0.0.1\/acs\/wp-content\/uploads\/2017\/10\/WEB_2017_OUTUBRO_ENSINO-W_IMG_5566.JPG\" width=\"570\" height=\"428\" srcset=\"https:\/\/acs.org.br\/academy\/wp-content\/uploads\/2017\/10\/WEB_2017_OUTUBRO_ENSINO-W_IMG_5566.JPG 570w, https:\/\/acs.org.br\/academy\/wp-content\/uploads\/2017\/10\/WEB_2017_OUTUBRO_ENSINO-W_IMG_5566-300x225.jpg 300w\" sizes=\"(max-width: 570px) 100vw, 570px\" \/>&nbsp;<\/p>\n<p>\u201cNossas perspectivas s\u00e3o boas e acreditamos crescer ainda mais. Hoje o pr\u00e9-sal \u00e9 a prioridade da Companhia e grande parte dos investimentos est\u00e1 centralizada na Bacia de Santos.<\/p>\n<p>Estamos trabalhando internamente para que o projeto do CTBS seja desenvolvido e possa caminhar. Consolidado, passar\u00e1 a ser um polo tecnol\u00f3gico na \u00e1rea de \u00f3leo e g\u00e1s\u201d.<\/p>\n<p>Ap\u00f3s o an\u00fancio de uma data para in\u00edcio da constru\u00e7\u00e3o do CTBS, Silvia Teixeira Penteado disse que o encontro superou as expectativas.<\/p>\n<p>\u201cFoi um sucesso. O objetivo da C\u00e2mara foi aproximar a Petrobras e a Prefeitura como uma forma de mostrar que as institui\u00e7\u00f5es de ensino da regi\u00e3o est\u00e3o unindo for\u00e7as para apoiar o projeto desse primeiro Centro e Tecnologia do Estado de S\u00e3o Paulo. Agora vamos lutar para trazer o presidente da Petrobras, Pedro Parente, para nossa regi\u00e3o e cada vez mais abrir esse di\u00e1logo\u201d.<\/p>\n<p>Para o vice-reitor da Unimonte, Adalto Correa, tamb\u00e9m vice-coordenador da C\u00e2mara Setorial de Institui\u00e7\u00f5es de Ensino da ACS, ap\u00f3s sete anos da primeira reuni\u00e3o para discutir o CTBS, o encontro foi um sucesso.<\/p>\n<p>\u201c\u00c9 um momento muito importante, para quem est\u00e1 desde o in\u00edcio desse processo, ver efetivamente a data para constru\u00e7\u00e3o, com a Petrobras junto. O Brasil est\u00e1 dando uma virada e Santos se constituindo como uma lideran\u00e7a nesse processo. Parabenizo o esfor\u00e7o da C\u00e2mara de Ensino, que vem trazendo essa discuss\u00e3o h\u00e1 tanto tempo, quando nada se tinha\u201d.<\/p>\n<p>Edison Monteiro, diretor-geral da Unip Baixada Santista e 2\u00ba diretor financeiro da ACS, disse que o an\u00fancio da data \u00e9 extremamente importante n\u00e3o s\u00f3 para os estudantes da regi\u00e3o, mas para toda sociedade.<\/p>\n<p><img loading=\"lazy\" decoding=\"async\" class=\" size-full wp-image-80013\" src=\"http:\/\/127.0.0.1\/acs\/wp-content\/uploads\/2017\/10\/WEB_2017_OUTUBRO_ENSINO-W_IMG_5582.JPG\" width=\"570\" height=\"405\" srcset=\"https:\/\/acs.org.br\/academy\/wp-content\/uploads\/2017\/10\/WEB_2017_OUTUBRO_ENSINO-W_IMG_5582.JPG 570w, https:\/\/acs.org.br\/academy\/wp-content\/uploads\/2017\/10\/WEB_2017_OUTUBRO_ENSINO-W_IMG_5582-300x213.jpg 300w\" sizes=\"(max-width: 570px) 100vw, 570px\" \/>&nbsp;<\/p>\n<p>\u201cTeremos um centro na Baixada Santista que, al\u00e9m de desenvolver pesquisa com todas as institui\u00e7\u00f5es particulares e p\u00fablicas, permitir\u00e1 que empresas possam vir \u00e0 nossa regi\u00e3o criar uma nova estrat\u00e9gia de desenvolvimento\u201d.<\/p>\n<p>Dalva Mendes Fernandes, representante da Unisantos, tamb\u00e9m avaliou como positivo o encontro. \u201cPercebemos que a Petrobras voltou os olhos para a regi\u00e3o e que existe disposi\u00e7\u00e3o de olhar a Baixada como um polo de ci\u00eancia e tecnologia\u201d.<\/p>\n<p>Os representantes da Unimes, Gustavo Mendes e Eliane Quinones, se mostraram confiantes com esse novo grande passo anunciado. \u201cCom certeza &nbsp;este centro de pesquisa, em parceria com as universidades de Santos, beneficiar\u00e1 toda a regi\u00e3o\u201d.<\/p>\n<p><b> <\/b><\/p>\n<p><b>Parque Tecnol\u00f3gico<\/b><\/p>\n<p>Na ocasi\u00e3o, o Prefeito de Santos aproveitou para dizer que, at\u00e9 o final deste m\u00eas, o munic\u00edpio dever\u00e1 firmar uma parceria com a iniciativa privada para a conclus\u00e3o das obras do Parque Tecnol\u00f3gico da Baixada Santista.<\/p>\n<p>\u201cJ\u00e1 temos 60% das obras conclu\u00eddas. Em virtude do descompasso do Estado em repasses, n\u00e3o queremos estender a execu\u00e7\u00e3o da obra. Ent\u00e3o, vamos buscar parceria com a iniciativa privada. Dentro da pauta de demandas que temos, o Parque est\u00e1 em primeiro lugar. Nos pr\u00f3ximos dias, at\u00e9 o final do m\u00eas, ou come\u00e7o do pr\u00f3ximo, teremos alguma novidade de parceria para execu\u00e7\u00e3o das obras do parque tecnol\u00f3gico\u201d.<\/p>\n<p>O presidente do Parque Tecnol\u00f3gico, Antonio Carlos Silva Gon\u00e7alves, por sua vez, comentou que j\u00e1 se reuniu com todos os reitores e diretores das universidades e faculdades no sentido de alinhar a estrat\u00e9gia de pesquisas.<\/p>\n<p><img loading=\"lazy\" decoding=\"async\" class=\" size-full wp-image-80014\" src=\"http:\/\/127.0.0.1\/acs\/wp-content\/uploads\/2017\/10\/WEB_2017_OUTUBRO_ENSINO-W_IMG_5584.JPG\" width=\"570\" height=\"422\" srcset=\"https:\/\/acs.org.br\/academy\/wp-content\/uploads\/2017\/10\/WEB_2017_OUTUBRO_ENSINO-W_IMG_5584.JPG 570w, https:\/\/acs.org.br\/academy\/wp-content\/uploads\/2017\/10\/WEB_2017_OUTUBRO_ENSINO-W_IMG_5584-300x222.jpg 300w\" sizes=\"(max-width: 570px) 100vw, 570px\" \/><\/p>\n","protected":false},"excerpt":{"rendered":"<p>Fonte: Assessoria de imprensa ACS Durante reuni\u00e3o realizada pela C\u00e2mara Setorial de Institui\u00e7\u00f5es de Ensino da Associa\u00e7\u00e3o Comercial de Santos (ACS), o prefeito de Santos, Paulo Alexandre Barbosa, anunciou que a constru\u00e7\u00e3o do Centro Tecnol\u00f3gico da Baixada Santista (CTBS) come\u00e7ar\u00e1 em 2018. O Centro ser\u00e1 um \u00f3rg\u00e3o de pesquisa semi-privado, com administra\u00e7\u00e3o pr\u00f3pria, mas focado [&hellip;]<\/p>\n","protected":false},"author":1,"featured_media":80008,"comment_status":"open","ping_status":"open","sticky":false,"template":"","format":"standard","meta":{"footnotes":""},"categories":[84],"tags":[],"_links":{"self":[{"href":"https:\/\/acs.org.br\/academy\/wp-json\/wp\/v2\/posts\/80015"}],"collection":[{"href":"https:\/\/acs.org.br\/academy\/wp-json\/wp\/v2\/posts"}],"about":[{"href":"https:\/\/acs.org.br\/academy\/wp-json\/wp\/v2\/types\/post"}],"author":[{"embeddable":true,"href":"https:\/\/acs.org.br\/academy\/wp-json\/wp\/v2\/users\/1"}],"replies":[{"embeddable":true,"href":"https:\/\/acs.org.br\/academy\/wp-json\/wp\/v2\/comments?post=80015"}],"version-history":[{"count":0,"href":"https:\/\/acs.org.br\/academy\/wp-json\/wp\/v2\/posts\/80015\/revisions"}],"wp:featuredmedia":[{"embeddable":true,"href":"https:\/\/acs.org.br\/academy\/wp-json\/wp\/v2\/media\/80008"}],"wp:attachment":[{"href":"https:\/\/acs.org.br\/academy\/wp-json\/wp\/v2\/media?parent=80015"}],"wp:term":[{"taxonomy":"category","embeddable":true,"href":"https:\/\/acs.org.br\/academy\/wp-json\/wp\/v2\/categories?post=80015"},{"taxonomy":"post_tag","embeddable":true,"href":"https:\/\/acs.org.br\/academy\/wp-json\/wp\/v2\/tags?post=80015"}],"curies":[{"name":"wp","href":"https:\/\/api.w.org\/{rel}","templated":true}]}}