{"id":79949,"date":"2017-10-03T16:00:00","date_gmt":"2017-10-03T19:00:00","guid":{"rendered":"http:\/\/127.0.0.1\/acs\/fotos-macrozona\/"},"modified":"2017-10-03T16:00:00","modified_gmt":"2017-10-03T19:00:00","slug":"fotos-macrozona","status":"publish","type":"post","link":"https:\/\/acs.org.br\/academy\/fotos-macrozona\/","title":{"rendered":"C\u00e2mara de Constru\u00e7\u00e3o Civil, empres\u00e1rios e poder p\u00fablico discutem projeto urban\u00edstico \u201cNovo Centro Velho\u201d, que prev\u00ea transformar o Centro de Santos em uma regi\u00e3o residencial"},"content":{"rendered":"<div><\/div>\n<div>\n<p style=\"text-align: left;\" align=\"center\">Fonte: Assessoria de imprensa ACS<\/p>\n<p style=\"text-align: left;\" align=\"center\">\n<p>Numa iniciativa da C\u00e2mara Setorial de Constru\u00e7\u00e3o Civil da Associa\u00e7\u00e3o Comercial de Santos, estiveram reunidos nesta ter\u00e7a-feira (3) diretores da ACS, empres\u00e1rios e integrantes do poder p\u00fablico para discutir o projeto inicialmente intitulado de \u201cNovo Centro Velho\u201d. Trata-se de uma proje\u00e7\u00e3o feita pela Secretaria de Desenvolvimento Urbano da Prefeitura de Santos, para os pr\u00f3ximos 10 anos, em rela\u00e7\u00e3o \u00e0 constru\u00e7\u00e3o civil e \u00e0 mobilidade urbana, principalmente para o Centro de Santos, que pretende transformar a regi\u00e3o em um n\u00facleo residencial e n\u00e3o apenas comercial.<\/p>\n<p>O evento, realizado no audit\u00f3rio da TV Tribuna, em raz\u00e3o das obras de moderniza\u00e7\u00e3o que ocorrem na ACS desde dezembro do ano passado, foi aberto pelo presidente de ambas institui\u00e7\u00f5es, Roberto Clemente Santini, que parabenizou os envolvidos pela iniciativa.<\/p>\n<p><img loading=\"lazy\" decoding=\"async\" class=\" size-full wp-image-79940\" src=\"http:\/\/127.0.0.1\/acs\/wp-content\/uploads\/2017\/10\/WEB_2017_OUTUBRO_MACROZONA-W_MACROZONA-007.jpg\" width=\"570\" height=\"436\" srcset=\"https:\/\/acs.org.br\/academy\/wp-content\/uploads\/2017\/10\/WEB_2017_OUTUBRO_MACROZONA-W_MACROZONA-007.jpg 570w, https:\/\/acs.org.br\/academy\/wp-content\/uploads\/2017\/10\/WEB_2017_OUTUBRO_MACROZONA-W_MACROZONA-007-300x229.jpg 300w\" sizes=\"(max-width: 570px) 100vw, 570px\" \/>&nbsp;<\/p>\n<p>\u201cNossos associados est\u00e3o muito interessados no material que voc\u00eas vieram apresentar. \u00c9 um prazer receber aqui uma discuss\u00e3o como esta, que certamente trar\u00e1 crescimento para a nossa cidade\u201d.<\/p>\n<p>Tamb\u00e9m estiveram presentes os diretores da ACS Edison Monteiro, Andre Canoilas, Vicente do Valle, Marcio Calves, al\u00e9m do Coordenador da C\u00e2mara de Constru\u00e7\u00e3o Civil da ACS, Rogerio Conde.<\/p>\n<p><img loading=\"lazy\" decoding=\"async\" class=\" size-full wp-image-79941\" src=\"http:\/\/127.0.0.1\/acs\/wp-content\/uploads\/2017\/10\/WEB_2017_OUTUBRO_MACROZONA-W_MACROZONA-027.jpg\" width=\"570\" height=\"405\" srcset=\"https:\/\/acs.org.br\/academy\/wp-content\/uploads\/2017\/10\/WEB_2017_OUTUBRO_MACROZONA-W_MACROZONA-027.jpg 570w, https:\/\/acs.org.br\/academy\/wp-content\/uploads\/2017\/10\/WEB_2017_OUTUBRO_MACROZONA-W_MACROZONA-027-300x213.jpg 300w\" sizes=\"(max-width: 570px) 100vw, 570px\" \/><\/p>\n<p><img loading=\"lazy\" decoding=\"async\" class=\" size-full wp-image-79942\" src=\"http:\/\/127.0.0.1\/acs\/wp-content\/uploads\/2017\/10\/WEB_2017_OUTUBRO_MACROZONA-W_MACROZONA-029.jpg\" width=\"570\" height=\"408\" srcset=\"https:\/\/acs.org.br\/academy\/wp-content\/uploads\/2017\/10\/WEB_2017_OUTUBRO_MACROZONA-W_MACROZONA-029.jpg 570w, https:\/\/acs.org.br\/academy\/wp-content\/uploads\/2017\/10\/WEB_2017_OUTUBRO_MACROZONA-W_MACROZONA-029-300x215.jpg 300w\" sizes=\"(max-width: 570px) 100vw, 570px\" \/><\/p>\n<p>Segundo Conde, a ideia de agendar essa discuss\u00e3o \u00e9 fomentar o debate sobre o futuro da cidade, trazendo propostas para o poder p\u00fablico. \u201cA conversa \u00e9 o mais importante para amadurecermos as ideias e chegarmos a um melhor resultado para impulsionar o desenvolvimento de Santos. O momento agora \u00e9 de se planejar para que as coisas aconte\u00e7am de forma correta e pensada\u201d.<\/p>\n<p><b> <\/b><\/p>\n<p><img loading=\"lazy\" decoding=\"async\" class=\" size-full wp-image-79943\" src=\"http:\/\/127.0.0.1\/acs\/wp-content\/uploads\/2017\/10\/WEB_2017_OUTUBRO_MACROZONA-W_MACROZONA-094.jpg\" width=\"570\" height=\"413\" srcset=\"https:\/\/acs.org.br\/academy\/wp-content\/uploads\/2017\/10\/WEB_2017_OUTUBRO_MACROZONA-W_MACROZONA-094.jpg 570w, https:\/\/acs.org.br\/academy\/wp-content\/uploads\/2017\/10\/WEB_2017_OUTUBRO_MACROZONA-W_MACROZONA-094-300x217.jpg 300w\" sizes=\"(max-width: 570px) 100vw, 570px\" \/><\/p>\n<p><b>O projeto <\/b><\/p>\n<p>O secret\u00e1rio de Desenvolvimento Urbano de Santos, Julio Eduardo Santos, fez uma apresenta\u00e7\u00e3o, mostrando um mapeamento da Macro\u00e1rea do Centro, com a inser\u00e7\u00e3o de diferentes possibilidades para a constru\u00e7\u00e3o civil e de mobilidade.<\/p>\n<p><img loading=\"lazy\" decoding=\"async\" class=\" size-full wp-image-79944\" src=\"http:\/\/127.0.0.1\/acs\/wp-content\/uploads\/2017\/10\/WEB_2017_OUTUBRO_MACROZONA-W_MACROZONA-018.jpg\" width=\"570\" height=\"394\" srcset=\"https:\/\/acs.org.br\/academy\/wp-content\/uploads\/2017\/10\/WEB_2017_OUTUBRO_MACROZONA-W_MACROZONA-018.jpg 570w, https:\/\/acs.org.br\/academy\/wp-content\/uploads\/2017\/10\/WEB_2017_OUTUBRO_MACROZONA-W_MACROZONA-018-300x207.jpg 300w\" sizes=\"(max-width: 570px) 100vw, 570px\" \/><\/p>\n<p>\u201cDesenvolvemos o projeto para o futuro da cidade e viemos mostrar aos empres\u00e1rios, para que eles possam contribuir, porque sozinho o poder p\u00fablico n\u00e3o consegue levar para frente. Estamos numa ilha, n\u00e3o temos mais para onde crescer. Junto com os empres\u00e1rios queremos saber para onde vamos caminhar no setor da constru\u00e7\u00e3o civil. A sugest\u00e3o \u00e9 que seja um projeto da cidade e n\u00e3o do governo, para que ele prossiga de forma independente, com a participa\u00e7\u00e3o do empresariado e da sociedade\u201d.<\/p>\n<p>Entre os objetivos do projeto, est\u00e3o: qualificar os deslocamentos e a mobilidade urbana; estimular o desenvolvimento econ\u00f4mico sustent\u00e1vel; potencializar o turismo hist\u00f3rico e cultural; qualificar e incentivar o com\u00e9rcio varejista especializado; diversificar o uso residencial; promover e renova\u00e7\u00e3o urbana dos bairros Valongo e Paquet\u00e1; e consolidar o polo de desenvolvimento educacional e tecnol\u00f3gico.<\/p>\n<p><b> <\/b><\/p>\n<p><b>Debate<\/b><\/p>\n<p>Ao final da apresenta\u00e7\u00e3o, o p\u00fablico p\u00f4de fazer perguntas e sugest\u00f5es. O presidente da ACS, Roberto Clemente Santini, aproveitou para questionar de que maneira o projeto pretende atrair as pessoas para o Cento.<\/p>\n<p><img loading=\"lazy\" decoding=\"async\" class=\" size-full wp-image-79945\" src=\"http:\/\/127.0.0.1\/acs\/wp-content\/uploads\/2017\/10\/WEB_2017_OUTUBRO_MACROZONA-W_MACROZONA-073.jpg\" width=\"570\" height=\"421\" srcset=\"https:\/\/acs.org.br\/academy\/wp-content\/uploads\/2017\/10\/WEB_2017_OUTUBRO_MACROZONA-W_MACROZONA-073.jpg 570w, https:\/\/acs.org.br\/academy\/wp-content\/uploads\/2017\/10\/WEB_2017_OUTUBRO_MACROZONA-W_MACROZONA-073-300x222.jpg 300w\" sizes=\"(max-width: 570px) 100vw, 570px\" \/><\/p>\n<p>\u201cExiste um projeto de est\u00edmulo para as pessoas virem morar no Centro? Voc\u00eas pretendem fazer uma urbaniza\u00e7\u00e3o no local, ou voc\u00eas v\u00e3o depender apenas de quem vem aqui (ao Centro) passear? Acredito que quem n\u00e3o tem empresa ou trabalha aqui, n\u00e3o vem ao Centro\u201d.<\/p>\n<p><img loading=\"lazy\" decoding=\"async\" class=\" size-full wp-image-79946\" src=\"http:\/\/127.0.0.1\/acs\/wp-content\/uploads\/2017\/10\/WEB_2017_OUTUBRO_MACROZONA-W_MACROZONA-091.jpg\" width=\"570\" height=\"428\" srcset=\"https:\/\/acs.org.br\/academy\/wp-content\/uploads\/2017\/10\/WEB_2017_OUTUBRO_MACROZONA-W_MACROZONA-091.jpg 570w, https:\/\/acs.org.br\/academy\/wp-content\/uploads\/2017\/10\/WEB_2017_OUTUBRO_MACROZONA-W_MACROZONA-091-300x225.jpg 300w\" sizes=\"(max-width: 570px) 100vw, 570px\" \/><\/p>\n<p>Em resposta, o secret\u00e1rio explicou que o foco \u00e9 atrair pessoas que tenham se mudado da cidade por falta de condi\u00e7\u00f5es financeiras, por exemplo. \u201cA classe m\u00e9dia, pessoas que moram em Guaruj\u00e1, Praia Grande e j\u00e1 moraram em Santos e t\u00eam interesse em morar aqui. Hoje as pessoas querem morar perto de seus locais de trabalho e onde eles fazem compras. Tendo um centro comercial forte aqui, urbanizamos o Centro com as pessoas que trabalham no local. Podemos tentar concess\u00f5es e incentivos para a ind\u00fastria da constru\u00e7\u00e3o\u201d.<\/p>\n<p>O diretor da ACS Andre Canoilas ratificou a fala de Santini e ressaltou que custo \u00e9 uma quest\u00e3o importante.<\/p>\n<p><img loading=\"lazy\" decoding=\"async\" class=\" size-full wp-image-79947\" src=\"http:\/\/127.0.0.1\/acs\/wp-content\/uploads\/2017\/10\/WEB_2017_OUTUBRO_MACROZONA-W_MACROZONA-012.jpg\" width=\"570\" height=\"413\" srcset=\"https:\/\/acs.org.br\/academy\/wp-content\/uploads\/2017\/10\/WEB_2017_OUTUBRO_MACROZONA-W_MACROZONA-012.jpg 570w, https:\/\/acs.org.br\/academy\/wp-content\/uploads\/2017\/10\/WEB_2017_OUTUBRO_MACROZONA-W_MACROZONA-012-300x217.jpg 300w\" sizes=\"(max-width: 570px) 100vw, 570px\" \/><\/p>\n<p>\u201cHoje at\u00e9 as empresas do setor portu\u00e1rio est\u00e3o indo embora porque Santos passou por um movimento de novos empreendimentos imobili\u00e1rios comerciais e muitos deles est\u00e3o vazios. H\u00e1 dois anos o custo de ocupa\u00e7\u00e3o desses empreendimentos era de 60, 70 reais o m2 de loca\u00e7\u00e3o e hoje \u00e9 de 20, 25 reais o m2. Essas empresas que hoje ocupam pr\u00e9dios antigos se deslocam para esses empreendimentos novos. Assim, o com\u00e9rcio do Centro vai fechando. Por isso, a ideia \u00e9 perfeita, mas tem que trazer o pessoal para morar aqui\u201d.<\/p>\n<p>Por fim, o vereador Adilson Junior, que participou do evento, disse que a C\u00e2mara de Vereadores est\u00e1 \u00e0 disposi\u00e7\u00e3o para aprovar \u201cprojetos como o apresentado e realizar media\u00e7\u00f5es para contribuir para o avan\u00e7o da regi\u00e3o\u201d.<\/p>\n<p><img loading=\"lazy\" decoding=\"async\" class=\" size-full wp-image-79948\" src=\"http:\/\/127.0.0.1\/acs\/wp-content\/uploads\/2017\/10\/WEB_2017_OUTUBRO_MACROZONA-W_MACROZONA-104.jpg\" width=\"570\" height=\"406\" srcset=\"https:\/\/acs.org.br\/academy\/wp-content\/uploads\/2017\/10\/WEB_2017_OUTUBRO_MACROZONA-W_MACROZONA-104.jpg 570w, https:\/\/acs.org.br\/academy\/wp-content\/uploads\/2017\/10\/WEB_2017_OUTUBRO_MACROZONA-W_MACROZONA-104-300x214.jpg 300w\" sizes=\"(max-width: 570px) 100vw, 570px\" \/><\/p>\n<p>\u00a0<\/p>\n<p>\u00a0<\/p>\n<\/div>\n","protected":false},"excerpt":{"rendered":"<p>Fonte: Assessoria de imprensa ACS Numa iniciativa da C\u00e2mara Setorial de Constru\u00e7\u00e3o Civil da Associa\u00e7\u00e3o Comercial de Santos, estiveram reunidos nesta ter\u00e7a-feira (3) diretores da ACS, empres\u00e1rios e integrantes do poder p\u00fablico para discutir o projeto inicialmente intitulado de \u201cNovo Centro Velho\u201d. Trata-se de uma proje\u00e7\u00e3o feita pela Secretaria de Desenvolvimento Urbano da Prefeitura de [&hellip;]<\/p>\n","protected":false},"author":1,"featured_media":79939,"comment_status":"open","ping_status":"open","sticky":false,"template":"","format":"standard","meta":{"footnotes":""},"categories":[84],"tags":[],"_links":{"self":[{"href":"https:\/\/acs.org.br\/academy\/wp-json\/wp\/v2\/posts\/79949"}],"collection":[{"href":"https:\/\/acs.org.br\/academy\/wp-json\/wp\/v2\/posts"}],"about":[{"href":"https:\/\/acs.org.br\/academy\/wp-json\/wp\/v2\/types\/post"}],"author":[{"embeddable":true,"href":"https:\/\/acs.org.br\/academy\/wp-json\/wp\/v2\/users\/1"}],"replies":[{"embeddable":true,"href":"https:\/\/acs.org.br\/academy\/wp-json\/wp\/v2\/comments?post=79949"}],"version-history":[{"count":0,"href":"https:\/\/acs.org.br\/academy\/wp-json\/wp\/v2\/posts\/79949\/revisions"}],"wp:featuredmedia":[{"embeddable":true,"href":"https:\/\/acs.org.br\/academy\/wp-json\/wp\/v2\/media\/79939"}],"wp:attachment":[{"href":"https:\/\/acs.org.br\/academy\/wp-json\/wp\/v2\/media?parent=79949"}],"wp:term":[{"taxonomy":"category","embeddable":true,"href":"https:\/\/acs.org.br\/academy\/wp-json\/wp\/v2\/categories?post=79949"},{"taxonomy":"post_tag","embeddable":true,"href":"https:\/\/acs.org.br\/academy\/wp-json\/wp\/v2\/tags?post=79949"}],"curies":[{"name":"wp","href":"https:\/\/api.w.org\/{rel}","templated":true}]}}