{"id":79566,"date":"2017-09-20T08:55:16","date_gmt":"2017-09-20T11:55:16","guid":{"rendered":"http:\/\/127.0.0.1\/acs\/mudanca-na-data-do-curso-de-classificacao-e-degustacao-de-cafe-da-acs\/"},"modified":"2017-09-20T08:55:16","modified_gmt":"2017-09-20T11:55:16","slug":"mudanca-na-data-do-curso-de-classificacao-e-degustacao-de-cafe-da-acs","status":"publish","type":"post","link":"https:\/\/acs.org.br\/academy\/mudanca-na-data-do-curso-de-classificacao-e-degustacao-de-cafe-da-acs\/","title":{"rendered":"Mudan\u00e7a na data do Curso de Classifica\u00e7\u00e3o e Degusta\u00e7\u00e3o de Caf\u00e9 da ACS"},"content":{"rendered":"<p>Caro associado,<\/p>\n<p>Em virtude das obras de moderniza\u00e7\u00e3o que ocorrem em nossa sede desde dezembro do ano passado, vamos transferir o Curso de Classifica\u00e7\u00e3o e Degusta\u00e7\u00e3o de Caf\u00e9, que seria realizado em novembro, para o m\u00eas de outubro, do dia 2 ao dia 26.<\/p>\n<p>As inscri\u00e7\u00f5es devem ser feitas at\u00e9 o dia 29 deste m\u00eas (setembro).<\/p>\n<p>Os interessados devem ter idade m\u00ednima de 18 anos e apresentar na sede da ACS (\u00e0 Rua XV de Novembro, 137, 2\u00ba andar, Centro \u2013 Santos) os seguintes documentos:<\/p>\n<p>&#8211; c\u00f3pia do diploma ou certificado de conclus\u00e3o do 2\u00ba Grau ou equivalente;<\/p>\n<p>&#8211; atestado de sanidade bucal emitido por profissional habilitado;<\/p>\n<p>&#8211; c\u00f3pia da c\u00e9dula de identidade e, no caso de estrangeiros, c\u00f3pia do passaporte;<\/p>\n<p>&#8211; 2 (duas) fotos 3&#215;4.<\/p>\n<p>Mais informa\u00e7\u00f5es podem ser obtidas pelo telefone (13) 3212-8200 &#8211; ramal 220.<\/p>\n<p><strong>Programa\u00e7\u00e3o<\/strong><\/p>\n<p>As aulas te\u00f3ricas e pr\u00e1ticas de classifica\u00e7\u00e3o e degusta\u00e7\u00e3o de caf\u00e9 ser\u00e3o realizadas na Sala de Classifica\u00e7\u00e3o da ACS, as 8 \u00e0s 10 horas.<\/p>\n<p>Os alunos ter\u00e3o aprendizagem te\u00f3rica e pr\u00e1tica sobre a hist\u00f3ria do caf\u00e9, produ\u00e7\u00e3o, armazenagem, aspectos econ\u00f4micos nacionais e internacionais, legisla\u00e7\u00e3o, tecnologia, fiscaliza\u00e7\u00e3o, identifica\u00e7\u00e3o de gr\u00e3os, prova de bebida e desenvolvimento de blends.<\/p>\n<p>Eles participar\u00e3o, ainda, de visitas a uma fazenda de caf\u00e9 e a um armaz\u00e9m.<\/p>\n<p>Ao final, os alunos aprovados recebem, al\u00e9m do certificado, a carteira de classificador de caf\u00e9 e uma colher de prova.<\/p>\n<p>Valores<\/p>\n<p>Associados pagam R$ 900,00 e o valor para n\u00e3o associados \u00e9 de R$ 1.700,00. A inscri\u00e7\u00e3o deve ser paga at\u00e9 o dia 29 deste m\u00eas, para garantir a vaga.<\/p>\n<p>\u00a0<\/p>\n<p>Atenciosamente,<\/p>\n<p>Departamento de Comunica\u00e7\u00e3o \/ Assessoria de Imprensa<\/p>\n","protected":false},"excerpt":{"rendered":"<p>Caro associado, Em virtude das obras de moderniza\u00e7\u00e3o que ocorrem em nossa sede desde dezembro do ano passado, vamos transferir o Curso de Classifica\u00e7\u00e3o e Degusta\u00e7\u00e3o de Caf\u00e9, que seria realizado em novembro, para o m\u00eas de outubro, do dia 2 ao dia 26. As inscri\u00e7\u00f5es devem ser feitas at\u00e9 o dia 29 deste m\u00eas [&hellip;]<\/p>\n","protected":false},"author":1,"featured_media":0,"comment_status":"open","ping_status":"open","sticky":false,"template":"","format":"standard","meta":{"footnotes":""},"categories":[84],"tags":[],"_links":{"self":[{"href":"https:\/\/acs.org.br\/academy\/wp-json\/wp\/v2\/posts\/79566"}],"collection":[{"href":"https:\/\/acs.org.br\/academy\/wp-json\/wp\/v2\/posts"}],"about":[{"href":"https:\/\/acs.org.br\/academy\/wp-json\/wp\/v2\/types\/post"}],"author":[{"embeddable":true,"href":"https:\/\/acs.org.br\/academy\/wp-json\/wp\/v2\/users\/1"}],"replies":[{"embeddable":true,"href":"https:\/\/acs.org.br\/academy\/wp-json\/wp\/v2\/comments?post=79566"}],"version-history":[{"count":0,"href":"https:\/\/acs.org.br\/academy\/wp-json\/wp\/v2\/posts\/79566\/revisions"}],"wp:attachment":[{"href":"https:\/\/acs.org.br\/academy\/wp-json\/wp\/v2\/media?parent=79566"}],"wp:term":[{"taxonomy":"category","embeddable":true,"href":"https:\/\/acs.org.br\/academy\/wp-json\/wp\/v2\/categories?post=79566"},{"taxonomy":"post_tag","embeddable":true,"href":"https:\/\/acs.org.br\/academy\/wp-json\/wp\/v2\/tags?post=79566"}],"curies":[{"name":"wp","href":"https:\/\/api.w.org\/{rel}","templated":true}]}}