{"id":79553,"date":"2017-09-19T17:44:01","date_gmt":"2017-09-19T20:44:01","guid":{"rendered":"http:\/\/127.0.0.1\/acs\/confira-as-fotos-da-reuniao-da-camara-setorial-de-educacao-da-acs\/"},"modified":"2017-09-19T17:44:01","modified_gmt":"2017-09-19T20:44:01","slug":"confira-as-fotos-da-reuniao-da-camara-setorial-de-educacao-da-acs","status":"publish","type":"post","link":"https:\/\/acs.org.br\/academy\/confira-as-fotos-da-reuniao-da-camara-setorial-de-educacao-da-acs\/","title":{"rendered":"Confira as fotos da reuni\u00e3o da C\u00e2mara Setorial de Educa\u00e7\u00e3o da ACS"},"content":{"rendered":"<p>Confira abaixo as fotos da reuni\u00e3o da C\u00e2mara Setorial de Educa\u00e7\u00e3o da ACS, realizada nesta ter\u00e7a-feira (19), na UniSanta. Entre os assuntos debatidos, estavam: o planejamento da II Rodada de Cidadania da ACS; Centro Tecnol\u00f3gico da Baixada Santista \u2013 CTBS; ACS Jovem e a&nbsp; participa\u00e7\u00e3o universit\u00e1ria; representa\u00e7\u00e3o&nbsp; das Institui\u00e7\u00f5es de Ensino Superior junto ao Comit\u00ea Municipal de Transpar\u00eancia de Santos; apresenta\u00e7\u00e3o do projeto de lei de autoria do Vereador Bruno Orlandi: Consumo de Bebidas Alco\u00f3licas no entorno das IES.<\/p>\n<p>&nbsp;<\/p>\n<p><img loading=\"lazy\" decoding=\"async\" class=\" size-full wp-image-79552\" src=\"http:\/\/127.0.0.1\/acs\/wp-content\/uploads\/2017\/09\/WEB_2017_SETEMBRO_EDUCACAO-W_foto2.JPG\" width=\"570\" height=\"377\" srcset=\"https:\/\/acs.org.br\/academy\/wp-content\/uploads\/2017\/09\/WEB_2017_SETEMBRO_EDUCACAO-W_foto2.JPG 570w, https:\/\/acs.org.br\/academy\/wp-content\/uploads\/2017\/09\/WEB_2017_SETEMBRO_EDUCACAO-W_foto2-300x198.jpg 300w\" sizes=\"(max-width: 570px) 100vw, 570px\" \/><\/p>\n<p>\u00a0<\/p>\n","protected":false},"excerpt":{"rendered":"<p>Confira abaixo as fotos da reuni\u00e3o da C\u00e2mara Setorial de Educa\u00e7\u00e3o da ACS, realizada nesta ter\u00e7a-feira (19), na UniSanta. Entre os assuntos debatidos, estavam: o planejamento da II Rodada de Cidadania da ACS; Centro Tecnol\u00f3gico da Baixada Santista \u2013 CTBS; ACS Jovem e a&nbsp; participa\u00e7\u00e3o universit\u00e1ria; representa\u00e7\u00e3o&nbsp; das Institui\u00e7\u00f5es de Ensino Superior junto ao Comit\u00ea [&hellip;]<\/p>\n","protected":false},"author":1,"featured_media":79551,"comment_status":"open","ping_status":"open","sticky":false,"template":"","format":"standard","meta":{"footnotes":""},"categories":[84],"tags":[],"_links":{"self":[{"href":"https:\/\/acs.org.br\/academy\/wp-json\/wp\/v2\/posts\/79553"}],"collection":[{"href":"https:\/\/acs.org.br\/academy\/wp-json\/wp\/v2\/posts"}],"about":[{"href":"https:\/\/acs.org.br\/academy\/wp-json\/wp\/v2\/types\/post"}],"author":[{"embeddable":true,"href":"https:\/\/acs.org.br\/academy\/wp-json\/wp\/v2\/users\/1"}],"replies":[{"embeddable":true,"href":"https:\/\/acs.org.br\/academy\/wp-json\/wp\/v2\/comments?post=79553"}],"version-history":[{"count":0,"href":"https:\/\/acs.org.br\/academy\/wp-json\/wp\/v2\/posts\/79553\/revisions"}],"wp:featuredmedia":[{"embeddable":true,"href":"https:\/\/acs.org.br\/academy\/wp-json\/wp\/v2\/media\/79551"}],"wp:attachment":[{"href":"https:\/\/acs.org.br\/academy\/wp-json\/wp\/v2\/media?parent=79553"}],"wp:term":[{"taxonomy":"category","embeddable":true,"href":"https:\/\/acs.org.br\/academy\/wp-json\/wp\/v2\/categories?post=79553"},{"taxonomy":"post_tag","embeddable":true,"href":"https:\/\/acs.org.br\/academy\/wp-json\/wp\/v2\/tags?post=79553"}],"curies":[{"name":"wp","href":"https:\/\/api.w.org\/{rel}","templated":true}]}}