{"id":79544,"date":"2017-09-19T12:41:26","date_gmt":"2017-09-19T15:41:26","guid":{"rendered":"http:\/\/127.0.0.1\/acs\/fotos-elevador\/"},"modified":"2017-09-19T12:41:26","modified_gmt":"2017-09-19T15:41:26","slug":"fotos-elevador","status":"publish","type":"post","link":"https:\/\/acs.org.br\/academy\/fotos-elevador\/","title":{"rendered":"Novo elevador da ACS \u00e9 entregue e funcionar\u00e1 na velocidade de um metro por segundo"},"content":{"rendered":"<p>Fonte: Assessoria de imprensa ACS<\/p>\n<p>O novo elevador da Associa\u00e7\u00e3o Comercial de Santos (ACS) foi entregue e sua instala\u00e7\u00e3o est\u00e1 conclu\u00edda. A velocidade do equipamento \u00e9 de um metro por segundo, ter\u00e1 tr\u00eas paradas e sua capacidade \u00e9 para at\u00e9 13 pessoas. A instala\u00e7\u00e3o do elevador faz parte da obra de moderniza\u00e7\u00e3o da ACS, que ocorre desde dezembro do ano passado.<\/p>\n<\/p>\n<p>O engenheiro respons\u00e1vel pela reforma, Alexandre Alonso, explica que a velocidade de qualquer elevador \u00e9 controlada pelo fabricante. \u201cO c\u00e1lculo \u00e9 feito de acordo com o n\u00famero de pessoas e seu trajeto. Mas certamente, ser\u00e1 mais \u00e1gil que o antigo\u201d.<\/p>\n<p><img loading=\"lazy\" decoding=\"async\" class=\" size-full wp-image-79541\" src=\"http:\/\/127.0.0.1\/acs\/wp-content\/uploads\/2017\/09\/WEB_2017_SETEMBRO_OBRA-19-09-2017-W_OBRA-19-09-2017_0077.jpg\" width=\"570\" height=\"428\" srcset=\"https:\/\/acs.org.br\/academy\/wp-content\/uploads\/2017\/09\/WEB_2017_SETEMBRO_OBRA-19-09-2017-W_OBRA-19-09-2017_0077.jpg 570w, https:\/\/acs.org.br\/academy\/wp-content\/uploads\/2017\/09\/WEB_2017_SETEMBRO_OBRA-19-09-2017-W_OBRA-19-09-2017_0077-300x225.jpg 300w\" sizes=\"(max-width: 570px) 100vw, 570px\" \/><\/p>\n<p>Al\u00e9m de maior comodidade, o engenheiro garante que o equipamento ser\u00e1 mais seguro, gra\u00e7as a seu moderno sistema de tra\u00e7\u00e3o, controles e seguran\u00e7a.<\/p>\n<p><img loading=\"lazy\" decoding=\"async\" class=\" size-full wp-image-79542\" src=\"http:\/\/127.0.0.1\/acs\/wp-content\/uploads\/2017\/09\/WEB_2017_SETEMBRO_OBRA-19-09-2017-W_OBRA-19-09-2017_0065.jpg\" width=\"570\" height=\"428\" srcset=\"https:\/\/acs.org.br\/academy\/wp-content\/uploads\/2017\/09\/WEB_2017_SETEMBRO_OBRA-19-09-2017-W_OBRA-19-09-2017_0065.jpg 570w, https:\/\/acs.org.br\/academy\/wp-content\/uploads\/2017\/09\/WEB_2017_SETEMBRO_OBRA-19-09-2017-W_OBRA-19-09-2017_0065-300x225.jpg 300w\" sizes=\"(max-width: 570px) 100vw, 570px\" \/><\/p>\n<p>\u201cA tra\u00e7\u00e3o \u00e9 feita por meio de fitas e n\u00e3o de cabos de a\u00e7o. A m\u00e1quina tamb\u00e9m n\u00e3o possui engrenagens, eliminando o consumo de \u00f3leo lubrificante, o que torna o equipamento ecologicamente compat\u00edvel. Tudo isso gera maior seguran\u00e7a e menos ru\u00eddos, pois o deslizar dessas fitas quase n\u00e3o produz som. O motor tem o dispositivo de invers\u00e3o de frequ\u00eancia, diminuindo consideravelmente o consumo de energia. O elevador atende tamb\u00e9m \u00e0 legisla\u00e7\u00e3o de acessibilidade, al\u00e9m do que as normas atuais preconizam. Outra curiosidade \u00e9 que o motor est\u00e1 instalado dentro do po\u00e7o do elevador e n\u00e3o numa casa de m\u00e1quinas, como geralmente ocorre. Assim, foi poss\u00edvel viabilizar a instala\u00e7\u00e3o do novo equipamento\u201d.<\/p>\n<p><img loading=\"lazy\" decoding=\"async\" class=\" size-full wp-image-79543\" src=\"http:\/\/127.0.0.1\/acs\/wp-content\/uploads\/2017\/09\/WEB_2017_SETEMBRO_OBRA-19-09-2017-W_OBRA-19-09-2017_0069.jpg\" width=\"570\" height=\"452\" srcset=\"https:\/\/acs.org.br\/academy\/wp-content\/uploads\/2017\/09\/WEB_2017_SETEMBRO_OBRA-19-09-2017-W_OBRA-19-09-2017_0069.jpg 570w, https:\/\/acs.org.br\/academy\/wp-content\/uploads\/2017\/09\/WEB_2017_SETEMBRO_OBRA-19-09-2017-W_OBRA-19-09-2017_0069-300x238.jpg 300w\" sizes=\"(max-width: 570px) 100vw, 570px\" \/><\/p>\n<p>O novo elevador deve ser inaugurado juntamente com a entrega total da obra.<\/p>\n<p>\u00a0<\/p>\n<p>\u00a0<\/p>\n<p>\u00a0<\/p>\n<p><\/p>\n","protected":false},"excerpt":{"rendered":"<p>Fonte: Assessoria de imprensa ACS O novo elevador da Associa\u00e7\u00e3o Comercial de Santos (ACS) foi entregue e sua instala\u00e7\u00e3o est\u00e1 conclu\u00edda. A velocidade do equipamento \u00e9 de um metro por segundo, ter\u00e1 tr\u00eas paradas e sua capacidade \u00e9 para at\u00e9 13 pessoas. A instala\u00e7\u00e3o do elevador faz parte da obra de moderniza\u00e7\u00e3o da ACS, que [&hellip;]<\/p>\n","protected":false},"author":1,"featured_media":79540,"comment_status":"open","ping_status":"open","sticky":false,"template":"","format":"standard","meta":{"footnotes":""},"categories":[84],"tags":[],"_links":{"self":[{"href":"https:\/\/acs.org.br\/academy\/wp-json\/wp\/v2\/posts\/79544"}],"collection":[{"href":"https:\/\/acs.org.br\/academy\/wp-json\/wp\/v2\/posts"}],"about":[{"href":"https:\/\/acs.org.br\/academy\/wp-json\/wp\/v2\/types\/post"}],"author":[{"embeddable":true,"href":"https:\/\/acs.org.br\/academy\/wp-json\/wp\/v2\/users\/1"}],"replies":[{"embeddable":true,"href":"https:\/\/acs.org.br\/academy\/wp-json\/wp\/v2\/comments?post=79544"}],"version-history":[{"count":0,"href":"https:\/\/acs.org.br\/academy\/wp-json\/wp\/v2\/posts\/79544\/revisions"}],"wp:featuredmedia":[{"embeddable":true,"href":"https:\/\/acs.org.br\/academy\/wp-json\/wp\/v2\/media\/79540"}],"wp:attachment":[{"href":"https:\/\/acs.org.br\/academy\/wp-json\/wp\/v2\/media?parent=79544"}],"wp:term":[{"taxonomy":"category","embeddable":true,"href":"https:\/\/acs.org.br\/academy\/wp-json\/wp\/v2\/categories?post=79544"},{"taxonomy":"post_tag","embeddable":true,"href":"https:\/\/acs.org.br\/academy\/wp-json\/wp\/v2\/tags?post=79544"}],"curies":[{"name":"wp","href":"https:\/\/api.w.org\/{rel}","templated":true}]}}