{"id":79417,"date":"2017-09-11T11:49:17","date_gmt":"2017-09-11T14:49:17","guid":{"rendered":"http:\/\/127.0.0.1\/acs\/comunicado\/"},"modified":"2017-09-11T11:49:17","modified_gmt":"2017-09-11T14:49:17","slug":"comunicado","status":"publish","type":"post","link":"https:\/\/acs.org.br\/academy\/comunicado\/","title":{"rendered":"COMUNICADO &#8211; CERTIFICA\u00c7\u00c3O DIGITAL"},"content":{"rendered":"<p class=\"Default\">Caro associado,<o:p><\/o:p><\/p>\n<p class=\"Default\"><o:p> <\/o:p><\/p>\n<p class=\"Default\">Com o objetivo de ampliar o atendimento aos nossos associados em rela\u00e7\u00e3o \u00e0 emiss\u00e3o da Certifica\u00e7\u00e3o Digital, a ACS est\u00e1 em processo de credenciamento para se tornar<b> <\/b>uma \u201cAR\u201d \u2013 Autoridade Certificadora da Certifica\u00e7\u00e3o Digital. Como uma AR, ser\u00e1 poss\u00edvel estender o servi\u00e7o para outras Associa\u00e7\u00f5es Comerciais da regi\u00e3o.<\/p>\n<p class=\"Default\"><o:p><\/o:p><\/p>\n<p class=\"Default\"><o:p> <\/o:p><\/p>\n<p class=\"Default\">Portanto, durante este per\u00edodo de transi\u00e7\u00e3o de Posto de Atendimento (PA) para Autoridade de Registro (AR), a emiss\u00e3o do certificado digital s\u00f3 poder\u00e1 ser feita mediante entendimento pr\u00e9vio. Para isso, os interessados dever\u00e3o entrar em contato conosco pelo telefone 3212-8200, ramal 261, e falar com Karina Sim\u00f5es para agendar o atendimento. <o:p><\/o:p><\/p>\n<p class=\"Default\"><o:p> <\/o:p><\/p>\n<p class=\"Default\">Contamos a colabora\u00e7\u00e3o de todos para mais este importante passo.<\/p>\n<p>Atenciosamente,<\/p>\n<p>Departamento de Comunica\u00e7\u00e3o \/ Assessoria de Imprensa<\/p>\n","protected":false},"excerpt":{"rendered":"<p>Caro associado, Com o objetivo de ampliar o atendimento aos nossos associados em rela\u00e7\u00e3o \u00e0 emiss\u00e3o da Certifica\u00e7\u00e3o Digital, a ACS est\u00e1 em processo de credenciamento para se tornar uma \u201cAR\u201d \u2013 Autoridade Certificadora da Certifica\u00e7\u00e3o Digital. Como uma AR, ser\u00e1 poss\u00edvel estender o servi\u00e7o para outras Associa\u00e7\u00f5es Comerciais da regi\u00e3o. Portanto, durante este per\u00edodo [&hellip;]<\/p>\n","protected":false},"author":1,"featured_media":0,"comment_status":"open","ping_status":"open","sticky":false,"template":"","format":"standard","meta":{"footnotes":""},"categories":[84],"tags":[],"_links":{"self":[{"href":"https:\/\/acs.org.br\/academy\/wp-json\/wp\/v2\/posts\/79417"}],"collection":[{"href":"https:\/\/acs.org.br\/academy\/wp-json\/wp\/v2\/posts"}],"about":[{"href":"https:\/\/acs.org.br\/academy\/wp-json\/wp\/v2\/types\/post"}],"author":[{"embeddable":true,"href":"https:\/\/acs.org.br\/academy\/wp-json\/wp\/v2\/users\/1"}],"replies":[{"embeddable":true,"href":"https:\/\/acs.org.br\/academy\/wp-json\/wp\/v2\/comments?post=79417"}],"version-history":[{"count":0,"href":"https:\/\/acs.org.br\/academy\/wp-json\/wp\/v2\/posts\/79417\/revisions"}],"wp:attachment":[{"href":"https:\/\/acs.org.br\/academy\/wp-json\/wp\/v2\/media?parent=79417"}],"wp:term":[{"taxonomy":"category","embeddable":true,"href":"https:\/\/acs.org.br\/academy\/wp-json\/wp\/v2\/categories?post=79417"},{"taxonomy":"post_tag","embeddable":true,"href":"https:\/\/acs.org.br\/academy\/wp-json\/wp\/v2\/tags?post=79417"}],"curies":[{"name":"wp","href":"https:\/\/api.w.org\/{rel}","templated":true}]}}