{"id":79406,"date":"2021-09-22T00:00:00","date_gmt":"2021-09-22T03:00:00","guid":{"rendered":"http:\/\/127.0.0.1\/acs\/noticias-camaras\/"},"modified":"2021-12-30T16:53:52","modified_gmt":"2021-12-30T19:53:52","slug":"noticias-camaras-2","status":"publish","type":"post","link":"https:\/\/acs.org.br\/academy\/noticias-camaras-2\/","title":{"rendered":"Novidades C\u00e2maras Setoriais da ACS"},"content":{"rendered":"<div style=\"text-align: left;\" align=\"center\">\n<div style=\"text-align: left;\" align=\"center\">\n<p><strong>22\/09\/2021<\/strong><\/p>\n<p><strong>Integrantes das C\u00e2maras da ACS veem poucas altera\u00e7\u00f5es na Resolu\u00e7\u00e3o da RN-18 \/ Antaq<\/strong><\/p>\n<p>A Resolu\u00e7\u00e3o 62\/2021 da Ag\u00eancia Nacional de Transportes Aquavi\u00e1rios (Antaq), que revoga e atualiza o conte\u00fado da atual norma que trata dos direitos e deveres dos usu\u00e1rios, \u00a0dos agentes intermedi\u00e1rios \u00a0e\u00a0 das empresas que operam nas navega\u00e7\u00f5es de apoio mar\u00edtimo, apoio portu\u00e1rio, cabotagem e longo curso (RN-18\/2017), foi tema de reuni\u00e3o das C\u00e2maras de Agentes de Carga,\u00a0 Navega\u00e7\u00e3o e Assuntos Aduaneiros e Portu\u00e1rios no dia 08 de dezembro. A nova resolu\u00e7\u00e3o entrar\u00e1 em vigor a partir do dia 3 de janeiro de 2022.<\/p>\n<p>Os integrantes das C\u00e2maras viram poucas altera\u00e7\u00f5es no texto aprovado e apontaram, entre os destaques, que quanto mais informa\u00e7\u00f5es forem colocadas sobre o importador e exportador, melhor ser\u00e1 o seu desempenho perante \u00e0 Antaq.<\/p>\n<p>De acordo com o coordenador da C\u00e2mara de Agentes de Carga, Noslen Botelho, \u00e9 preciso ver na pr\u00e1tica o que ir\u00e1 mudar.\u00a0 &#8220;Pelo que percebi, essa nova reforma n\u00e3o trouxe nada de novo ao mercado.\u00a0 Precisamos analisar o que vai acontecer, e, a partir da\u00ed, se houver problemas pontuais, a gente tentar resolver&#8221;.<\/p>\n<p>J\u00e1 o integrante\u00a0 Luiz Henrique P. de Oliveira ressaltou a flexibiliza\u00e7\u00e3o da taxa de convers\u00e3o de c\u00e2mbio (PTAX). &#8221; Acredito que\u00a0 alguns pontos essa taxa de convers\u00e3o pode ser abusiva&#8221;.\u00a0<\/p>\n<p>Os integrantes devem ser reunir no pr\u00f3ximo ano, depois que a\u00a0 resolu\u00e7\u00e3o estiver em vigor,\u00a0 para verificar apontamentos refletidos pela altera\u00e7\u00e3o. Essa foi a segunda reuni\u00e3o envolvendo todas as C\u00e2maras para tratar assuntos pertinentes ao setor portu\u00e1rio.<\/p>\n<p>&nbsp;<\/p>\n<hr \/>\n<p>&nbsp;<\/p>\n<p>&nbsp;<\/p>\n<p><strong>02\/09\/2021<\/p>\n<p><\/strong>A C\u00e2mara de Navega\u00e7\u00e3o da Associa\u00e7\u00e3o Comercial de Santos (ACS) se reuniu na tarde de quarta-feira (1\u00ba). Entre os assuntos em pauta estavam: Assuntos do Conselho de Autoridade Portu\u00e1ria (CAP), BR do Mar, procedimentos de imigra\u00e7\u00e3o relativos a ILO, protocolos da Anvisa decorrentes da Covid-19, liga\u00e7\u00e3o seca entre as duas margens Santos\/Guaruj\u00e1 e advert\u00eancias e suspens\u00f5es dos Armadores e Agentes de Carga pela Alf\u00e2ndega.<\/p>\n<p><img loading=\"lazy\" decoding=\"async\" class=\"alignnone size-medium wp-image-99641\" src=\"https:\/\/acs.org.br\/antigo\/wp-content\/uploads\/2021\/08\/nav78-300x132.jpg\" alt=\"\" width=\"300\" height=\"132\" srcset=\"https:\/\/acs.org.br\/academy\/wp-content\/uploads\/2021\/08\/nav78-300x132.jpg 300w, https:\/\/acs.org.br\/academy\/wp-content\/uploads\/2021\/08\/nav78-600x265.jpg 600w, https:\/\/acs.org.br\/academy\/wp-content\/uploads\/2021\/08\/nav78-768x339.jpg 768w, https:\/\/acs.org.br\/academy\/wp-content\/uploads\/2021\/08\/nav78.jpg 800w\" sizes=\"(max-width: 300px) 100vw, 300px\" \/><strong><\/p>\n<p><span style=\"text-decoration: underline;\"><span style=\"text-decoration-line: underline;\">_______________________________________________________________________<\/span><\/span><\/p>\n<p>1\u00ba\/08\/2021<\/strong><\/p>\n<p><a href=\"https:\/\/acs.org.br\/antigo\/integrantes-da-camara-de-instituicoes-de-ensino-conhecem-o-novo-planejamento-estrategico-da-acs\/\">Integrantes da C\u00e2mara de Institui\u00e7\u00f5es de Ensino conhecem o novo planejamento estrat\u00e9gico da ACS<\/a><\/p>\n<p><img loading=\"lazy\" decoding=\"async\" class=\"alignnone size-medium wp-image-99633\" src=\"https:\/\/acs.org.br\/antigo\/wp-content\/uploads\/2021\/09\/ENSINO-2-300x198.jpg\" alt=\"\" width=\"300\" height=\"198\" srcset=\"https:\/\/acs.org.br\/academy\/wp-content\/uploads\/2021\/09\/ENSINO-2-300x198.jpg 300w, https:\/\/acs.org.br\/academy\/wp-content\/uploads\/2021\/09\/ENSINO-2-600x396.jpg 600w, https:\/\/acs.org.br\/academy\/wp-content\/uploads\/2021\/09\/ENSINO-2-1024x676.jpg 1024w, https:\/\/acs.org.br\/academy\/wp-content\/uploads\/2021\/09\/ENSINO-2-768x507.jpg 768w, https:\/\/acs.org.br\/academy\/wp-content\/uploads\/2021\/09\/ENSINO-2.jpg 1350w\" sizes=\"(max-width: 300px) 100vw, 300px\" \/><\/p>\n<p><strong><span style=\"text-decoration: underline;\"><span style=\"text-decoration-line: underline;\">_______________________________________________________________________<\/span><\/span><br \/>\n11\/08\/2021<\/strong><\/p>\n<p><a href=\"https:\/\/acs.org.br\/antigo\/convenio-entre-acs-e-sindicato-dos-despachantes-aduaneiros-dara-mais-agilidade-na-emissao-de-certificados-digitais-de-origem\/\"><strong>Conv\u00eanio entre ACS e Sindicato dos Despachantes Aduaneiros dar\u00e1 mais agilidade na emiss\u00e3o de certificados digitais e de origem<\/strong><\/a><\/p>\n<p>\n<span style=\"text-decoration: underline;\"><span style=\"text-decoration-line: underline;\">_______________________________________________________________________<\/span><\/span><\/p>\n<p><strong>06\/08\/2021<\/strong><br \/>\n<a href=\"https:\/\/acs.org.br\/antigo\/associacao-comercial-de-santos-lanca-novo-site-mais-agil-e-moderno\/\">Associa\u00e7\u00e3o Comercial de Santos lan\u00e7a novo site mais \u00e1gil e moderno<\/a><\/p>\n<p>&nbsp;<\/p>\n<p><strong>30\/07\/1979<\/strong><\/p>\n<p><a href=\"https:\/\/acs.org.br\/antigo\/curso-primeiros-passos-acs-jovem-e-sebrae-formam-a-primeira-turma-de-empreendedores\/\">Curso Primeiros Passos: ACS Jovem e Sebrae formam a primeira turma de empreendedores<\/a><\/p>\n<p>&nbsp;<\/p>\n<p><span style=\"text-decoration: underline;\"><span style=\"text-decoration-line: underline;\"><b style=\"text-decoration-line: underline;\">POSTADO EM 09\/08\/2021<\/p>\n<p><a href=\"https:\/\/acs.org.br\/antigo\/acs-apoia-incentivo-a-navios-verdes-no-porto-de-santos\/\">ACS apoia incentivo a &#8220;navios verdes&#8221; no Porto de Santos<\/a> <br \/>\n<\/b><\/span><\/span><\/div>\n<div style=\"text-align: left;\" align=\"center\">\n<div>\n<div><span style=\"text-decoration: underline;\"><span style=\"text-decoration-line: underline;\"><br \/>\n_______________________________________________________________________<\/span><\/span><\/div>\n<div>\u00a0<\/div>\n<div>\n<div>\n<div>\n<div>\n<div>\n<p class=\"MsoNormal\" style=\"line-height: 130%;\"><span style=\"text-decoration: underline;\"><span style=\"text-decoration-line: underline;\"><b style=\"text-decoration-line: underline;\">POSTADO EM 13\/07\/2021<\/b><br \/>\n<b><span style=\"text-decoration: underline;\"><br \/>\n<a href=\"http:\/\/acs.org.br\/index.php?option=com_content&amp;view=article&amp;id=30690;2021-07-08-14-55-01&amp;catid=2;noticias&amp;Itemid=49\" target=\"_blank\" rel=\"noopener\">ACS tem novo diretor executivo: Adalto Corr\u00eaa chega \u00e0 ACS para refor\u00e7ar a equipe e fortalecer o projeto de avan\u00e7o do atual grupo diretor<\/a><\/span><\/b><\/p>\n<p>\n_______________________________________________________________________<\/p>\n<p>\n<b style=\"text-decoration-line: underline;\">POSTADO EM 17\/06\/2021<\/b><\/span><\/p>\n<p><b style=\"text-decoration-line: underline;\"><span style=\"text-decoration: underline;\"><a href=\"index.php?option=com_content&amp;view=article&amp;id=30422;2021-06-16-14-53-20&amp;catid=2;noticias&amp;Itemid=49\" target=\"_blank\" rel=\"noopener\">Parceria com o setor privado \u00e9 a melhor solu\u00e7\u00e3o para o setor portu\u00e1rio, diz F\u00e1bio Lavor<\/a><\/span><\/b><\/p>\n<p><span style=\"text-decoration: underline;\"><img loading=\"lazy\" decoding=\"async\" class=\" size-full wp-image-79269\" src=\"http:\/\/127.0.0.1\/acs\/wp-content\/uploads\/2021\/07\/WEB_2021_JUNHO_RODADA-W_rodada-lavor.JPG\" width=\"570\" height=\"395\" srcset=\"https:\/\/acs.org.br\/academy\/wp-content\/uploads\/2021\/07\/WEB_2021_JUNHO_RODADA-W_rodada-lavor.JPG 570w, https:\/\/acs.org.br\/academy\/wp-content\/uploads\/2021\/07\/WEB_2021_JUNHO_RODADA-W_rodada-lavor-300x208.jpg 300w\" sizes=\"(max-width: 570px) 100vw, 570px\" \/><\/span><strong style=\"text-decoration-line: underline;\"><\/p>\n<p>\nPOSTADO EM 10\/06\/2021<br \/>\n<\/strong><br \/>\n<span style=\"text-decoration: underline;\">Caro associado, bom dia,<\/span><\/span><\/p>\n<p class=\"MsoNormal\">\u00a0<\/p>\n<p class=\"MsoNormal\">O coordenador da C\u00e2mara Setorial de Agentes de Cargas, Noslen Botelho, solicita que as pautas para a reuni\u00e3o da pr\u00f3xima da Colfac devem ser enviadas at\u00e9 o dia 15 de junho (ter\u00e7a-feira),\u00a0 para o e-mail <a href=\"mailto:noslen.ssz@excelsantos.com.br\">noslen.ssz@excelsantos.com.br<\/a>, com o t\u00edtulo &#8220;Pautas- Colfac\u201d.<\/p>\n<p class=\"MsoNormal\">Atenciosamente,<\/p>\n<p class=\"MsoNormal\">Departamento de Comunica\u00e7\u00e3o da ACS<\/p>\n<p class=\"MsoNormal\">\u00a0<\/p>\n<p class=\"MsoNormal\" style=\"line-height: 130%;\"><span style=\"text-decoration: underline;\"> <strong><br \/>\nPOSTADO EM 31\/05\/2021<br \/>\n<\/strong><br \/>\nCaro associado, boa tarde,<\/span><\/p>\n<p class=\"MsoNormal\">\u00a0<\/p>\n<p class=\"MsoNormal\">\u00a0A seguir, a pedido coordenador da c\u00e2mara setorial de agentes de cargas, Noslen Botelho, segue comunicado da Secretaria de Com\u00e9rcio Exterior (Secex) sobre e a certifica\u00e7\u00e3o a ser requerida para as exporta\u00e7\u00f5es de caf\u00e9 em gr\u00e3os (NCM 0901.11.10), com destino aos pa\u00edses diferentes de Reino Unido ou daqueles que fazem parte da Uni\u00e3o Europeia, entrar\u00e1 em vigor no <b><a href=\"http:\/\/siscomex.gov.br\/exportacao\/exportacao-n-017-2021\/\">dia 21 de junho de 2021<\/a>\u00a0 <\/b>e n\u00e3o em 1\u00ba de junho como havia sido comunicado por meio da <b><a href=\"http:\/\/www.siscomex.gov.br\/exportacao\/exportacao-n-015-2021\/\">Not\u00edcia Siscomex n\u00ba Exporta\u00e7\u00e3o 015\/2021<\/a><\/b>.\u00a0<\/p>\n<p class=\"MsoNormal\">\u00a0<\/p>\n<p class=\"MsoNormal\">\u00a0<\/p>\n<p class=\"MsoNormal\">Atenciosamente,<br \/>\nDepartamento de Comunica\u00e7\u00e3o da ACS<\/p>\n<p class=\"MsoNormal\">\u00a0<\/p>\n<p class=\"MsoNormal\" style=\"line-height: 130%;\"><span style=\"text-decoration: underline;\"> <strong><\/p>\n<p>POSTADO EM 25\/05\/2021<\/strong><\/span><\/p>\n<p class=\"MsoNormal\">Caro associado, boa tarde,<\/p>\n<p class=\"MsoNormal\">A seguir, a pedido coordenador da c\u00e2mara setorial de agentes de cargas, Noslen Botelho, artigo que explica como fica o Imposto de Renda sobre os dep\u00f3sitos feitos em conta corrente.<\/p>\n<p class=\"MsoNormal\">\u00a0<\/p>\n<p class=\"MsoNormal\">\u00a0<strong><a href=\"https:\/\/www.ruben-eliana.com.br\/post\/como-fica-o-imposto-de-renda-sobre-os-dep%C3%B3sitos-feitos-em-conta-corrente\">&gt; Confira o artigo<\/a><\/strong><\/p>\n<p class=\"MsoNormal\">\u00a0<\/p>\n<p class=\"MsoNormal\">\u00a0Atenciosamente,<br \/>\nDepartamento de Comunica\u00e7\u00e3o da ACS<\/p>\n<p class=\"MsoNormal\">\n<p><span style=\"text-decoration: underline;\"><strong>POSTADO EM 25\/05\/2021<\/strong><\/span><\/p>\n<p class=\"MsoNormal\">\u00a0A seguir, a pedido coordenador da c\u00e2mara setorial de agentes de cargas, Noslen Botelho, comunicado sobre o of\u00edcio referente \u00e0 audi\u00eancia p\u00fablica que ser\u00e1 realizada, virtualmente, na C\u00e2mara Municipal de Santos, por meio da Comiss\u00e3o de Assuntos Portu\u00e1rios, Mar\u00edtimo, Industria e Com\u00e9rcio (CAPMIC), nesta quarta-feira (26), \u00e0s 18 horas.<\/p>\n<p class=\"MsoNormal\">\u00a0<\/p>\n<p class=\"MsoNormal\">Na ocasi\u00e3o, ser\u00e1 discutido o tema: Informa\u00e7\u00f5es no SISCARGA, penas e multas, advert\u00eancia, suspens\u00e3o.<\/p>\n<p class=\"MsoNormal\">\u00a0<\/p>\n<p class=\"MsoNormal\"><b><span style=\"color: #1f497d;\"><a href=\"http:\/\/127.0.0.1\/acs\/wp-content\/uploads\/2021\/07\/PDF_2021_MAIO_noslen2505.PDF\">&gt; Confira o of\u00edcio<\/a><\/span><\/b><\/p>\n<p class=\"MsoNormal\"><span style=\"font-family: Arial, sans-serif;\">Atenciosamente,<br \/>\n<\/span><span style=\"font-family: Arial, sans-serif;\">Departamento de Comunica\u00e7\u00e3o da ACS<\/span><\/p>\n<p class=\"MsoNormal\">\u00a0<\/p>\n<p class=\"MsoNormal\" style=\"line-height: 130%;\"><span style=\"text-decoration: underline;\"><strong><\/p>\n<p>POSTADO EM\u00a0 24\/05\/2021<\/strong><\/span><\/p>\n<p>O Instituto Vis\u00e3o do Bem,\u00a0 nosso associado, registrou mais uma grande conquista: foi oficialmente certificado como entidade beneficente de assist\u00eancia social na \u00e1rea de sa\u00fade para prestar servi\u00e7os ao Sistema \u00danico de Sa\u00fade &#8211; SUS.<\/p>\n<p class=\"MsoNormal\" style=\"line-height: 130%;\">A entidade apresenta tamb\u00e9m o \u201cProjeto de Olho no Futuro\u201d, que tem intuito de capacitar professores para realizar o exame de acuidade visual em todos os alunos. Ap\u00f3s a triagem, os estudantes que apresentam uma vis\u00e3o menor que 20\/25 em um dos olhos s\u00e3o encaminhados a uma avalia\u00e7\u00e3o com o oftalmologista.<\/p>\n<p class=\"MsoNormal\" style=\"line-height: 130%;\"><a href=\"https:\/\/bit.ly\/3flMAMV\" target=\"_blank\" rel=\"noopener\">&gt; Conhe\u00e7a mais sobre esse projeto<\/a><\/p>\n<p class=\"MsoNormal\" style=\"line-height: 130%;\">\n<img loading=\"lazy\" decoding=\"async\" class=\" size-full wp-image-79271\" src=\"http:\/\/127.0.0.1\/acs\/wp-content\/uploads\/2021\/07\/WEB_2021_maio_VISAO-W_V2.jpg\" width=\"570\" height=\"428\" srcset=\"https:\/\/acs.org.br\/academy\/wp-content\/uploads\/2021\/07\/WEB_2021_maio_VISAO-W_V2.jpg 570w, https:\/\/acs.org.br\/academy\/wp-content\/uploads\/2021\/07\/WEB_2021_maio_VISAO-W_V2-300x225.jpg 300w\" sizes=\"(max-width: 570px) 100vw, 570px\" \/><\/p>\n<p><img loading=\"lazy\" decoding=\"async\" class=\" size-full wp-image-79272\" src=\"http:\/\/127.0.0.1\/acs\/wp-content\/uploads\/2021\/07\/WEB_2021_maio_VISAO-W_V1.jpg\" width=\"570\" height=\"412\" srcset=\"https:\/\/acs.org.br\/academy\/wp-content\/uploads\/2021\/07\/WEB_2021_maio_VISAO-W_V1.jpg 570w, https:\/\/acs.org.br\/academy\/wp-content\/uploads\/2021\/07\/WEB_2021_maio_VISAO-W_V1-300x217.jpg 300w\" sizes=\"(max-width: 570px) 100vw, 570px\" \/><\/p>\n<p class=\"MsoNormal\" style=\"line-height: 130%;\"><span style=\"text-decoration: underline;\"><span style=\"text-decoration-line: underline;\"><span style=\"text-decoration-line: underline;\"><b style=\"text-decoration-line: underline;\"> <br \/>\nPOSTADO EM 12\/05\/2021<\/b><br \/>\n<a href=\"http:\/\/acs.org.br\/index.php?option=com_content&amp;view=article&amp;id=30011;ensino&amp;catid=2;noticias&amp;Itemid=49\" target=\"_blank\" rel=\"noopener\"><br \/>\n<b><span style=\"text-decoration: underline;\">\u00a0Internacionaliza\u00e7\u00e3o do Ensino Superior \u00e9 tema de reuni\u00e3o da C\u00e2mara de Institui\u00e7\u00e3o de Ensino da ACS<\/span><\/b><\/a><\/p>\n<p><span style=\"text-decoration: underline;\"><img loading=\"lazy\" decoding=\"async\" class=\" size-full wp-image-79273\" style=\"font-weight: 400;\" src=\"http:\/\/127.0.0.1\/acs\/wp-content\/uploads\/2021\/07\/WEB_2021_maio_ENSINO-W_ensino1.jpg\" width=\"570\" height=\"306\" srcset=\"https:\/\/acs.org.br\/academy\/wp-content\/uploads\/2021\/07\/WEB_2021_maio_ENSINO-W_ensino1.jpg 570w, https:\/\/acs.org.br\/academy\/wp-content\/uploads\/2021\/07\/WEB_2021_maio_ENSINO-W_ensino1-300x161.jpg 300w\" sizes=\"(max-width: 570px) 100vw, 570px\" \/><\/span><\/p>\n<p>\n<b style=\"text-decoration-line: underline;\">POSTADO EM 20\/04\/2021<\/b><\/span><\/p>\n<p><b style=\"text-decoration-line: underline;\"><span style=\"text-decoration: underline;\"><a href=\"index.php?option=com_content&amp;view=article&amp;id=29771;-pensando-em-sustentabilidade-navios-verdes-devem-ser-implantados-no-porto-de-santos-&amp;catid=2;noticias&amp;Itemid=49\" target=\"_blank\" rel=\"noopener\">Pensando em sustentabilidade, navios verdes devem ser implantados no Porto de Santos<\/a><\/span><\/b><\/p>\n<p><span style=\"text-decoration: underline;\"><img loading=\"lazy\" decoding=\"async\" class=\" size-full wp-image-79274\" style=\"font-weight: 400;\" src=\"http:\/\/127.0.0.1\/acs\/wp-content\/uploads\/2021\/07\/WEB_2021_ABRIL_NAVEGACAO-W_NAV1.jpg\" width=\"570\" height=\"304\" srcset=\"https:\/\/acs.org.br\/academy\/wp-content\/uploads\/2021\/07\/WEB_2021_ABRIL_NAVEGACAO-W_NAV1.jpg 570w, https:\/\/acs.org.br\/academy\/wp-content\/uploads\/2021\/07\/WEB_2021_ABRIL_NAVEGACAO-W_NAV1-300x160.jpg 300w\" sizes=\"(max-width: 570px) 100vw, 570px\" \/><\/span><\/p>\n<p>\n<b style=\"text-decoration-line: underline;\">POSTADO EM 14\/04\/2021<\/b><br \/>\n<b style=\"text-decoration-line: underline; font-weight: bold;\"><span style=\"text-decoration: underline;\"><br \/>\n<a href=\"http:\/\/acs.org.br\/index.php?option=com_content&amp;view=article&amp;id=29717;2021-04-14-17-37-20&amp;catid=2;noticias&amp;Itemid=49\" target=\"_blank\" rel=\"noopener\">Pandemia deve trazer momentos de oportunidades e mudan\u00e7as no ensino<\/a><\/span><\/b><\/span><\/span><\/p>\n<p class=\"MsoNormal\" style=\"line-height: 130%;\"><span style=\"text-decoration: underline;\"><b style=\"text-decoration-line: underline;\"><img loading=\"lazy\" decoding=\"async\" class=\" size-full wp-image-79275\" style=\"font-weight: 400;\" src=\"http:\/\/127.0.0.1\/acs\/wp-content\/uploads\/2021\/07\/WEB_2021_ABRIL_ENSINO-W_E3.jpg\" width=\"570\" height=\"309\" srcset=\"https:\/\/acs.org.br\/academy\/wp-content\/uploads\/2021\/07\/WEB_2021_ABRIL_ENSINO-W_E3.jpg 570w, https:\/\/acs.org.br\/academy\/wp-content\/uploads\/2021\/07\/WEB_2021_ABRIL_ENSINO-W_E3-300x163.jpg 300w\" sizes=\"(max-width: 570px) 100vw, 570px\" \/><\/p>\n<p>POSTADO EM 13\/04\/2021<\/b><\/p>\n<p><b><span style=\"text-decoration: underline;\"><a href=\"http:\/\/acs.org.br\/index.php?option=com_content&amp;view=article&amp;id=29693;2021-04-13-12-34-15&amp;catid=2;noticias&amp;Itemid=49\" target=\"_blank\" rel=\"noopener\">Pragas encontradas em cont\u00eaineres enviados para a Col\u00f4mbia s\u00e3o tema de reuni\u00e3o da C\u00e2mara de Exportadores de Caf\u00e9<\/a><\/span><\/b><\/p>\n<p><img loading=\"lazy\" decoding=\"async\" class=\" size-full wp-image-79276\" src=\"http:\/\/127.0.0.1\/acs\/wp-content\/uploads\/2021\/07\/WEB_2021_ABRIL_EXPORTCAFE-W_ronald12.jpg\" width=\"570\" height=\"249\" srcset=\"https:\/\/acs.org.br\/academy\/wp-content\/uploads\/2021\/07\/WEB_2021_ABRIL_EXPORTCAFE-W_ronald12.jpg 570w, https:\/\/acs.org.br\/academy\/wp-content\/uploads\/2021\/07\/WEB_2021_ABRIL_EXPORTCAFE-W_ronald12-300x131.jpg 300w\" sizes=\"(max-width: 570px) 100vw, 570px\" \/><b><span style=\"text-decoration: underline;\"><\/p>\n<p><a href=\"http:\/\/acs.org.br\/index.php?option=com_content&amp;view=article&amp;id=29692;2021-04-13-12-33-25&amp;catid=2;noticias&amp;Itemid=49\" target=\"_blank\" rel=\"noopener\">ACS Jovem cria grupos de trabalho para desenvolver projetos do n\u00facleo<\/a><\/span><\/b><br \/>\n<\/span><\/p>\n<p class=\"MsoNormal\" style=\"line-height: 130%;\"><span style=\"text-decoration: underline;\"><br \/>\n<b style=\"text-decoration-line: underline;\">POSTADO 07\/04\/2021<\/b><\/p>\n<p><b><span style=\"text-decoration: underline;\"><a href=\"http:\/\/acs.org.br\/index.php?option=com_content&amp;view=article&amp;id=29626;2021-04-07-17-24-59&amp;catid=2;noticias&amp;Itemid=49\" target=\"_blank\" rel=\"noopener\">Campanha da ACS para arrecadar cestas b\u00e1sicas atrai empres\u00e1rios<\/a><\/span><\/b><\/p>\n<p>\n<a href=\"C\u00e2mara Setorial de Incorpora\u00e7\u00e3o e Constru\u00e7\u00e3o Civil quer colaborar com a Lei de Uso e Ocupa\u00e7\u00e3o do Solo\" target=\"_blank\" rel=\"noopener\">C\u00e2mara Setorial de Incorpora\u00e7\u00e3o e Constru\u00e7\u00e3o Civil quer colaborar com a Lei de Uso e Ocupa\u00e7\u00e3o do Solo<\/a><\/span><\/p>\n<p class=\"MsoNormal\" style=\"line-height: 130%;\"><span style=\"text-decoration: underline;\"><img loading=\"lazy\" decoding=\"async\" class=\" size-full wp-image-79277\" src=\"http:\/\/127.0.0.1\/acs\/wp-content\/uploads\/2021\/07\/WEB_2021_ABRIL_CONSTRUCAO-W_construcao1.jpg\" width=\"570\" height=\"239\" srcset=\"https:\/\/acs.org.br\/academy\/wp-content\/uploads\/2021\/07\/WEB_2021_ABRIL_CONSTRUCAO-W_construcao1.jpg 570w, https:\/\/acs.org.br\/academy\/wp-content\/uploads\/2021\/07\/WEB_2021_ABRIL_CONSTRUCAO-W_construcao1-300x126.jpg 300w\" sizes=\"(max-width: 570px) 100vw, 570px\" \/><\/p>\n<p><b style=\"text-decoration-line: underline;\">POSTADO EM 31\/03\/2021<\/b><\/p>\n<p><\/span><\/p>\n<p class=\"MsoNormal\" style=\"line-height: 130%;\">Caro associado,\u00a0<\/p>\n<p class=\"MsoNormal\" style=\"line-height: 130%;\">Inegavelmente, o momento \u00e9 novamente muito grave, atingindo ainda mais uma grande parte da popula\u00e7\u00e3o em condi\u00e7\u00e3o de vulnerabilidade social.<\/p>\n<p class=\"MsoNormal\" style=\"line-height: 130%;\">V\u00e1rias empresas j\u00e1 atenderam a esse novo ap\u00ealo, mas n\u00f3s precisamos de uma ades\u00e3o maior e mais r\u00e1pida.\u00a0 Nesse contexto, sua participa\u00e7\u00e3o \u00e9 fundamental.\u00a0\u00a0<\/p>\n<p class=\"MsoNormal\" style=\"line-height: 130%;\">Vamos nos mobilizar, mais uma vez, para viabilizar doa\u00e7\u00f5es de cestas b\u00e1sicas, por interm\u00e9dio do Fundo Social de Solidariedade da Prefeitura Municipal de Santos..<\/p>\n<p class=\"MsoNormal\" style=\"line-height: 130%;\">Vamos focar nas cestas b\u00e1sicas de R$ 59,00 e R$ 65,00, de modo a viabilizar a compra de um n\u00famero maior de unidades e, consequentemente, atender a um n\u00famero maior de pessoas.\u00a0<\/p>\n<p class=\"MsoNormal\" style=\"line-height: 130%;\">O associado que decidir participar da doa\u00e7\u00e3o de cestas b\u00e1sicas, por favor, nos envie c\u00f3pia do comprovante de transa\u00e7\u00e3o para que possamos efetuar o controle de entrega. A negocia\u00e7\u00e3o direta facilitar\u00e1 o processo, para que a pr\u00f3pria empresa defina a forma de pagamento (boleto, ted ou dep\u00f3sito banc\u00e1rio).<\/p>\n<p class=\"MsoNormal\" style=\"line-height: 130%;\">Para colaborar, indicamos dois fornecedores:<\/p>\n<p class=\"MsoNormal\" style=\"line-height: 130%;\"><strong>BCB Cestas B\u00e1sicas:<br \/>\n<\/strong>Caio<br \/>\n13 98164-2637(whatsapp)<br \/>\n<a href=\"mailto:bcb.cestabasica@gmail.com\" target=\"_blank\" rel=\"noopener\">bcb.cestabasica@gmail.com<\/a><\/p>\n<p class=\"MsoNormal\" style=\"line-height: 130%;\">Ou<\/p>\n<p class=\"MsoNormal\" style=\"line-height: 130%;\"><strong>Tupy Cestas B\u00e1sicas<br \/>\n<\/strong>Rodrigo<br \/>\n97405-1205 (whatsapp)<br \/>\n3222-3061<br \/>\n<a href=\"mailto:cobranca@tupycestabasica.com.br\" target=\"_blank\" rel=\"noopener\">cobranca@tupycestabasica.com.br<\/a><\/p>\n<p class=\"MsoNormal\" style=\"line-height: 130%;\">\u00a0<\/p>\n<p class=\"MsoNormal\" style=\"line-height: 130%;\">E mais: por uma quest\u00e3o log\u00edstica, as empresas j\u00e1 foram orientadas para entregar diretamente no Fundo Social de Solidariedade.<\/p>\n<p class=\"MsoNormal\" style=\"line-height: 130%;\">As seguintes empresas colaboraram at\u00e9 o momento:<\/p>\n<p class=\"MsoNormal\" style=\"line-height: 130%;\"><strong>Unicaf\u00e9 &#8211; Companhia de Com\u00e9rcio Exterior \u2013<\/strong> 50 cestas<br \/>\n<strong>Ag\u00eancia de Vapores Grieg S.A.<\/strong> \u2013 100 cestas<br \/>\n<strong>Instituto de An\u00e1lises Cl\u00ednicas <\/strong>\u2013 90 cestas<br \/>\n<strong>Sindicato das Ag\u00eancias de Navega\u00e7\u00e3o Mar\u00edtima do Estado de SP &#8211; SINDAMAR \u2013<\/strong> 100 cestas<br \/>\n<strong>G. Pierotti Ship Supplier Ltda \u2013<\/strong> 40 cestas<br \/>\n<strong>Comexim Ltda \u2013<\/strong> 85 cestas<br \/>\n<strong>Cl\u00ednica Radiol\u00f3gica de Santos \u2013 <\/strong>10 cestas<br \/>\n<strong>Brasfito Servi\u00e7os T\u00e9cnicos e Agroengenharia Ltda <\/strong>\u2013 20 cestas<br \/>\n<strong>Conport Afretamentos Mar\u00edtimos O.K. Ltda \u2013<\/strong> 100 cestas<br \/>\n<strong>Master Marine Ship Suppliers <\/strong>&#8211; 45 cestas<\/p>\n<p class=\"MsoNormal\" style=\"line-height: 130%;\">Cordialmente,<\/p>\n<p>Marcio Calves<br \/>\nDiretor-executivo<br \/>\nAssocia\u00e7\u00e3o\u00a0 Comercial de Santos<\/p>\n<div>\u00a0<\/div>\n<p class=\"MsoNormal\" style=\"line-height: 130%;\"><span style=\"text-decoration: underline;\"><strong><\/p>\n<p>POSTADO EM 26\/03\/2021<br \/>\n<\/strong><br \/>\n<\/span>Caro associado,\u00a0<\/p>\n<p class=\"MsoNormal\" style=\"line-height: 130%;\"><span style=\"text-decoration: underline;\">\u00a0<\/span><\/p>\n<p class=\"MsoNormal\" style=\"line-height: 130%;\">A seguir,\u00a0 informa\u00e7\u00f5es importantes do coordenador da c\u00e2mara setorial de agentes de cargas, Noslen Botelho, sobre acessos aos m\u00f3dulos Declara\u00e7\u00e3o \u00danica de Exporta\u00e7\u00e3o (DUE) e Controle de Carga e Tr\u00e2nsito (CCT).<\/p>\n<div dir=\"ltr\" style=\"margin: 0px; padding: 0px; border: 0px; font-variant-numeric: inherit; font-variant-east-asian: inherit; font-stretch: inherit; font-size: 15px; line-height: inherit; font-family: 'Segoe UI', 'Segoe UI Web (West European)', 'Segoe UI', -apple-system, BlinkMacSystemFont, Roboto, 'Helvetica Neue', sans-serif; vertical-align: baseline; color: #201f1e;\">\n<div style=\"margin: 0px; padding: 0px; border: 0px; font: inherit; vertical-align: baseline; color: inherit;\">\n<div dir=\"ltr\" style=\"margin: 0px; padding: 0px; border: 0px; font: inherit; vertical-align: baseline; color: inherit;\">\n<div style=\"margin: 0px; padding: 0px; border: 0px; font: inherit; vertical-align: baseline; color: inherit;\">\n<div style=\"margin: 0px; padding: 0px; border: 0px; font-style: inherit; font-variant: inherit; font-weight: inherit; font-stretch: inherit; font-size: 12pt; line-height: inherit; font-family: Arial, Helvetica, sans-serif; vertical-align: baseline; color: #000000;\"><strong><a href=\"http:\/\/127.0.0.1\/acs\/wp-content\/uploads\/2021\/07\/PDF_2021_MARCO_siscomex.PDF\">&gt; Comunicado ACS -CASC<\/a><\/strong><\/p>\n<\/div>\n<\/div>\n<\/div>\n<\/div>\n<\/div>\n<p class=\"MsoNormal\" style=\"line-height: 130%;\">Atenciosamente, <br \/>\nDepartamento de Comunica\u00e7\u00e3o da ACS.<\/p>\n<div>\u00a0<\/div>\n<p class=\"MsoNormal\" style=\"line-height: 130%;\"><span style=\"text-decoration: underline;\"><strong><br \/>\nPOSTADO EM 24\/03\/2021<br \/>\n<\/strong><b><span style=\"text-decoration: underline;\"><br \/>\n<a href=\"index.php?option=com_content&amp;view=article&amp;id=29491;2021-03-24-21-18-36&amp;catid=2;noticias&amp;Itemid=49\" target=\"_blank\" rel=\"noopener\">Por unanimidade, s\u00f3cios aprovam contas da diretoria executiva da Associa\u00e7\u00e3o Comercial de Santos (ACS), Exerc\u00edcio de 2020<\/a><\/span><\/b><\/span><\/p>\n<p class=\"MsoNormal\" style=\"line-height: 130%;\"><img loading=\"lazy\" decoding=\"async\" class=\" size-full wp-image-79279\" src=\"http:\/\/127.0.0.1\/acs\/wp-content\/uploads\/2021\/07\/WEB_2021_MARCO_ASSEMBLEIA-W_ASSEMBLEIA2.jpg\" width=\"570\" height=\"354\" srcset=\"https:\/\/acs.org.br\/academy\/wp-content\/uploads\/2021\/07\/WEB_2021_MARCO_ASSEMBLEIA-W_ASSEMBLEIA2.jpg 570w, https:\/\/acs.org.br\/academy\/wp-content\/uploads\/2021\/07\/WEB_2021_MARCO_ASSEMBLEIA-W_ASSEMBLEIA2-300x186.jpg 300w\" sizes=\"(max-width: 570px) 100vw, 570px\" \/><\/p>\n<p class=\"MsoNormal\" style=\"line-height: 130%;\"><span style=\"text-decoration: underline;\"><strong><br \/>\nPOSTADO EM 10\/03\/2021<\/strong><\/span><\/p>\n<p><a href=\"http:\/\/acs.org.br\/index.php?option=com_content&amp;view=article&amp;id=29337;2021-03-10-17-42-12&amp;catid=2;noticias&amp;Itemid=49\" target=\"_blank\" rel=\"noopener\">Reorganiza\u00e7\u00e3o do sistema educacional \u00e9 tema de reuni\u00e3o das Institui\u00e7\u00f5es de Ensino<\/a><\/p>\n<p><img loading=\"lazy\" decoding=\"async\" class=\" size-full wp-image-79280\" src=\"http:\/\/127.0.0.1\/acs\/wp-content\/uploads\/2021\/07\/WEB_2021_MARCO_ENSINO-W_ENSINO1.jpg\" width=\"570\" height=\"352\" srcset=\"https:\/\/acs.org.br\/academy\/wp-content\/uploads\/2021\/07\/WEB_2021_MARCO_ENSINO-W_ENSINO1.jpg 570w, https:\/\/acs.org.br\/academy\/wp-content\/uploads\/2021\/07\/WEB_2021_MARCO_ENSINO-W_ENSINO1-300x185.jpg 300w\" sizes=\"(max-width: 570px) 100vw, 570px\" \/><\/p>\n<p class=\"MsoNormal\" style=\"line-height: 130%;\">\u00a0<\/p>\n<p class=\"MsoNormal\" style=\"line-height: 130%;\"><span style=\"text-decoration-line: underline;\"><b style=\"text-decoration-line: underline;\">POSTADO EM 09\/03\/2021<\/b><\/p>\n<p><b><span style=\"text-decoration: underline;\"><a href=\"http:\/\/acs.org.br\/index.php?option=com_content&amp;view=article&amp;id=29323;acs-jovem-promove-live-com-o-ilusionista-e-youtuber-pyong-lee-&amp;catid=2;noticias&amp;Itemid=49\" target=\"_blank\" rel=\"noopener\">ACS Jovem promove live com o ilusionista e youtuber Pyong Lee<\/a><\/span><\/b><\/p>\n<p><b style=\"text-decoration-line: underline;\">POSTADO EM 03\/03\/2021<\/b><\/span><\/p>\n<p><b><span style=\"text-decoration: underline;\"><a href=\"http:\/\/acs.org.br\/index.php?option=com_content&amp;view=article&amp;id=29256;2021-03-03-19-26-14&amp;catid=2;noticias&amp;Itemid=49\" target=\"_blank\" rel=\"noopener\">C\u00e2mara de Navega\u00e7\u00e3o entrega of\u00edcio \u00e0 SPA sobre compensa\u00e7\u00e3o tarif\u00e1ria<\/a><\/span><\/b><\/p>\n<p><span style=\"text-decoration: underline;\"><img loading=\"lazy\" decoding=\"async\" class=\" size-full wp-image-79281\" src=\"http:\/\/127.0.0.1\/acs\/wp-content\/uploads\/2021\/07\/WEB_2021_MARCO_NAVEGACAO-W_NAV1.jpg\" width=\"570\" height=\"303\" srcset=\"https:\/\/acs.org.br\/academy\/wp-content\/uploads\/2021\/07\/WEB_2021_MARCO_NAVEGACAO-W_NAV1.jpg 570w, https:\/\/acs.org.br\/academy\/wp-content\/uploads\/2021\/07\/WEB_2021_MARCO_NAVEGACAO-W_NAV1-300x159.jpg 300w\" sizes=\"(max-width: 570px) 100vw, 570px\" \/><\/span><\/p>\n<p class=\"MsoNormal\" style=\"line-height: 130%;\"><span style=\"text-decoration: underline;\"><span style=\"text-decoration-line: underline;\"><b style=\"text-decoration-line: underline;\"><b><\/p>\n<p>POSTADO EM 25\/02\/2021<\/p>\n<p><\/b><\/b><\/span><\/span><\/p>\n<p class=\"x_MsoNormal\" style=\"margin: 0cm 0cm 0.0001pt; font-size: 11pt; font-family: Calibri, sans-serif; color: #201f1e;\">Caros associados,<\/p>\n<p class=\"x_MsoNormal\" style=\"margin: 0cm 0cm 0.0001pt; font-size: 11pt; font-family: Calibri, sans-serif; color: #201f1e;\">\nA seguir, informa\u00e7\u00f5es importantes do coordenador da c\u00e2mara setorial de agentes de cargas, Noslen Botelho, sobre altera\u00e7\u00f5es na API-Recintos.<\/p>\n<p class=\"MsoNormal\" style=\"line-height: 130%;\"><span style=\"text-decoration: underline;\"><span style=\"text-decoration-line: underline;\"><b style=\"text-decoration-line: underline;\"><b><a href=\"https:\/\/docs.portalunico.siscomex.gov.br\/rn\/r32-eufrates\/#recintos-de-comercio-exterior\" target=\"_blank\" rel=\"noopener\"><img loading=\"lazy\" decoding=\"async\" class=\" size-full wp-image-79282\" style=\"font-weight: 400;\" src=\"http:\/\/127.0.0.1\/acs\/wp-content\/uploads\/2021\/07\/WEB_2021_FEVEREIRO_apirecintos.jpg\" width=\"570\" height=\"805\" srcset=\"https:\/\/acs.org.br\/academy\/wp-content\/uploads\/2021\/07\/WEB_2021_FEVEREIRO_apirecintos.jpg 570w, https:\/\/acs.org.br\/academy\/wp-content\/uploads\/2021\/07\/WEB_2021_FEVEREIRO_apirecintos-212x300.jpg 212w\" sizes=\"(max-width: 570px) 100vw, 570px\" \/><\/a><br \/>\n<\/b><\/p>\n<p>POSTADO EM 24\/02\/2021<\/p>\n<p><\/b><\/span><\/span><\/p>\n<p class=\"MsoNormal\">Caro associado, boa tarde,<\/p>\n<p class=\"MsoNormal\">A seguir, a pedido do coordenador da C\u00e2mara Setorial de Agentes de Cargas, Noslen Botelho, compartilhamos a carta-convite enviada pela Alian\u00e7a Procomex para que a Associa\u00e7\u00e3o Comercial de Santos (ACS)\u00a0 se torne parceira da institui\u00e7\u00e3o.\u00a0 No pr\u00f3ximo dia 10, a ACS j\u00e1 participar\u00e1 da assembleia anual do Procomex.<\/p>\n<p class=\"MsoNormal\">\u00a0<\/p>\n<p class=\"MsoNormal\"><span style=\"color: #1f497d; mso-themecolor: dark2; mso-fareast-language: PT-BR;\">\u00a0<\/span><b><span style=\"color: #0070c0; mso-fareast-language: PT-BR;\"><a href=\"http:\/\/127.0.0.1\/acs\/wp-content\/uploads\/2021\/07\/PDF_2021_FEVEREIRO_PROCOMEX2402.pdf\"><span style=\"color: #0070c0;\">&gt; Carta Convite<\/span><\/a><\/span><\/b><\/p>\n<p class=\"MsoNormal\"><span style=\"color: #1f497d; mso-themecolor: dark2; mso-fareast-language: PT-BR;\">\u00a0<\/span><\/p>\n<p class=\"MsoNormal\">Atenciosamente,<br \/>\nDepartamento de Comunica\u00e7\u00e3o da ACS\u00a0<\/p>\n<p>\n<\/p>\n<p class=\"MsoNormal\">\u00a0<\/p>\n<p class=\"MsoNormal\" style=\"line-height: 130%;\"><span style=\"text-decoration: underline;\"><span style=\"text-decoration-line: underline;\"><b style=\"text-decoration-line: underline;\"> <br \/>\nPOSTADO EM 09\/02\/2021<\/b><\/p>\n<p><b><span style=\"text-decoration: underline;\"><a href=\"http:\/\/acs.org.br\/index.php?option=com_content&amp;view=article&amp;id=28984;2021-02-09-18-44-07&amp;catid=2;noticias&amp;Itemid=49\">C\u00e2mera de Petr\u00f3leo e G\u00e1s planeja a\u00e7\u00f5es para os pr\u00f3ximos meses<\/a><\/span><\/b><\/p>\n<p><span style=\"text-decoration: underline;\"><img loading=\"lazy\" decoding=\"async\" class=\" size-full wp-image-79284\" style=\"font-weight: 400;\" src=\"http:\/\/127.0.0.1\/acs\/wp-content\/uploads\/2021\/07\/WEB_2021_FEVEREIRO_petroleo-W_petroleo2.jpg\" width=\"570\" height=\"296\" srcset=\"https:\/\/acs.org.br\/academy\/wp-content\/uploads\/2021\/07\/WEB_2021_FEVEREIRO_petroleo-W_petroleo2.jpg 570w, https:\/\/acs.org.br\/academy\/wp-content\/uploads\/2021\/07\/WEB_2021_FEVEREIRO_petroleo-W_petroleo2-300x156.jpg 300w\" sizes=\"(max-width: 570px) 100vw, 570px\" \/><\/span><\/p>\n<p>\n<b style=\"text-decoration-line: underline;\">POSTADO EM 08\/02\/2021<\/p>\n<p><\/b><\/span><\/span><\/p>\n<p class=\"MsoNormal\" style=\"line-height: 130%;\"><strong><a href=\"http:\/\/acs.org.br\/index.php?option=com_content&amp;view=article&amp;id=28981;acs-jovem-define-atividades-e-projetos-para-2021&amp;catid=2;noticias&amp;Itemid=49\" target=\"_blank\" rel=\"noopener\">ACS Jovem define atividades e projetos para 2021<\/a><\/strong><\/p>\n<p class=\"MsoNormal\" style=\"line-height: 130%;\"><span style=\"text-decoration: underline;\"><span style=\"text-decoration-line: underline;\"><span style=\"text-decoration: underline;\"><img loading=\"lazy\" decoding=\"async\" class=\" size-full wp-image-79285\" style=\"font-weight: 400;\" src=\"http:\/\/127.0.0.1\/acs\/wp-content\/uploads\/2021\/07\/WEB_2021_FEVEREIRO_ACSJOVEM-W_ACSJOVEM_0036.jpg\" width=\"570\" height=\"380\" srcset=\"https:\/\/acs.org.br\/academy\/wp-content\/uploads\/2021\/07\/WEB_2021_FEVEREIRO_ACSJOVEM-W_ACSJOVEM_0036.jpg 570w, https:\/\/acs.org.br\/academy\/wp-content\/uploads\/2021\/07\/WEB_2021_FEVEREIRO_ACSJOVEM-W_ACSJOVEM_0036-300x200.jpg 300w\" sizes=\"(max-width: 570px) 100vw, 570px\" \/><\/span><\/p>\n<p><b style=\"text-decoration-line: underline;\">POSTADO EM 03\/02\/2021<\/b><\/span><\/p>\n<p><b style=\"text-decoration-line: underline;\"><span style=\"text-decoration: underline;\"><a href=\"http:\/\/acs.org.br\/index.php?option=com_content&amp;view=article&amp;id=28924;2021-02-03-19-32-40&amp;catid=2;noticias&amp;Itemid=49\" target=\"_blank\" rel=\"noopener\">C\u00e2mara de Navega\u00e7\u00e3o aborda plano de neg\u00f3cios da SAP e processo de desestatiza\u00e7\u00e3o do Porto<\/a><\/span><\/b><\/p>\n<p>\n<span style=\"text-decoration: underline;\"><img loading=\"lazy\" decoding=\"async\" class=\" size-full wp-image-79286\" src=\"http:\/\/127.0.0.1\/acs\/wp-content\/uploads\/2021\/07\/WEB_2021_FEVEREIRO_navegacao_NAV1.jpg\" width=\"570\" height=\"246\" srcset=\"https:\/\/acs.org.br\/academy\/wp-content\/uploads\/2021\/07\/WEB_2021_FEVEREIRO_navegacao_NAV1.jpg 570w, https:\/\/acs.org.br\/academy\/wp-content\/uploads\/2021\/07\/WEB_2021_FEVEREIRO_navegacao_NAV1-300x129.jpg 300w\" sizes=\"(max-width: 570px) 100vw, 570px\" \/><\/span><strong style=\"text-decoration-line: underline;\"><\/p>\n<p><\/strong><\/span><a href=\"http:\/\/acs.org.br\/index.php?option=com_content&amp;view=article&amp;id=28915;2021-02-03-13-41-50&amp;catid=2;noticias&amp;Itemid=49\" target=\"_blank\" rel=\"noopener\">C\u00e2mara Setorial de Institui\u00e7\u00f5es de Ensino da ACS define eventos para este ano<\/a><\/p>\n<p><img loading=\"lazy\" decoding=\"async\" class=\" size-full wp-image-79287\" src=\"http:\/\/127.0.0.1\/acs\/wp-content\/uploads\/2021\/07\/WEB_2021_FEVEREIRO_ENSINO_camaraensino2.jpg\" width=\"570\" height=\"238\" srcset=\"https:\/\/acs.org.br\/academy\/wp-content\/uploads\/2021\/07\/WEB_2021_FEVEREIRO_ENSINO_camaraensino2.jpg 570w, https:\/\/acs.org.br\/academy\/wp-content\/uploads\/2021\/07\/WEB_2021_FEVEREIRO_ENSINO_camaraensino2-300x125.jpg 300w\" sizes=\"(max-width: 570px) 100vw, 570px\" \/><\/p>\n<p class=\"MsoNormal\" style=\"line-height: 130%;\">\u00a0<\/p>\n<p class=\"MsoNormal\" style=\"line-height: 130%;\"><span style=\"font-size: 8pt;\"><b><span style=\"text-decoration: underline;\"><span style=\"font-family: Helvetica, sans-serif; color: #666666;\">POSTADO EM 19\/01\/2021<br \/>\n<\/span><\/span><\/b><\/span><\/p>\n<p class=\"MsoNormal\" style=\"line-height: 130%;\"><span style=\"color: #666666; font-family: Helvetica, sans-serif;\"><span style=\"font-size: 10.6667px;\"><b><span style=\"text-decoration: underline;\"><a href=\"http:\/\/acs.org.br\/index.php?option=com_content&amp;view=article&amp;id=28757;2021-01-19-17-29-54&amp;catid=2;noticias&amp;Itemid=49\" target=\"_blank\" rel=\"noopener\">C\u00e2mara de Petr\u00f3leo e G\u00e1s faz sua primeira reuni\u00e3o do ano e define planejamento estrat\u00e9gico para o setor\u00a0<\/a><\/span><\/b><\/span><\/span><\/p>\n<p class=\"MsoNormal\" style=\"line-height: 130%;\">\u00a0<\/p>\n<p class=\"MsoNormal\" style=\"line-height: 130%;\"><span style=\"font-size: 8pt;\"><b><span style=\"text-decoration: underline;\"><span style=\"font-family: Helvetica, sans-serif; color: #666666;\">POSTADO EM 08\/01\/2021<\/span><\/span><\/b><\/span><\/p>\n<p>Reuni\u00e3o do Conselho de C\u00e2maras Setoriais da ACS<\/p>\n<p class=\"MsoNormal\"><img loading=\"lazy\" decoding=\"async\" class=\" size-full wp-image-79288\" src=\"http:\/\/127.0.0.1\/acs\/wp-content\/uploads\/2021\/07\/WEB_2021_JANEIRO_CONSELHOCAMARAS-REUNIAO-W_CONSELHOCAMARAS-REUNIAO_0010.jpg\" width=\"570\" height=\"364\" srcset=\"https:\/\/acs.org.br\/academy\/wp-content\/uploads\/2021\/07\/WEB_2021_JANEIRO_CONSELHOCAMARAS-REUNIAO-W_CONSELHOCAMARAS-REUNIAO_0010.jpg 570w, https:\/\/acs.org.br\/academy\/wp-content\/uploads\/2021\/07\/WEB_2021_JANEIRO_CONSELHOCAMARAS-REUNIAO-W_CONSELHOCAMARAS-REUNIAO_0010-300x192.jpg 300w\" sizes=\"(max-width: 570px) 100vw, 570px\" \/><\/p>\n<p class=\"MsoNormal\"><img loading=\"lazy\" decoding=\"async\" class=\" size-full wp-image-79289\" src=\"http:\/\/127.0.0.1\/acs\/wp-content\/uploads\/2021\/07\/WEB_2021_JANEIRO_CONSELHOCAMARAS-REUNIAO-W_CONSELHOCAMARAS-REUNIAO_0007.jpg\" width=\"570\" height=\"363\" srcset=\"https:\/\/acs.org.br\/academy\/wp-content\/uploads\/2021\/07\/WEB_2021_JANEIRO_CONSELHOCAMARAS-REUNIAO-W_CONSELHOCAMARAS-REUNIAO_0007.jpg 570w, https:\/\/acs.org.br\/academy\/wp-content\/uploads\/2021\/07\/WEB_2021_JANEIRO_CONSELHOCAMARAS-REUNIAO-W_CONSELHOCAMARAS-REUNIAO_0007-300x191.jpg 300w\" sizes=\"(max-width: 570px) 100vw, 570px\" \/><\/p>\n<p class=\"MsoNormal\"><img loading=\"lazy\" decoding=\"async\" class=\" size-full wp-image-79290\" src=\"http:\/\/127.0.0.1\/acs\/wp-content\/uploads\/2021\/07\/WEB_2021_JANEIRO_CONSELHOCAMARAS-REUNIAO-W_CONSELHOCAMARAS-REUNIAO_0013.jpg\" width=\"570\" height=\"360\" srcset=\"https:\/\/acs.org.br\/academy\/wp-content\/uploads\/2021\/07\/WEB_2021_JANEIRO_CONSELHOCAMARAS-REUNIAO-W_CONSELHOCAMARAS-REUNIAO_0013.jpg 570w, https:\/\/acs.org.br\/academy\/wp-content\/uploads\/2021\/07\/WEB_2021_JANEIRO_CONSELHOCAMARAS-REUNIAO-W_CONSELHOCAMARAS-REUNIAO_0013-300x189.jpg 300w\" sizes=\"(max-width: 570px) 100vw, 570px\" \/><\/p>\n<p class=\"MsoNormal\">\u00a0<\/p>\n<div>\u00a0<\/div>\n<p><span style=\"text-decoration: underline;\"><span style=\"text-decoration-line: underline;\"><span style=\"text-decoration-line: underline;\"><span style=\"text-decoration-line: underline;\"><span style=\"font-size: 8pt;\"><b style=\"text-decoration-line: underline;\">POSTADO EM 17\/12\/2020<\/b><\/span><\/p>\n<p><strong><a href=\"http:\/\/acs.org.br\/index.php?option=com_content&amp;view=article&amp;id=28438;2020-12-17-21-37-14&amp;catid=2;noticias&amp;Itemid=49\" target=\"_blank\" rel=\"noopener\">C\u00e2mara de Petr\u00f3leo e G\u00e1s da ACS se re\u00fane com Governo do Estado para tratar sobre desenvolvimento para o setor<\/a><\/strong><\/span><\/span><\/span><\/span><\/p>\n<p><img loading=\"lazy\" decoding=\"async\" class=\" size-full wp-image-79291\" src=\"http:\/\/127.0.0.1\/acs\/wp-content\/uploads\/2021\/07\/WEB_2020_DEZEMBRO_PETROLEO-W_PEG6.jpg\" width=\"570\" height=\"291\" srcset=\"https:\/\/acs.org.br\/academy\/wp-content\/uploads\/2021\/07\/WEB_2020_DEZEMBRO_PETROLEO-W_PEG6.jpg 570w, https:\/\/acs.org.br\/academy\/wp-content\/uploads\/2021\/07\/WEB_2020_DEZEMBRO_PETROLEO-W_PEG6-300x153.jpg 300w\" sizes=\"(max-width: 570px) 100vw, 570px\" \/><\/p>\n<p><span style=\"text-decoration: underline;\"><span style=\"text-decoration-line: underline;\"><span style=\"text-decoration-line: underline;\"><span style=\"text-decoration-line: underline;\"><\/p>\n<p><b><span style=\"text-decoration: underline;\"><a href=\"http:\/\/acs.org.br\/index.php?option=com_content&amp;view=article&amp;id=28431;coemprego&amp;catid=2;noticias&amp;Itemid=49\" target=\"_blank\" rel=\"noopener\">Co-emprego elege presidente para a gest\u00e3o 2021\u00a0<\/a><\/span><\/b><\/p>\n<p><img loading=\"lazy\" decoding=\"async\" class=\" size-full wp-image-79292\" src=\"http:\/\/127.0.0.1\/acs\/wp-content\/uploads\/2021\/07\/WEB_2020_DEZEMBRO_COEMPREGO-W_COEMPREGO1.jpg\" width=\"570\" height=\"457\" srcset=\"https:\/\/acs.org.br\/academy\/wp-content\/uploads\/2021\/07\/WEB_2020_DEZEMBRO_COEMPREGO-W_COEMPREGO1.jpg 570w, https:\/\/acs.org.br\/academy\/wp-content\/uploads\/2021\/07\/WEB_2020_DEZEMBRO_COEMPREGO-W_COEMPREGO1-300x241.jpg 300w\" sizes=\"(max-width: 570px) 100vw, 570px\" \/><\/p>\n<p><b style=\"text-decoration-line: underline;\">POSTADO EM 10\/12\/2020<\/b><\/span><\/p>\n<p><b style=\"text-decoration-line: underline;\"><span style=\"text-decoration: underline;\"><a href=\"http:\/\/acs.org.br\/index.php?option=com_content&amp;view=article&amp;id=28360;2020-12-10-19-36-45&amp;catid=2;noticias&amp;Itemid=49\" target=\"_blank\" rel=\"noopener\">Condesan deve entregar Agenda de A\u00e7\u00f5es Estrat\u00e9gicas Municipais 2021\/2024 para Santos nos pr\u00f3ximos dias<\/a><\/p>\n<p><\/span><\/b><br \/>\n<b style=\"text-decoration-line: underline;\"><\/p>\n<p>POSTADO 09\/12\/2020<\/b><\/span><\/p>\n<p>\n<b style=\"text-decoration-line: underline;\"><span style=\"text-decoration: underline;\"><a href=\"http:\/\/acs.org.br\/index.php?option=com_content&amp;view=article&amp;id=28343;2020-12-09-21-17-09&amp;catid=2;noticias&amp;Itemid=49\" target=\"_blank\" rel=\"noopener\">Dificuldade em encontrar brometo de metila preocupa C\u00e2mara dos Exportadores de Caf\u00e9<\/a><\/p>\n<p><\/span><\/b><span style=\"text-decoration: underline;\"><img loading=\"lazy\" decoding=\"async\" class=\" size-full wp-image-79293\" src=\"http:\/\/127.0.0.1\/acs\/wp-content\/uploads\/2021\/07\/WEB_2020_DEZEMBRO_cafe-W_cafe1.jpg\" width=\"570\" height=\"314\" srcset=\"https:\/\/acs.org.br\/academy\/wp-content\/uploads\/2021\/07\/WEB_2020_DEZEMBRO_cafe-W_cafe1.jpg 570w, https:\/\/acs.org.br\/academy\/wp-content\/uploads\/2021\/07\/WEB_2020_DEZEMBRO_cafe-W_cafe1-300x165.jpg 300w\" sizes=\"(max-width: 570px) 100vw, 570px\" \/><\/span><br \/>\n<\/span><\/p>\n<p><b style=\"text-decoration-line: underline;\"><span style=\"text-decoration: underline;\"><a href=\"index.php?option=com_content&amp;view=article&amp;id=28334;2020-12-09-17-07-10&amp;catid=2;noticias&amp;Itemid=49\" target=\"_blank\" rel=\"noopener\">C\u00e2mara Setorial das Institui\u00e7\u00f5es de Ensino realiza confraterniza\u00e7\u00e3o on-line<\/a><\/span><\/b><\/span><\/p>\n<p><img loading=\"lazy\" decoding=\"async\" class=\" size-full wp-image-79294\" src=\"http:\/\/127.0.0.1\/acs\/wp-content\/uploads\/2021\/07\/WEB_2020_DEZEMBRO_ENSINO-W_ENSINO_21.jpg\" width=\"570\" height=\"300\" srcset=\"https:\/\/acs.org.br\/academy\/wp-content\/uploads\/2021\/07\/WEB_2020_DEZEMBRO_ENSINO-W_ENSINO_21.jpg 570w, https:\/\/acs.org.br\/academy\/wp-content\/uploads\/2021\/07\/WEB_2020_DEZEMBRO_ENSINO-W_ENSINO_21-300x158.jpg 300w\" sizes=\"(max-width: 570px) 100vw, 570px\" \/><\/p>\n<p>&nbsp;<\/p>\n<p><span style=\"text-decoration: underline;\"><strong>POSTADO EM 03\/12\/2020<\/strong><\/span><\/p>\n<p><strong>Elei\u00e7\u00e3o do Conselho de C\u00e2maras Setoriais da ACS<\/strong><\/p>\n<p>Em reuni\u00e3o realizada em 03 de dezembro na sede da ACS, foi eleito o novo Conselho de C\u00e2maras Setoriais, a saber:<\/p>\n<p>Presidente:\u00a0 \u00a0 \u00a0Gustavo Pierotti <br \/>\n\u00a0 \u00a0 \u00a0 \u00a0 \u00a0 \u00a0 \u00a0 \u00a0(G. Pierotti Ship Supplier)\u00a0\u00a0<br \/>\nVice-presidente:\u00a0 \u00a0 Vanderlei Santos Lopes <br \/>\n\u00a0 \u00a0 \u00a0 \u00a0 \u00a0 \u00a0 \u00a0 \u00a0(MSC Mediterranean Shipping do Brasil &#8211; MSC Ltda)\u00a0\u00a0<br \/>\n1\u00aa secret\u00e1ria:\u00a0 \u00a0 Silvia Teixeira Penteado<br \/>\n\u00a0 \u00a0 \u00a0 \u00a0 \u00a0 \u00a0 \u00a0 \u00a0(Instituto Superior de Educa\u00e7\u00e3o Santa Cec\u00edlia &#8211; UNISANTA)\u00a0 <br \/>\n2\u00aa secret\u00e1ria:\u00a0 \u00a0 Roseneide Fassina\u00a0<br \/>\n\u00a0 \u00a0 \u00a0 \u00a0 \u00a0 \u00a0 \u00a0 (Transporte e Com\u00e9rcio Fassina)<\/p>\n<p><img loading=\"lazy\" decoding=\"async\" class=\" size-full wp-image-79295\" src=\"http:\/\/127.0.0.1\/acs\/wp-content\/uploads\/2021\/07\/WEB_2020_DEZEMBRO_CONSELHOCAMARAS-W_CONSELHOCAMARAS_0012.jpg\" width=\"570\" height=\"376\" srcset=\"https:\/\/acs.org.br\/academy\/wp-content\/uploads\/2021\/07\/WEB_2020_DEZEMBRO_CONSELHOCAMARAS-W_CONSELHOCAMARAS_0012.jpg 570w, https:\/\/acs.org.br\/academy\/wp-content\/uploads\/2021\/07\/WEB_2020_DEZEMBRO_CONSELHOCAMARAS-W_CONSELHOCAMARAS_0012-300x198.jpg 300w\" sizes=\"(max-width: 570px) 100vw, 570px\" \/><\/p>\n<p><img loading=\"lazy\" decoding=\"async\" class=\" size-full wp-image-79296\" src=\"http:\/\/127.0.0.1\/acs\/wp-content\/uploads\/2021\/07\/WEB_2020_DEZEMBRO_CONSELHOCAMARAS-W_CONSELHOCAMARAS_0017.jpg\" width=\"570\" height=\"393\" srcset=\"https:\/\/acs.org.br\/academy\/wp-content\/uploads\/2021\/07\/WEB_2020_DEZEMBRO_CONSELHOCAMARAS-W_CONSELHOCAMARAS_0017.jpg 570w, https:\/\/acs.org.br\/academy\/wp-content\/uploads\/2021\/07\/WEB_2020_DEZEMBRO_CONSELHOCAMARAS-W_CONSELHOCAMARAS_0017-300x207.jpg 300w\" sizes=\"(max-width: 570px) 100vw, 570px\" \/><\/p>\n<p><img loading=\"lazy\" decoding=\"async\" class=\" size-full wp-image-79297\" src=\"http:\/\/127.0.0.1\/acs\/wp-content\/uploads\/2021\/07\/WEB_2020_DEZEMBRO_CONSELHOCAMARAS-W_CONSELHOCAMARAS_0018.jpg\" width=\"570\" height=\"380\" srcset=\"https:\/\/acs.org.br\/academy\/wp-content\/uploads\/2021\/07\/WEB_2020_DEZEMBRO_CONSELHOCAMARAS-W_CONSELHOCAMARAS_0018.jpg 570w, https:\/\/acs.org.br\/academy\/wp-content\/uploads\/2021\/07\/WEB_2020_DEZEMBRO_CONSELHOCAMARAS-W_CONSELHOCAMARAS_0018-300x200.jpg 300w\" sizes=\"(max-width: 570px) 100vw, 570px\" \/><\/p>\n<p><img loading=\"lazy\" decoding=\"async\" class=\" size-full wp-image-79298\" src=\"http:\/\/127.0.0.1\/acs\/wp-content\/uploads\/2021\/07\/WEB_2020_DEZEMBRO_CONSELHOCAMARAS-W_CONSELHOCAMARAS_0019.jpg\" width=\"570\" height=\"375\" srcset=\"https:\/\/acs.org.br\/academy\/wp-content\/uploads\/2021\/07\/WEB_2020_DEZEMBRO_CONSELHOCAMARAS-W_CONSELHOCAMARAS_0019.jpg 570w, https:\/\/acs.org.br\/academy\/wp-content\/uploads\/2021\/07\/WEB_2020_DEZEMBRO_CONSELHOCAMARAS-W_CONSELHOCAMARAS_0019-300x197.jpg 300w\" sizes=\"(max-width: 570px) 100vw, 570px\" \/><\/p>\n<p><img loading=\"lazy\" decoding=\"async\" class=\" size-full wp-image-79299\" src=\"http:\/\/127.0.0.1\/acs\/wp-content\/uploads\/2021\/07\/WEB_2020_DEZEMBRO_CONSELHOCAMARAS-W_CONSELHOCAMARAS_0021.jpg\" width=\"570\" height=\"410\" srcset=\"https:\/\/acs.org.br\/academy\/wp-content\/uploads\/2021\/07\/WEB_2020_DEZEMBRO_CONSELHOCAMARAS-W_CONSELHOCAMARAS_0021.jpg 570w, https:\/\/acs.org.br\/academy\/wp-content\/uploads\/2021\/07\/WEB_2020_DEZEMBRO_CONSELHOCAMARAS-W_CONSELHOCAMARAS_0021-300x216.jpg 300w\" sizes=\"(max-width: 570px) 100vw, 570px\" \/><\/p>\n<p><img loading=\"lazy\" decoding=\"async\" class=\" size-full wp-image-79300\" src=\"http:\/\/127.0.0.1\/acs\/wp-content\/uploads\/2021\/07\/WEB_2020_DEZEMBRO_CONSELHOCAMARAS-W_CONSELHOCAMARAS_0023.jpg\" width=\"570\" height=\"380\" srcset=\"https:\/\/acs.org.br\/academy\/wp-content\/uploads\/2021\/07\/WEB_2020_DEZEMBRO_CONSELHOCAMARAS-W_CONSELHOCAMARAS_0023.jpg 570w, https:\/\/acs.org.br\/academy\/wp-content\/uploads\/2021\/07\/WEB_2020_DEZEMBRO_CONSELHOCAMARAS-W_CONSELHOCAMARAS_0023-300x200.jpg 300w\" sizes=\"(max-width: 570px) 100vw, 570px\" \/><\/p>\n<p><img loading=\"lazy\" decoding=\"async\" class=\" size-full wp-image-79301\" src=\"http:\/\/127.0.0.1\/acs\/wp-content\/uploads\/2021\/07\/WEB_2020_DEZEMBRO_CONSELHOCAMARAS-W_CONSELHOCAMARAS_0032.jpg\" width=\"570\" height=\"657\" srcset=\"https:\/\/acs.org.br\/academy\/wp-content\/uploads\/2021\/07\/WEB_2020_DEZEMBRO_CONSELHOCAMARAS-W_CONSELHOCAMARAS_0032.jpg 570w, https:\/\/acs.org.br\/academy\/wp-content\/uploads\/2021\/07\/WEB_2020_DEZEMBRO_CONSELHOCAMARAS-W_CONSELHOCAMARAS_0032-260x300.jpg 260w\" sizes=\"(max-width: 570px) 100vw, 570px\" \/><\/p>\n<p>&nbsp;<\/p>\n<p class=\"MsoNormal\"><span style=\"text-decoration: underline;\"><b style=\"text-decoration-line: underline;\"><b>POSTADO EM 10\/11\/2020<\/p>\n<p><\/b><\/b><\/span><\/p>\n<p class=\"MsoNormal\"><b><span style=\"text-decoration: underline;\"><a href=\"http:\/\/acs.org.br\/index.php?option=com_content&amp;view=article&amp;id=28013;2020-11-10-12-38-40&amp;catid=2;noticias&amp;Itemid=49\" target=\"_blank\" rel=\"noopener\">ACS Jovem define nova coordenadoria para a gest\u00e3o 2021\/2022\u00a0<\/a><\/span><\/b><\/p>\n<p class=\"MsoNormal\"><span style=\"text-decoration: underline;\"><b style=\"text-decoration-line: underline;\"><img loading=\"lazy\" decoding=\"async\" class=\" size-full wp-image-79302\" style=\"font-weight: 400;\" src=\"http:\/\/127.0.0.1\/acs\/wp-content\/uploads\/2021\/07\/WEB_2020_NOVEMBRO_ACSJOVEM-W_ACSJOVEM_0055.jpg\" width=\"570\" height=\"420\" srcset=\"https:\/\/acs.org.br\/academy\/wp-content\/uploads\/2021\/07\/WEB_2020_NOVEMBRO_ACSJOVEM-W_ACSJOVEM_0055.jpg 570w, https:\/\/acs.org.br\/academy\/wp-content\/uploads\/2021\/07\/WEB_2020_NOVEMBRO_ACSJOVEM-W_ACSJOVEM_0055-300x221.jpg 300w\" sizes=\"(max-width: 570px) 100vw, 570px\" \/><\/p>\n<p>\nPOSTADO EM 04\/11\/2020<\/p>\n<p><\/b><span style=\"text-decoration: underline;\"><a href=\"http:\/\/acs.org.br\/index.php?option=com_content&amp;view=article&amp;id=27326;2020-09-02-18-21-15&amp;catid=2;noticias&amp;Itemid=49\" target=\"_blank\" rel=\"noopener\">C\u00e2mara de Navega\u00e7\u00e3o pleiteia descontos para navios sustent\u00e1veis<\/a><\/span><\/p>\n<p><span style=\"text-decoration: underline;\"><img loading=\"lazy\" decoding=\"async\" class=\" size-full wp-image-79303\" src=\"http:\/\/127.0.0.1\/acs\/wp-content\/uploads\/2021\/07\/WEB_2020_novembro_navegacao-w_n3.jpg\" width=\"570\" height=\"246\" srcset=\"https:\/\/acs.org.br\/academy\/wp-content\/uploads\/2021\/07\/WEB_2020_novembro_navegacao-w_n3.jpg 570w, https:\/\/acs.org.br\/academy\/wp-content\/uploads\/2021\/07\/WEB_2020_novembro_navegacao-w_n3-300x129.jpg 300w\" sizes=\"(max-width: 570px) 100vw, 570px\" \/><\/span><\/p>\n<p>\n<b style=\"text-decoration-line: underline;\"><span style=\"text-decoration: underline;\"><a href=\"http:\/\/acs.org.br\/index.php?option=com_content&amp;view=article&amp;id=27956;ensino&amp;catid=2;noticias&amp;Itemid=49\" target=\"_blank\" rel=\"noopener\">Transforma\u00e7\u00e3o digital \u00e9 tema de reuni\u00e3o da C\u00e2mara de Institui\u00e7\u00f5es de Ensino da ACS<\/a><\/span><\/b><\/span><\/p>\n<p class=\"MsoNormal\"><b style=\"text-decoration-line: underline;\"><br \/>\n<a style=\"font-weight: 400;\" href=\"https:\/\/youtu.be\/MuYVZWXVdD8\"><img loading=\"lazy\" decoding=\"async\" class=\" size-full wp-image-79304\" src=\"http:\/\/127.0.0.1\/acs\/wp-content\/uploads\/2021\/07\/WEB_2020_NOVEMBRO_ENSINO-W_E4.jpg\" width=\"570\" height=\"319\" srcset=\"https:\/\/acs.org.br\/academy\/wp-content\/uploads\/2021\/07\/WEB_2020_NOVEMBRO_ENSINO-W_E4.jpg 570w, https:\/\/acs.org.br\/academy\/wp-content\/uploads\/2021\/07\/WEB_2020_NOVEMBRO_ENSINO-W_E4-300x168.jpg 300w\" sizes=\"(max-width: 570px) 100vw, 570px\" \/><\/a><\/p>\n<p>POSTADO EM 21\/10\/2020<\/b><br \/>\n<a href=\"index.php?option=com_content&amp;view=article&amp;id=27807;2020-10-20-19-38-24&amp;catid=2;noticias&amp;Itemid=49\" target=\"_blank\" rel=\"noopener\"><br \/>\n<b><span style=\"text-decoration: underline;\">C\u00e2mara de Petr\u00f3leo e G\u00e1s da ACS re\u00fane importantes players do setor e avan\u00e7a com seu projeto da Ag\u00eancia de Desenvolvimento<\/span><\/b><\/a><\/p>\n<p class=\"MsoNormal\"><span style=\"text-decoration-line: underline;\"><img loading=\"lazy\" decoding=\"async\" class=\" size-full wp-image-79305\" src=\"http:\/\/127.0.0.1\/acs\/wp-content\/uploads\/2021\/07\/WEB_2020_OUTUBRO_petroleo-W_petro6.jpg\" width=\"570\" height=\"332\" srcset=\"https:\/\/acs.org.br\/academy\/wp-content\/uploads\/2021\/07\/WEB_2020_OUTUBRO_petroleo-W_petro6.jpg 570w, https:\/\/acs.org.br\/academy\/wp-content\/uploads\/2021\/07\/WEB_2020_OUTUBRO_petroleo-W_petro6-300x175.jpg 300w\" sizes=\"(max-width: 570px) 100vw, 570px\" \/><\/p>\n<p><b style=\"text-decoration-line: underline;\">POSTADO EM 08\/10\/2020<\/b><\/span><br \/>\n<b><span style=\"text-decoration: underline;\"><br \/>\n<a href=\"http:\/\/acs.org.br\/index.php?option=com_content&amp;view=article&amp;id=27685;2020-10-08-14-31-33&amp;catid=2;noticias&amp;Itemid=49\" target=\"_blank\" rel=\"noopener\">C\u00e2mara Setorial de Transportes pede aten\u00e7\u00e3o para a falta de espa\u00e7o para dep\u00f3sito de cont\u00eaineres nos terminais<\/a><\/p>\n<p><\/span><\/b><img loading=\"lazy\" decoding=\"async\" class=\" size-full wp-image-79306\" src=\"http:\/\/127.0.0.1\/acs\/wp-content\/uploads\/2021\/07\/WEB_2020_OUTUBRO_TRANSPORTES-W_TRANSPORTES_0359.jpg\" width=\"570\" height=\"369\" srcset=\"https:\/\/acs.org.br\/academy\/wp-content\/uploads\/2021\/07\/WEB_2020_OUTUBRO_TRANSPORTES-W_TRANSPORTES_0359.jpg 570w, https:\/\/acs.org.br\/academy\/wp-content\/uploads\/2021\/07\/WEB_2020_OUTUBRO_TRANSPORTES-W_TRANSPORTES_0359-300x194.jpg 300w\" sizes=\"(max-width: 570px) 100vw, 570px\" \/><\/p>\n<p class=\"MsoNormal\"><span style=\"text-decoration: underline;\"><span style=\"text-decoration-line: underline;\"><span style=\"text-decoration: underline;\"><span style=\"text-decoration-line: underline;\"><span style=\"text-decoration-line: underline;\"><span style=\"text-decoration: underline;\"><span style=\"text-decoration-line: underline;\"><span style=\"text-decoration: underline;\"><b style=\"text-decoration-line: underline;\"><\/p>\n<p>POSTADO EM 07\/10\/2020<\/b><\/p>\n<p><b><span style=\"text-decoration: underline;\"><a href=\"http:\/\/acs.org.br\/index.php?option=com_content&amp;view=article&amp;id=27665;2020-10-07-14-26-49&amp;catid=2;noticias&amp;Itemid=49\" target=\"_blank\" rel=\"noopener\">Institui\u00e7\u00f5es de Ensino falam sobre os trabalhos desenvolvidos durante a pandemia\u00a0\u00a0<\/a><\/p>\n<p><\/span><\/b><img loading=\"lazy\" decoding=\"async\" class=\" size-full wp-image-79307\" src=\"http:\/\/127.0.0.1\/acs\/wp-content\/uploads\/2021\/07\/WEB_2020_OUTUBRO_ENSINO_ENSINO1.jpg\" width=\"570\" height=\"292\" srcset=\"https:\/\/acs.org.br\/academy\/wp-content\/uploads\/2021\/07\/WEB_2020_OUTUBRO_ENSINO_ENSINO1.jpg 570w, https:\/\/acs.org.br\/academy\/wp-content\/uploads\/2021\/07\/WEB_2020_OUTUBRO_ENSINO_ENSINO1-300x154.jpg 300w\" sizes=\"(max-width: 570px) 100vw, 570px\" \/>\u00a0<\/p>\n<p><\/span><\/span><\/span><\/span><\/span><\/span><\/span><\/span><\/p>\n<p class=\"MsoNormal\"><span style=\"text-decoration: underline;\"><strong>POSTADO EM 30\/10\/2020<\/strong><\/span><\/p>\n<p class=\"MsoNormal\"><span style=\"text-decoration: underline;\"><span style=\"text-decoration-line: underline;\"><span style=\"text-decoration: underline;\"><span style=\"text-decoration-line: underline;\"><span style=\"text-decoration-line: underline;\"><span style=\"text-decoration: underline;\"><span style=\"text-decoration-line: underline;\"><span style=\"text-decoration: underline;\"><a href=\"http:\/\/acs.org.br\/index.php?option=com_content&amp;view=article&amp;id=27616;2020-10-02-12-43-02&amp;catid=2;noticias&amp;Itemid=49\" target=\"_blank\" rel=\"noopener\">Presidente da ACS se re\u00fane com L\u00edderes da Sa\u00fade da Baixada Santista (LiSa) e fala sobre projetos da entidade<\/p>\n<p>\n<\/a><img loading=\"lazy\" decoding=\"async\" class=\" size-full wp-image-79308\" src=\"http:\/\/127.0.0.1\/acs\/wp-content\/uploads\/2021\/07\/WEB_2020_OUTUBRO_SAUDE_SAUDELISA1.jpg\" width=\"570\" height=\"260\" srcset=\"https:\/\/acs.org.br\/academy\/wp-content\/uploads\/2021\/07\/WEB_2020_OUTUBRO_SAUDE_SAUDELISA1.jpg 570w, https:\/\/acs.org.br\/academy\/wp-content\/uploads\/2021\/07\/WEB_2020_OUTUBRO_SAUDE_SAUDELISA1-300x137.jpg 300w\" sizes=\"(max-width: 570px) 100vw, 570px\" \/><\/p>\n<p>\n<span style=\"text-decoration: underline;\"><strong>POSTADO EM 30\/09\/2020<br \/>\n<a href=\"http:\/\/acs.org.br\/index.php?option=com_content&amp;view=article&amp;id=27595;2020-09-30-21-43-40&amp;catid=2;noticias&amp;Itemid=49\" target=\"_blank\" rel=\"noopener\"><br \/>\n<\/a><\/strong><\/span><a href=\"http:\/\/acs.org.br\/index.php?option=com_content&amp;view=article&amp;id=27595;2020-09-30-21-43-40&amp;catid=2;noticias&amp;Itemid=49\" target=\"_blank\" rel=\"noopener\">ACS promove reuni\u00e3o de exportadores de caf\u00e9 e armadores para discutir problemas no setor<\/a><\/p>\n<p><img loading=\"lazy\" decoding=\"async\" class=\" size-full wp-image-79309\" src=\"http:\/\/127.0.0.1\/acs\/wp-content\/uploads\/2021\/07\/WEB_2020_SETEMBRO_exportacao_nav1.jpg\" width=\"570\" height=\"344\" srcset=\"https:\/\/acs.org.br\/academy\/wp-content\/uploads\/2021\/07\/WEB_2020_SETEMBRO_exportacao_nav1.jpg 570w, https:\/\/acs.org.br\/academy\/wp-content\/uploads\/2021\/07\/WEB_2020_SETEMBRO_exportacao_nav1-300x181.jpg 300w\" sizes=\"(max-width: 570px) 100vw, 570px\" \/><\/p>\n<p><b style=\"text-decoration-line: underline;\">POSTADO EM 23\/09\/2020<\/b><\/span><\/p>\n<p><b style=\"text-decoration-line: underline;\"><span style=\"text-decoration: underline;\"><a href=\"http:\/\/acs.org.br\/index.php?option=com_content&amp;view=article&amp;id=27507;2020-09-22-20-58-23&amp;catid=2;noticias&amp;Itemid=49\" target=\"_blank\" rel=\"noopener\">Falta de cont\u00eainer \u00e9 tema de reuni\u00e3o da C\u00e2mara de Exportadores de Caf\u00e9<\/a><\/span><\/b><\/p>\n<p><span style=\"text-decoration: underline;\"><img loading=\"lazy\" decoding=\"async\" class=\" size-full wp-image-79310\" style=\"font-weight: 400;\" src=\"http:\/\/127.0.0.1\/acs\/wp-content\/uploads\/2021\/07\/WEB_2020_SETEMBRO_exportadoresdecafe_exportadorescafe1.jpg\" width=\"570\" height=\"338\" srcset=\"https:\/\/acs.org.br\/academy\/wp-content\/uploads\/2021\/07\/WEB_2020_SETEMBRO_exportadoresdecafe_exportadorescafe1.jpg 570w, https:\/\/acs.org.br\/academy\/wp-content\/uploads\/2021\/07\/WEB_2020_SETEMBRO_exportadoresdecafe_exportadorescafe1-300x178.jpg 300w\" sizes=\"(max-width: 570px) 100vw, 570px\" \/><\/span><b style=\"text-decoration-line: underline; font-weight: bold;\"><\/p>\n<p>POSTADO EM 22\/09\/2020<\/p>\n<p><\/b><\/span><\/span><\/span><\/span><\/span><\/span><\/span><\/p>\n<p class=\"MsoNormal\">Caro associado, bom dia,<\/p>\n<p class=\"MsoNormal\">\u00a0A seguir, comunicado do coordenador da C\u00e2mara Setorial de Exportadores de Caf\u00e9, Ronald Pires de Moraes,\u00a0 sobre a inativa\u00e7\u00e3o de CPFs por pend\u00eancias fiscais. <span style=\"color: #1f497d;\">\u00a0<\/span><\/p>\n<p class=\"MsoNormal\"><span style=\"text-decoration: underline;\"><span style=\"text-decoration-line: underline;\"><span style=\"text-decoration: underline;\"><span style=\"text-decoration-line: underline;\"><span style=\"text-decoration-line: underline;\"><span style=\"text-decoration: underline;\"><b style=\"text-decoration-line: underline;\"><b><img loading=\"lazy\" decoding=\"async\" class=\" size-full wp-image-79311\" src=\"http:\/\/127.0.0.1\/acs\/wp-content\/uploads\/2021\/07\/WEB_2020_SETEMBRO_exportacao.jpg\" width=\"570\" height=\"942\" srcset=\"https:\/\/acs.org.br\/academy\/wp-content\/uploads\/2021\/07\/WEB_2020_SETEMBRO_exportacao.jpg 570w, https:\/\/acs.org.br\/academy\/wp-content\/uploads\/2021\/07\/WEB_2020_SETEMBRO_exportacao-182x300.jpg 182w\" sizes=\"(max-width: 570px) 100vw, 570px\" \/><\/b><\/p>\n<p><\/b><\/span><\/span><\/span><\/span><\/span><\/span><\/p>\n<p class=\"MsoNormal\"><span style=\"text-decoration: underline;\"><span style=\"text-decoration-line: underline;\"><span style=\"text-decoration: underline;\"><span style=\"text-decoration-line: underline;\"><span style=\"text-decoration-line: underline;\"><span style=\"text-decoration: underline;\"><b style=\"text-decoration-line: underline;\"><br \/>\nPOSTADO EM 11\/09\/2020<\/p>\n<p><\/b><b><span style=\"text-decoration: underline;\"><a href=\"http:\/\/acs.org.br\/index.php?option=com_content&amp;view=article&amp;id=27399;2020-09-11-19-59-33&amp;catid=2;noticias&amp;Itemid=49\" target=\"_blank\" rel=\"noopener\">Condesan prop\u00f5e metas a candidatos e pr\u00e9-candidatos a prefeito de Santos<\/a><\/span><\/b><\/p>\n<p><\/span><span style=\"text-decoration: underline;\"><img loading=\"lazy\" decoding=\"async\" class=\" size-full wp-image-79312\" src=\"http:\/\/127.0.0.1\/acs\/wp-content\/uploads\/2021\/07\/WEB_2020_SETEMBRO_CONDESAN-W_IMG_9107.jpg\" width=\"570\" height=\"387\" srcset=\"https:\/\/acs.org.br\/academy\/wp-content\/uploads\/2021\/07\/WEB_2020_SETEMBRO_CONDESAN-W_IMG_9107.jpg 570w, https:\/\/acs.org.br\/academy\/wp-content\/uploads\/2021\/07\/WEB_2020_SETEMBRO_CONDESAN-W_IMG_9107-300x204.jpg 300w\" sizes=\"(max-width: 570px) 100vw, 570px\" \/><\/span><b style=\"text-decoration-line: underline;\"><span style=\"text-decoration: underline;\"><\/p>\n<p>\nPOSTADO 03\/09\/2020<\/span><\/b><\/p>\n<p><span style=\"color: #0000ee;\"><b><span style=\"text-decoration: underline;\"><a href=\"http:\/\/acs.org.br\/index.php?option=com_content&amp;view=article&amp;id=27325;2020-09-02-14-04-40&amp;catid=2;noticias&amp;Itemid=49\" target=\"_blank\" rel=\"noopener\">Integrantes da C\u00e2mara das Institui\u00e7\u00f5es de Ensino conhecem trabalho desenvolvido pelo Condesan<\/a><\/span><\/b><\/span><a style=\"font-weight: bold; text-decoration-line: underline;\" href=\"http:\/\/acs.org.br\/index.php?option=com_content&amp;view=article&amp;id=27164;2020-08-20-12-14-11&amp;catid=2;noticias&amp;Itemid=49\" target=\"_blank\" rel=\"noopener\"><\/p>\n<p><img loading=\"lazy\" decoding=\"async\" width=\"570\" height=\"302\" class=\" size-full wp-image-79313\" src=\"http:\/\/127.0.0.1\/acs\/wp-content\/uploads\/2021\/07\/WEB_2020_setembro_EDUCACAO_EDUCA1.jpg\" srcset=\"https:\/\/acs.org.br\/academy\/wp-content\/uploads\/2021\/07\/WEB_2020_setembro_EDUCACAO_EDUCA1.jpg 570w, https:\/\/acs.org.br\/academy\/wp-content\/uploads\/2021\/07\/WEB_2020_setembro_EDUCACAO_EDUCA1-300x159.jpg 300w\" sizes=\"(max-width: 570px) 100vw, 570px\" \/><\/p>\n<p>\n<\/a><a style=\"text-decoration-line: underline;\" href=\"http:\/\/acs.org.br\/index.php?option=com_content&amp;view=article&amp;id=27324;2020-09-02-13-03-52&amp;catid=2;noticias&amp;Itemid=49\" target=\"_blank\" rel=\"noopener\">C\u00e2mara Setorial de Empresas de Fumiga\u00e7\u00e3o e Servi\u00e7os Fitossanit\u00e1rios elege nova coordenadoria para o tri\u00eanio 2020-2023<\/a><\/p>\n<p>\n<a style=\"font-weight: bold;\" href=\"http:\/\/acs.org.br\/index.php?option=com_content&amp;view=article&amp;id=27164;2020-08-20-12-14-11&amp;catid=2;noticias&amp;Itemid=49\" target=\"_blank\" rel=\"noopener\"><img loading=\"lazy\" decoding=\"async\" width=\"570\" height=\"246\" class=\" size-full wp-image-79314\" src=\"http:\/\/127.0.0.1\/acs\/wp-content\/uploads\/2021\/07\/WEB_2020_setembro_fitossanitario_fito1.jpg\" srcset=\"https:\/\/acs.org.br\/academy\/wp-content\/uploads\/2021\/07\/WEB_2020_setembro_fitossanitario_fito1.jpg 570w, https:\/\/acs.org.br\/academy\/wp-content\/uploads\/2021\/07\/WEB_2020_setembro_fitossanitario_fito1-300x129.jpg 300w\" sizes=\"(max-width: 570px) 100vw, 570px\" \/><\/p>\n<p>\n<\/a><span style=\"text-decoration: underline;\"><b>POSTADO EM 31\/08\/2020<br \/>\n<\/b><\/span><br \/>\n<b style=\"text-decoration-line: underline;\"><a href=\"http:\/\/acs.org.br\/index.php?option=com_content&amp;view=article&amp;id=27300;2020-08-31-20-48-57&amp;catid=2;noticias&amp;Itemid=49\" target=\"_blank\" rel=\"noopener\">ACS anuncia em live cria\u00e7\u00e3o de Ag\u00eancia de Desenvolvimento para o setor de petr\u00f3leo e g\u00e1s<\/a><\/b><\/p>\n<p><strong style=\"text-decoration-line: underline;\"><a href=\"http:\/\/acs.org.br\/index.php?option=com_content&amp;view=article&amp;id=27164;2020-08-20-12-14-11&amp;catid=2;noticias&amp;Itemid=49\" target=\"_blank\" rel=\"noopener\"><img loading=\"lazy\" decoding=\"async\" class=\" size-full wp-image-79315\" src=\"http:\/\/127.0.0.1\/acs\/wp-content\/uploads\/2021\/07\/WEB_2020_AGOSTO_regiaoempauta1.jpg\" width=\"570\" height=\"332\" srcset=\"https:\/\/acs.org.br\/academy\/wp-content\/uploads\/2021\/07\/WEB_2020_AGOSTO_regiaoempauta1.jpg 570w, https:\/\/acs.org.br\/academy\/wp-content\/uploads\/2021\/07\/WEB_2020_AGOSTO_regiaoempauta1-300x175.jpg 300w\" sizes=\"(max-width: 570px) 100vw, 570px\" \/><\/a><\/strong><\/p>\n<p><b style=\"text-decoration-line: underline;\">POSTADO 27\/08\/2020<\/b><\/span><br \/>\n<a style=\"text-decoration-line: underline;\" href=\"http:\/\/acs.org.br\/index.php?option=com_content&amp;view=article&amp;id=27075;2020-08-12-13-43-07&amp;catid=2;noticias&amp;Itemid=49\" target=\"_blank\" rel=\"noopener\"><br \/>\n<b><span style=\"text-decoration: underline;\">Integrantes da C\u00e2mara Setorial de Transportes elegem nova coordenadoria para o tri\u00eanio 2020-2023<\/span><\/b><\/p>\n<p>\n<\/a><span style=\"text-decoration: underline;\"><img loading=\"lazy\" decoding=\"async\" class=\" size-full wp-image-79316\" src=\"http:\/\/127.0.0.1\/acs\/wp-content\/uploads\/2021\/07\/WEB_2020_AGOSTO_TRANSPORTE_eleicaotransporte3.jpg\" width=\"570\" height=\"379\" srcset=\"https:\/\/acs.org.br\/academy\/wp-content\/uploads\/2021\/07\/WEB_2020_AGOSTO_TRANSPORTE_eleicaotransporte3.jpg 570w, https:\/\/acs.org.br\/academy\/wp-content\/uploads\/2021\/07\/WEB_2020_AGOSTO_TRANSPORTE_eleicaotransporte3-300x199.jpg 300w\" sizes=\"(max-width: 570px) 100vw, 570px\" \/>\u00a0<\/span><b style=\"text-decoration-line: underline;\"><\/p>\n<p>POSTADO EM 14\/08\/2020<\/b><br \/>\n<\/span><\/p>\n<p><b style=\"text-decoration-line: underline;\"><span style=\"text-decoration: underline;\"><a href=\"http:\/\/acs.org.br\/index.php?option=com_content&amp;view=article&amp;id=27109;2020-08-14-13-45-42&amp;catid=2;noticias&amp;Itemid=49\" target=\"_blank\" rel=\"noopener\">ACS e LiSa far\u00e3o pesquisa para medir grau de satisfa\u00e7\u00e3o dos usu\u00e1rios de servi\u00e7os de sa\u00fade<\/a><\/span><\/b><\/p>\n<p><span style=\"text-decoration: underline;\"><img loading=\"lazy\" decoding=\"async\" class=\" size-full wp-image-79317\" style=\"font-weight: 400;\" src=\"http:\/\/127.0.0.1\/acs\/wp-content\/uploads\/2021\/07\/WEB_2020_AGOSTO_lisa_saude1.jpg\" width=\"570\" height=\"312\" srcset=\"https:\/\/acs.org.br\/academy\/wp-content\/uploads\/2021\/07\/WEB_2020_AGOSTO_lisa_saude1.jpg 570w, https:\/\/acs.org.br\/academy\/wp-content\/uploads\/2021\/07\/WEB_2020_AGOSTO_lisa_saude1-300x164.jpg 300w\" sizes=\"(max-width: 570px) 100vw, 570px\" \/><\/span><span style=\"text-decoration-line: underline; font-weight: 400;\">\u00a0<br \/>\n<\/span><strong style=\"text-decoration-line: underline;\"><span style=\"text-decoration: underline;\"><br \/>\nPOSTADO EM 13\/08\/2020<\/span><\/strong><\/span><\/span><\/span><\/p>\n<p class=\"MsoNormal\"><span style=\"text-decoration: underline;\"><a href=\"http:\/\/acs.org.br\/index.php?option=com_content&amp;view=article&amp;id=27091;2020-08-13-13-53-19&amp;catid=2;noticias&amp;Itemid=49\" target=\"_blank\" rel=\"noopener\">Associa\u00e7\u00e3o Comercial de Santos e ACS Jovem lan\u00e7am projeto &#8220;Novo Cidad\u00e3o&#8221;<\/a><\/span><\/p>\n<p class=\"MsoNormal\">\u00a0<\/p>\n<p class=\"MsoNormal\"><span style=\"text-decoration: underline;\"><span style=\"text-decoration-line: underline;\"><span style=\"text-decoration: underline;\"><br \/>\n<b style=\"text-decoration-line: underline;\">POSTADO EM 12\/08\/2020<\/b><br \/>\n<\/span><\/span><br \/>\n<span style=\"text-decoration: underline;\"><a href=\"http:\/\/acs.org.br\/index.php?option=com_content&amp;view=article&amp;id=27085;2020-08-12-20-47-51&amp;catid=2;noticias&amp;Itemid=49\" target=\"_blank\" rel=\"noopener\"><strong>C\u00e2mara de Sa\u00fade da Associa\u00e7\u00e3o Comercial de Santos fecha parceria com LiSa<\/strong><br \/>\n<\/a><\/span><span style=\"text-decoration: underline;\"><img loading=\"lazy\" decoding=\"async\" class=\" size-full wp-image-79318\" src=\"http:\/\/127.0.0.1\/acs\/wp-content\/uploads\/2021\/07\/WEB_2020_AGOSTO_LISA_lisameet2.jpg\" width=\"570\" height=\"516\" srcset=\"https:\/\/acs.org.br\/academy\/wp-content\/uploads\/2021\/07\/WEB_2020_AGOSTO_LISA_lisameet2.jpg 570w, https:\/\/acs.org.br\/academy\/wp-content\/uploads\/2021\/07\/WEB_2020_AGOSTO_LISA_lisameet2-300x272.jpg 300w\" sizes=\"(max-width: 570px) 100vw, 570px\" \/><\/span><span style=\"text-decoration: underline;\"><a href=\"http:\/\/acs.org.br\/index.php?option=com_content&amp;view=article&amp;id=27085;2020-08-12-20-47-51&amp;catid=2;noticias&amp;Itemid=49\" target=\"_blank\" rel=\"noopener\"><br \/>\n<\/a><\/span><\/p>\n<p><span style=\"text-decoration: underline;\"><br \/>\n<b><span style=\"text-decoration: underline;\"><a href=\"http:\/\/acs.org.br\/index.php?option=com_content&amp;view=article&amp;id=27084;2020-08-12-19-49-52&amp;catid=2;noticias&amp;Itemid=49\" target=\"_blank\" rel=\"noopener\">Navios com casos suspeitos de Covid s\u00e3o tema de reuni\u00e3o da C\u00e2mara de Navega\u00e7\u00e3o da ACS<\/a><\/span><\/b><\/p>\n<p><img loading=\"lazy\" decoding=\"async\" class=\" size-full wp-image-79319\" src=\"http:\/\/127.0.0.1\/acs\/wp-content\/uploads\/2021\/07\/WEB_2020_AGOSTO_navegacao_nav1.jpg\" width=\"570\" height=\"346\" srcset=\"https:\/\/acs.org.br\/academy\/wp-content\/uploads\/2021\/07\/WEB_2020_AGOSTO_navegacao_nav1.jpg 570w, https:\/\/acs.org.br\/academy\/wp-content\/uploads\/2021\/07\/WEB_2020_AGOSTO_navegacao_nav1-300x182.jpg 300w\" sizes=\"(max-width: 570px) 100vw, 570px\" \/>\u00a0<\/p>\n<p><a href=\"http:\/\/acs.org.br\/index.php?option=com_content&amp;view=article&amp;id=27085;2020-08-12-20-47-51&amp;catid=2;noticias&amp;Itemid=49\" target=\"_blank\" rel=\"noopener\"><strong>C\u00e2mara Setorial dos Operadores Portu\u00e1rios elege nova coordenadoria para o tri\u00eanio 2020-2023<\/strong><\/p>\n<p><\/a><img loading=\"lazy\" decoding=\"async\" class=\" size-full wp-image-79320\" src=\"http:\/\/127.0.0.1\/acs\/wp-content\/uploads\/2021\/07\/WEB_2020_AGOSTO_PORTUARIOS_OP6.jpg\" width=\"570\" height=\"251\" srcset=\"https:\/\/acs.org.br\/academy\/wp-content\/uploads\/2021\/07\/WEB_2020_AGOSTO_PORTUARIOS_OP6.jpg 570w, https:\/\/acs.org.br\/academy\/wp-content\/uploads\/2021\/07\/WEB_2020_AGOSTO_PORTUARIOS_OP6-300x132.jpg 300w\" sizes=\"(max-width: 570px) 100vw, 570px\" \/><\/p>\n<p>\n<b style=\"text-decoration-line: underline;\">POSTADO EM 11\/08\/2020<\/b><\/span><\/p>\n<p><b style=\"text-decoration-line: underline;\"><span style=\"text-decoration: underline;\"><a href=\"http:\/\/acs.org.br\/index.php?option=com_content&amp;view=article&amp;id=27067;petroleo-e-gas-&amp;catid=2;noticias&amp;Itemid=49\" target=\"_blank\" rel=\"noopener\">C\u00e2mara de Petr\u00f3leo e G\u00e1s da ACS prepara webin\u00e1rio para discutir desenvolvimento do setor<\/a><\/span><\/b><\/p>\n<p><\/span><img loading=\"lazy\" decoding=\"async\" class=\" size-full wp-image-79321\" src=\"http:\/\/127.0.0.1\/acs\/wp-content\/uploads\/2021\/07\/WEB_2020_AGOSTO_petroleo_petroleoegas01.jpg\" width=\"570\" height=\"280\" srcset=\"https:\/\/acs.org.br\/academy\/wp-content\/uploads\/2021\/07\/WEB_2020_AGOSTO_petroleo_petroleoegas01.jpg 570w, https:\/\/acs.org.br\/academy\/wp-content\/uploads\/2021\/07\/WEB_2020_AGOSTO_petroleo_petroleoegas01-300x147.jpg 300w\" sizes=\"(max-width: 570px) 100vw, 570px\" \/><strong><span style=\"text-decoration: underline;\"><\/p>\n<p>POSTADO EM 05\/08\/2020<\/span><br \/>\n<\/strong><br \/>\n<a href=\"http:\/\/acs.org.br\/index.php?option=com_content&amp;view=article&amp;id=27003;2020-08-05-13-47-11&amp;catid=2;noticias&amp;Itemid=49\" target=\"_blank\" rel=\"noopener\">Integrantes da C\u00e2mara de Institui\u00e7\u00f5es de Ensino se preparam para a retomada no 2\u00ba semestre<\/a><\/p>\n<p><img loading=\"lazy\" decoding=\"async\" class=\" size-full wp-image-79322\" src=\"http:\/\/127.0.0.1\/acs\/wp-content\/uploads\/2021\/07\/WEB_2020_AGOSTO_EDUCACAO_EDUCACAO0508_01.jpg\" width=\"570\" height=\"351\" srcset=\"https:\/\/acs.org.br\/academy\/wp-content\/uploads\/2021\/07\/WEB_2020_AGOSTO_EDUCACAO_EDUCACAO0508_01.jpg 570w, https:\/\/acs.org.br\/academy\/wp-content\/uploads\/2021\/07\/WEB_2020_AGOSTO_EDUCACAO_EDUCACAO0508_01-300x185.jpg 300w\" sizes=\"(max-width: 570px) 100vw, 570px\" \/>\u00a0<strong><span style=\"text-decoration: underline;\"><\/p>\n<p>\nPOSTADO EM 05\/08\/2020<\/span><br \/>\n<\/strong><br \/>\nCaro associado,\u00a0<\/p>\n<p class=\"MsoNormal\">\u00a0A seguir, comunicado do coordenador da C\u00e2mara Setorial de Agentes de Cargas, Noslen Botelho,\u00a0 sobre dois planos de trabalho da Diretoria da Ag\u00eancia Nacional de Transportes &#8211; Antaq.<\/p>\n<p class=\"MsoNormal\">\u00a0<\/p>\n<p class=\"MsoNormal\">\u00a0Confira os links:<\/p>\n<p class=\"MsoNormal\">\u00a0<\/p>\n<p class=\"MsoNormal\"><a href=\"http:\/\/127.0.0.1\/acs\/wp-content\/uploads\/2021\/07\/PDF_2020_AGOSTO_ANTAQ0508_01.pdf\">http:\/\/www.acs.org.br\/images\/stories\/PDF\/2020\/AGOSTO\/ANTAQ0508_01.pdf<\/a><\/p>\n<p class=\"MsoNormal\"><a href=\"http:\/\/127.0.0.1\/acs\/wp-content\/uploads\/2021\/07\/PDF_2020_AGOSTO_ANTAQ0508_02.pdf\">http:\/\/www.acs.org.br\/images\/stories\/PDF\/2020\/AGOSTO\/ANTAQ0508_02.pdf<\/a><\/p>\n<p class=\"MsoNormal\">\u00a0<\/p>\n<p class=\"MsoNormal\">At.te,<br \/>\nDepartamento de Comunica\u00e7\u00e3o da ACS<\/p>\n<p class=\"MsoNormal\">\u00a0<\/p>\n<p class=\"MsoNormal\"><span style=\"text-decoration: underline;\"> <strong><\/p>\n<p>POSTADO EM 04\/08\/2020<\/strong><\/span><\/p>\n<p class=\"MsoNormal\"><span style=\"font-family: 'Arial','sans-serif';\">Caro associado, boa tarde, <\/span><\/p>\n<p class=\"MsoNormal\"><span style=\"font-family: 'Arial','sans-serif';\">\u00a0<\/span><span style=\"font-family: Arial, sans-serif;\">O coordenador da C\u00e2mara Setorial de Agentes de Cargas, Noslen Botelho, informa que a Alf\u00e2ndega do Porto de Santos retomar\u00e1 as reuni\u00f5es da Colfac. Quem tiver sugest\u00f5es de pautas deve encaminhar para o e-mail <\/span><a style=\"font-family: Arial, sans-serif;\" href=\"mailto:noslen.ssz@excelsantos.com.br\">noslen.ssz@excelsantos.com.br<\/a><span style=\"font-family: Arial, sans-serif;\">\u00a0 <\/span><span style=\"font-family: Arial, sans-serif;\">at\u00e9 sexta-feira (7).<\/p>\n<p><\/span><\/p>\n<p class=\"MsoNormal\">At.te,<br \/>\nDepartamento de Comunica\u00e7\u00e3o da ACS<\/p>\n<div>\u00a0<\/div>\n<p class=\"MsoNormal\"><span style=\"text-decoration: underline;\"><strong>POSTADO EM 23\/07\/2020<\/p>\n<p><\/strong><\/span><\/p>\n<p class=\"MsoNormal\">Caro associado,<\/p>\n<p class=\"MsoNormal\">A seguir, informa\u00e7\u00f5es importantes do coordenador da C\u00e2mara Setorial de Agentes de Cargas, Noslen Botelho, sobre o comunicado da Receita Federal com rela\u00e7\u00e3o \u00e0 indisponibilidade do Siscomex e Pucomex<\/p>\n<p class=\"MsoNormal\"><a href=\"http:\/\/127.0.0.1\/acs\/wp-content\/uploads\/2021\/07\/PDF_2020_JULHO_comunicadoreceita.pdf\" target=\"_blank\" rel=\"noopener\">&gt;\u00a0 Comunicado Receita Federal<\/a><\/p>\n<p class=\"MsoNormal\">At.te,<br \/>\nDepartamento de Comunica\u00e7\u00e3o da ACS<\/p>\n<p class=\"MsoNormal\">\n<p><span style=\"font-size: 10.0pt; line-height: 107%; font-family: 'Arial',sans-serif;\"><strong style=\"text-decoration-line: underline;\">POSTADO EM 16\/07\/2020<\/p>\n<p><\/strong><\/span><\/p>\n<div style=\"margin: 0px; padding: 0px; border: 0px; font-variant-numeric: inherit; font-variant-east-asian: inherit; font-stretch: inherit; font-size: 12pt; line-height: inherit; font-family: Arial, Helvetica, sans-serif; vertical-align: baseline;\"><span style=\"margin: 0px; padding: 0px; border: 0px; font-style: inherit; font-variant: inherit; font-weight: inherit; font-stretch: inherit; font-size: inherit; line-height: inherit; font-family: Calibri, sans-serif; vertical-align: baseline;\">Caro associado,<\/span><\/div>\n<div style=\"margin: 0px; padding: 0px; border: 0px; font-variant-numeric: inherit; font-variant-east-asian: inherit; font-stretch: inherit; font-size: 15px; line-height: inherit; font-family: 'Segoe UI', 'Segoe UI Web (West European)', 'Segoe UI', -apple-system, BlinkMacSystemFont, Roboto, 'Helvetica Neue', sans-serif; vertical-align: baseline; color: #201f1e;\">\n<div lang=\"PT-BR\" style=\"margin: 0px; padding: 0px; border: 0px; font: inherit; vertical-align: baseline; color: inherit;\">\n<div class=\"x_x_x_WordSection1\" style=\"margin: 0px; padding: 0px; border: 0px; font: inherit; vertical-align: baseline; color: inherit;\">\n<div style=\"margin: 0px; padding: 0px; border: 0px; font: inherit; vertical-align: baseline; color: inherit;\">\n<div id=\"x_x_x_Signature\" style=\"margin: 0px; padding: 0px; border: 0px; font: inherit; vertical-align: baseline; color: inherit;\">\n<div style=\"margin: 0px; padding: 0px; border: 0px; font: inherit; vertical-align: baseline; color: inherit;\">\n<p class=\"x_x_x_MsoNormal\" style=\"margin: 0cm 0cm 0.0001pt; font-size: 12pt; font-family: 'Times New Roman', serif;\"><span style=\"margin: 0px; padding: 0px; border: 0px; font-style: inherit; font-variant: inherit; font-weight: inherit; font-stretch: inherit; font-size: inherit; line-height: inherit; font-family: Calibri, sans-serif; vertical-align: baseline; color: black;\">\u00a0<\/span><\/p>\n<\/div>\n<div style=\"margin: 0px; padding: 0px; border: 0px; font: inherit; vertical-align: baseline; color: inherit;\">\n<p class=\"x_x_x_MsoNormal\" style=\"margin: 0cm 0cm 0.0001pt; font-size: 12pt; font-family: 'Times New Roman', serif;\"><span style=\"margin: 0px; padding: 0px; border: 0px; font-style: inherit; font-variant: inherit; font-weight: inherit; font-stretch: inherit; font-size: inherit; line-height: inherit; font-family: Calibri, sans-serif; vertical-align: baseline; color: black;\">A seguir, informa\u00e7\u00f5es importantes do presidente da Federa\u00e7\u00e3o Nacional dos Despachantes Aduaneiros e diretor-financeiro da ACS, N\u00edvio Perez dos Santos, sobre a balan\u00e7a comercial no m\u00eas de junho.<\/span><\/p>\n<\/div>\n<div style=\"margin: 0px; padding: 0px; border: 0px; font: inherit; vertical-align: baseline; color: inherit;\">\n<p class=\"x_x_x_MsoNormal\" style=\"margin: 0cm 0cm 0.0001pt; font-size: 12pt; font-family: 'Times New Roman', serif;\"><span style=\"margin: 0px; padding: 0px; border: 0px; font-style: inherit; font-variant: inherit; font-weight: inherit; font-stretch: inherit; font-size: inherit; line-height: inherit; font-family: Calibri, sans-serif; vertical-align: baseline; color: black;\">\u00a0<\/span><\/p>\n<\/div>\n<div style=\"margin: 0px; padding: 0px; border: 0px; font: inherit; vertical-align: baseline; color: inherit;\">\n<p class=\"x_x_x_MsoNormal\" style=\"margin: 0cm 0cm 0.0001pt; font-size: 12pt; font-family: 'Times New Roman', serif;\"><span style=\"margin: 0px; padding: 0px; border: 0px; font-style: inherit; font-variant: inherit; font-weight: inherit; font-stretch: inherit; font-size: inherit; line-height: inherit; font-family: Calibri, sans-serif; vertical-align: baseline; color: black;\"><a style=\"margin: 0px; padding: 0px; border: 0px; font: inherit; vertical-align: baseline;\" title=\"http:\/\/127.0.0.1\/acs\/wp-content\/uploads\/2021\/07\/PDF_2020_JULHO_balancacomercial.pdf\" href=\"http:\/\/www.acs.org.br\/images\/stories\/PDF\/2020\/JULHO\/balancacomercial.pdf\" target=\"_blank\" rel=\"noopener noreferrer\" data-auth=\"NotApplicable\">&gt; Dados da CBCEX &#8211; C\u00e2mara Brasileira de Com\u00e9rcio Exterior<\/a><\/span><\/p>\n<\/div>\n<div style=\"margin: 0px; padding: 0px; border: 0px; font: inherit; vertical-align: baseline; color: inherit;\">\n<p class=\"x_x_x_MsoNormal\" style=\"margin: 0cm 0cm 0.0001pt; font-size: 12pt; font-family: 'Times New Roman', serif;\"><span style=\"margin: 0px; padding: 0px; border: 0px; font-style: inherit; font-variant: inherit; font-weight: inherit; font-stretch: inherit; font-size: inherit; line-height: inherit; font-family: Calibri, sans-serif; vertical-align: baseline; color: black;\">\u00a0<\/span><span style=\"color: black; font-family: Calibri, sans-serif; font-size: inherit; font-style: inherit; font-variant-ligatures: inherit; font-variant-caps: inherit; font-weight: inherit;\">\u00a0<\/span><\/p>\n<\/div>\n<div style=\"margin: 0px; padding: 0px; border: 0px; font: inherit; vertical-align: baseline; color: inherit;\">\n<p class=\"x_x_x_MsoNormal\" style=\"margin: 0cm 0cm 0.0001pt; font-size: 12pt; font-family: 'Times New Roman', serif;\"><span style=\"margin: 0px; padding: 0px; border: 0px; font-style: inherit; font-variant: inherit; font-weight: inherit; font-stretch: inherit; font-size: inherit; line-height: inherit; font-family: Calibri, sans-serif; vertical-align: baseline; color: black;\">At.te,<\/span><\/p>\n<\/div>\n<p class=\"x_x_x_MsoNormal\" style=\"margin: 0cm 0cm 0.0001pt; font-size: 12pt; font-family: 'Times New Roman', serif;\"><span style=\"margin: 0px; padding: 0px; border: 0px; font-style: inherit; font-variant: inherit; font-weight: inherit; font-stretch: inherit; font-size: inherit; line-height: inherit; font-family: Calibri, sans-serif; vertical-align: baseline; color: black;\">Departamento de Comunica\u00e7\u00e3o da ACS<\/span><\/p>\n<\/div>\n<\/div>\n<\/div>\n<\/div>\n<\/div>\n<p class=\"MsoNormal\"><span style=\"font-size: 10.0pt; line-height: 107%; font-family: 'Arial',sans-serif;\"><strong style=\"text-decoration-line: underline;\"><\/p>\n<p>POSTADO EM 15\/07\/2020<\/strong><\/span><\/p>\n<p class=\"MsoNormal\">\u00a0<\/p>\n<div style=\"margin: 0px; padding: 0px; border: 0px; font-style: inherit; font-variant: inherit; font-weight: inherit; font-stretch: inherit; font-size: 12pt; line-height: inherit; font-family: Arial, Helvetica, sans-serif; vertical-align: baseline;\">\n<p style=\"margin: 0cm 0cm 8pt; line-height: 15.6933px; font-size: 11pt; font-family: Calibri, sans-serif;\">Caro associado,<\/p>\n<p style=\"margin: 0cm 0cm 8pt; line-height: 15.6933px; font-size: 11pt; font-family: Calibri, sans-serif;\"><span style=\"font-size: 11pt; font-style: inherit; font-variant-ligatures: inherit; font-variant-caps: inherit; font-weight: inherit;\">A seguir, informa\u00e7\u00f5es importantes do coordenador da C\u00e2mara Setorial de Agentes de Cargas, Noslen Botelho, sobre o comunicado do Minist\u00e9rio da Economia<\/span><span style=\"font-size: 11pt; font-style: inherit; font-variant-ligatures: inherit; font-variant-caps: inherit; font-weight: inherit;\">\u00a0<\/span><span style=\"font: inherit; color: inherit; margin: 0px; padding: 0px; border: 0px; vertical-align: baseline;\">\u00a0<\/span><span style=\"font-size: 11pt; font-style: inherit; font-variant-ligatures: inherit; font-variant-caps: inherit; font-weight: inherit;\">com rela\u00e7\u00e3o a suspens\u00e3o tempor\u00e1ria dos registros do Siscoserv.<\/span><\/p>\n<p style=\"margin: 0cm 0cm 8pt; line-height: 15.6933px; font-size: 11pt; font-family: Calibri, sans-serif;\"><a style=\"margin: 0px; padding: 0px; border: 0px; font: inherit; vertical-align: baseline;\" href=\"http:\/\/acs.org.br\/images\/stories\/PDF\/2020\/JULHO\/MINISTERIOECONOMIA.pdf\" target=\"_blank\" rel=\"noopener noreferrer\" data-auth=\"NotApplicable\">&gt; Comunicado sobre o Siscoserv<\/a><\/p>\n<p style=\"margin: 0cm 0cm 8pt; line-height: 15.6933px; font-size: 11pt; font-family: Calibri, sans-serif;\">At.te,<br \/>\nDepartamento de Comunica\u00e7\u00e3o da ACS<\/p>\n<\/div>\n<div style=\"margin: 0px; padding: 0px; border: 0px; font: inherit; vertical-align: baseline; color: inherit;\">\n<div style=\"margin: 0px; padding: 0px; border: 0px; font-style: inherit; font-variant: inherit; font-weight: inherit; font-stretch: inherit; font-size: 12pt; line-height: inherit; font-family: Arial, Helvetica, sans-serif; vertical-align: baseline;\">\u00a0<\/div>\n<\/div>\n<p class=\"MsoNormal\"><span style=\"font-size: 10.0pt; line-height: 107%; font-family: 'Arial',sans-serif;\"><strong style=\"text-decoration-line: underline;\"><br \/>\nPOSTADO 14\/07\/2020<\/p>\n<p><\/strong><\/span><\/p>\n<p class=\"MsoNormal\"><span style=\"font-family: Arial, sans-serif;\"><span style=\"font-size: 13.3333px;\"><b><span style=\"text-decoration: underline;\"><a href=\"http:\/\/acs.org.br\/index.php?option=com_content&amp;view=article&amp;id=26786;2020-07-14-17-18-06&amp;catid=2;noticias&amp;Itemid=49\" target=\"_blank\" rel=\"noopener\">Grupo de trabalho da ACS quer regulamentar opera\u00e7\u00e3o offshore na regi\u00e3o<\/a><\/span><\/b><\/span><\/span><\/p>\n<p class=\"MsoNormal\"><span style=\"font-size: 10.0pt; line-height: 107%; font-family: 'Arial',sans-serif;\"><strong style=\"text-decoration-line: underline;\"><img loading=\"lazy\" decoding=\"async\" class=\" size-full wp-image-79327\" style=\"font-family: Helvetica, Arial, sans-serif; font-size: 11px; font-weight: 400;\" src=\"http:\/\/127.0.0.1\/acs\/wp-content\/uploads\/2021\/07\/WEB_2020_JULHO_petrole1.jpg\" width=\"570\" height=\"259\" srcset=\"https:\/\/acs.org.br\/academy\/wp-content\/uploads\/2021\/07\/WEB_2020_JULHO_petrole1.jpg 570w, https:\/\/acs.org.br\/academy\/wp-content\/uploads\/2021\/07\/WEB_2020_JULHO_petrole1-300x136.jpg 300w\" sizes=\"(max-width: 570px) 100vw, 570px\" \/><\/p>\n<p>\nPOSTADO EM 13\/07\/2020<br \/>\n<\/strong><\/span><\/p>\n<\/div>\n<div>\n<p class=\"MsoNormal\">Caro associado,<\/p>\n<p class=\"MsoNormal\">A seguir, informa\u00e7\u00f5es importantes do coordenador da C\u00e2mara Setorial de Agentes de Cargas, Noslen Botelho, sobre a desativa\u00e7\u00e3o do Siscoserv.<\/p>\n<p class=\"MsoNormal\">Em raz\u00e3o da publica\u00e7\u00e3o da PORTARIA CONJUNTA SCS\/RFB N\u00ba 25, DE 26 DE JUNHO DE 2020,\u00a0 os prazos para presta\u00e7\u00e3o de informa\u00e7\u00f5es no Siscoserv est\u00e3o suspensos de 1\u00ba de julho at\u00e9 31 de dezembro deste ano. At\u00e9 o dia 10 de julho, o sistema esteve dispon\u00edvel para novos registros, de forma volunt\u00e1ria.<\/p>\n<p class=\"MsoNormal\">A portaria, contudo, n\u00e3o exclui a obriga\u00e7\u00e3o da presta\u00e7\u00e3o (que \u00e9 determinada por lei), indicando apenas a suspens\u00e3o. Ser\u00e1 preciso acompanhar novas normativas sobre o assunto.<\/p>\n<p class=\"MsoNormal\">Os m\u00f3dulos do Sicoserv ser\u00e3o desligados durante este per\u00edodo para redirecionamento de recursos do governo federal.<\/p>\n<p class=\"MsoNormal\">D\u00favidas remanescentes sobre o assunto devem ser tratadas diretamente com a Coordena\u00e7\u00e3o-Geral de Exporta\u00e7\u00e3o, com o assunto &#8220;SUSPENS\u00c3O SISCOSERV&#8221;, no e-mail <a href=\"http:\/\/mce_host\/decex.cgex@mdic.gov.br\" target=\"_blank\" rel=\"noopener\">decex.cgex@mdic.gov.br\u00a0\u00a0<\/a><\/p>\n<p class=\"MsoNormal\">Para ajudar sobre a nova vers\u00e3o do sistema,\u00a0 o coordenador indicar o link sobre o Webinar: &#8220;O Futuro do Siscoserv &#8211; O porqu\u00ea do desligamento e o que esperar daqui para frente&#8221; .<\/p>\n<p class=\"MsoNormal\">At.te,<\/p>\n<p class=\"MsoNormal\">\u00a0<\/p>\n<p class=\"MsoNormal\">Departamento de Comunica\u00e7\u00e3o da ACS<\/p>\n<\/div>\n<div>\u00a0<\/div>\n<div>\n<div>\u00a0<\/div>\n<\/div>\n<div><span style=\"text-decoration-line: underline;\"> <b style=\"text-decoration-line: underline;\">POSTADO EM\u00a008\/07\/2020<\/b><br \/>\n<a style=\"text-decoration-line: underline; font-weight: bold;\" href=\"http:\/\/acs.org.br\/index.php?option=com_content&amp;view=article&amp;id=26729;2020-07-08-20-08-40&amp;catid=2;noticias&amp;Itemid=49\" target=\"_blank\" rel=\"noopener\"><br \/>\n<\/a><\/span><span style=\"text-decoration: underline;\"><a href=\"http:\/\/acs.org.br\/index.php?option=com_content&amp;view=article&amp;id=26729;2020-07-08-20-08-40&amp;catid=2;noticias&amp;Itemid=49\" target=\"_blank\" rel=\"noopener\">Aprova\u00e7\u00e3o do PDZ e cabotagem s\u00e3o tema de reuni\u00e3o da C\u00e2mara de Navega\u00e7\u00e3o da ACS<\/a><\/span><\/p>\n<p>\n<span style=\"text-decoration: underline;\"><img loading=\"lazy\" decoding=\"async\" class=\" size-full wp-image-79328\" src=\"http:\/\/127.0.0.1\/acs\/wp-content\/uploads\/2021\/07\/WEB_2020_JULHO_nav1.jpg\" width=\"570\" height=\"275\" srcset=\"https:\/\/acs.org.br\/academy\/wp-content\/uploads\/2021\/07\/WEB_2020_JULHO_nav1.jpg 570w, https:\/\/acs.org.br\/academy\/wp-content\/uploads\/2021\/07\/WEB_2020_JULHO_nav1-300x145.jpg 300w\" sizes=\"(max-width: 570px) 100vw, 570px\" \/><\/span><\/p>\n<p>\n<\/div>\n<div style=\"text-decoration-line: underline;\">\n<div style=\"text-decoration-line: underline;\"><strong><span style=\"text-decoration: underline;\">POSTADO EM\u00a0 23\/06\/2020<\/p>\n<p><\/span><\/strong><\/div>\n<\/div>\n<div>\n<div>Caros associados,\u00a0<\/p>\n<\/div>\n<\/div>\n<div>\n<div>A seguir, informa\u00e7\u00f5es importantes do coordenador da C\u00e2mara Setorial de Agentes de Cargas, Noslen Botelho, sobre o acesso ao Portal e-CAC por meio do certificado digital que precisar\u00e1 de cadastro pr\u00e9vio no Portal Gov.br, a partir de 1\u00ba de julho.<\/div>\n<div><a href=\"http:\/\/127.0.0.1\/acs\/wp-content\/uploads\/2021\/07\/PDF_2020_JUNHO_passoecac.pdf\" target=\"_blank\" rel=\"noopener\"><br \/>\n&gt; Confira o passo a passo para a cria\u00e7\u00e3o de conta no Portal Gov.br para PF (Pessoa F\u00edsica) e PJ (Pessoa Jur\u00eddica) com certificado digital e atribui\u00e7\u00e3o de selo.<\/a><\/div>\n<\/div>\n<div>\u00a0<\/div>\n<div><span style=\"text-decoration: underline;\"><span style=\"text-decoration: underline;\"><span style=\"text-decoration: underline;\"><span style=\"text-decoration: underline;\"><span style=\"text-decoration: underline;\"><\/p>\n<p><span style=\"text-decoration: underline;\">POSTADO EM 15\/06\/2020<\/span><\/span><\/p>\n<p><\/span><\/span><\/span><\/span><\/p>\n<div style=\"text-decoration-line: underline;\"><span style=\"text-decoration: underline;\">\u00a0<\/span><\/div>\n<div style=\"text-decoration-line: underline;\"><span style=\"text-decoration: underline;\"><a href=\"http:\/\/acs.org.br\/index.php?option=com_content&amp;view=article&amp;id=26451;2020-06-15-19-23-08&amp;catid=2;noticias&amp;Itemid=49\" target=\"_blank\" rel=\"noopener\">C\u00e2mara Setorial de Exportadores de Caf\u00e9 elege nova coordenadoria para o tri\u00eanio 2020-2023<\/a><\/span><\/div>\n<p><span style=\"text-decoration: underline;\"><span style=\"text-decoration: underline;\"><span style=\"text-decoration: underline;\"><span style=\"text-decoration: underline;\"><br \/>\n<span style=\"text-decoration: underline;\"><img loading=\"lazy\" decoding=\"async\" class=\" size-full wp-image-79330\" src=\"http:\/\/127.0.0.1\/acs\/wp-content\/uploads\/2021\/07\/WEB_2020_JUNHO_eleicaocafe_eleicaocafe1.jpg\" width=\"570\" height=\"269\" srcset=\"https:\/\/acs.org.br\/academy\/wp-content\/uploads\/2021\/07\/WEB_2020_JUNHO_eleicaocafe_eleicaocafe1.jpg 570w, https:\/\/acs.org.br\/academy\/wp-content\/uploads\/2021\/07\/WEB_2020_JUNHO_eleicaocafe_eleicaocafe1-300x142.jpg 300w\" sizes=\"(max-width: 570px) 100vw, 570px\" \/><\/span><\/p>\n<p><span style=\"text-decoration: underline;\">POSTADO EM 10\/06\/2020<\/span><\/span><\/p>\n<p><\/span><\/span><\/span><\/p>\n<div style=\"text-decoration-line: underline;\"><span style=\"text-decoration: underline;\"><a href=\"http:\/\/acs.org.br\/index.php?option=com_content&amp;view=article&amp;id=26416;2020-06-10-19-26-19&amp;catid=2;noticias&amp;Itemid=49\" target=\"_blank\" rel=\"noopener\">Impactos na amarra\u00e7\u00e3o de navios e de incentivos financeiros para armadores\/embarca\u00e7\u00f5es com boa performance de sustentabilidade s\u00e3o tema de reuni\u00e3o<\/a><\/span><\/div>\n<p><span style=\"text-decoration: underline;\"><span style=\"text-decoration: underline;\"><\/p>\n<p><span style=\"text-decoration: underline;\"><img loading=\"lazy\" decoding=\"async\" class=\" size-full wp-image-79331\" src=\"http:\/\/127.0.0.1\/acs\/wp-content\/uploads\/2021\/07\/WEB_2020_JUNHO_NAVEGACAO_NAVEGACAO1.jpg\" width=\"570\" height=\"249\" srcset=\"https:\/\/acs.org.br\/academy\/wp-content\/uploads\/2021\/07\/WEB_2020_JUNHO_NAVEGACAO_NAVEGACAO1.jpg 570w, https:\/\/acs.org.br\/academy\/wp-content\/uploads\/2021\/07\/WEB_2020_JUNHO_NAVEGACAO_NAVEGACAO1-300x131.jpg 300w\" sizes=\"(max-width: 570px) 100vw, 570px\" \/>\u00a0<\/span><\/p>\n<p><span style=\"text-decoration: underline;\">POSTADO EM 09\/06\/2020<\/span><\/span><br \/>\n<a style=\"text-decoration-line: underline;\" href=\"http:\/\/acs.org.br\/index.php?option=com_content&amp;view=article&amp;id=26400;2020-06-09-18-13-16&amp;catid=2;noticias&amp;Itemid=49\" target=\"_blank\" rel=\"noopener\"><br \/>\n<span style=\"text-decoration: underline;\">Planos da Petrobras e opera\u00e7\u00e3o offshore em Santos s\u00e3o temas de reuni\u00e3o da C\u00e2mara de Petr\u00f3leo e G\u00e1s da ACS<\/span><\/a><\/p>\n<p><span style=\"text-decoration: underline;\"><img loading=\"lazy\" decoding=\"async\" class=\" size-full wp-image-79332\" src=\"http:\/\/127.0.0.1\/acs\/wp-content\/uploads\/2021\/07\/WEB_2020_JUNHO_PETROLEOEGAS_PETROLEOEGAS8.jpg\" width=\"570\" height=\"329\" srcset=\"https:\/\/acs.org.br\/academy\/wp-content\/uploads\/2021\/07\/WEB_2020_JUNHO_PETROLEOEGAS_PETROLEOEGAS8.jpg 570w, https:\/\/acs.org.br\/academy\/wp-content\/uploads\/2021\/07\/WEB_2020_JUNHO_PETROLEOEGAS_PETROLEOEGAS8-300x173.jpg 300w\" sizes=\"(max-width: 570px) 100vw, 570px\" \/><\/span><\/p>\n<p>\n<span style=\"text-decoration: underline;\">POSTADO EM 03\/06\/2020<\/span><\/span><\/p>\n<div style=\"text-decoration-line: underline;\"><span style=\"text-decoration: underline;\"><a href=\"http:\/\/acs.org.br\/index.php?option=com_content&amp;view=article&amp;id=26329;ensino&amp;catid=2;noticias&amp;Itemid=49\" target=\"_blank\" rel=\"noopener\">\u00a0<\/a><\/span><\/div>\n<div style=\"text-decoration-line: underline;\"><span style=\"text-decoration: underline;\"><a href=\"http:\/\/acs.org.br\/index.php?option=com_content&amp;view=article&amp;id=26329;ensino&amp;catid=2;noticias&amp;Itemid=49\" target=\"_blank\" rel=\"noopener\">Presidente da SPA fala sobre a import\u00e2ncia da parceria entre Porto e universidades<\/a><\/span><\/div>\n<p>\n<span style=\"text-decoration: underline;\"><img loading=\"lazy\" decoding=\"async\" class=\" size-full wp-image-79333\" src=\"http:\/\/127.0.0.1\/acs\/wp-content\/uploads\/2021\/07\/WEB_2020_JUNHO_ENSINO1.jpg\" width=\"570\" height=\"257\" srcset=\"https:\/\/acs.org.br\/academy\/wp-content\/uploads\/2021\/07\/WEB_2020_JUNHO_ENSINO1.jpg 570w, https:\/\/acs.org.br\/academy\/wp-content\/uploads\/2021\/07\/WEB_2020_JUNHO_ENSINO1-300x135.jpg 300w\" sizes=\"(max-width: 570px) 100vw, 570px\" \/><\/span><\/p>\n<\/div>\n<div style=\"text-decoration-line: underline;\"><b><span style=\"text-decoration: underline;\">POSTADO EM\u00a0 28\/05\/2020<\/span><\/b><\/div>\n<div style=\"text-decoration-line: underline;\"><b><span style=\"text-decoration: underline;\">\u00a0<\/span><\/b><\/div>\n<div>Caros associados,\u00a0<\/div>\n<div>\nA seguir, informa\u00e7\u00f5es importantes do coordenador da c\u00e2mara setorial de agentes de cargas, Noslen Botelho, sobre material da Serpro com rela\u00e7\u00e3o aos servi\u00e7os de &#8220;inova\u00e7\u00e3o&#8221; no atendimento e seus custos:<\/div>\n<div><a href=\"http:\/\/acs.org.br\/images\/stories\/PDF\/2020\/MAIO\/SERPRO1.pdf\" target=\"_blank\" rel=\"noopener\">\u00a0<\/a><\/div>\n<div><a href=\"http:\/\/acs.org.br\/images\/stories\/PDF\/2020\/MAIO\/SERPRO1.pdf\" target=\"_blank\" rel=\"noopener\">&gt; Inova\u00e7\u00e3o Comex<\/a><\/div>\n<div><a href=\"http:\/\/acs.org.br\/images\/stories\/PDF\/2020\/MAIO\/SERPRO2.pdf\" target=\"_blank\" rel=\"noopener\">&gt;\u00ccntegra Comex<\/a><\/div>\n<div><a href=\"http:\/\/acs.org.br\/images\/stories\/PDF\/2020\/MAIO\/SERPRO3.pdf\" target=\"_blank\" rel=\"noopener\">&gt;Pre\u00e7os<\/a><\/div>\n<p><a href=\"http:\/\/acs.org.br\/images\/stories\/PDF\/2020\/MAIO\/SERPRO4.pdf\" target=\"_blank\" rel=\"noopener\">&gt; Contrata\u00e7\u00e3o<\/a><span style=\"text-decoration: underline;\"> <\/p>\n<p>\n<b><span style=\"text-decoration: underline;\">POSTADO 14\/05\/2020<\/span><\/b><br \/>\n<\/span><\/div>\n<div>\u00a0<\/div>\n<div><\/p>\n<div><a href=\"http:\/\/acs.org.br\/index.php?option=com_content&amp;view=article&amp;id=26099;2020-05-14-15-34-02&amp;catid=2;noticias&amp;Itemid=49\" target=\"_blank\" rel=\"noopener\">C\u00e2mara Setorial de Petr\u00f3leo e G\u00e1s elege nova coordenadoria para o tri\u00eanio 2020-2023<\/p>\n<p>\n<\/a><\/div>\n<\/div>\n<\/div>\n<div>\u00a0<\/div>\n<div><span style=\"text-decoration: underline;\"><strong>POSTADO 06\/05\/2020<\/p>\n<p><\/strong><\/span><\/p>\n<div><a href=\"http:\/\/acs.org.br\/index.php?option=com_content&amp;view=article&amp;id=26008;2020-05-06-20-38-46&amp;catid=2;noticias&amp;Itemid=49\" target=\"_blank\" rel=\"noopener\">Mudan\u00e7as no servi\u00e7o de amarra\u00e7\u00e3o preocupam integrantes da C\u00e2mara de Navega\u00e7\u00e3o<\/a><\/p>\n<p><img loading=\"lazy\" decoding=\"async\" class=\" size-full wp-image-79334\" src=\"http:\/\/127.0.0.1\/acs\/wp-content\/uploads\/2021\/07\/WEB_2020_MAIO_NAV2.jpg\" width=\"570\" height=\"281\" srcset=\"https:\/\/acs.org.br\/academy\/wp-content\/uploads\/2021\/07\/WEB_2020_MAIO_NAV2.jpg 570w, https:\/\/acs.org.br\/academy\/wp-content\/uploads\/2021\/07\/WEB_2020_MAIO_NAV2-300x148.jpg 300w\" sizes=\"(max-width: 570px) 100vw, 570px\" \/>\u00a0<\/div>\n<div>\u00a0<\/div>\n<p>\n<strong><span style=\"text-decoration: underline;\">POSTADO 27\/04\/2020<br \/>\n<\/span><\/strong><\/div>\n<div>\u00a0<\/div>\n<div>\u00a0<\/div>\n<div><a href=\"http:\/\/acs.org.br\/index.php?option=com_content&amp;view=article&amp;id=25911;2020-04-27-22-25-12&amp;catid=2;noticias&amp;Itemid=49\">C\u00e2mara Setorial de Assuntos Aduaneiros e Portu\u00e1rios elege nova coordenadoria para o tri\u00eanio 2020-2023<\/p>\n<p><img loading=\"lazy\" decoding=\"async\" class=\" size-full wp-image-79335\" style=\"color: #000000;\" src=\"http:\/\/127.0.0.1\/acs\/wp-content\/uploads\/2021\/07\/WEB_2020_ABRIL_zanethi.jpg\" width=\"570\" height=\"302\" srcset=\"https:\/\/acs.org.br\/academy\/wp-content\/uploads\/2021\/07\/WEB_2020_ABRIL_zanethi.jpg 570w, https:\/\/acs.org.br\/academy\/wp-content\/uploads\/2021\/07\/WEB_2020_ABRIL_zanethi-300x159.jpg 300w\" sizes=\"(max-width: 570px) 100vw, 570px\" \/><\/a><\/div>\n<div>\u00a0<\/div>\n<div>\u00a0<\/div>\n<div>\u00a0<\/div>\n<div>\u00a0<\/div>\n<div>\u00a0<\/div>\n<div><a href=\"http:\/\/acs.org.br\/index.php?option=com_content&amp;view=article&amp;id=25902;reuniao-educacao&amp;catid=2;noticias&amp;Itemid=49\" target=\"_blank\" rel=\"noopener\"><br \/>\n<\/a><span style=\"text-decoration: underline;\"><strong style=\"color: #000000;\">POSTADO 27\/04\/2020<\/strong><\/span><\/div>\n<div><a href=\"http:\/\/acs.org.br\/index.php?option=com_content&amp;view=article&amp;id=25902;reuniao-educacao&amp;catid=2;noticias&amp;Itemid=49\" target=\"_blank\" rel=\"noopener\">C\u00e2mara de Institui\u00e7\u00f5es de Ensino elege coordenadoria e a\u00e7\u00f5es de enfrentamento \u00e0 pandemia<\/a><\/div>\n<div><span style=\"text-decoration: underline;\"><\/p>\n<p><\/span><\/div>\n<div>\u00a0<\/div>\n<div><strong><span style=\"text-decoration: underline;\"><br \/>\nPOSTADO EM 20\/04\/2020<\/span><\/strong><\/div>\n<div>\u00a0<\/div>\n<div>\u00a0<\/div>\n<div><strong><a href=\"http:\/\/acs.org.br\/index.php?option=com_content&amp;view=article&amp;id=25836;2020-04-20-18-51-05&amp;catid=2;noticias&amp;Itemid=49\" target=\"_blank\" rel=\"noopener\">C\u00e2mara Setorial de Agentes de Carga elege nova coordenadoria para o tri\u00eanio 2020-2023<\/a><\/strong><\/div>\n<div>\u00a0<\/div>\n<div>\u00a0<\/div>\n<\/div>\n<div>\u00a0<\/div>\n<div>\n<div>\u00a0<\/div>\n<div>\u00a0<\/div>\n<div><strong><span style=\"text-decoration: underline;\"><br \/>\nPOSTADO EM 17\/04\/2020<\/span><\/strong><\/div>\n<div>\u00a0<\/div>\n<div>\u00a0<\/div>\n<div>\u00a0<\/div>\n<div>\u00a0<\/div>\n<div><strong><a href=\"http:\/\/acs.org.br\/index.php?option=com_content&amp;view=article&amp;id=25811;2020-04-17-15-08-19&amp;catid=2;noticias&amp;Itemid=49\" target=\"_blank\" rel=\"noopener\">C\u00e2mara Setorial de Armaz\u00e9ns Gerais, Terminais e Cont\u00eaineres elege nova coordenadoria para o tri\u00eanio 2020-2023<br \/>\n<\/a><\/strong><\/div>\n<\/div>\n<div>\u00a0<\/div>\n<div>\u00a0<\/div>\n<div>\u00a0<\/div>\n<div>\u00a0<\/div>\n<div>\u00a0<\/div>\n<div>\u00a0<\/div>\n<div><strong><span style=\"text-decoration: underline;\"><span style=\"text-decoration: underline;\">POSTADO EM 09\/04\/\/2020<br \/>\n<\/span><\/span><\/strong><\/div>\n<div><strong><span style=\"text-decoration: underline;\"><a href=\"http:\/\/acs.org.br\/index.php?option=com_content&amp;view=article&amp;id=25745;2020-04-09-21-43-49&amp;catid=2;noticias&amp;Itemid=49\" target=\"_blank\" rel=\"noopener\"><span style=\"text-decoration: underline;\">C\u00e2mara de Navega\u00e7\u00e3o elege nova coordenadoria por videoconfer\u00eancia<\/span><\/a><\/span><\/strong><\/div>\n<div>\u00a0<\/div>\n<div><strong><span style=\"text-decoration: underline;\"><br \/>\n<span style=\"text-decoration: underline;\">POSTADO EM 06\/04\/2020<\/span><br \/>\n<\/span><a href=\"http:\/\/acs.org.br\/index.php?option=com_content&amp;view=article&amp;id=25696;2020-04-06-19-55-35&amp;catid=2;noticias&amp;Itemid=49\" target=\"_blank\" rel=\"noopener\">ACS Jovem promover\u00e1 lives com empreendedores a partir desta semana<\/a><\/strong><\/div>\n<div><strong>\u00a0<\/strong><\/div>\n<div><strong><span style=\"text-decoration: underline;\">POSTADO EM 1\u00ba\/04\/2020<\/span><\/strong><\/div>\n<div>\n<div>\u00a0<\/div>\n<div>\u00a0<\/div>\n<div><strong><a href=\"http:\/\/acs.org.br\/index.php?option=com_content&amp;view=article&amp;id=25648;2020-04-01-14-24-53&amp;catid=2;noticias&amp;Itemid=49\" target=\"_blank\" rel=\"noopener\">Aulas on-line e posterga\u00e7\u00e3o de mensalidades s\u00e3o algumas das medidas adotadas pelas Institui\u00e7\u00f5es de Ensino<\/a><\/strong><\/div>\n<div>\u00a0<\/div>\n<div>\u00a0<\/div>\n<\/div>\n<div>\u00a0<\/div>\n<div>\u00a0<\/div>\n<div>\u00a0<\/div>\n<div><strong><span style=\"text-decoration: underline;\">POSTADO EM 24\/03\/2020<\/span><\/strong><\/div>\n<div><strong><a href=\"http:\/\/acs.org.br\/index.php?option=com_content&amp;view=article&amp;id=25599;2020-03-26-19-25-58&amp;catid=2;noticias&amp;Itemid=49\" target=\"_blank\" rel=\"noopener\">Associa\u00e7\u00e3o Comercial de Santos pede ajuda aos Governos Estaduais e Federais no combate ao coronavirus<\/a><\/strong><\/div>\n<div>\n<div><a href=\"http:\/\/acs.org.br\/index.php?option=com_content&amp;view=article&amp;id=25599;2020-03-26-19-25-58&amp;catid=2;noticias&amp;Itemid=49\" target=\"_blank\" rel=\"noopener\"><br \/>\n<img loading=\"lazy\" decoding=\"async\" class=\" size-full wp-image-79337\" style=\"color: #000000;\" src=\"http:\/\/127.0.0.1\/acs\/wp-content\/uploads\/2021\/07\/WEB_2020_MARCO_REUNIAODEPUTADOS-W_REUNIAO2603.jpg\" width=\"570\" height=\"359\" srcset=\"https:\/\/acs.org.br\/academy\/wp-content\/uploads\/2021\/07\/WEB_2020_MARCO_REUNIAODEPUTADOS-W_REUNIAO2603.jpg 570w, https:\/\/acs.org.br\/academy\/wp-content\/uploads\/2021\/07\/WEB_2020_MARCO_REUNIAODEPUTADOS-W_REUNIAO2603-300x189.jpg 300w\" sizes=\"(max-width: 570px) 100vw, 570px\" \/><\/a><\/div>\n<div>\u00a0<\/div>\n<\/div>\n<div>\u00a0<\/div>\n<div>\u00a0<\/div>\n<div>\u00a0<\/div>\n<div>\u00a0<\/div>\n<div>\u00a0<\/div>\n<div><span style=\"text-decoration: underline;\"><strong>POSTADO EM 23\/03\/2020<\/strong><\/span><br \/>\n<strong><a href=\"http:\/\/acs.org.br\/index.php?option=com_content&amp;view=article&amp;id=25573;2020-03-24-22-14-22&amp;catid=2;noticias&amp;Itemid=49\" target=\"_self\" rel=\"noopener\">Associa\u00e7\u00e3o Comercial de Santos busca medidas para reduzir impactos na economia regional<\/a><\/strong><\/div>\n<div><strong>\u00a0<\/strong><\/div>\n<div>\u00a0<\/div>\n<div>\n<div>\u00a0<\/div>\n<div>\u00a0<\/div>\n<\/div>\n<div>\u00a0<\/div>\n<div><img loading=\"lazy\" decoding=\"async\" class=\" size-full wp-image-79338\" src=\"http:\/\/127.0.0.1\/acs\/wp-content\/uploads\/2021\/07\/WEB_2020_MARCO_VIDEOCONFERENCIA-W_VIDEO1.jpg\" width=\"570\" height=\"428\" srcset=\"https:\/\/acs.org.br\/academy\/wp-content\/uploads\/2021\/07\/WEB_2020_MARCO_VIDEOCONFERENCIA-W_VIDEO1.jpg 570w, https:\/\/acs.org.br\/academy\/wp-content\/uploads\/2021\/07\/WEB_2020_MARCO_VIDEOCONFERENCIA-W_VIDEO1-300x225.jpg 300w\" sizes=\"(max-width: 570px) 100vw, 570px\" \/><\/div>\n<div>\u00a0<\/div>\n<div><span style=\"text-decoration: underline;\"><b style=\"text-decoration-line: underline;\">POSTADO EM 11\/03\/2020<\/b><br \/>\n<b><span style=\"text-decoration: underline;\"><a href=\"index.php?option=com_content&amp;view=article&amp;id=25415;posse-sammarco&amp;catid=2;noticias&amp;Itemid=49\" target=\"_blank\" rel=\"noopener\">Mauro Sammarco \u00e9 eleito presidente da ACS para o tri\u00eanio 2020\/2023<\/a><\/span><\/b><\/p>\n<p><span style=\"text-decoration: underline;\"><img loading=\"lazy\" decoding=\"async\" class=\" size-full wp-image-79339\" src=\"http:\/\/127.0.0.1\/acs\/wp-content\/uploads\/2021\/07\/WEB_2020_MARCO_POSSESAMMARCO-W_POSSESSAMMARCO_0078.jpg\" width=\"570\" height=\"437\" srcset=\"https:\/\/acs.org.br\/academy\/wp-content\/uploads\/2021\/07\/WEB_2020_MARCO_POSSESAMMARCO-W_POSSESSAMMARCO_0078.jpg 570w, https:\/\/acs.org.br\/academy\/wp-content\/uploads\/2021\/07\/WEB_2020_MARCO_POSSESAMMARCO-W_POSSESSAMMARCO_0078-300x230.jpg 300w\" sizes=\"(max-width: 570px) 100vw, 570px\" \/><\/span><\/span><\/div>\n<div>\u00a0<\/div>\n<div>\u00a0<\/div>\n<div><b style=\"text-decoration-line: underline;\"><br \/>\nPOSTADO EM 05\/03\/2020<\/b><br \/>\n<a href=\"index.php?option=com_content&amp;view=article&amp;id=25362;ensino-&amp;catid=2;noticias&amp;Itemid=49\" target=\"_blank\" rel=\"noopener\"><b><span style=\"text-decoration: underline;\">C\u00e2mara Setorial de Institui\u00e7\u00f5es de Ensino da ACS define cronograma para este ano<\/span><\/b><\/a><\/div>\n<div><span style=\"text-decoration: underline;\"><span style=\"text-decoration-line: underline;\"><span style=\"text-decoration-line: underline;\"><span style=\"text-decoration: underline;\"><b style=\"text-decoration-line: underline;\"><br \/>\n<img decoding=\"async\" style=\"font-weight: 400;\" src=\"http:\/\/acs.org.br\/images\/stories\/WEB\/2020\/MARCO\/ENSINO-W\/ENSINO_0013.JPG\" \/><\/p>\n<p>POSTADO EM 04\/03\/2020<\/b><a href=\"index.php?option=com_content&amp;view=article&amp;id=25340;posse-da-acs-jovem&amp;catid=2;noticias&amp;Itemid=49\" target=\"_blank\" rel=\"noopener\"><br \/>\n<b><span style=\"text-decoration: underline;\">ACS Jovem toma posse para gest\u00e3o 2020\/2021<\/span><\/b><\/a><\/span><\/span><\/span><\/span><\/div>\n<div><span style=\"text-decoration: underline;\"><span style=\"text-decoration-line: underline;\"><span style=\"text-decoration-line: underline;\"><span style=\"text-decoration: underline;\"><b><span style=\"text-decoration: underline;\">\u00a0<\/span><\/b><\/span><\/span><\/span><\/span><\/div>\n<div>\u00a0<\/div>\n<div><span style=\"text-decoration: underline;\"><span style=\"text-decoration-line: underline;\"><span style=\"text-decoration-line: underline;\"><img loading=\"lazy\" decoding=\"async\" class=\" size-full wp-image-79340\" src=\"http:\/\/127.0.0.1\/acs\/wp-content\/uploads\/2021\/07\/WEB_2020_MARCO_POSSEACSJOVEM-W_POSSEACSJOVEM_0094.jpg\" width=\"570\" height=\"441\" srcset=\"https:\/\/acs.org.br\/academy\/wp-content\/uploads\/2021\/07\/WEB_2020_MARCO_POSSEACSJOVEM-W_POSSEACSJOVEM_0094.jpg 570w, https:\/\/acs.org.br\/academy\/wp-content\/uploads\/2021\/07\/WEB_2020_MARCO_POSSEACSJOVEM-W_POSSEACSJOVEM_0094-300x232.jpg 300w\" sizes=\"(max-width: 570px) 100vw, 570px\" \/><\/span><\/span><\/span><\/div>\n<div><span style=\"text-decoration: underline;\"><span style=\"text-decoration-line: underline;\"><span style=\"text-decoration-line: underline;\"><b><span style=\"text-decoration: underline;\"><\/p>\n<p>POSTADO 20\/02\/2020<\/span><\/b><br \/>\n<b><a href=\"index.php?option=com_content&amp;view=article&amp;id=25260;2020-02-20-18-56-00&amp;catid=2;noticias&amp;Itemid=49\" target=\"_blank\" rel=\"noopener\">Comunidade Portu\u00e1ria detalha planos do Port Community Systems na ACS<\/a><\/p>\n<p><\/b><img decoding=\"async\" src=\"http:\/\/acs.org.br\/images\/stories\/WEB\/2020\/FEVEREIRO\/PCS-W\/PCS_0023.JPG\" \/><br \/>\n<\/span><\/p>\n<p><b style=\"text-decoration-line: underline;\">POSTADO 13\/02\/2020<\/b><\/span><br \/>\n<b style=\"text-decoration-line: underline;\"><span style=\"text-decoration: underline;\"><a href=\"index.php?option=com_content&amp;view=article&amp;id=25188;2020-02-14-12-59-49&amp;catid=2;noticias&amp;Itemid=49\" target=\"_blank\" rel=\"noopener\">Delega\u00e7\u00e3o Belga visita Associa\u00e7\u00e3o Comercial de Santos<\/a><\/span><\/b><\/p>\n<p><span style=\"text-decoration: underline;\"><img decoding=\"async\" src=\"http:\/\/acs.org.br\/images\/stories\/WEB\/2020\/FEVEREIRO\/VISITABELGICA-W\/VISITABELGICA_0008.JPG\" \/><\/span><\/span><\/div>\n<div><span style=\"text-decoration: underline;\"><span style=\"text-decoration: underline;\">\u00a0<\/span><b style=\"text-decoration-line: underline;\"><\/p>\n<p>POSTADO EM 11\/02\/2020<\/b><\/span><br \/>\n<b><a href=\"index.php?option=com_content&amp;view=article&amp;id=25152;2020-02-11-18-06-07&amp;catid=2;noticias&amp;Itemid=49\">Falta de base de apoio offshore no PDZ preocupa integrantes da C\u00e2mara de Petr\u00f3leo e G\u00e1s<\/a><\/b><\/p>\n<p><img decoding=\"async\" src=\"http:\/\/acs.org.br\/images\/stories\/WEB\/2020\/FEVEREIRO\/PETROLEOEGAS-W\/PETROLEOEGAS_0016.JPG\" \/><b><\/p>\n<p>\n<span style=\"text-decoration: underline;\">POSTADO EM 06\/02\/2020<\/span><\/b><br \/>\n<strong><a href=\"index.php?option=com_content&amp;view=article&amp;id=25114;2020-02-06-14-29-25&amp;catid=2;noticias&amp;Itemid=49\" target=\"_blank\" rel=\"noopener\">&#8216;I Semin\u00e1rio Universidade-Empresa da Baixada Santista&#8217; ocorrer\u00e1 no dia 15 de abril<\/a><\/strong><\/p>\n<p><img loading=\"lazy\" decoding=\"async\" class=\" size-full wp-image-79341\" src=\"http:\/\/127.0.0.1\/acs\/wp-content\/uploads\/2021\/07\/WEB_2020_FEVEREIRO_ENSINO-W_ENSINO_0002.jpg\" width=\"570\" height=\"428\" srcset=\"https:\/\/acs.org.br\/academy\/wp-content\/uploads\/2021\/07\/WEB_2020_FEVEREIRO_ENSINO-W_ENSINO_0002.jpg 570w, https:\/\/acs.org.br\/academy\/wp-content\/uploads\/2021\/07\/WEB_2020_FEVEREIRO_ENSINO-W_ENSINO_0002-300x225.jpg 300w\" sizes=\"(max-width: 570px) 100vw, 570px\" \/><strong><\/p>\n<p>\nPOSTADO EM 03\/02\/2020<\/strong><\/div>\n<div><strong><a href=\"index.php?option=com_content&amp;view=article&amp;id=25080;2020-02-03-18-52-53&amp;catid=2;noticias&amp;Itemid=49\" target=\"_blank\" rel=\"noopener\">Comunidade Portu\u00e1ria vota primeiros planos para o Port Community Santos na ACS\u00a0<\/a><\/strong><\/div>\n<div>\u00a0<\/div>\n<div>\u00a0<\/div>\n<\/div>\n<div>\u00a0<\/div>\n<div><img loading=\"lazy\" decoding=\"async\" class=\" size-full wp-image-79342\" src=\"http:\/\/127.0.0.1\/acs\/wp-content\/uploads\/2021\/07\/WEB_2020_FEVEREIRO_AGENTESDECARGA-W_AGENTESDECARGA_0024.jpg\" width=\"570\" height=\"428\" srcset=\"https:\/\/acs.org.br\/academy\/wp-content\/uploads\/2021\/07\/WEB_2020_FEVEREIRO_AGENTESDECARGA-W_AGENTESDECARGA_0024.jpg 570w, https:\/\/acs.org.br\/academy\/wp-content\/uploads\/2021\/07\/WEB_2020_FEVEREIRO_AGENTESDECARGA-W_AGENTESDECARGA_0024-300x225.jpg 300w\" sizes=\"(max-width: 570px) 100vw, 570px\" \/><b><\/p>\n<p>\nPOSTADO EM 14\/01\/2020<\/b><\/div>\n<div><a href=\"index.php?option=com_content&amp;view=article&amp;id=24892;petroleo-e-gas-&amp;catid=2;noticias&amp;Itemid=49\" target=\"_blank\" rel=\"noopener\"><b>C\u00e2mara de Petr\u00f3leo e G\u00e1s da ACS define projetos para alavancar setor na Baixada Santista<\/b><\/a><b><\/p>\n<p><\/b><img loading=\"lazy\" decoding=\"async\" class=\" size-full wp-image-79343\" src=\"http:\/\/127.0.0.1\/acs\/wp-content\/uploads\/2021\/07\/WEB_2020_JANEIRO_PETROLEOEGAS-W_PETROLEOEGAS_0005.jpg\" width=\"570\" height=\"428\" srcset=\"https:\/\/acs.org.br\/academy\/wp-content\/uploads\/2021\/07\/WEB_2020_JANEIRO_PETROLEOEGAS-W_PETROLEOEGAS_0005.jpg 570w, https:\/\/acs.org.br\/academy\/wp-content\/uploads\/2021\/07\/WEB_2020_JANEIRO_PETROLEOEGAS-W_PETROLEOEGAS_0005-300x225.jpg 300w\" sizes=\"(max-width: 570px) 100vw, 570px\" \/><\/p>\n<p>\n<b><a href=\"index.php?option=com_content&amp;view=article&amp;id=24891;2020-01-14-12-14-10&amp;catid=2;noticias&amp;Itemid=49\" target=\"_blank\" rel=\"noopener\">Com nova coordenadoria,\u00a0 ACS Jovem realiza primeira reuni\u00e3o do ano<\/a><\/b><br \/>\n<b><br \/>\n<\/b><img loading=\"lazy\" decoding=\"async\" class=\" size-full wp-image-79344\" src=\"http:\/\/127.0.0.1\/acs\/wp-content\/uploads\/2021\/07\/WEB_2020_JANEIRO_ACSJOVEM-W_ACSJOVEM_0005.jpg\" width=\"560\" height=\"420\" srcset=\"https:\/\/acs.org.br\/academy\/wp-content\/uploads\/2021\/07\/WEB_2020_JANEIRO_ACSJOVEM-W_ACSJOVEM_0005.jpg 560w, https:\/\/acs.org.br\/academy\/wp-content\/uploads\/2021\/07\/WEB_2020_JANEIRO_ACSJOVEM-W_ACSJOVEM_0005-300x225.jpg 300w\" sizes=\"(max-width: 560px) 100vw, 560px\" \/><\/div>\n<div>\u00a0<\/div>\n<div>\u00a0<\/div>\n<div>\u00a0<\/div>\n<div><b>POSTADO EM 11\/12\/2019<\/b><br \/>\n<b><a href=\"index.php?option=com_content&amp;view=article&amp;id=24622;2019-12-11-19-56-37&amp;catid=2;noticias&amp;Itemid=49\" target=\"_blank\" rel=\"noopener\">Entidades d\u00e3o in\u00edcio a implanta\u00e7\u00e3o do Conselho de Desenvolvimento Econ\u00f4mico de Santos (Condesan)<\/a><\/b><\/p>\n<p><img loading=\"lazy\" decoding=\"async\" class=\" size-full wp-image-79345\" src=\"http:\/\/127.0.0.1\/acs\/wp-content\/uploads\/2021\/07\/WEB_2019_DEZEMBRO_CONDESAN-W_CONDESAN_0101.jpg\" width=\"570\" height=\"445\" srcset=\"https:\/\/acs.org.br\/academy\/wp-content\/uploads\/2021\/07\/WEB_2019_DEZEMBRO_CONDESAN-W_CONDESAN_0101.jpg 570w, https:\/\/acs.org.br\/academy\/wp-content\/uploads\/2021\/07\/WEB_2019_DEZEMBRO_CONDESAN-W_CONDESAN_0101-300x234.jpg 300w\" sizes=\"(max-width: 570px) 100vw, 570px\" \/><\/div>\n<div>\u00a0<\/div>\n<div>\u00a0<\/div>\n<div>\n<p class=\"MsoNormal\">A C\u00e2mara Setorial de Agentes de Carga realizou na tarde desta quarta-feira sua reuni\u00e3o na Associa\u00e7\u00e3o Comercial de Santos (ACS). De acordo com o coordenador da C\u00e2mara Noslen Botelho, a pauta foi sobre a implanta\u00e7\u00e3o do PCS &#8211; Port Cummunity Systems; a atualiza\u00e7\u00e3o do DU-IMP e sobre o Siscoserv e as mudan\u00e7as com a implanta\u00e7\u00e3o via nota fiscal de servi\u00e7os eletr\u00f4nicos.<\/p>\n<\/div>\n<div><img loading=\"lazy\" decoding=\"async\" class=\" size-full wp-image-79346\" src=\"http:\/\/127.0.0.1\/acs\/wp-content\/uploads\/2021\/07\/WEB_2019_DEZEMBRO_AGENTESDECARGA-W_AGENTESDECARGA_0201.jpg\" width=\"570\" height=\"428\" srcset=\"https:\/\/acs.org.br\/academy\/wp-content\/uploads\/2021\/07\/WEB_2019_DEZEMBRO_AGENTESDECARGA-W_AGENTESDECARGA_0201.jpg 570w, https:\/\/acs.org.br\/academy\/wp-content\/uploads\/2021\/07\/WEB_2019_DEZEMBRO_AGENTESDECARGA-W_AGENTESDECARGA_0201-300x225.jpg 300w\" sizes=\"(max-width: 570px) 100vw, 570px\" \/><b><\/p>\n<p><\/b>_________________________________________________________________________<b><br \/>\n<\/b><b><br \/>\nPOSTADO EM 05\/11\/2019<\/b><\/div>\n<div><b>\u00a0<\/b><span style=\"font-size: 11.0pt; font-family: 'Calibri','sans-serif'; mso-ascii-theme-font: minor-latin; mso-fareast-font-family: 'Times New Roman'; mso-hansi-theme-font: minor-latin; mso-bidi-font-family: 'Times New Roman'; mso-bidi-theme-font: minor-bidi; mso-ansi-language: PT-BR; mso-fareast-language: EN-US; mso-bidi-language: AR-SA;\"><br \/>\nReuni\u00e3o de confraterniza\u00e7\u00e3o com os integrantes da C\u00e2mara de Ensino ACS, coordenada pela professora S\u00edlvia Teixeira Penteado, com a presen\u00e7a do presidente \u00a0Roberto Santini e do diretor-executivo Marcio Calves, \u00a0no sal\u00e3o VIP Paquito, para avaliar as realiza\u00e7\u00f5es de 2019 e unir as esperan\u00e7as no Advento do Natal de Jesus. Avante, rumo ao 150\u00ba anivers\u00e1rio de funda\u00e7\u00e3o da ACS!<\/span><b><\/p>\n<p><\/b><img loading=\"lazy\" decoding=\"async\" class=\" size-full wp-image-79347\" src=\"http:\/\/127.0.0.1\/acs\/wp-content\/uploads\/2021\/07\/WEB_2019_DEZEMBRO_paquito0512.jpg\" width=\"570\" height=\"419\" srcset=\"https:\/\/acs.org.br\/academy\/wp-content\/uploads\/2021\/07\/WEB_2019_DEZEMBRO_paquito0512.jpg 570w, https:\/\/acs.org.br\/academy\/wp-content\/uploads\/2021\/07\/WEB_2019_DEZEMBRO_paquito0512-300x221.jpg 300w\" sizes=\"(max-width: 570px) 100vw, 570px\" \/><b><\/p>\n<p><\/b>_________________________________________________________________________<b><br \/>\n<\/b><b><br \/>\nPOSTADO EM 29\/11\/2019<\/b><\/div>\n<div><b><br \/>\n<a href=\"index.php?option=com_content&amp;view=article&amp;id=24513;2019-11-29-21-50-27&amp;catid=2;noticias&amp;Itemid=49\">Ap\u00f3s 14 anos como professor da ACS,\u00a0 Nilton Ribeiro se despede das aulas do Curso de Classifica\u00e7\u00e3o e Degusta\u00e7\u00e3o\u00a0<\/a><\/p>\n<p><\/b><br \/>\n<img loading=\"lazy\" decoding=\"async\" class=\" size-full wp-image-79348\" src=\"http:\/\/127.0.0.1\/acs\/wp-content\/uploads\/2021\/07\/WEB_2019_NOVEMBRO_FORMATURA-W_FORMATURA_0054.jpg\" width=\"570\" height=\"442\" srcset=\"https:\/\/acs.org.br\/academy\/wp-content\/uploads\/2021\/07\/WEB_2019_NOVEMBRO_FORMATURA-W_FORMATURA_0054.jpg 570w, https:\/\/acs.org.br\/academy\/wp-content\/uploads\/2021\/07\/WEB_2019_NOVEMBRO_FORMATURA-W_FORMATURA_0054-300x233.jpg 300w\" sizes=\"(max-width: 570px) 100vw, 570px\" \/><\/p>\n<p>_________________________________________________________________________<b><br \/>\n<\/b><br \/>\n<strong>POSTADO EM 26\/11\/2019<\/strong><\/div>\n<div>\u00a0<\/div>\n<div><strong><a href=\"index.php?option=com_content&amp;view=article&amp;id=24463;palestra-alexsandre-ferraz&amp;catid=2;noticias&amp;Itemid=49\"><br \/>\nEspecialista explica oscila\u00e7\u00f5es do mercado de caf\u00e9 em palestra\u00a0 na Associa\u00e7\u00e3o Comercial de Santos<\/a><\/strong><\/div>\n<div>\u00a0<\/div>\n<div><img loading=\"lazy\" decoding=\"async\" class=\" size-full wp-image-79349\" src=\"http:\/\/127.0.0.1\/acs\/wp-content\/uploads\/2021\/07\/WEB_2019_NOVEMBRO_CURSO-DIA26-W_CURSO-DIA26_0004.jpg\" width=\"570\" height=\"428\" srcset=\"https:\/\/acs.org.br\/academy\/wp-content\/uploads\/2021\/07\/WEB_2019_NOVEMBRO_CURSO-DIA26-W_CURSO-DIA26_0004.jpg 570w, https:\/\/acs.org.br\/academy\/wp-content\/uploads\/2021\/07\/WEB_2019_NOVEMBRO_CURSO-DIA26-W_CURSO-DIA26_0004-300x225.jpg 300w\" sizes=\"(max-width: 570px) 100vw, 570px\" \/><\/div>\n<div>\u00a0<\/div>\n<div>\u00a0<\/div>\n<div><strong><br \/>\n<\/strong>_________________________________________________________________________<b><br \/>\n<\/b><strong><br \/>\nPOSTADO EM 22\/11\/2019<\/strong><\/div>\n<div>\n<strong><a href=\"index.php?option=com_content&amp;view=article&amp;id=24433;2019-11-22-17-41-35&amp;catid=2;noticias&amp;Itemid=49\">Semin\u00e1rio Internacional de Caf\u00e9 est\u00e1 com inscri\u00e7\u00f5es abertas<\/a><\/strong><\/div>\n<div><strong>\u00a0<\/strong><\/div>\n<div>\u00a0<\/div>\n<div><a href=\"mailto:acs@acs.org.br\"><img loading=\"lazy\" decoding=\"async\" class=\" size-full wp-image-79350\" src=\"http:\/\/127.0.0.1\/acs\/wp-content\/uploads\/2021\/07\/WEB_2018_MAIO_SEMINARIO-W_IMG_0471.jpg\" width=\"570\" height=\"428\" srcset=\"https:\/\/acs.org.br\/academy\/wp-content\/uploads\/2021\/07\/WEB_2018_MAIO_SEMINARIO-W_IMG_0471.jpg 570w, https:\/\/acs.org.br\/academy\/wp-content\/uploads\/2021\/07\/WEB_2018_MAIO_SEMINARIO-W_IMG_0471-300x225.jpg 300w\" sizes=\"(max-width: 570px) 100vw, 570px\" \/><\/a><\/div>\n<div>\u00a0<\/div>\n<div>\u00a0<\/div>\n<div><strong><br \/>\n<\/strong>_________________________________________________________________________<b><br \/>\n<\/b><strong><br \/>\nPOSTADO EM 19\/11\/2019<\/strong><\/div>\n<div><strong><a href=\"index.php?option=com_content&amp;view=article&amp;id=24391;palestra-sustentabilidade-&amp;catid=2;noticias&amp;Itemid=49\">\u00a0<\/a><\/strong><\/div>\n<div><strong><a href=\"index.php?option=com_content&amp;view=article&amp;id=24391;palestra-sustentabilidade-&amp;catid=2;noticias&amp;Itemid=49\">&#8216;Sustentabilidade e a responsabilidade corporativa&#8221; \u00e9 tema de palestra no 70\u00ba curso de Classifica\u00e7\u00e3o e Degusta\u00e7\u00e3o de Caf\u00e9<\/a><\/strong><\/div>\n<div><strong>\u00a0<\/strong><\/div>\n<div>\u00a0<\/div>\n<div><img loading=\"lazy\" decoding=\"async\" class=\" size-full wp-image-79351\" src=\"http:\/\/127.0.0.1\/acs\/wp-content\/uploads\/2021\/07\/WEB_2019_NOVEMBRO_SUSTENTABILIDADE-W_SUSTENTABILIDADE_0009.jpg\" width=\"570\" height=\"428\" srcset=\"https:\/\/acs.org.br\/academy\/wp-content\/uploads\/2021\/07\/WEB_2019_NOVEMBRO_SUSTENTABILIDADE-W_SUSTENTABILIDADE_0009.jpg 570w, https:\/\/acs.org.br\/academy\/wp-content\/uploads\/2021\/07\/WEB_2019_NOVEMBRO_SUSTENTABILIDADE-W_SUSTENTABILIDADE_0009-300x225.jpg 300w\" sizes=\"(max-width: 570px) 100vw, 570px\" \/><\/div>\n<div>\u00a0<\/div>\n<div>\u00a0<\/div>\n<div>\u00a0<\/div>\n<div>_________________________________________________________________________<b><br \/>\n<\/b><br \/>\n<b>POSTADO EM 13\/11\/2019<\/b><\/div>\n<div>\n<div>\u00a0<\/div>\n<div><a href=\"index.php?option=com_content&amp;view=article&amp;id=24353;2019-11-13-20-03-03&amp;catid=2;noticias&amp;Itemid=49\" target=\"_blank\" rel=\"noopener\">Desativa\u00e7\u00e3o das Comiss\u00f5es Locais de Facilita\u00e7\u00e3o de Com\u00e9rcio (Colfac) \u00e9 tema de reuni\u00e3o da C\u00e2mara Setorial de Navega\u00e7\u00e3o<\/a><\/div>\n<div>\u00a0<\/div>\n<\/div>\n<div>\u00a0<\/div>\n<div><img loading=\"lazy\" decoding=\"async\" class=\" size-full wp-image-79352\" src=\"http:\/\/127.0.0.1\/acs\/wp-content\/uploads\/2021\/07\/WEB_2019_NOVEMBRO_NAVEGACAO-W_NAVEGACAO_0003.jpg\" width=\"570\" height=\"428\" srcset=\"https:\/\/acs.org.br\/academy\/wp-content\/uploads\/2021\/07\/WEB_2019_NOVEMBRO_NAVEGACAO-W_NAVEGACAO_0003.jpg 570w, https:\/\/acs.org.br\/academy\/wp-content\/uploads\/2021\/07\/WEB_2019_NOVEMBRO_NAVEGACAO-W_NAVEGACAO_0003-300x225.jpg 300w\" sizes=\"(max-width: 570px) 100vw, 570px\" \/><b><\/p>\n<p><\/b>_________________________________________________________________________<b><br \/>\n<\/b><b><br \/>\nPOSTADO EM 12\/11\/2019<\/b><\/p>\n<p><b><a href=\"index.php?option=com_content&amp;view=article&amp;id=24332;2019-11-12-19-41-23&amp;catid=2;noticias&amp;Itemid=49\" target=\"_blank\" rel=\"noopener\">C\u00e2mara Setorial de Petr\u00f3leo &amp; G\u00e1s da ACS pretende instalar base offshore em Santos<\/a><\/b><\/p>\n<p><b><img loading=\"lazy\" decoding=\"async\" class=\" size-full wp-image-79353\" src=\"http:\/\/127.0.0.1\/acs\/wp-content\/uploads\/2021\/07\/WEB_2019_NOVEMBRO_PETROLEOEGAS-W_PETROLEOEGAS_0103.jpg\" width=\"570\" height=\"427\" srcset=\"https:\/\/acs.org.br\/academy\/wp-content\/uploads\/2021\/07\/WEB_2019_NOVEMBRO_PETROLEOEGAS-W_PETROLEOEGAS_0103.jpg 570w, https:\/\/acs.org.br\/academy\/wp-content\/uploads\/2021\/07\/WEB_2019_NOVEMBRO_PETROLEOEGAS-W_PETROLEOEGAS_0103-300x225.jpg 300w\" sizes=\"(max-width: 570px) 100vw, 570px\" \/><\/b><b><\/p>\n<p>\n<\/b>_________________________________________________________________________<b><br \/>\n<\/b><b>POSTADO EM 08\/11\/2019<\/b><\/div>\n<div><a href=\"index.php?option=com_content&amp;view=article&amp;id=24304;2019-11-08-19-15-34&amp;catid=2;noticias&amp;Itemid=49\"><br \/>\nAtua\u00e7\u00e3o da Antaq \u00e9 tema de reuni\u00e3o da C\u00e2mara Setorial de Assuntos Aduaneiros e Portu\u00e1rios<\/a><br \/>\n<b><br \/>\n<\/b><img loading=\"lazy\" decoding=\"async\" class=\" size-full wp-image-79354\" src=\"http:\/\/127.0.0.1\/acs\/wp-content\/uploads\/2021\/07\/WEB_2019_NOVEMBRO_ADUANEIROS-W_ADUANEIROS_0001.jpg\" width=\"570\" height=\"428\" srcset=\"https:\/\/acs.org.br\/academy\/wp-content\/uploads\/2021\/07\/WEB_2019_NOVEMBRO_ADUANEIROS-W_ADUANEIROS_0001.jpg 570w, https:\/\/acs.org.br\/academy\/wp-content\/uploads\/2021\/07\/WEB_2019_NOVEMBRO_ADUANEIROS-W_ADUANEIROS_0001-300x225.jpg 300w\" sizes=\"(max-width: 570px) 100vw, 570px\" \/><b><a href=\"index.php?option=com_content&amp;view=article&amp;id=24297;2019-11-08-17-32-23&amp;catid=2;noticias&amp;Itemid=49\"><\/p>\n<p>\nDoze c\u00f4nsules da Uni\u00e3o Europeia conhecem a Associa\u00e7\u00e3o Comercial de Santos<br \/>\n<\/a><br \/>\n<\/b><img loading=\"lazy\" decoding=\"async\" class=\" size-full wp-image-79355\" src=\"http:\/\/127.0.0.1\/acs\/wp-content\/uploads\/2021\/07\/WEB_2019_NOVEMBRO_CONSULES-W_CONSULES_0054.jpg\" width=\"570\" height=\"392\" srcset=\"https:\/\/acs.org.br\/academy\/wp-content\/uploads\/2021\/07\/WEB_2019_NOVEMBRO_CONSULES-W_CONSULES_0054.jpg 570w, https:\/\/acs.org.br\/academy\/wp-content\/uploads\/2021\/07\/WEB_2019_NOVEMBRO_CONSULES-W_CONSULES_0054-300x206.jpg 300w\" sizes=\"(max-width: 570px) 100vw, 570px\" \/><br \/>\n<b><br \/>\n<\/b><br \/>\n_________________________________________________________________________<b><br \/>\n<\/b><b><br \/>\nPOSTADO EM 07\/11\/2019<\/b><\/p>\n<p><b><a href=\"index.php?option=com_content&amp;view=article&amp;id=24290;2019-11-07-18-51-39&amp;catid=2;noticias&amp;Itemid=49\">Centro de Santos ter\u00e1 Vizinhan\u00e7a Solid\u00e1ria e Atividade Delegada para combater casos de furtos<\/a><\/b><\/p>\n<p><b><img loading=\"lazy\" decoding=\"async\" class=\" size-full wp-image-79356\" src=\"http:\/\/127.0.0.1\/acs\/wp-content\/uploads\/2021\/07\/WEB_2019_NOVEMBRO_SEGURANCA-W_SEGURANCA_0003.jpg\" width=\"570\" height=\"428\" srcset=\"https:\/\/acs.org.br\/academy\/wp-content\/uploads\/2021\/07\/WEB_2019_NOVEMBRO_SEGURANCA-W_SEGURANCA_0003.jpg 570w, https:\/\/acs.org.br\/academy\/wp-content\/uploads\/2021\/07\/WEB_2019_NOVEMBRO_SEGURANCA-W_SEGURANCA_0003-300x225.jpg 300w\" sizes=\"(max-width: 570px) 100vw, 570px\" \/><br \/>\n<\/b><br \/>\n_________________________________________________________________________<b><br \/>\n<\/b><b>\u00a0<\/b><\/div>\n<div>\u00a0<\/div>\n<div><b>POSTADO EM 05\/11\/2019<\/b><\/p>\n<p><b><a href=\"index.php?option=com_content&amp;view=article&amp;id=24258;2019-11-05-17-49-03&amp;catid=2;noticias&amp;Itemid=49\" target=\"_blank\" rel=\"noopener\">C\u00e2mara Setorial de Institui\u00e7\u00f5es de Ensino conhece funcionamento do diploma digital<\/a><\/b><\/p>\n<p><img loading=\"lazy\" decoding=\"async\" class=\" size-full wp-image-79357\" src=\"http:\/\/127.0.0.1\/acs\/wp-content\/uploads\/2021\/07\/WEB_2019_novembro_ENSINO-W_ENSINO_0014.jpg\" width=\"570\" height=\"428\" srcset=\"https:\/\/acs.org.br\/academy\/wp-content\/uploads\/2021\/07\/WEB_2019_novembro_ENSINO-W_ENSINO_0014.jpg 570w, https:\/\/acs.org.br\/academy\/wp-content\/uploads\/2021\/07\/WEB_2019_novembro_ENSINO-W_ENSINO_0014-300x225.jpg 300w\" sizes=\"(max-width: 570px) 100vw, 570px\" \/><b><br \/>\n<\/b><b><br \/>\n<\/b><br \/>\n_________________________________________________________________________<b><br \/>\n<\/b><b><br \/>\nPOSTADO EM 31\/10\/2019<\/b><\/p>\n<p><a href=\"index.php?option=com_content&amp;view=article&amp;id=24212;2019-10-31-18-56-17&amp;catid=2;noticias&amp;Itemid=49\" target=\"_blank\" rel=\"noopener\"><b>Empres\u00e1rios e comerciantes cobram mais seguran\u00e7a no Centro de Santos<\/b><br \/>\n<\/a><br \/>\n<b><img loading=\"lazy\" decoding=\"async\" class=\" size-full wp-image-79358\" src=\"http:\/\/127.0.0.1\/acs\/wp-content\/uploads\/2021\/07\/WEB_2019_OUTUBRO_SEGURANCA-W_SEGURANCA_0005.jpg\" width=\"560\" height=\"420\" srcset=\"https:\/\/acs.org.br\/academy\/wp-content\/uploads\/2021\/07\/WEB_2019_OUTUBRO_SEGURANCA-W_SEGURANCA_0005.jpg 560w, https:\/\/acs.org.br\/academy\/wp-content\/uploads\/2021\/07\/WEB_2019_OUTUBRO_SEGURANCA-W_SEGURANCA_0005-300x225.jpg 300w\" sizes=\"(max-width: 560px) 100vw, 560px\" \/><\/b><br \/>\n<b><br \/>\n<\/b><br \/>\n_________________________________________________________________________<b><\/p>\n<p>POSTADO EM 30\/10\/2019<\/p>\n<p><\/b><b><a href=\"index.php?option=com_content&amp;view=article&amp;id=24198;2019-10-30-17-34-14&amp;catid=2;noticias&amp;Itemid=49\" target=\"_blank\" rel=\"noopener\">Caf\u00e9s de Divinol\u00e2ndia vencem o 18\u00ba Concurso Estadual de Qualidade do Caf\u00e9 de S\u00e3o Paulo<\/a><\/p>\n<p>\n<\/b><img loading=\"lazy\" decoding=\"async\" class=\" size-full wp-image-79359\" src=\"http:\/\/127.0.0.1\/acs\/wp-content\/uploads\/2021\/07\/WEB_2019_OUTUBRO_CONCURSOCAFE-W_CONCURSOCAFE_0047.jpg\" width=\"570\" height=\"428\" srcset=\"https:\/\/acs.org.br\/academy\/wp-content\/uploads\/2021\/07\/WEB_2019_OUTUBRO_CONCURSOCAFE-W_CONCURSOCAFE_0047.jpg 570w, https:\/\/acs.org.br\/academy\/wp-content\/uploads\/2021\/07\/WEB_2019_OUTUBRO_CONCURSOCAFE-W_CONCURSOCAFE_0047-300x225.jpg 300w\" sizes=\"(max-width: 570px) 100vw, 570px\" \/>\u00a0<\/p>\n<p>\n_________________________________________________________________________<b><\/p>\n<p>POSTADO EM 28\/10\/2019<\/p>\n<p><\/b><b><a href=\"index.php?option=com_content&amp;view=article&amp;id=24171;2019-10-28-18-32-17&amp;catid=2;noticias&amp;Itemid=49\" target=\"_blank\" rel=\"noopener\">Associa\u00e7\u00e3o Comercial de Santos recebe comiss\u00e3o julgadora da etapa de provas do 18\u00ba Concurso Estadual de Qualidade do Caf\u00e9 de S\u00e3o Paulo<\/a><\/b><\/p>\n<p><img loading=\"lazy\" decoding=\"async\" class=\" size-full wp-image-79360\" src=\"http:\/\/127.0.0.1\/acs\/wp-content\/uploads\/2021\/07\/WEB_2019_OUTUBRO_CONCURSOCAFE-W_CONCURSOCAFE_0014.jpg\" width=\"570\" height=\"434\" srcset=\"https:\/\/acs.org.br\/academy\/wp-content\/uploads\/2021\/07\/WEB_2019_OUTUBRO_CONCURSOCAFE-W_CONCURSOCAFE_0014.jpg 570w, https:\/\/acs.org.br\/academy\/wp-content\/uploads\/2021\/07\/WEB_2019_OUTUBRO_CONCURSOCAFE-W_CONCURSOCAFE_0014-300x228.jpg 300w\" sizes=\"(max-width: 570px) 100vw, 570px\" \/><\/p>\n<p><b><br \/>\n<\/b>_________________________________________________________________________<b><\/p>\n<p>POSTADO EM 25\/10\/2019<\/b><br \/>\n<a href=\"index.php?option=com_content&amp;view=article&amp;id=24151;2019-10-25-13-41-26&amp;catid=2;noticias&amp;Itemid=49\" target=\"_blank\" rel=\"noopener\"><br \/>\n<b>Associa\u00e7\u00e3o Comercial de Santos est\u00e1 com inscri\u00e7\u00f5es abertas para turma de novembro do curso de caf\u00e9<\/b><\/a><br \/>\n<b><\/p>\n<p><\/b><img loading=\"lazy\" decoding=\"async\" class=\" size-full wp-image-79361\" src=\"http:\/\/127.0.0.1\/acs\/wp-content\/uploads\/2021\/07\/WEB_2019_JANEIRO_CLASSIFICACAO-CAFE-W.jpg\" width=\"570\" height=\"428\" srcset=\"https:\/\/acs.org.br\/academy\/wp-content\/uploads\/2021\/07\/WEB_2019_JANEIRO_CLASSIFICACAO-CAFE-W.jpg 570w, https:\/\/acs.org.br\/academy\/wp-content\/uploads\/2021\/07\/WEB_2019_JANEIRO_CLASSIFICACAO-CAFE-W-300x225.jpg 300w\" sizes=\"(max-width: 570px) 100vw, 570px\" \/><\/p>\n<p>\n_________________________________________________________________________<\/p>\n<p>\n<b>POSTADO EM 22\/10\/2019<\/b><\/p>\n<p><b><a href=\"index.php?option=com_content&amp;view=article&amp;id=24098;tecnologia&amp;catid=2;noticias&amp;Itemid=49\" target=\"_blank\" rel=\"noopener\">Fomento da tecnologia em Santos \u00e9 destaque na abertura da V Semana Municipal de Ci\u00eancia e Tecnologia<\/a><\/b><\/p>\n<p><img loading=\"lazy\" decoding=\"async\" class=\" size-full wp-image-79362\" src=\"http:\/\/127.0.0.1\/acs\/wp-content\/uploads\/2021\/07\/WEB_2019_OUTUBRO_TECNOLOGIA-W_TECNOLOGIA_0034.jpg\" width=\"570\" height=\"446\" srcset=\"https:\/\/acs.org.br\/academy\/wp-content\/uploads\/2021\/07\/WEB_2019_OUTUBRO_TECNOLOGIA-W_TECNOLOGIA_0034.jpg 570w, https:\/\/acs.org.br\/academy\/wp-content\/uploads\/2021\/07\/WEB_2019_OUTUBRO_TECNOLOGIA-W_TECNOLOGIA_0034-300x235.jpg 300w\" sizes=\"(max-width: 570px) 100vw, 570px\" \/><\/p>\n<p><a style=\"font-weight: bold;\" href=\"index.php?option=com_content&amp;view=article&amp;id=24092;encontro-facesp&amp;catid=2;noticias&amp;Itemid=49\" target=\"_blank\" rel=\"noopener\">Impacto do Cadastro Positivo \u00e9 tema de Encontro Regional da Facesp na ACS<\/a><\/p>\n<p><img loading=\"lazy\" decoding=\"async\" class=\" size-full wp-image-79363\" src=\"http:\/\/127.0.0.1\/acs\/wp-content\/uploads\/2021\/07\/WEB_2019_OUTUBRO_ENCONTROFACESP-W_ENCONTROFASCEP_0084.jpg\" width=\"570\" height=\"497\" srcset=\"https:\/\/acs.org.br\/academy\/wp-content\/uploads\/2021\/07\/WEB_2019_OUTUBRO_ENCONTROFACESP-W_ENCONTROFASCEP_0084.jpg 570w, https:\/\/acs.org.br\/academy\/wp-content\/uploads\/2021\/07\/WEB_2019_OUTUBRO_ENCONTROFACESP-W_ENCONTROFASCEP_0084-300x262.jpg 300w\" sizes=\"(max-width: 570px) 100vw, 570px\" \/><\/p>\n<p>_________________________________________________________________________<br \/>\n<b><br \/>\nPOSTADO EM 08\/10\/2019<br \/>\n<\/b><br \/>\n<a href=\"index.php?option=com_content&amp;view=article&amp;id=23978;2019-10-08-18-15-29&amp;catid=2;noticias&amp;Itemid=49\" target=\"_blank\" rel=\"noopener\"><b>C\u00e2mara de Petr\u00f3leo e G\u00e1s pede aten\u00e7\u00e3o ao PDZ para o embarque e desembarque de barcos offshores<\/b><br \/>\n<\/a><\/div>\n<p><b><br \/>\n<\/b><img loading=\"lazy\" decoding=\"async\" class=\" size-full wp-image-79364\" src=\"http:\/\/127.0.0.1\/acs\/wp-content\/uploads\/2021\/07\/WEB_2019_OUTUBRO_PETROLEO-W_PETROLEO_0037.jpg\" width=\"570\" height=\"427\" srcset=\"https:\/\/acs.org.br\/academy\/wp-content\/uploads\/2021\/07\/WEB_2019_OUTUBRO_PETROLEO-W_PETROLEO_0037.jpg 570w, https:\/\/acs.org.br\/academy\/wp-content\/uploads\/2021\/07\/WEB_2019_OUTUBRO_PETROLEO-W_PETROLEO_0037-300x225.jpg 300w\" sizes=\"(max-width: 570px) 100vw, 570px\" \/><b><\/p>\n<p><\/b>_________________________________________________________________________<b><br \/>\n<\/b><b><br \/>\nPOSTADO EM 03\/10\/2019<\/b><\/p>\n<p><b><a href=\"http:\/\/acs.org.br\/index.php?option=com_content&amp;view=article&amp;id=23940;ecofelicidade&amp;catid=2;noticias&amp;Itemid=49\" target=\"_blank\" rel=\"noopener\">Ecofelicidade \u00e9 tema de palestra na C\u00e2mara de Institui\u00e7\u00f5es de Ensino<\/a><\/b><\/div>\n<p class=\"MsoNormal\" style=\"margin-bottom: 12.0pt;\"><img loading=\"lazy\" decoding=\"async\" class=\" size-full wp-image-79365\" src=\"http:\/\/127.0.0.1\/acs\/wp-content\/uploads\/2021\/07\/WEB_2019_OUTUBRO_ENSINO-W_ENSINO_0072.jpg\" width=\"570\" height=\"426\" srcset=\"https:\/\/acs.org.br\/academy\/wp-content\/uploads\/2021\/07\/WEB_2019_OUTUBRO_ENSINO-W_ENSINO_0072.jpg 570w, https:\/\/acs.org.br\/academy\/wp-content\/uploads\/2021\/07\/WEB_2019_OUTUBRO_ENSINO-W_ENSINO_0072-300x224.jpg 300w\" sizes=\"(max-width: 570px) 100vw, 570px\" \/><\/p>\n<p class=\"MsoNormal\" style=\"margin-bottom: 12.0pt;\">_________________________________________________________________________<b><br \/>\n<\/b><\/p>\n<div><b>POSTADO EM 02\/10\/2019<\/b><\/div>\n<p class=\"MsoNormal\" style=\"margin-bottom: 12.0pt;\"><b><a href=\"http:\/\/acs.org.br\/index.php?option=com_content&amp;view=article&amp;id=23933;2019-10-02-20-38-53&amp;catid=2;noticias&amp;Itemid=49\" target=\"_blank\" rel=\"noopener\">C\u00e2mara Setorial de Navega\u00e7\u00e3o levantar\u00e1 sugest\u00f5es para o PDZ do Porto de Santos<\/a><\/b><\/p>\n<p><img loading=\"lazy\" decoding=\"async\" class=\" size-full wp-image-79366\" src=\"http:\/\/127.0.0.1\/acs\/wp-content\/uploads\/2021\/07\/WEB_2019_OUTUBRO_NAVEGACAO-W_NAVEGACAO_0003.jpg\" width=\"570\" height=\"428\" srcset=\"https:\/\/acs.org.br\/academy\/wp-content\/uploads\/2021\/07\/WEB_2019_OUTUBRO_NAVEGACAO-W_NAVEGACAO_0003.jpg 570w, https:\/\/acs.org.br\/academy\/wp-content\/uploads\/2021\/07\/WEB_2019_OUTUBRO_NAVEGACAO-W_NAVEGACAO_0003-300x225.jpg 300w\" sizes=\"(max-width: 570px) 100vw, 570px\" \/><\/p>\n<p><b>POSTADO EM 02\/10\/2019<\/b><\/p>\n<p><b><a href=\"index.php?option=com_content&amp;view=article&amp;id=23925;2019-10-02-12-53-25&amp;catid=2;noticias&amp;Itemid=49\">J\u00e1 fez o seu cadastro no Portal de Fornecedores de Petr\u00f3leo e G\u00e1s da ACS? Fa\u00e7a parte do nosso banco de dados<\/a><\/b><\/p>\n<p><img loading=\"lazy\" decoding=\"async\" class=\" size-full wp-image-79367\" src=\"http:\/\/127.0.0.1\/acs\/wp-content\/uploads\/2021\/07\/WEB_2019_OUTUBRO_PETROLEOEGAS.jpg\" width=\"570\" height=\"280\" srcset=\"https:\/\/acs.org.br\/academy\/wp-content\/uploads\/2021\/07\/WEB_2019_OUTUBRO_PETROLEOEGAS.jpg 570w, https:\/\/acs.org.br\/academy\/wp-content\/uploads\/2021\/07\/WEB_2019_OUTUBRO_PETROLEOEGAS-300x147.jpg 300w\" sizes=\"(max-width: 570px) 100vw, 570px\" \/><\/p>\n<p class=\"MsoNormal\" style=\"margin-bottom: 12.0pt;\">_________________________________________________________________________<b><br \/>\n<\/b><\/p>\n<p class=\"MsoNormal\" style=\"margin-bottom: 12.0pt;\"><b><br \/>\nPOSTADO EM 25\/09\/2019<\/b><a href=\"index.php?option=com_content&amp;view=article&amp;id=23849;2019-09-25-22-37-56&amp;catid=2;noticias&amp;Itemid=49\" target=\"_blank\" rel=\"noopener\"><\/p>\n<p>I Congresso Paulista de Direito Mar\u00edtimo e Portu\u00e1rio\u00a0 destaca Resolu\u00e7\u00e3o Normativa, Acordo de Bali, novo C\u00f3digo Comercial e cabotagem<\/a><\/p>\n<div><img loading=\"lazy\" decoding=\"async\" class=\" size-full wp-image-79368\" src=\"http:\/\/127.0.0.1\/acs\/wp-content\/uploads\/2021\/07\/WEB_2019_SETEMBRO_CONGRESSOMARITIMO-25-MANHA-W_CONGRESSOMARITIMO-25-MANHA_0044.jpg\" width=\"570\" height=\"415\" srcset=\"https:\/\/acs.org.br\/academy\/wp-content\/uploads\/2021\/07\/WEB_2019_SETEMBRO_CONGRESSOMARITIMO-25-MANHA-W_CONGRESSOMARITIMO-25-MANHA_0044.jpg 570w, https:\/\/acs.org.br\/academy\/wp-content\/uploads\/2021\/07\/WEB_2019_SETEMBRO_CONGRESSOMARITIMO-25-MANHA-W_CONGRESSOMARITIMO-25-MANHA_0044-300x218.jpg 300w\" sizes=\"(max-width: 570px) 100vw, 570px\" \/><\/div>\n<p class=\"MsoNormal\" style=\"margin-bottom: 12.0pt;\">_________________________________________________________________________<b><br \/>\n<\/b><b><br \/>\nPOSTADO EM 24\/09\/2019<br \/>\n<\/b><b><a href=\"index.php?option=com_content&amp;view=article&amp;id=23835;2019-09-24-22-45-36&amp;catid=2;noticias&amp;Itemid=49\" target=\"_blank\" rel=\"noopener\"><br \/>\n<\/a><\/b><strong><a href=\"index.php?option=com_content&amp;view=article&amp;id=23835;2019-09-24-22-45-36&amp;catid=2;noticias&amp;Itemid=49\">Associa\u00e7\u00e3o Comercial de Santos sedia o I Congresso Paulista de Direito Mar\u00edtimo e Portu\u00e1rio<\/p>\n<p>\n<\/a><\/strong><img loading=\"lazy\" decoding=\"async\" class=\" size-full wp-image-79369\" src=\"http:\/\/127.0.0.1\/acs\/wp-content\/uploads\/2021\/07\/WEB_2019_SETEMBRO_CONGRESSOMARITIMO-W_CONGRESSOMARITIMO_0014.jpg\" width=\"570\" height=\"428\" srcset=\"https:\/\/acs.org.br\/academy\/wp-content\/uploads\/2021\/07\/WEB_2019_SETEMBRO_CONGRESSOMARITIMO-W_CONGRESSOMARITIMO_0014.jpg 570w, https:\/\/acs.org.br\/academy\/wp-content\/uploads\/2021\/07\/WEB_2019_SETEMBRO_CONGRESSOMARITIMO-W_CONGRESSOMARITIMO_0014-300x225.jpg 300w\" sizes=\"(max-width: 570px) 100vw, 570px\" \/><\/p>\n<p>_________________________________________________________________________<b><\/p>\n<p>POSTADO EM 23\/09\/2019<br \/>\n<\/b><b><a href=\"index.php?option=com_content&amp;view=article&amp;id=23835;2019-09-24-22-45-36&amp;catid=2;noticias&amp;Itemid=49\" target=\"_blank\" rel=\"noopener\"><br \/>\nAssocia\u00e7\u00e3o Comercial de Santos debate projeto da ponte que liga margens do Porto de Santos<\/a><\/b><\/p>\n<p class=\"MsoNormal\" style=\"margin-bottom: 12.0pt;\"><b><br \/>\n<\/b><img loading=\"lazy\" decoding=\"async\" class=\" size-full wp-image-79370\" src=\"http:\/\/127.0.0.1\/acs\/wp-content\/uploads\/2021\/07\/WEB_2019_SETEMBRO_DEBATEPONTE-W_DEBATEPONTE_0010.jpg\" width=\"570\" height=\"420\" srcset=\"https:\/\/acs.org.br\/academy\/wp-content\/uploads\/2021\/07\/WEB_2019_SETEMBRO_DEBATEPONTE-W_DEBATEPONTE_0010.jpg 570w, https:\/\/acs.org.br\/academy\/wp-content\/uploads\/2021\/07\/WEB_2019_SETEMBRO_DEBATEPONTE-W_DEBATEPONTE_0010-300x221.jpg 300w\" sizes=\"(max-width: 570px) 100vw, 570px\" \/><b><\/p>\n<p>\n<\/b>_________________________________________________________________________<br \/>\n<b><br \/>\nPOSTADO EM 17\/09\/2019<\/b><\/p>\n<p><b><a href=\"index.php?option=com_content&amp;view=article&amp;id=23772;2019-09-17-19-45-25&amp;catid=2;noticias&amp;Itemid=49\" target=\"_blank\" rel=\"noopener\">C\u00e2mara de Petr\u00f3leo e G\u00e1s da ACS assina conv\u00eanio com a GHP do Texas<\/a><\/b><\/p>\n<p><img loading=\"lazy\" decoding=\"async\" class=\" size-full wp-image-79371\" src=\"http:\/\/127.0.0.1\/acs\/wp-content\/uploads\/2021\/07\/WEB_2019_SETEMBRO_PETROLEO-W_PETROLEO_0037.jpg\" width=\"570\" height=\"428\" srcset=\"https:\/\/acs.org.br\/academy\/wp-content\/uploads\/2021\/07\/WEB_2019_SETEMBRO_PETROLEO-W_PETROLEO_0037.jpg 570w, https:\/\/acs.org.br\/academy\/wp-content\/uploads\/2021\/07\/WEB_2019_SETEMBRO_PETROLEO-W_PETROLEO_0037-300x225.jpg 300w\" sizes=\"(max-width: 570px) 100vw, 570px\" \/><b><\/p>\n<p><\/b><b><br \/>\n<\/b>_________________________________________________________________________<b><\/p>\n<p>POSTADO EM 12\/09\/2019<\/b><\/p>\n<p><b><a href=\"index.php?option=com_content&amp;view=article&amp;id=23727;2019-09-12-14-32-24&amp;catid=2;noticias&amp;Itemid=49\" target=\"_blank\" rel=\"noopener\">C\u00e2mara de Ensino da Associa\u00e7\u00e3o Comercial de Santos conhece o Movimento Inova<\/a><\/b><br \/>\n<strong><br \/>\n<\/strong><img loading=\"lazy\" decoding=\"async\" class=\" size-full wp-image-79372\" src=\"http:\/\/127.0.0.1\/acs\/wp-content\/uploads\/2021\/07\/WEB_2019_SETEMBRO_ENSINO-W_ENSINO_0045.jpg\" width=\"570\" height=\"428\" srcset=\"https:\/\/acs.org.br\/academy\/wp-content\/uploads\/2021\/07\/WEB_2019_SETEMBRO_ENSINO-W_ENSINO_0045.jpg 570w, https:\/\/acs.org.br\/academy\/wp-content\/uploads\/2021\/07\/WEB_2019_SETEMBRO_ENSINO-W_ENSINO_0045-300x225.jpg 300w\" sizes=\"(max-width: 570px) 100vw, 570px\" \/><strong><\/p>\n<p>\n<\/strong>_________________________________________________________________________<br \/>\n<strong><br \/>\nPOSTADO EM 26\/08\/2019<\/strong><\/p>\n<p class=\"MsoNormal\" style=\"margin-bottom: 12.0pt;\">O s\u00f3cio-diretor da Geo Brasilis, Jos\u00e9 Roberto dos Santos,\u00a0 participa do workshop: Como o Estado de S\u00e3o Paulo pode colaborar para o Desenvolvimento da Ind\u00fastria de Petr\u00f3leo e G\u00e1s?, promovido pelo Instituto Engenharia.\u00a0 Jos\u00e9 Roberto est\u00e1 representando a Associa\u00e7\u00e3o Comercial de Santos (ACS) em um dos pain\u00e9is no evento.<\/p>\n<p class=\"MsoNormal\" style=\"margin-bottom: 12.0pt;\"><strong><img loading=\"lazy\" decoding=\"async\" class=\" size-full wp-image-79373\" src=\"http:\/\/127.0.0.1\/acs\/wp-content\/uploads\/2021\/07\/WEB_2019_AGOSTO_WORKSHOPSP-W_workshopsp2.jpg\" width=\"570\" height=\"395\" srcset=\"https:\/\/acs.org.br\/academy\/wp-content\/uploads\/2021\/07\/WEB_2019_AGOSTO_WORKSHOPSP-W_workshopsp2.jpg 570w, https:\/\/acs.org.br\/academy\/wp-content\/uploads\/2021\/07\/WEB_2019_AGOSTO_WORKSHOPSP-W_workshopsp2-300x208.jpg 300w\" sizes=\"(max-width: 570px) 100vw, 570px\" \/><\/strong><strong><br \/>\n<\/strong><br \/>\nA Associa\u00e7\u00e3o Comercial de Santos (ACS) participa do workshop: Como o Estado de S\u00e3o Paulo pode colaborar para o Desenvolvimento da Ind\u00fastria de Petr\u00f3leo e G\u00e1s. O evento ocorre na capital paulista nesta segunda-feira (26).\u00a0 A ACS est\u00e1 representada pelo s\u00f3cio-diretor da Geo Brasilis, Jos\u00e9 Roberto dos Santos, que apresentar\u00e1 um estudo contratado pela ACS em um dos pain\u00e9is, e pelo diretor-executivo da ACS Marcio Calves.\u00a0<\/p>\n<p class=\"MsoNormal\" style=\"margin-bottom: 12.0pt;\"><strong><img loading=\"lazy\" decoding=\"async\" class=\" size-full wp-image-79374\" src=\"http:\/\/127.0.0.1\/acs\/wp-content\/uploads\/2021\/07\/WEB_2019_AGOSTO_WORKSHOPSP-W_workshopsp1.jpg\" width=\"570\" height=\"428\" srcset=\"https:\/\/acs.org.br\/academy\/wp-content\/uploads\/2021\/07\/WEB_2019_AGOSTO_WORKSHOPSP-W_workshopsp1.jpg 570w, https:\/\/acs.org.br\/academy\/wp-content\/uploads\/2021\/07\/WEB_2019_AGOSTO_WORKSHOPSP-W_workshopsp1-300x225.jpg 300w\" sizes=\"(max-width: 570px) 100vw, 570px\" \/><\/p>\n<p>\n<\/strong>_________________________________________________________________________<strong><br \/>\n<\/strong><strong><br \/>\nPOSTADO EM 14\/08\/2019<\/p>\n<p><\/strong>A C\u00e2mara Setorial de Agentes de Carga realizou na tarde desta quarta-feira sua reuni\u00e3o na Associa\u00e7\u00e3o Comercial de Santos (ACS). De acordo com o coordenador da C\u00e2mara Noslen Botelho, a pauta foi sobre assuntos que v\u00eam sendo discutidos nas reuni\u00f5es da COLFAC, sobre o DU-E\u00a0 e o Portal \u00danico com previs\u00e3o de atualiza\u00e7\u00e3o em novembro 2019 .<\/p>\n<div><img loading=\"lazy\" decoding=\"async\" class=\" size-full wp-image-79375\" src=\"http:\/\/127.0.0.1\/acs\/wp-content\/uploads\/2021\/07\/WEB_2019_AGOSTO_agentesdecarga-w_agentecarga1.jpg\" width=\"570\" height=\"428\" srcset=\"https:\/\/acs.org.br\/academy\/wp-content\/uploads\/2021\/07\/WEB_2019_AGOSTO_agentesdecarga-w_agentecarga1.jpg 570w, https:\/\/acs.org.br\/academy\/wp-content\/uploads\/2021\/07\/WEB_2019_AGOSTO_agentesdecarga-w_agentecarga1-300x225.jpg 300w\" sizes=\"(max-width: 570px) 100vw, 570px\" \/><\/div>\n<p class=\"MsoNormal\" style=\"margin-bottom: 12.0pt;\">_________________________________________________________________________<strong><\/p>\n<p>POSTADO EM 13\/08\/2019<br \/>\n<a href=\"http:\/\/acs.org.br\/index.php?option=com_content&amp;view=article&amp;id=23416;2019-08-13-18-27-06&amp;catid=2;noticias&amp;Itemid=49\"><br \/>\n<\/a><\/strong><b><a href=\"http:\/\/acs.org.br\/index.php?option=com_content&amp;view=article&amp;id=23416;2019-08-13-18-27-06&amp;catid=2;noticias&amp;Itemid=49\">Ap\u00f3s inaugurar site, C\u00e2mara de Petr\u00f3leo e G\u00e1s define estrat\u00e9gias para portal<\/a><\/b><\/p>\n<p><img loading=\"lazy\" decoding=\"async\" class=\" size-full wp-image-79376\" src=\"http:\/\/127.0.0.1\/acs\/wp-content\/uploads\/2021\/07\/WEB_2019_AGOSTO_PETROLEO-W_PETROLEO_0015.jpg\" width=\"570\" height=\"428\" srcset=\"https:\/\/acs.org.br\/academy\/wp-content\/uploads\/2021\/07\/WEB_2019_AGOSTO_PETROLEO-W_PETROLEO_0015.jpg 570w, https:\/\/acs.org.br\/academy\/wp-content\/uploads\/2021\/07\/WEB_2019_AGOSTO_PETROLEO-W_PETROLEO_0015-300x225.jpg 300w\" sizes=\"(max-width: 570px) 100vw, 570px\" \/><\/p>\n<p>_________________________________________________________________________<strong><\/p>\n<p>POSTADO EM 05\/08\/2019<\/strong><\/p>\n<p class=\"MsoNormal\" style=\"margin-bottom: 12.0pt;\"><a href=\"http:\/\/acs.org.br\/index.php?option=com_content&amp;view=article&amp;id=23346;2019-08-05-20-34-39&amp;catid=2;noticias&amp;Itemid=49\">Liga\u00e7\u00e3o entre as margens do Porto \u00e9 tema de reuni\u00e3o da C\u00e2mara Setorial de Navega\u00e7\u00e3o<\/a><\/p>\n<p><img loading=\"lazy\" decoding=\"async\" class=\" size-full wp-image-79377\" src=\"http:\/\/127.0.0.1\/acs\/wp-content\/uploads\/2021\/07\/WEB_2019_AGOSTO_NAVEGACAO-W_NAVEGACAO_0002.jpg\" width=\"570\" height=\"427\" srcset=\"https:\/\/acs.org.br\/academy\/wp-content\/uploads\/2021\/07\/WEB_2019_AGOSTO_NAVEGACAO-W_NAVEGACAO_0002.jpg 570w, https:\/\/acs.org.br\/academy\/wp-content\/uploads\/2021\/07\/WEB_2019_AGOSTO_NAVEGACAO-W_NAVEGACAO_0002-300x225.jpg 300w\" sizes=\"(max-width: 570px) 100vw, 570px\" \/><\/p>\n<p class=\"MsoNormal\" style=\"margin-bottom: 12.0pt;\"><a href=\"http:\/\/acs.org.br\/index.php?option=com_content&amp;view=article&amp;id=23339;empreendedorismo-acs-fotos-&amp;catid=2;noticias&amp;Itemid=49\" target=\"_blank\" rel=\"noopener\">ACS Jovem promove curso de empreendedorismo em parceria com Sebrae<\/a><\/p>\n<p class=\"MsoNormal\" style=\"margin-bottom: 12.0pt;\"><a href=\"http:\/\/acs.org.br\/index.php?option=com_content&amp;view=article&amp;id=23339;empreendedorismo-acs-fotos-&amp;catid=2;noticias&amp;Itemid=49\" target=\"_blank\" rel=\"noopener\"><br \/>\n<img loading=\"lazy\" decoding=\"async\" class=\" size-full wp-image-79378\" style=\"color: #000000;\" src=\"http:\/\/127.0.0.1\/acs\/wp-content\/uploads\/2021\/07\/WEB_2019_AGOSTO_EMPREENDEDORISMO-W_EMPREENDEDORISMO_0001.jpg\" width=\"570\" height=\"426\" srcset=\"https:\/\/acs.org.br\/academy\/wp-content\/uploads\/2021\/07\/WEB_2019_AGOSTO_EMPREENDEDORISMO-W_EMPREENDEDORISMO_0001.jpg 570w, https:\/\/acs.org.br\/academy\/wp-content\/uploads\/2021\/07\/WEB_2019_AGOSTO_EMPREENDEDORISMO-W_EMPREENDEDORISMO_0001-300x224.jpg 300w\" sizes=\"(max-width: 570px) 100vw, 570px\" \/><\/a><\/p>\n<p class=\"MsoNormal\" style=\"margin-bottom: 12.0pt;\">_________________________________________________________________________<\/p>\n<p class=\"MsoNormal\" style=\"margin-bottom: 12.0pt;\"><strong>POSTADO EM 1\u00ba\/08\/2019<\/strong><\/p>\n<div>\n<div>\u00a0<\/div>\n<div><a href=\"http:\/\/acs.org.br\/index.php?option=com_content&amp;view=article&amp;id=23311;2019-08-01-18-04-18&amp;catid=2;noticias&amp;Itemid=49\" target=\"_blank\" rel=\"noopener\">\u00a0C\u00e2mara de Ensino da Associa\u00e7\u00e3o Comercial de Santos define detalhes para &#8216;I Congresso Empresa &#8211; Meu Futuro&#8217;<\/a><\/div>\n<div>\u00a0<\/div>\n<div><img loading=\"lazy\" decoding=\"async\" class=\" size-full wp-image-79379\" src=\"http:\/\/127.0.0.1\/acs\/wp-content\/uploads\/2021\/07\/WEB_2019_AGOSTO_ENSINO-W_ENSINO_0034.jpg\" width=\"570\" height=\"420\" srcset=\"https:\/\/acs.org.br\/academy\/wp-content\/uploads\/2021\/07\/WEB_2019_AGOSTO_ENSINO-W_ENSINO_0034.jpg 570w, https:\/\/acs.org.br\/academy\/wp-content\/uploads\/2021\/07\/WEB_2019_AGOSTO_ENSINO-W_ENSINO_0034-300x221.jpg 300w\" sizes=\"(max-width: 570px) 100vw, 570px\" \/><\/div>\n<\/div>\n<p class=\"MsoNormal\" style=\"margin-bottom: 12.0pt;\">_________________________________________________________________________<\/p>\n<p class=\"MsoNormal\" style=\"margin-bottom: 12.0pt;\"><b>POSTADO EM 24\/07\/2019<br \/>\n<\/b><\/p>\n<p class=\"MsoNormal\" style=\"margin-bottom: 12.0pt;\"><b><a href=\"http:\/\/acs.org.br\/index.php?option=com_content&amp;view=article&amp;id=23245;2019-07-24-20-05-09&amp;catid=2;noticias&amp;Itemid=49\" target=\"_blank\" rel=\"noopener\">Portal para cadastro de fornecedor no setor de petr\u00f3leo \u00e9 lan\u00e7ado na Associa\u00e7\u00e3o Comercial de Santos<\/a><\/b><\/p>\n<p class=\"MsoNormal\" style=\"margin-bottom: 12.0pt;\"><img loading=\"lazy\" decoding=\"async\" class=\" size-full wp-image-79380\" src=\"http:\/\/127.0.0.1\/acs\/wp-content\/uploads\/2021\/07\/WEB_2019_JULHO_PORTALPEG-W_PORTALPEG_0028.jpg\" width=\"570\" height=\"428\" srcset=\"https:\/\/acs.org.br\/academy\/wp-content\/uploads\/2021\/07\/WEB_2019_JULHO_PORTALPEG-W_PORTALPEG_0028.jpg 570w, https:\/\/acs.org.br\/academy\/wp-content\/uploads\/2021\/07\/WEB_2019_JULHO_PORTALPEG-W_PORTALPEG_0028-300x225.jpg 300w\" sizes=\"(max-width: 570px) 100vw, 570px\" \/><b><\/p>\n<p>\nPOSTADO EM 03\/07\/2019<\/p>\n<p><\/b>Encontro realizado nesta quarta-feira (03), na Companhia Docas do Estado de S\u00e3o Paulo, com integrantes da C\u00e2mara Setorial das Institui\u00e7\u00f5es de Ensino \u2013 ACS, na presen\u00e7a do\u00a0 Diretor Executivo da ACS, Marcio Calves, e do presidente da CODESP, Eng\u00ba Casemiro T\u00e9rcio de Carvalho, dando sequ\u00eancia \u00e0 aproxima\u00e7\u00e3o Universidade e Empresa\u00a0 tendo como foco contribui\u00e7\u00e3o para quest\u00f5es emergentes\u00a0 da cidade e do pa\u00eds.<\/p>\n<p class=\"MsoNormal\" style=\"margin-bottom: 12.0pt;\"><b><br \/>\n<img loading=\"lazy\" decoding=\"async\" class=\" size-full wp-image-79381\" src=\"http:\/\/127.0.0.1\/acs\/wp-content\/uploads\/2021\/07\/WEB_2019_JULHO_ENSINO-DOCAS.jpg\" width=\"570\" height=\"380\" srcset=\"https:\/\/acs.org.br\/academy\/wp-content\/uploads\/2021\/07\/WEB_2019_JULHO_ENSINO-DOCAS.jpg 570w, https:\/\/acs.org.br\/academy\/wp-content\/uploads\/2021\/07\/WEB_2019_JULHO_ENSINO-DOCAS-300x200.jpg 300w\" sizes=\"(max-width: 570px) 100vw, 570px\" \/><br \/>\n<\/b><\/p>\n<p class=\"MsoNormal\" style=\"margin-bottom: 12.0pt;\">_________________________________________________________________________<\/p>\n<div>\u00a0<\/div>\n<p class=\"MsoNormal\" style=\"margin-bottom: 12.0pt;\">\n<b>POSTADO EM\u00a0 04\/06\/2019<\/b><\/p>\n<p class=\"MsoNormal\" style=\"margin-bottom: 12.0pt;\">Na manh\u00e3 desta ter\u00e7a-feira (04), ocorreu a 7\u00aa reuni\u00e3o do Colfac na sede do Mapa, em Santos.\u00a0 No encontro, houve feedback sobre o pedido de simplifica\u00e7\u00e3o e celeridade nos procedimentos relacionados \u00e0 coloca\u00e7\u00e3o de exig\u00eancias nas retifica\u00e7\u00f5es de NCM e Peso Bruto no \u00e2mbito da RFB. Al\u00e9m de outros itens colocados em pauta.\u00a0<\/p>\n<p class=\"MsoNormal\" style=\"margin-bottom: 12.0pt;\">\n<img loading=\"lazy\" decoding=\"async\" class=\" size-full wp-image-79382\" src=\"http:\/\/127.0.0.1\/acs\/wp-content\/uploads\/2021\/07\/WEB_2019_JUNHO_REUNIAOCOLFAC0406.jpg\" width=\"570\" height=\"375\" srcset=\"https:\/\/acs.org.br\/academy\/wp-content\/uploads\/2021\/07\/WEB_2019_JUNHO_REUNIAOCOLFAC0406.jpg 570w, https:\/\/acs.org.br\/academy\/wp-content\/uploads\/2021\/07\/WEB_2019_JUNHO_REUNIAOCOLFAC0406-300x197.jpg 300w\" sizes=\"(max-width: 570px) 100vw, 570px\" \/><\/p>\n<p>_________________________________________________________________________<\/p>\n<p class=\"MsoNormal\" style=\"margin-bottom: 12.0pt;\"><b><br \/>\nPOSTADO EM\u00a0 24\/05\/2019<\/b><\/p>\n<p class=\"MsoNormal\" style=\"margin-bottom: 12.0pt;\">Caros associados,\u00a0<\/p>\n<p class=\"MsoNormal\" style=\"margin-bottom: 12.0pt;\">A seguir, informa\u00e7\u00f5es importantes do coordenador da c\u00e2mara setorial de agentes de cargas, Noslen Botelho, sobre material da Procomex para o acompanhento da Duimp.<\/p>\n<p class=\"MsoNormal\" style=\"margin-bottom: 12.0pt;\"><a href=\"http:\/\/127.0.0.1\/acs\/wp-content\/uploads\/2021\/07\/PDF_2019_MAIO_PROCOMEX.pdf\" target=\"_blank\" rel=\"noopener\">&gt;\u00a0Confira\u00a0<\/a><\/p>\n<p class=\"MsoNormal\" style=\"margin-bottom: 12.0pt;\">_________________________________________________________________________<br \/>\n<b><br \/>\nPOSTADO EM 15\/05\/2019<\/b><\/p>\n<p class=\"MsoNormal\" style=\"margin-bottom: 12.0pt;\">A C\u00e2mara Setorial de Agentes de Carga realizou na tarde desta quarta-feira sua reuni\u00e3o na Associa\u00e7\u00e3o Comercial de Santos (ACS). De acordo com o coordenador da C\u00e2mara Noslen Botelho, a pauta da reuni\u00e3o foi sobre assuntos que v\u00eam sendo discutidos nas reuni\u00f5es da COLFAC, sobre o DUE com Sistema do Portal \u00danico recebendo altera\u00e7\u00f5es em maio e sobre a DESUNITIZA\u00c7\u00c3O para CONSOLIDAR os HBLs dos Agentes de Carga.\u00a0<\/p>\n<p class=\"MsoNormal\" style=\"margin-bottom: 12.0pt;\"><img loading=\"lazy\" decoding=\"async\" class=\" size-full wp-image-79384\" src=\"http:\/\/127.0.0.1\/acs\/wp-content\/uploads\/2021\/07\/WEB_2019_MAIO_AGENTESDECARGA-W_AGENTESDECARGA_0819.jpg\" width=\"570\" height=\"428\" srcset=\"https:\/\/acs.org.br\/academy\/wp-content\/uploads\/2021\/07\/WEB_2019_MAIO_AGENTESDECARGA-W_AGENTESDECARGA_0819.jpg 570w, https:\/\/acs.org.br\/academy\/wp-content\/uploads\/2021\/07\/WEB_2019_MAIO_AGENTESDECARGA-W_AGENTESDECARGA_0819-300x225.jpg 300w\" sizes=\"(max-width: 570px) 100vw, 570px\" \/><\/p>\n<p class=\"MsoNormal\" style=\"margin-bottom: 12.0pt;\">_________________________________________________________________________<b><\/p>\n<p>\nPOSTADO EM 14\/05\/2019<\/b><\/p>\n<p class=\"MsoNormal\" style=\"margin-bottom: 12.0pt;\">Caros associados,\u00a0<\/p>\n<p class=\"MsoNormal\" style=\"margin-bottom: 12.0pt;\">A seguir, informa\u00e7\u00f5es importantes do coordenador da c\u00e2mara setorial de agentes de cargas, Noslen Botelho, sobre c\u00f3pia da \u201cPORTARIA ALF\/STS N\u00ba 127\u201d, de 07 de maio de 2019 (Delegado da Alf\u00e2ndega da Receita Federal do Brasil do Porto de Santos), publicada hoje (14\/05\/2019) no Di\u00e1rio Oficial da Uni\u00e3o (DOU), se\u00e7\u00e3o 1, p\u00e1g. 15, que \u201caltera\u201d a Portaria ALF\/STS n\u00b0 48\/2017, e estabelece que a \u201ccarga de exporta\u00e7\u00e3o, ap\u00f3s o desembara\u00e7o e at\u00e9 sua entrega ao operador portu\u00e1rio para embarque\u201d, fica sob a \u201cresponsabilidade do administrador do recinto aduaneiro de despacho\u201d, que dever\u00e1 monitorar o \u201ctr\u00e2nsito aduaneiro e comunicar a Alf\u00e2ndega do Porto de Santos\u201d quaisquer situa\u00e7\u00f5es de anormalidade, tais como a \u201cchegada do ve\u00edculo ap\u00f3s o tempo esperado, o desvio de rota e a troca de motorista\u201d, entre outras.<\/p>\n<p class=\"MsoNormal\" style=\"margin-bottom: 12.0pt;\"><a href=\"http:\/\/127.0.0.1\/acs\/wp-content\/uploads\/2021\/07\/PDF_2019_MAIO_portariareceita.pdf\">&gt; Confira a portaria<\/a><\/p>\n<p class=\"MsoNormal\">\u00a0<\/p>\n<p class=\"MsoNormal\" style=\"margin-bottom: 12.0pt;\">_________________________________________________________________________<\/p>\n<p class=\"MsoNormal\" style=\"margin-bottom: 12.0pt;\"><b>POSTADO EM 08\/05\/2019<\/b><\/p>\n<p class=\"MsoNormal\">A C\u00e2mara Setorial de Navega\u00e7\u00e3o retomou suas reuni\u00f5es na tarde desta quarta-feira (08) na Associa\u00e7\u00e3o Comercial de Santos (ACS). De acordo com o coordenador da C\u00e2mara Mauro Sammarco, a pauta da reuni\u00e3o foi sobre a situa\u00e7\u00e3o da dragagem, \u00a0os acessos vi\u00e1rios do Porto de Santos, a regionaliza\u00e7\u00e3o da Codesp e o retorno do poder decis\u00f3rio do CAP.<\/p>\n<p><img loading=\"lazy\" decoding=\"async\" class=\" size-full wp-image-79386\" src=\"http:\/\/127.0.0.1\/acs\/wp-content\/uploads\/2021\/07\/WEB_2019_MAIO_NAVEGACAO-W_NAVEGACAO_0597.jpg\" width=\"570\" height=\"443\" srcset=\"https:\/\/acs.org.br\/academy\/wp-content\/uploads\/2021\/07\/WEB_2019_MAIO_NAVEGACAO-W_NAVEGACAO_0597.jpg 570w, https:\/\/acs.org.br\/academy\/wp-content\/uploads\/2021\/07\/WEB_2019_MAIO_NAVEGACAO-W_NAVEGACAO_0597-300x233.jpg 300w\" sizes=\"(max-width: 570px) 100vw, 570px\" \/><\/p>\n<p class=\"MsoNormal\" style=\"margin-bottom: 12.0pt;\">\n_________________________________________________________________________<\/p>\n<p class=\"MsoNormal\" style=\"margin-bottom: 12.0pt;\"><b><br \/>\nPOSTADO EM 07\/05\/2019<\/b><\/p>\n<p class=\"MsoNormal\" style=\"margin-bottom: 12.0pt;\">Caros associados,\u00a0<\/p>\n<p class=\"MsoNormal\" style=\"margin-bottom: 12.0pt;\">A seguir, informa\u00e7\u00f5es importantes do coordenador da c\u00e2mara setorial de agentes de cargas, Noslen Botelho, sobre manual elaborado pela Receita Federal, o qual informa como deve ser feito o credenciamento do agente de carga, seus respons\u00e1vel legal e seus representantes legais.<\/p>\n<p class=\"MsoNormal\" style=\"margin-bottom: 12.0pt;\">&gt;\u00a0<a href=\"http:\/\/127.0.0.1\/acs\/wp-content\/uploads\/2021\/07\/PDF_2019_MAIO_alfandega0705.pdf\" target=\"_blank\" rel=\"noopener\">Confira o manual\u00a0<\/a><\/p>\n<div>_________________________________________________________________________<\/div>\n<p class=\"MsoNormal\" style=\"margin-bottom: 12.0pt;\"><b><br \/>\nPOSTADO EM 22\/04\/2019<\/b><\/p>\n<p class=\"MsoNormal\" style=\"margin-bottom: 12.0pt;\">Caros associados,\u00a0<\/p>\n<p class=\"MsoNormal\" style=\"margin-bottom: 12.0pt;\">A seguir, informa\u00e7\u00f5es importantes do coordenador da c\u00e2mara setorial de agentes de cargas, Noslen Botelho.<\/p>\n<p class=\"MsoNormal\" style=\"margin-bottom: 12.0pt;\">Acessem:\u00a0\u00a0<a href=\"http:\/\/127.0.0.1\/acs\/wp-content\/uploads\/2021\/07\/PDF_2019_ABRIL_Siscomex2204.pdf\" target=\"_blank\" rel=\"noopener\">Not\u00edcia Siscomex\u00a0<\/a><\/p>\n<div>_________________________________________________________________________<\/div>\n<p class=\"MsoNormal\" style=\"margin-bottom: 12.0pt;\"><b><\/p>\n<p>POSTADO EM 18\/04\/2019<\/b><\/p>\n<p class=\"MsoNormal\" style=\"margin-bottom: 12.0pt;\">Caros associados,\u00a0<\/p>\n<p class=\"MsoNormal\" style=\"margin-bottom: 12.0pt;\">A seguir, informa\u00e7\u00f5es importantes do coordenador da c\u00e2mara setorial de agentes de cargas, Noslen Botelho.<\/p>\n<p class=\"MsoNormal\" style=\"margin-bottom: 12.0pt;\">Acessem:\u00a0\u00a0<a href=\"http:\/\/127.0.0.1\/acs\/wp-content\/uploads\/2021\/07\/PDF_2019_ABRIL_Siscomex1804.pdf\" target=\"_blank\" rel=\"noopener\">\u00a0Not\u00edcia Siscomex\u00a0<\/a><\/p>\n<p class=\"MsoNormal\" style=\"margin-bottom: 12.0pt;\">\n_________________________________________________________________________<b><\/p>\n<p>POSTADO EM 12\/04\/2019<\/b><\/p>\n<p class=\"MsoNormal\" style=\"margin-bottom: 12.0pt;\">Caros associados,\u00a0<\/p>\n<p class=\"MsoNormal\" style=\"margin-bottom: 12.0pt;\">A seguir, informa\u00e7\u00f5es importantes do coordenador da c\u00e2mara setorial de agentes de cargas, Noslen Botelho.<\/p>\n<p class=\"MsoNormal\" style=\"margin-bottom: 12.0pt;\">Acessem:\u00a0\u00a0<\/p>\n<p><a href=\"http:\/\/127.0.0.1\/acs\/wp-content\/uploads\/2021\/07\/PDF_2019_ABRIL_DO1204.pdf\">&#8211;\u00a0DECRETO N\u00ba 9.756 &#8211; \u201cPortal \u00danico gov.br&#8221; e\u00a0 \u201cregras de unifica\u00e7\u00e3o dos canais digitais&#8221;<\/a><\/p>\n<p class=\"MsoNormal\" style=\"margin-bottom: 12.0pt;\">_________________________________________________________________________<\/p>\n<div>\u00a0<\/div>\n<p class=\"MsoNormal\" style=\"margin-bottom: 12.0pt;\"><b>\u00a0<\/b><\/p>\n<p class=\"MsoNormal\" style=\"margin-bottom: 12.0pt;\"><b><br \/>\nPOSTADO EM 04\/04\/2019<\/b><\/p>\n<p class=\"MsoNormal\" style=\"margin-bottom: 12.0pt;\">Caros associados,\u00a0<\/p>\n<p class=\"MsoNormal\" style=\"margin-bottom: 12.0pt;\">A seguir, informa\u00e7\u00f5es importantes do coordenador da c\u00e2mara setorial de agentes de cargas, Noslen Botelho.<\/p>\n<p class=\"MsoNormal\" style=\"margin-bottom: 12.0pt;\">Acessem:\u00a0\u00a0<\/p>\n<p><a href=\"http:\/\/127.0.0.1\/acs\/wp-content\/uploads\/2021\/07\/PDF_2019_ABRIL_CGI.pdf\" target=\"_blank\" rel=\"noopener\">&#8211;\u00a0 Defini\u00e7\u00f5es sobre Reestrutura\u00e7\u00e3o da Receita Federal<\/a><\/p>\n<p class=\"MsoNormal\" style=\"margin-bottom: 12.0pt;\">_________________________________________________________________________<\/p>\n<div>\u00a0<\/div>\n<p class=\"MsoNormal\" style=\"margin-bottom: 12.0pt;\"><b><\/p>\n<p>POSTADO EM 02\/04\/2019<\/b><\/p>\n<p class=\"MsoNormal\" style=\"margin-bottom: 12.0pt;\">Caros associados,\u00a0<\/p>\n<p class=\"MsoNormal\" style=\"margin-bottom: 12.0pt;\">A seguir, informa\u00e7\u00f5es importantes do coordenador da c\u00e2mara setorial de agentes de cargas, Noslen Botelho.<\/p>\n<p class=\"MsoNormal\" style=\"margin-bottom: 12.0pt;\">Acessem:\u00a0<\/p>\n<p><a href=\"http:\/\/127.0.0.1\/acs\/wp-content\/uploads\/2021\/07\/PDF_2019_ABRIL_projetoppc.pdf\"> &#8211; Projeto-piloto do Pagamento Centralizado de Com\u00e9rcio Exterior \u2013 PCCE<\/a><br \/>\n<a href=\"http:\/\/127.0.0.1\/acs\/wp-content\/uploads\/2021\/07\/PDF_2019_ABRIL_manualppc.pdf\">&#8211; Manual de preenchimento do pagamento centralizado do Comercio Exterior -PCCE<\/a><br \/>\n<a href=\"http:\/\/127.0.0.1\/acs\/wp-content\/uploads\/2021\/07\/PDF_2019_ABRIL_pagamentoSiscomex.pdf\" target=\"_blank\" rel=\"noopener\">&#8211; Pagamento Centralizado do Com\u00e9rcio Exterior &#8211; PCCE<\/a><\/p>\n<p class=\"MsoNormal\" style=\"margin-bottom: 12.0pt;\">\n_________________________________________________________________________<\/p>\n<p class=\"MsoNormal\" style=\"margin-bottom: 12.0pt;\"><b><br \/>\nPOSTADO EM 29\/03\/2019<\/b><\/p>\n<p class=\"MsoNormal\" style=\"margin-bottom: 12.0pt;\">Caros associados,\u00a0<\/p>\n<p class=\"MsoNormal\" style=\"margin-bottom: 12.0pt;\">A seguir, informa\u00e7\u00f5es importantes do coordenador da c\u00e2mara setorial de agentes de cargas, Noslen Botelho.<\/p>\n<p class=\"MsoNormal\" style=\"margin-bottom: 12.0pt;\">Acessem:\u00a0\u00a0<a href=\"http:\/\/127.0.0.1\/acs\/wp-content\/uploads\/2021\/07\/PDF_2019_MARCO_SISCOMEX2903.pdf\" target=\"_blank\" rel=\"noopener\"><span style=\"font-size: 11.0pt; font-family: 'Calibri','sans-serif'; mso-fareast-font-family: Calibri; mso-fareast-theme-font: minor-latin; mso-bidi-font-family: 'Times New Roman'; mso-ansi-language: PT-BR; mso-fareast-language: EN-US; mso-bidi-language: AR-SA;\">IMPLEMENTA\u00c7\u00c3O DE PROCEDIMENTO PARA O SISCOMEX NA IMPORTA\u00c7\u00c3O<\/span>\u00a0<\/a><\/p>\n<p>_________________________________________________________________________<\/p>\n<p class=\"MsoNormal\" style=\"margin-bottom: 12.0pt;\"><b><\/p>\n<p>\nPOSTADO EM 1\u00ba\/02\/2019<\/b><\/p>\n<p class=\"MsoNormal\" style=\"margin-bottom: 12.0pt;\">Caros associados,\u00a0<\/p>\n<p class=\"MsoNormal\" style=\"margin-bottom: 12.0pt;\">A seguir, informa\u00e7\u00f5es importantes do coordenador da c\u00e2mara setorial de agentes de cargas, Noslen Botelho.<\/p>\n<p>Acessem:\u00a0<a href=\"http:\/\/127.0.0.1\/acs\/wp-content\/uploads\/2021\/07\/PDF_2019_FEVEREIRO_agentescarga.pdf\" target=\"_blank\" rel=\"noopener\">\u00a0Retorno das reuni\u00f5es das C\u00e2maras Setoriais de Agentes de Carga\u00a0<\/a><\/p>\n<p>_________________________________________________________________________<\/p>\n<div>\u00a0<\/div>\n<p class=\"MsoNormal\" style=\"margin-bottom: 12.0pt;\"><b><\/p>\n<p>POSTADO EM 31\/01\/2019<\/b><\/p>\n<p class=\"MsoNormal\" style=\"margin-bottom: 12.0pt;\">Caros associados,\u00a0<\/p>\n<p class=\"MsoNormal\" style=\"margin-bottom: 12.0pt;\">A seguir, para avalia\u00e7\u00e3o e eventuais provid\u00eancias, informa\u00e7\u00f5es importantes do coordenador da c\u00e2mara setorial de agentes de cargas, Noslen Botelho.<\/p>\n<p>Acessem:\u00a0<a href=\"http:\/\/127.0.0.1\/acs\/wp-content\/uploads\/2021\/07\/PDF_2019_JANEIRO_NOSLEN3101.pdf\" target=\"_blank\" rel=\"noopener\">\u00a031\/01\/2019 &#8211; Not\u00edcia Siscomex\u00a0<\/a><\/p>\n<div>\u00a0<\/div>\n<p class=\"MsoNormal\">\u00a0<\/p>\n<h1 class=\"title\" style=\"margin: 0px; padding: 0px; border: 0px; outline: 0px; font-size: 30.8px; background: #f3f3f3; line-height: 40.04px; text-rendering: optimizelegibility; letter-spacing: 1px; color: #666666; font-weight: normal; font-family: 'Trebuchet MS', sans-serif;\">Novidades C\u00e2maras Setoriais da ACS<\/h1>\n<p class=\"MsoNormal\" style=\"margin-bottom: 12.0pt;\"><b><br \/>\nPOSTADO EM 30\/01\/2019<\/b><\/p>\n<p class=\"MsoNormal\" style=\"margin-bottom: 12.0pt;\">Caros associados,\u00a0<\/p>\n<p>Segue informa\u00e7\u00e3o de mudan\u00e7a de local:<\/p>\n<p class=\"MsoNormal\" style=\"margin-bottom: 12.0pt;\">\n<img loading=\"lazy\" decoding=\"async\" class=\" size-full wp-image-79398\" src=\"http:\/\/127.0.0.1\/acs\/wp-content\/uploads\/2021\/07\/WEB_2019_JANEIRO_NOSLEN3001.jpg\" width=\"570\" height=\"762\" srcset=\"https:\/\/acs.org.br\/academy\/wp-content\/uploads\/2021\/07\/WEB_2019_JANEIRO_NOSLEN3001.jpg 570w, https:\/\/acs.org.br\/academy\/wp-content\/uploads\/2021\/07\/WEB_2019_JANEIRO_NOSLEN3001-224x300.jpg 224w\" sizes=\"(max-width: 570px) 100vw, 570px\" \/><\/p>\n<div>\u00a0<\/div>\n<p class=\"MsoNormal\">\u00a0<\/p>\n<p class=\"MsoNormal\">_____________________________________________________________________________<\/p>\n<p class=\"MsoNormal\" style=\"margin-bottom: 12.0pt;\"><b><br \/>\nPOSTADO EM 28\/01\/2019<\/b><\/p>\n<p class=\"MsoNormal\" style=\"margin-bottom: 12.0pt;\">Caros associados,\u00a0<\/p>\n<p class=\"MsoNormal\" style=\"margin-bottom: 12.0pt;\">A seguir, para avalia\u00e7\u00e3o e eventuais provid\u00eancias, informa\u00e7\u00f5es importantes do coordenador da c\u00e2mara setorial de agentes de cargas, Noslen Botelho.<\/p>\n<p>Acessem:\u00a0<a href=\"http:\/\/127.0.0.1\/acs\/wp-content\/uploads\/2021\/07\/PDF_2019_JANEIRO_RECADONOSLEN280118.pdf\" target=\"_blank\" rel=\"noopener\">\u00a028\/01\/2019 &#8211; Not\u00edcia Siscomex 08\/2019<\/a><\/p>\n<div>\u00a0<\/div>\n<p class=\"MsoNormal\">\u00a0<\/p>\n<p class=\"MsoNormal\">_____________________________________________________________________________<\/p>\n<p class=\"MsoNormal\" style=\"margin-bottom: 12.0pt;\"><b><\/p>\n<p>POSTADO EM 23\/01\/2019<\/b><\/p>\n<p class=\"MsoNormal\" style=\"margin-bottom: 12.0pt;\">Conforme solicita\u00e7\u00e3o do coordenador da C\u00e2mara Setorial dos Agentes de Carga, Noslen Lopes Botelho, disponibilizamos a todos o material abaixo.<\/p>\n<p class=\"MsoNormal\" style=\"margin-bottom: 12.0pt;\">Acessem:\u00a0 \u00a0<a style=\"font-size: 10pt;\" href=\"http:\/\/127.0.0.1\/acs\/wp-content\/uploads\/2021\/07\/PDF_2019_JANEIRO_SISCOMEX-22JAN.pdf\">22\/01\/2019 &#8211; Not\u00edcia Siscomex Exporta\u00e7\u00e3o n\u00ba 08\/2019<\/a><\/p>\n<p class=\"MsoNormal\">\u00a0<\/p>\n<p class=\"MsoNormal\">_____________________________________________________________________________<\/p>\n<p class=\"MsoNormal\" style=\"text-align: justify;\" align=\"center\"><strong>POSTADO EM 3\/12\/2018<\/strong><\/p>\n<p><span style=\"font-family: arial, helvetica, sans-serif; font-size: 8pt;\">Reuni\u00e3o da C\u00e2mara Setorial das Institui\u00e7\u00f5es de Ensino da ACS, seguida de almo\u00e7o na Sala Vip do Paquito, com a presen\u00e7a do Presidente da entidade, Roberto Clemente Santini, do Diretor-Executivo, M\u00e1rcio Calves, da Coordenadora da C\u00e2mara, S\u00edlvia Teixeira Penteado, do Secret\u00e1rio S\u00e9rgio Luiz Bruno e demais representantes das institui\u00e7\u00f5es da Regi\u00e3o que comp\u00f5em a C\u00e2mara.<\/span><\/p>\n<p><span style=\"font-family: arial, helvetica, sans-serif; font-size: 8pt;\">Com os agradecimentos, especial abra\u00e7o.<\/span><\/p>\n<p><span style=\"font-family: arial, helvetica, sans-serif; font-size: 8pt;\">S\u00edlvia Teixeira Penteado<\/span><\/p>\n<p class=\"MsoNormal\" style=\"text-align: justify;\" align=\"center\"><img loading=\"lazy\" decoding=\"async\" class=\" size-full wp-image-79401\" src=\"http:\/\/127.0.0.1\/acs\/wp-content\/uploads\/2021\/07\/WEB_2018_DEZEMBRO_ENSINO-W_ENSINO.jpg\" width=\"570\" height=\"428\" srcset=\"https:\/\/acs.org.br\/academy\/wp-content\/uploads\/2021\/07\/WEB_2018_DEZEMBRO_ENSINO-W_ENSINO.jpg 570w, https:\/\/acs.org.br\/academy\/wp-content\/uploads\/2021\/07\/WEB_2018_DEZEMBRO_ENSINO-W_ENSINO-300x225.jpg 300w\" sizes=\"(max-width: 570px) 100vw, 570px\" \/><\/p>\n<p class=\"MsoNormal\">_____________________________________________________________________________<\/p>\n<p class=\"MsoNormal\" style=\"text-align: justify;\" align=\"center\"><strong>POSTADO EM 2\/10\/2018<\/strong><\/p>\n<\/div>\n<div style=\"text-align: left;\" align=\"center\">\n<p class=\"MsoNormal\">Conforme solicita\u00e7\u00e3o da coordena\u00e7\u00e3o da C\u00e2mara Setorial dos Agentes de Carga, disponibilizamos a todos o material abaixo, que estabelece os procedimentos para execu\u00e7\u00e3o do projeto-piloto do Novo Processo de Importa\u00e7\u00e3o e o despacho aduaneiro por meio de Declara\u00e7\u00e3o \u00danica de Importa\u00e7\u00e3o &#8211; Duimp.<\/p>\n<p class=\"MsoNormal\"><a href=\"http:\/\/127.0.0.1\/acs\/wp-content\/uploads\/2021\/07\/PDF_2018_OUTUBRO_DUIMP.PDF\">PORTARIA COANA N\u00ba 77, DE 26 DE SETEMBRO DE 2018<\/a><\/p>\n<p class=\"MsoNormal\">_____________________________________________________________________________<\/p>\n<p class=\"MsoNormal\"><strong>POSTADO EM 26\/09\/2018<\/strong><\/p>\n<p class=\"MsoNormal\">Conforme solicita\u00e7\u00e3o da coordena\u00e7\u00e3o da C\u00e2mara Setorial dos Agentes de Carga, disponibilizamos a todos o material abaixo:<\/p>\n<p class=\"MsoNormal\"><a href=\"http:\/\/127.0.0.1\/acs\/wp-content\/uploads\/2021\/07\/PDF_2018_SETEMBRO_RFB.PDF\" target=\"_blank\" rel=\"noopener\">INSTRU\u00c7\u00c3O NORMATIVA RFB N\u00ba 1833, DE 25 DE SETEMBRO DE 2018<\/a><\/p>\n<p class=\"MsoNormal\">_____________________________________________________________________________<\/p>\n<p class=\"MsoNormal\"><strong>POSTADO EM 5\/09\/2018<\/strong><\/p>\n<p class=\"MsoNormal\">Conforme solicita\u00e7\u00e3o da coordena\u00e7\u00e3o da C\u00e2mara Setorial dos Agentes de Carga, disponibilizamos a todos dois materiais extra\u00eddos do site da Receita Federal. Acessem:<\/p>\n<p class=\"MsoNormal\"><a href=\"http:\/\/127.0.0.1\/acs\/wp-content\/uploads\/2021\/07\/PDF_2018_SETEMBRO_MANUAL.PDF\" target=\"_blank\" rel=\"noopener\">Manual de Exporta\u00e7\u00e3o &#8211; Portal \u00danico de Com\u00e9rcio Exterior<\/a><\/p>\n<p class=\"MsoNormal\"><a href=\"http:\/\/127.0.0.1\/acs\/wp-content\/uploads\/2021\/07\/PDF_2018_SETEMBRO_PER.PDF\" target=\"_blank\" rel=\"noopener\">Novo Processo de Exporta\u00e7\u00f5es: Perguntas e Respostas<\/a><\/p>\n<p class=\"MsoNormal\">_____________________________________________________________________________<\/p>\n<p class=\"MsoNormal\">\u00a0<\/p>\n<p class=\"MsoNormal\">\u00a0<\/p>\n<\/div>\n<div style=\"text-align: left;\" align=\"center\">\u00a0<\/div>\n<div style=\"text-align: left;\" align=\"center\">\n<div>\u00a0<\/div>\n<\/div>\n<div style=\"text-align: left;\" align=\"center\">\u00a0<\/div>\n<div style=\"text-align: left;\" align=\"center\">\u00a0<\/div>\n<\/div>\n<div id=\"_mcePaste\" class=\"mcePaste\" style=\"position: absolute; left: -10000px; top: 8727px; width: 1px; height: 1px; overflow: hidden;\">\n<table class=\"MsoNormalTable\" style=\"width: 100.0%; mso-cellspacing: 0cm; mso-yfti-tbllook: 1184; mso-padding-alt: 0cm 0cm 0cm 0cm;\" border=\"0\" width=\"100%\" cellspacing=\"0\" cellpadding=\"0\">\n<tbody>\n<tr>\n<td style=\"width: 52.0%; padding: 0cm 0cm 0cm 0cm;\" width=\"52%\">\n<p class=\"MsoNormal\" style=\"margin-bottom: .0001pt; line-height: normal;\"><a href=\"http:\/\/www.planalto.gov.br\/ccivil_03\/leis\/Mensagem_Veto\/2003\/Mv362-03.htm\"><span style=\"font-size: 10.0pt; font-family: 'Arial','sans-serif'; mso-fareast-font-family: 'Times New Roman'; color: blue; mso-fareast-language: PT-BR;\">de veto<\/span><\/a><\/p>\n<\/td>\n<td style=\"width: 48.0%; padding: 0cm 0cm 0cm 0cm;\" width=\"48%\">\n<p class=\"MsoNormal\" style=\"mso-margin-top-alt: auto; mso-margin-bottom-alt: auto; line-height: normal;\"><span style=\"font-size: 10.0pt; font-family: 'Arial','sans-serif'; mso-fareast-font-family: 'Times New Roman'; color: maroon; mso-fareast-language: PT-BR;\">Disp\u00f5e sobre o Imposto Sobre Servi\u00e7os de Qualquer Natureza, de compet\u00eancia dos Munic\u00edpios e do Distrito Federal, e d\u00e1 outras provid\u00eancias.<\/span><\/p>\n<\/td>\n<\/tr>\n<\/tbody>\n<\/table>\n<p class=\"MsoNormal\" style=\"mso-margin-top-alt: auto; mso-margin-bottom-alt: auto; text-indent: 26.25pt; line-height: normal;\"><b><span style=\"font-size: 10.0pt; font-family: 'Arial','sans-serif'; mso-fareast-font-family: 'Times New Roman'; mso-fareast-language: PT-BR;\">O PRESIDENTE DA REP\u00daBLICA\u00a0<\/span><\/b><span style=\"font-size: 10.0pt; font-family: 'Arial','sans-serif'; mso-fareast-font-family: 'Times New Roman'; mso-fareast-language: PT-BR;\">Fa\u00e7o saber que o Congresso Nacional decreta e eu sanciono a seguinte Lei Complementar:<\/span><\/p>\n<p class=\"MsoNormal\" style=\"mso-margin-top-alt: auto; mso-margin-bottom-alt: auto; text-indent: 26.25pt; line-height: normal;\"><a name=\"art1\"><\/a><span style=\"font-size: 10.0pt; font-family: 'Arial','sans-serif'; mso-fareast-font-family: 'Times New Roman'; mso-fareast-language: PT-BR;\">Art. 1<span style=\"text-decoration: underline;\"><sup>o<\/sup><\/span>\u00a0O Imposto Sobre Servi\u00e7os de Qualquer Natureza, de compet\u00eancia dos Munic\u00edpios e do Distrito Federal, tem como fato gerador a presta\u00e7\u00e3o de servi\u00e7os constantes da lista anexa, ainda que esses n\u00e3o se constituam como atividade preponderante do prestador.<\/span><\/p>\n<p class=\"MsoNormal\" style=\"mso-margin-top-alt: auto; mso-margin-bottom-alt: auto; text-indent: 26.25pt; line-height: normal;\"><span style=\"font-size: 10.0pt; font-family: 'Arial','sans-serif'; mso-fareast-font-family: 'Times New Roman'; mso-fareast-language: PT-BR;\">\u00a7 1<span style=\"text-decoration: underline;\"><sup>o<\/sup><\/span>\u00a0O imposto incide tamb\u00e9m sobre o servi\u00e7o proveniente do exterior do Pa\u00eds ou cuja presta\u00e7\u00e3o se tenha iniciado no exterior do Pa\u00eds.<\/span><\/p>\n<p class=\"MsoNormal\" style=\"mso-margin-top-alt: auto; mso-margin-bottom-alt: auto; text-indent: 26.25pt; line-height: normal;\"><span style=\"font-size: 10.0pt; font-family: 'Arial','sans-serif'; mso-fareast-font-family: 'Times New Roman'; mso-fareast-language: PT-BR;\">\u00a7 2<span style=\"text-decoration: underline;\"><sup>o<\/sup><\/span>\u00a0Ressalvadas as exce\u00e7\u00f5es expressas na lista anexa, os servi\u00e7os nela mencionados n\u00e3o ficam sujeitos ao Imposto Sobre Opera\u00e7\u00f5es Relativas \u00e0 Circula\u00e7\u00e3o de Mercadorias e Presta\u00e7\u00f5es de Servi\u00e7os de Transporte Interestadual e Intermunicipal e de Comunica\u00e7\u00e3o \u2013 ICMS, ainda que sua presta\u00e7\u00e3o envolva fornecimento de mercadorias.<\/span><\/p>\n<p class=\"MsoNormal\" style=\"mso-margin-top-alt: auto; mso-margin-bottom-alt: auto; text-indent: 26.25pt; line-height: normal;\"><span style=\"font-size: 10.0pt; font-family: 'Arial','sans-serif'; mso-fareast-font-family: 'Times New Roman'; mso-fareast-language: PT-BR;\">\u00a7 3<span style=\"text-decoration: underline;\"><sup>o<\/sup><\/span>\u00a0O imposto de que trata esta Lei Complementar incide ainda sobre os servi\u00e7os prestados mediante a utiliza\u00e7\u00e3o de bens e servi\u00e7os p\u00fablicos explorados economicamente mediante autoriza\u00e7\u00e3o, permiss\u00e3o ou concess\u00e3o, com o pagamento de tarifa, pre\u00e7o ou ped\u00e1gio pelo usu\u00e1rio final do servi\u00e7o.<\/span><\/p>\n<p class=\"MsoNormal\" style=\"mso-margin-top-alt: auto; mso-margin-bottom-alt: auto; text-indent: 26.25pt; line-height: normal;\"><span style=\"font-size: 10.0pt; font-family: 'Arial','sans-serif'; mso-fareast-font-family: 'Times New Roman'; mso-fareast-language: PT-BR;\">\u00a7 4<span style=\"text-decoration: underline;\"><sup>o<\/sup><\/span>\u00a0A incid\u00eancia do imposto n\u00e3o depende da denomina\u00e7\u00e3o dada ao servi\u00e7o prestado.<\/span><\/p>\n<p class=\"MsoNormal\" style=\"mso-margin-top-alt: auto; mso-margin-bottom-alt: auto; text-indent: 26.25pt; line-height: normal;\"><a name=\"art2\"><\/a><span style=\"font-size: 10.0pt; font-family: 'Arial','sans-serif'; mso-fareast-font-family: 'Times New Roman'; mso-fareast-language: PT-BR;\">Art. 2<span style=\"text-decoration: underline;\"><sup>o<\/sup><\/span>\u00a0O imposto n\u00e3o incide sobre:<\/span><\/p>\n<p class=\"MsoNormal\" style=\"mso-margin-top-alt: auto; mso-margin-bottom-alt: auto; text-indent: 26.25pt; line-height: normal;\"><span style=\"font-size: 10.0pt; font-family: 'Arial','sans-serif'; mso-fareast-font-family: 'Times New Roman'; mso-fareast-language: PT-BR;\">I \u2013 as exporta\u00e7\u00f5es de servi\u00e7os para o exterior do Pa\u00eds;<\/span><\/p>\n<p class=\"MsoNormal\" style=\"mso-margin-top-alt: auto; mso-margin-bottom-alt: auto; text-indent: 26.25pt; line-height: normal;\"><span style=\"font-size: 10.0pt; font-family: 'Arial','sans-serif'; mso-fareast-font-family: 'Times New Roman'; mso-fareast-language: PT-BR;\">II \u2013 a presta\u00e7\u00e3o de servi\u00e7os em rela\u00e7\u00e3o de emprego, dos trabalhadores avulsos, dos diretores e membros de conselho consultivo ou de conselho fiscal de sociedades e funda\u00e7\u00f5es, bem como dos s\u00f3cios-gerentes e dos gerentes-delegados;<\/span><\/p>\n<p class=\"MsoNormal\" style=\"mso-margin-top-alt: auto; mso-margin-bottom-alt: auto; text-indent: 26.25pt; line-height: normal;\"><span style=\"font-size: 10.0pt; font-family: 'Arial','sans-serif'; mso-fareast-font-family: 'Times New Roman'; mso-fareast-language: PT-BR;\">III \u2013 o valor intermediado no mercado de t\u00edtulos e valores mobili\u00e1rios, o valor dos dep\u00f3sitos banc\u00e1rios, o principal, juros e acr\u00e9scimos morat\u00f3rios relativos a opera\u00e7\u00f5es de cr\u00e9dito realizadas por institui\u00e7\u00f5es financeiras.<\/span><\/p>\n<p class=\"MsoNormal\" style=\"mso-margin-top-alt: auto; mso-margin-bottom-alt: auto; text-indent: 26.25pt; line-height: normal;\"><span style=\"font-size: 10.0pt; font-family: 'Arial','sans-serif'; mso-fareast-font-family: 'Times New Roman'; mso-fareast-language: PT-BR;\">Par\u00e1grafo \u00fanico. N\u00e3o se enquadram no disposto no inciso I os servi\u00e7os desenvolvidos no Brasil, cujo resultado aqui se verifique, ainda que o pagamento seja feito por residente no exterior.<\/span><\/p>\n<p class=\"MsoNormal\" style=\"mso-margin-top-alt: auto; mso-margin-bottom-alt: auto; text-indent: 26.25pt; line-height: normal;\"><a name=\"art3\"><\/a><s><span style=\"font-size: 10.0pt; font-family: 'Arial','sans-serif'; mso-fareast-font-family: 'Times New Roman'; mso-fareast-language: PT-BR;\">Art. 3<span style=\"text-decoration: underline;\"><sup>o<\/sup><\/span>\u00a0O servi\u00e7o considera-se prestado e o imposto devido no local do estabelecimento prestador ou, na falta do estabelecimento, no local do domic\u00edlio do prestador, exceto nas hip\u00f3teses previstas nos incisos I a XXII, quando o imposto ser\u00e1 devido no local:\u00a0\u00a0\u00a0\u00a0\u00a0\u00a0<\/span><\/s><a href=\"http:\/\/www.planalto.gov.br\/ccivil_03\/leis\/LCP\/Lcp123.htm#art21%C2%A74\"><s><span style=\"font-size: 10.0pt; font-family: 'Arial','sans-serif'; mso-fareast-font-family: 'Times New Roman'; color: blue; mso-fareast-language: PT-BR;\">(Vide Lei Complementar n\u00ba 123, de 2006).<\/span><\/s><\/a><\/p>\n<p class=\"MsoNormal\" style=\"mso-margin-top-alt: auto; mso-margin-bottom-alt: auto; text-indent: 26.25pt; line-height: normal;\"><a name=\"art3.\"><\/a><span style=\"font-size: 10pt; font-family: Arial, sans-serif;\">Art. 3<span style=\"text-decoration: underline;\"><sup>o<\/sup><\/span>\u00a0\u00a0O servi\u00e7o considera-se prestado, e o imposto, devido, no local do estabelecimento prestador ou, na falta do estabelecimento, no local do domic\u00edlio do prestador, exceto nas hip\u00f3teses previstas nos incisos I a XXV, quando o imposto ser\u00e1 devido no local:\u00a0<\/span><a href=\"http:\/\/www.planalto.gov.br\/ccivil_03\/leis\/LCP\/Lcp157.htm#art1\"><span style=\"font-size: 10.0pt; font-family: 'Arial','sans-serif'; mso-fareast-font-family: 'Times New Roman'; color: blue; mso-fareast-language: PT-BR;\">(Reda\u00e7\u00e3o dada pela Lei Complementar n\u00ba 157, de 2016)<\/span><\/a><\/p>\n<p class=\"MsoNormal\" style=\"mso-margin-top-alt: auto; mso-margin-bottom-alt: auto; text-indent: 26.25pt; line-height: normal;\"><span style=\"font-size: 10.0pt; font-family: 'Arial','sans-serif'; mso-fareast-font-family: 'Times New Roman'; mso-fareast-language: PT-BR;\">I \u2013 do estabelecimento do tomador ou intermedi\u00e1rio do servi\u00e7o ou, na falta de estabelecimento, onde ele estiver domiciliado, na hip\u00f3tese do \u00a7 1<span style=\"text-decoration: underline;\"><sup>o<\/sup><\/span>\u00a0do art. 1<span style=\"text-decoration: underline;\"><sup>o<\/sup><\/span>\u00a0desta Lei Complementar;<\/span><\/p>\n<p class=\"MsoNormal\" style=\"mso-margin-top-alt: auto; mso-margin-bottom-alt: auto; text-indent: 26.25pt; line-height: normal;\"><span style=\"font-size: 10.0pt; font-family: 'Arial','sans-serif'; mso-fareast-font-family: 'Times New Roman'; mso-fareast-language: PT-BR;\">II \u2013 da instala\u00e7\u00e3o dos andaimes, palcos, coberturas e outras estruturas, no caso dos servi\u00e7os descritos no subitem 3.05 da lista anexa;<\/span><\/p>\n<p class=\"MsoNormal\" style=\"mso-margin-top-alt: auto; mso-margin-bottom-alt: auto; text-indent: 26.25pt; line-height: normal;\"><span style=\"font-size: 10.0pt; font-family: 'Arial','sans-serif'; mso-fareast-font-family: 'Times New Roman'; mso-fareast-language: PT-BR;\">III \u2013 da execu\u00e7\u00e3o da obra, no caso dos servi\u00e7os descritos no subitem 7.02 e 7.19 da lista anexa;<\/span><\/p>\n<p class=\"MsoNormal\" style=\"mso-margin-top-alt: auto; mso-margin-bottom-alt: auto; text-indent: 26.25pt; line-height: normal;\"><span style=\"font-size: 10.0pt; font-family: 'Arial','sans-serif'; mso-fareast-font-family: 'Times New Roman'; mso-fareast-language: PT-BR;\">IV \u2013 da demoli\u00e7\u00e3o, no caso dos servi\u00e7os descritos no subitem 7.04 da lista anexa;<\/span><\/p>\n<p class=\"MsoNormal\" style=\"mso-margin-top-alt: auto; mso-margin-bottom-alt: auto; text-indent: 26.25pt; line-height: normal;\"><span style=\"font-size: 10.0pt; font-family: 'Arial','sans-serif'; mso-fareast-font-family: 'Times New Roman'; mso-fareast-language: PT-BR;\">V \u2013 das edifica\u00e7\u00f5es em geral, estradas, pontes, portos e cong\u00eaneres, no caso dos servi\u00e7os descritos no subitem 7.05 da lista anexa;<\/span><\/p>\n<p class=\"MsoNormal\" style=\"mso-margin-top-alt: auto; mso-margin-bottom-alt: auto; text-indent: 26.25pt; line-height: normal;\"><span style=\"font-size: 10.0pt; font-family: 'Arial','sans-serif'; mso-fareast-font-family: 'Times New Roman'; mso-fareast-language: PT-BR;\">VI \u2013 da execu\u00e7\u00e3o da varri\u00e7\u00e3o, coleta, remo\u00e7\u00e3o, incinera\u00e7\u00e3o, tratamento, reciclagem, separa\u00e7\u00e3o e destina\u00e7\u00e3o final de lixo, rejeitos e outros res\u00edduos quaisquer, no caso dos servi\u00e7os descritos no subitem 7.09 da lista anexa;<\/span><\/p>\n<p class=\"MsoNormal\" style=\"mso-margin-top-alt: auto; mso-margin-bottom-alt: auto; text-indent: 26.25pt; line-height: normal;\"><span style=\"font-size: 10.0pt; font-family: 'Arial','sans-serif'; mso-fareast-font-family: 'Times New Roman'; mso-fareast-language: PT-BR;\">VII \u2013 da execu\u00e7\u00e3o da limpeza, manuten\u00e7\u00e3o e conserva\u00e7\u00e3o de vias e logradouros p\u00fablicos, im\u00f3veis, chamin\u00e9s, piscinas, parques, jardins e cong\u00eaneres, no caso dos servi\u00e7os descritos no subitem 7.10 da lista anexa;<\/span><\/p>\n<p class=\"MsoNormal\" style=\"mso-margin-top-alt: auto; mso-margin-bottom-alt: auto; text-indent: 26.25pt; line-height: normal;\"><span style=\"font-size: 10.0pt; font-family: 'Arial','sans-serif'; mso-fareast-font-family: 'Times New Roman'; mso-fareast-language: PT-BR;\">VIII \u2013 da execu\u00e7\u00e3o da decora\u00e7\u00e3o e jardinagem, do corte e poda de \u00e1rvores, no caso dos servi\u00e7os descritos no subitem 7.11 da lista anexa;<\/span><\/p>\n<p class=\"MsoNormal\" style=\"mso-margin-top-alt: auto; mso-margin-bottom-alt: auto; text-indent: 26.25pt; line-height: normal;\"><span style=\"font-size: 10.0pt; font-family: 'Arial','sans-serif'; mso-fareast-font-family: 'Times New Roman'; mso-fareast-language: PT-BR;\">IX \u2013 do controle e tratamento do efluente de qualquer natureza e de agentes f\u00edsicos, qu\u00edmicos e biol\u00f3gicos, no caso dos servi\u00e7os descritos no subitem 7.12 da lista anexa;<\/span><\/p>\n<p class=\"MsoNormal\" style=\"mso-margin-top-alt: auto; mso-margin-bottom-alt: auto; text-indent: 26.25pt; line-height: normal;\"><span style=\"font-size: 10.0pt; font-family: 'Arial','sans-serif'; mso-fareast-font-family: 'Times New Roman'; mso-fareast-language: PT-BR;\">X \u2013\u00a0\u00a0\u00a0(VETADO)<\/span><\/p>\n<p class=\"MsoNormal\" style=\"mso-margin-top-alt: auto; mso-margin-bottom-alt: auto; text-indent: 26.25pt; line-height: normal;\"><span style=\"font-size: 10.0pt; font-family: 'Arial','sans-serif'; mso-fareast-font-family: 'Times New Roman'; mso-fareast-language: PT-BR;\">XI \u2013\u00a0\u00a0\u00a0(VETADO)<\/span><\/p>\n<p class=\"MsoNormal\" style=\"mso-margin-top-alt: auto; mso-margin-bottom-alt: auto; text-indent: 26.25pt; line-height: normal;\"><s><span style=\"font-size: 10.0pt; font-family: 'Arial','sans-serif'; mso-fareast-font-family: 'Times New Roman'; mso-fareast-language: PT-BR;\">XII \u2013 do florestamento, reflorestamento, semeadura, aduba\u00e7\u00e3o e cong\u00eaneres, no caso dos servi\u00e7os descritos no subitem 7.16 da lista anexa;<\/span><\/s><\/p>\n<p class=\"MsoNormal\" style=\"mso-margin-top-alt: auto; mso-margin-bottom-alt: auto; text-indent: 26.25pt; line-height: normal;\"><a name=\"art3xii\"><\/a><span style=\"font-size: 10pt; font-family: Arial, sans-serif;\">XII &#8211; do florestamento, reflorestamento, semeadura, aduba\u00e7\u00e3o, repara\u00e7\u00e3o de solo, plantio, silagem, colheita, corte, descascamento de \u00e1rvores, silvicultura, explora\u00e7\u00e3o florestal e servi\u00e7os cong\u00eaneres indissoci\u00e1veis da forma\u00e7\u00e3o, manuten\u00e7\u00e3o e colheita de florestas para quaisquer fins e por quaisquer meios;\u00a0<\/span><a href=\"http:\/\/www.planalto.gov.br\/ccivil_03\/leis\/LCP\/Lcp157.htm#art1\"><span style=\"font-size: 10.0pt; font-family: 'Arial','sans-serif'; mso-fareast-font-family: 'Times New Roman'; color: blue; mso-fareast-language: PT-BR;\">(Reda\u00e7\u00e3o dada pela Lei Complementar n\u00ba 157, de 2016)<\/span><\/a><\/p>\n<p class=\"MsoNormal\" style=\"mso-margin-top-alt: auto; mso-margin-bottom-alt: auto; text-indent: 26.25pt; line-height: normal;\"><span style=\"font-size: 10.0pt; font-family: 'Arial','sans-serif'; mso-fareast-font-family: 'Times New Roman'; mso-fareast-language: PT-BR;\">XIII \u2013 da execu\u00e7\u00e3o dos servi\u00e7os de escoramento, conten\u00e7\u00e3o de encostas e cong\u00eaneres, no caso dos servi\u00e7os descritos no subitem 7.17 da lista anexa;<\/span><\/p>\n<p class=\"MsoNormal\" style=\"mso-margin-top-alt: auto; mso-margin-bottom-alt: auto; text-indent: 26.25pt; line-height: normal;\"><span style=\"font-size: 10.0pt; font-family: 'Arial','sans-serif'; mso-fareast-font-family: 'Times New Roman'; mso-fareast-language: PT-BR;\">XIV \u2013 da limpeza e dragagem, no caso dos servi\u00e7os descritos no subitem 7.18 da lista anexa;<\/span><\/p>\n<p class=\"MsoNormal\" style=\"mso-margin-top-alt: auto; mso-margin-bottom-alt: auto; text-indent: 26.25pt; line-height: normal;\"><span style=\"font-size: 10.0pt; font-family: 'Arial','sans-serif'; mso-fareast-font-family: 'Times New Roman'; mso-fareast-language: PT-BR;\">XV \u2013 onde o bem estiver guardado ou estacionado, no caso dos servi\u00e7os descritos no subitem 11.01 da lista anexa;<\/span><\/p>\n<p class=\"MsoNormal\" style=\"mso-margin-top-alt: auto; mso-margin-bottom-alt: auto; text-indent: 26.25pt; line-height: normal;\"><s><span style=\"font-size: 10.0pt; font-family: 'Arial','sans-serif'; mso-fareast-font-family: 'Times New Roman'; mso-fareast-language: PT-BR;\">XVI \u2013 dos bens ou do domic\u00edlio das pessoas vigiados, segurados ou monitorados, no caso dos servi\u00e7os descritos no subitem 11.02 da lista anexa;<\/span><\/s><\/p>\n<p class=\"MsoNormal\" style=\"mso-margin-top-alt: auto; mso-margin-bottom-alt: auto; text-indent: 26.25pt; line-height: normal;\"><a name=\"art3xvi\"><\/a><span style=\"font-size: 10pt; font-family: Arial, sans-serif;\">XVI &#8211; dos bens, dos semoventes ou do domic\u00edlio das pessoas vigiados, segurados ou monitorados, no caso dos servi\u00e7os descritos no subitem 11.02 da lista anexa;\u00a0<\/span><a href=\"http:\/\/www.planalto.gov.br\/ccivil_03\/leis\/LCP\/Lcp157.htm#art1\"><span style=\"font-size: 10.0pt; font-family: 'Arial','sans-serif'; mso-fareast-font-family: 'Times New Roman'; color: blue; mso-fareast-language: PT-BR;\">(Reda\u00e7\u00e3o dada pela Lei Complementar n\u00ba 157, de 2016)<\/span><\/a><\/p>\n<p class=\"MsoNormal\" style=\"mso-margin-top-alt: auto; mso-margin-bottom-alt: auto; text-indent: 26.25pt; line-height: normal;\"><span style=\"font-size: 10.0pt; font-family: 'Arial','sans-serif'; mso-fareast-font-family: 'Times New Roman'; mso-fareast-language: PT-BR;\">XVII \u2013 do armazenamento, dep\u00f3sito, carga, descarga, arruma\u00e7\u00e3o e guarda do bem, no caso dos servi\u00e7os descritos no subitem 11.04 da lista anexa;<\/span><\/p>\n<p class=\"MsoNormal\" style=\"mso-margin-top-alt: auto; mso-margin-bottom-alt: auto; text-indent: 26.25pt; line-height: normal;\"><span style=\"font-size: 10.0pt; font-family: 'Arial','sans-serif'; mso-fareast-font-family: 'Times New Roman'; mso-fareast-language: PT-BR;\">XVIII \u2013 da execu\u00e7\u00e3o dos servi\u00e7os de divers\u00e3o, lazer, entretenimento e cong\u00eaneres, no caso dos servi\u00e7os descritos nos subitens do item 12, exceto o 12.13, da lista anexa;<\/span><\/p>\n<p class=\"MsoNormal\" style=\"mso-margin-top-alt: auto; mso-margin-bottom-alt: auto; text-indent: 26.25pt; line-height: normal;\"><s><span style=\"font-size: 10.0pt; font-family: 'Arial','sans-serif'; mso-fareast-font-family: 'Times New Roman'; mso-fareast-language: PT-BR;\">XIX \u2013 do Munic\u00edpio onde est\u00e1 sendo executado o transporte, no caso dos servi\u00e7os descritos pelo subitem 16.01 da lista anexa;<\/span><\/s><\/p>\n<p class=\"MsoNormal\" style=\"mso-margin-top-alt: auto; mso-margin-bottom-alt: auto; text-indent: 26.25pt; line-height: normal;\"><a name=\"art3xix\"><\/a><span style=\"font-size: 10pt; font-family: Arial, sans-serif;\">XIX &#8211; do Munic\u00edpio onde est\u00e1 sendo executado o transporte, no caso dos servi\u00e7os descritos pelo item 16 da lista anexa;\u00a0<\/span><a href=\"http:\/\/www.planalto.gov.br\/ccivil_03\/leis\/LCP\/Lcp157.htm#art1\"><span style=\"font-size: 10.0pt; font-family: 'Arial','sans-serif'; mso-fareast-font-family: 'Times New Roman'; color: blue; mso-fareast-language: PT-BR;\">(Reda\u00e7\u00e3o dada pela Lei Complementar n\u00ba 157, de 2016)<\/span><\/a><\/p>\n<p class=\"MsoNormal\" style=\"mso-margin-top-alt: auto; mso-margin-bottom-alt: auto; text-indent: 26.25pt; line-height: normal;\"><span style=\"font-size: 10.0pt; font-family: 'Arial','sans-serif'; mso-fareast-font-family: 'Times New Roman'; mso-fareast-language: PT-BR;\">XX \u2013 do estabelecimento do tomador da m\u00e3o-de-obra ou, na falta de estabelecimento, onde ele estiver domiciliado, no caso dos servi\u00e7os descritos pelo subitem 17.05 da lista anexa;<\/span><\/p>\n<p class=\"MsoNormal\" style=\"mso-margin-top-alt: auto; mso-margin-bottom-alt: auto; text-indent: 26.25pt; line-height: normal;\"><span style=\"font-size: 10.0pt; font-family: 'Arial','sans-serif'; mso-fareast-font-family: 'Times New Roman'; mso-fareast-language: PT-BR;\">XXI \u2013 da feira, exposi\u00e7\u00e3o, congresso ou cong\u00eanere a que se referir o planejamento, organiza\u00e7\u00e3o e administra\u00e7\u00e3o, no caso dos servi\u00e7os descritos pelo subitem 17.10 da lista anexa;<\/span><\/p>\n<p class=\"MsoNormal\" style=\"mso-margin-top-alt: auto; mso-margin-bottom-alt: auto; text-indent: 26.25pt; line-height: normal;\"><span style=\"font-size: 10.0pt; font-family: 'Arial','sans-serif'; mso-fareast-font-family: 'Times New Roman'; mso-fareast-language: PT-BR;\">XXII \u2013 do porto, aeroporto, ferroporto, terminal rodovi\u00e1rio, ferrovi\u00e1rio ou metrovi\u00e1rio, no caso dos servi\u00e7os descritos pelo item 20 da lista anexa.<\/span><\/p>\n<p class=\"MsoNormal\" style=\"mso-margin-top-alt: auto; mso-margin-bottom-alt: auto; text-indent: 26.25pt; line-height: normal;\"><a name=\"art3xxiii\"><\/a><span style=\"font-size: 10pt; font-family: Arial, sans-serif;\">XXIII &#8211;\u00a0do domic\u00edlio do tomador dos servi\u00e7os dos subitens 4.22, 4.23 e 5.09;\u00a0\u00a0\u00a0<\/span><a href=\"http:\/\/www.planalto.gov.br\/ccivil_03\/leis\/LCP\/Lcp157.htm#art1\"><span style=\"font-size: 10.0pt; font-family: 'Arial','sans-serif'; mso-fareast-font-family: 'Times New Roman'; color: blue; mso-fareast-language: PT-BR;\">(Inclu\u00eddo pela Lei Complementar n\u00ba 157, de 2016)<\/span><\/a><\/p>\n<p class=\"MsoNormal\" style=\"mso-margin-top-alt: auto; mso-margin-bottom-alt: auto; text-align: justify; text-indent: 26.25pt; line-height: normal; vertical-align: baseline;\"><span style=\"font-size: 10pt; font-family: Arial, sans-serif;\">XXIV &#8211; do domic\u00edlio do tomador do servi\u00e7o no caso dos servi\u00e7os prestados pelas administradoras de cart\u00e3o de cr\u00e9dito ou d\u00e9bito e demais descritos no subitem 15.01;<b>\u00a0<\/b>\u00a0<\/span><a href=\"http:\/\/www.planalto.gov.br\/ccivil_03\/leis\/LCP\/Lcp157.htm#art1\"><span style=\"font-size: 10.0pt; font-family: 'Arial','sans-serif'; mso-fareast-font-family: 'Times New Roman'; color: blue; mso-fareast-language: PT-BR;\">(Inclu\u00eddo pela Lei Complementar n\u00ba 157, de 2016)<\/span><\/a><\/p>\n<p class=\"MsoNormal\" style=\"mso-margin-top-alt: auto; mso-margin-bottom-alt: auto; text-align: justify; text-indent: 26.25pt; line-height: normal; vertical-align: baseline;\"><span style=\"font-size: 10pt; font-family: Arial, sans-serif;\">XXV &#8211; do domic\u00edlio do tomador dos servi\u00e7os dos subitens 10.04 e 15.09.\u00a0<\/span><a href=\"http:\/\/www.planalto.gov.br\/ccivil_03\/leis\/LCP\/Lcp157.htm#art1\"><span style=\"font-size: 10.0pt; font-family: 'Arial','sans-serif'; mso-fareast-font-family: 'Times New Roman'; color: blue; mso-fareast-language: PT-BR;\">(Inclu\u00eddo pela Lei Complementar n\u00ba 157, de 2016)<\/span><\/a><\/p>\n<p class=\"MsoNormal\" style=\"mso-margin-top-alt: auto; mso-margin-bottom-alt: auto; text-indent: 26.25pt; line-height: normal;\"><span style=\"font-size: 10.0pt; font-family: 'Arial','sans-serif'; mso-fareast-font-family: 'Times New Roman'; mso-fareast-language: PT-BR;\">\u00a7 1<span style=\"text-decoration: underline;\"><sup>o<\/sup><\/span>\u00a0No caso dos servi\u00e7os a que se refere o subitem 3.04 da lista anexa, considera-se ocorrido o fato gerador e devido o imposto em cada Munic\u00edpio em cujo territ\u00f3rio haja extens\u00e3o de ferrovia, rodovia, postes, cabos, dutos e condutos de qualquer natureza, objetos de loca\u00e7\u00e3o, subloca\u00e7\u00e3o, arrendamento, direito de passagem ou permiss\u00e3o de uso, compartilhado ou n\u00e3o.<\/span><\/p>\n<p class=\"MsoNormal\" style=\"mso-margin-top-alt: auto; mso-margin-bottom-alt: auto; text-indent: 26.25pt; line-height: normal;\"><span style=\"font-size: 10.0pt; font-family: 'Arial','sans-serif'; mso-fareast-font-family: 'Times New Roman'; mso-fareast-language: PT-BR;\">\u00a7 2<span style=\"text-decoration: underline;\"><sup>o<\/sup><\/span>\u00a0No caso dos servi\u00e7os a que se refere o subitem 22.01 da lista anexa, considera-se ocorrido o fato gerador e devido o imposto em cada Munic\u00edpio em cujo territ\u00f3rio haja extens\u00e3o de rodovia explorada.<\/span><\/p>\n<p class=\"MsoNormal\" style=\"mso-margin-top-alt: auto; mso-margin-bottom-alt: auto; text-indent: 26.25pt; line-height: normal;\"><span style=\"font-size: 10.0pt; font-family: 'Arial','sans-serif'; mso-fareast-font-family: 'Times New Roman'; mso-fareast-language: PT-BR;\">\u00a7 3<span style=\"text-decoration: underline;\"><sup>o<\/sup><\/span>\u00a0Considera-se ocorrido o fato gerador do imposto no local do estabelecimento prestador nos servi\u00e7os executados em \u00e1guas mar\u00edtimas, excetuados os servi\u00e7os descritos no subitem 20.01.<\/span><\/p>\n<p class=\"MsoNormal\" style=\"mso-margin-top-alt: auto; mso-margin-bottom-alt: auto; text-indent: 26.25pt; line-height: normal;\"><a name=\"art3\u00a74\"><\/a><span style=\"font-size: 10pt; font-family: Arial, sans-serif;\">\u00a7 4<span style=\"text-decoration: underline;\"><sup>o<\/sup><\/span>\u00a0\u00a7 4<span style=\"text-decoration: underline;\"><sup>o<\/sup><\/span>\u00a0Na hip\u00f3tese de descumprimento do disposto no\u00a0<b>caput<\/b><i>\u00a0<\/i>ou no \u00a7 1<span style=\"text-decoration: underline;\"><sup>o<\/sup><\/span>, ambos do art. 8<span style=\"text-decoration: underline;\"><sup>o<\/sup><\/span>-A desta Lei Complementar, o imposto ser\u00e1 devido no local do estabelecimento do tomador ou intermedi\u00e1rio do servi\u00e7o ou, na falta de estabelecimento, onde ele estiver domiciliado.\u00a0\u00a0\u00a0\u00a0<\/span><a href=\"http:\/\/www.planalto.gov.br\/ccivil_03\/leis\/LCP\/Lcp157.htm#art1\"><span style=\"font-size: 10.0pt; font-family: 'Arial','sans-serif'; mso-fareast-font-family: 'Times New Roman'; color: blue; mso-fareast-language: PT-BR;\">(Inclu\u00eddo pela Lei Complementar n\u00ba 157, de 2016)<\/span><\/a><\/p>\n<p class=\"MsoNormal\" style=\"mso-margin-top-alt: auto; mso-margin-bottom-alt: auto; text-indent: 26.25pt; line-height: normal;\"><a name=\"art4\"><\/a><span style=\"font-size: 10.0pt; font-family: 'Arial','sans-serif'; mso-fareast-font-family: 'Times New Roman'; mso-fareast-language: PT-BR;\">Art. 4<span style=\"text-decoration: underline;\"><sup>o<\/sup><\/span>\u00a0Considera-se estabelecimento prestador o local onde o contribuinte desenvolva a atividade de prestar servi\u00e7os, de modo permanente ou tempor\u00e1rio, e que configure unidade econ\u00f4mica ou profissional, sendo irrelevantes para caracteriz\u00e1-lo as denomina\u00e7\u00f5es de sede, filial, ag\u00eancia, posto de atendimento, sucursal, escrit\u00f3rio de representa\u00e7\u00e3o ou contato ou quaisquer outras que venham a ser utilizadas.<\/span><\/p>\n<p class=\"MsoNormal\" style=\"mso-margin-top-alt: auto; mso-margin-bottom-alt: auto; text-indent: 26.25pt; line-height: normal;\"><a name=\"art5\"><\/a><span style=\"font-size: 10.0pt; font-family: 'Arial','sans-serif'; mso-fareast-font-family: 'Times New Roman'; mso-fareast-language: PT-BR;\">Art. 5<span style=\"text-decoration: underline;\"><sup>o<\/sup><\/span>\u00a0Contribuinte \u00e9 o prestador do servi\u00e7o.<\/span><\/p>\n<p class=\"MsoNormal\" style=\"mso-margin-top-alt: auto; mso-margin-bottom-alt: auto; text-indent: 26.25pt; line-height: normal;\"><a name=\"art6\"><\/a><span style=\"font-size: 10.0pt; font-family: 'Arial','sans-serif'; mso-fareast-font-family: 'Times New Roman'; mso-fareast-language: PT-BR;\">Art. 6<span style=\"text-decoration: underline;\"><sup>o<\/sup><\/span>\u00a0Os Munic\u00edpios e o Distrito Federal, mediante lei, poder\u00e3o atribuir de modo expresso a responsabilidade pelo cr\u00e9dito tribut\u00e1rio a terceira pessoa, vinculada ao fato gerador da respectiva obriga\u00e7\u00e3o, excluindo a responsabilidade do contribuinte ou atribuindo-a a este em car\u00e1ter supletivo do cumprimento total ou parcial da referida obriga\u00e7\u00e3o, inclusive no que se refere \u00e0 multa e aos acr\u00e9scimos legais.<\/span><\/p>\n<p class=\"MsoNormal\" style=\"mso-margin-top-alt: auto; mso-margin-bottom-alt: auto; text-indent: 26.25pt; line-height: normal;\"><span style=\"font-size: 10.0pt; font-family: 'Arial','sans-serif'; mso-fareast-font-family: 'Times New Roman'; mso-fareast-language: PT-BR;\">\u00a7 1<span style=\"text-decoration: underline;\"><sup>o<\/sup><\/span>\u00a0Os respons\u00e1veis a que se refere este artigo est\u00e3o obrigados ao recolhimento integral do imposto devido, multa e acr\u00e9scimos legais, independentemente de ter sido efetuada sua reten\u00e7\u00e3o na fonte.<\/span><\/p>\n<p class=\"MsoNormal\" style=\"mso-margin-top-alt: auto; mso-margin-bottom-alt: auto; text-indent: 26.25pt; line-height: normal;\"><a name=\"art6\u00a72\"><\/a><span style=\"font-size: 10.0pt; font-family: 'Arial','sans-serif'; mso-fareast-font-family: 'Times New Roman'; mso-fareast-language: PT-BR;\">\u00a7 2<span style=\"text-decoration: underline;\"><sup>o<\/sup><\/span>\u00a0Sem preju\u00edzo do disposto no\u00a0<b>caput<\/b>\u00a0e no \u00a7 1<span style=\"text-decoration: underline;\"><sup>o<\/sup><\/span>\u00a0deste artigo, s\u00e3o respons\u00e1veis:\u00a0<\/span><a href=\"http:\/\/www.planalto.gov.br\/ccivil_03\/leis\/LCP\/Lcp123.htm\"><span style=\"font-size: 10.0pt; font-family: 'Arial','sans-serif'; mso-fareast-font-family: 'Times New Roman'; color: blue; mso-fareast-language: PT-BR;\">(Vide Lei Complementar n\u00ba 123, de 2006).<\/span><\/a><\/p>\n<p class=\"MsoNormal\" style=\"mso-margin-top-alt: auto; mso-margin-bottom-alt: auto; text-indent: 26.25pt; line-height: normal;\"><span style=\"font-size: 10.0pt; font-family: 'Arial','sans-serif'; mso-fareast-font-family: 'Times New Roman'; mso-fareast-language: PT-BR;\">I \u2013 o tomador ou intermedi\u00e1rio de servi\u00e7o proveniente do exterior do Pa\u00eds ou cuja presta\u00e7\u00e3o se tenha iniciado no exterior do Pa\u00eds;<\/span><\/p>\n<p class=\"MsoNormal\" style=\"mso-margin-top-alt: auto; mso-margin-bottom-alt: auto; text-indent: 26.25pt; line-height: normal;\"><span style=\"font-size: 10.0pt; font-family: 'Arial','sans-serif'; mso-fareast-font-family: 'Times New Roman'; mso-fareast-language: PT-BR;\">II \u2013 a pessoa jur\u00eddica, ainda que imune ou isenta, tomadora ou intermedi\u00e1ria dos servi\u00e7os descritos nos subitens 3.05, 7.02, 7.04, 7.05, 7.09, 7.10, 7.12, 7.14, 7.15, 7.16, 7.17, 7.19, 11.02, 17.05 e 17.10 da lista anexa.<\/span><\/p>\n<p class=\"MsoNormal\" style=\"mso-margin-top-alt: auto; mso-margin-bottom-alt: auto; text-align: justify; text-indent: 26.25pt; line-height: normal; vertical-align: baseline;\"><a name=\"art6\u00a72iii\"><\/a><span style=\"font-size: 10pt; font-family: Arial, sans-serif;\">III &#8211;\u00a0a pessoa jur\u00eddica tomadora ou intermedi\u00e1ria de servi\u00e7os, ainda que imune ou isenta, na hip\u00f3tese prevista no \u00a7 4<span style=\"text-decoration: underline;\"><sup>o<\/sup><\/span>\u00a0do art. 3<span style=\"text-decoration: underline;\"><sup>o<\/sup><\/span>\u00a0desta Lei Complementar.\u00a0\u00a0\u00a0<\/span><a href=\"http:\/\/www.planalto.gov.br\/ccivil_03\/leis\/LCP\/Lcp157.htm#art1\"><span style=\"font-size: 10.0pt; font-family: 'Arial','sans-serif'; mso-fareast-font-family: 'Times New Roman'; color: blue; mso-fareast-language: PT-BR;\">(Inclu\u00eddo pela Lei Complementar n\u00ba 157, de 2016)<\/span><\/a><\/p>\n<p class=\"MsoNormal\" style=\"mso-margin-top-alt: auto; mso-margin-bottom-alt: auto; text-align: justify; text-indent: 26.25pt; line-height: normal; vertical-align: baseline;\"><span style=\"font-size: 10pt; font-family: Arial, sans-serif;\">\u00a7 3<span style=\"text-decoration: underline;\"><sup>o<\/sup><\/span>\u00a0 No caso dos servi\u00e7os descritos nos subitens 10.04 e 15.09, o valor do imposto \u00e9 devido ao Munic\u00edpio declarado como domic\u00edlio tribut\u00e1rio da pessoa jur\u00eddica ou f\u00edsica tomadora do servi\u00e7o, conforme informa\u00e7\u00e3o prestada por este.\u00a0\u00a0\u00a0<\/span><a href=\"http:\/\/www.planalto.gov.br\/ccivil_03\/leis\/LCP\/Lcp157.htm#art1\"><span style=\"font-size: 10.0pt; font-family: 'Arial','sans-serif'; mso-fareast-font-family: 'Times New Roman'; color: blue; mso-fareast-language: PT-BR;\">(Inclu\u00eddo pela Lei Complementar n\u00ba 157, de 2016)<\/span><\/a><\/p>\n<p class=\"MsoNormal\" style=\"mso-margin-top-alt: auto; mso-margin-bottom-alt: auto; text-align: justify; text-indent: 26.25pt; line-height: normal; vertical-align: baseline;\"><span style=\"font-size: 10pt; font-family: Arial, sans-serif;\">\u00a7 4<span style=\"text-decoration: underline;\"><sup>o<\/sup><\/span>\u00a0 No caso dos servi\u00e7os prestados pelas administradoras de cart\u00e3o de cr\u00e9dito e d\u00e9bito, descritos no subitem 15.01, os terminais eletr\u00f4nicos ou as m\u00e1quinas das opera\u00e7\u00f5es efetivadas dever\u00e3o ser registrados no local do domic\u00edlio do tomador do servi\u00e7o.\u00a0\u00a0<\/span><a href=\"http:\/\/www.planalto.gov.br\/ccivil_03\/leis\/LCP\/Lcp157.htm#art1\"><span style=\"font-size: 10.0pt; font-family: 'Arial','sans-serif'; mso-fareast-font-family: 'Times New Roman'; color: blue; mso-fareast-language: PT-BR;\">(Inclu\u00eddo pela Lei Complementar n\u00ba 157, de 2016)<\/span><\/a><\/p>\n<p class=\"MsoNormal\" style=\"mso-margin-top-alt: auto; mso-margin-bottom-alt: auto; text-indent: 26.25pt; line-height: normal;\"><a name=\"art7\"><\/a><span style=\"font-size: 10.0pt; font-family: 'Arial','sans-serif'; mso-fareast-font-family: 'Times New Roman'; mso-fareast-language: PT-BR;\">Art. 7<span style=\"text-decoration: underline;\"><sup>o<\/sup><\/span>\u00a0A base de c\u00e1lculo do imposto \u00e9 o pre\u00e7o do servi\u00e7o.<\/span><\/p>\n<p class=\"MsoNormal\" style=\"mso-margin-top-alt: auto; mso-margin-bottom-alt: auto; text-indent: 26.25pt; line-height: normal;\"><span style=\"font-size: 10.0pt; font-family: 'Arial','sans-serif'; mso-fareast-font-family: 'Times New Roman'; mso-fareast-language: PT-BR;\">\u00a7 1<span style=\"text-decoration: underline;\"><sup>o<\/sup><\/span>\u00a0Quando os servi\u00e7os descritos pelo subitem 3.04 da lista anexa forem prestados no territ\u00f3rio de mais de um Munic\u00edpio, a base de c\u00e1lculo ser\u00e1 proporcional, conforme o caso, \u00e0 extens\u00e3o da ferrovia, rodovia, dutos e condutos de qualquer natureza, cabos de qualquer natureza, ou ao n\u00famero de postes, existentes em cada Munic\u00edpio.<\/span><\/p>\n<p class=\"MsoNormal\" style=\"mso-margin-top-alt: auto; mso-margin-bottom-alt: auto; text-indent: 26.25pt; line-height: normal;\"><span style=\"font-size: 10.0pt; font-family: 'Arial','sans-serif'; mso-fareast-font-family: 'Times New Roman'; mso-fareast-language: PT-BR;\">\u00a7 2<span style=\"text-decoration: underline;\"><sup>o<\/sup><\/span>\u00a0N\u00e3o se incluem na base de c\u00e1lculo do Imposto Sobre Servi\u00e7os de Qualquer Natureza:<\/span><\/p>\n<p class=\"MsoNormal\" style=\"mso-margin-top-alt: auto; mso-margin-bottom-alt: auto; text-indent: 26.25pt; line-height: normal;\"><span style=\"font-size: 10.0pt; font-family: 'Arial','sans-serif'; mso-fareast-font-family: 'Times New Roman'; mso-fareast-language: PT-BR;\">I &#8211; o valor dos materiais fornecidos pelo prestador dos servi\u00e7os previstos nos itens 7.02 e 7.05 da lista de servi\u00e7os anexa a esta Lei Complementar;<\/span><\/p>\n<p class=\"MsoNormal\" style=\"mso-margin-top-alt: auto; mso-margin-bottom-alt: auto; text-indent: 26.25pt; line-height: normal;\"><span style=\"font-size: 10.0pt; font-family: 'Arial','sans-serif'; mso-fareast-font-family: 'Times New Roman'; mso-fareast-language: PT-BR;\">II &#8211;\u00a0\u00a0\u00a0(VETADO)<\/span><\/p>\n<p class=\"MsoNormal\" style=\"mso-margin-top-alt: auto; mso-margin-bottom-alt: auto; text-indent: 26.25pt; line-height: normal;\"><span style=\"font-size: 10.0pt; font-family: 'Arial','sans-serif'; mso-fareast-font-family: 'Times New Roman'; mso-fareast-language: PT-BR;\">\u00a7 3<span style=\"text-decoration: underline;\"><sup>o<\/sup><\/span>\u00a0\u00a0\u00a0(VETADO)<\/span><\/p>\n<p class=\"MsoNormal\" style=\"mso-margin-top-alt: auto; mso-margin-bottom-alt: auto; text-indent: 26.25pt; line-height: normal;\"><a name=\"art8\"><\/a><span style=\"font-size: 10.0pt; font-family: 'Arial','sans-serif'; mso-fareast-font-family: 'Times New Roman'; mso-fareast-language: PT-BR;\">Art. 8<span style=\"text-decoration: underline;\"><sup>o<\/sup><\/span>\u00a0As al\u00edquotas m\u00e1ximas do Imposto Sobre Servi\u00e7os de Qualquer Natureza s\u00e3o as seguintes:<\/span><\/p>\n<p class=\"MsoNormal\" style=\"mso-margin-top-alt: auto; mso-margin-bottom-alt: auto; text-indent: 26.25pt; line-height: normal;\"><span style=\"font-size: 10.0pt; font-family: 'Arial','sans-serif'; mso-fareast-font-family: 'Times New Roman'; mso-fareast-language: PT-BR;\">I \u2013\u00a0\u00a0\u00a0(VETADO)<\/span><\/p>\n<p class=\"MsoNormal\" style=\"mso-margin-top-alt: auto; mso-margin-bottom-alt: auto; text-indent: 26.25pt; line-height: normal;\"><span style=\"font-size: 10.0pt; font-family: 'Arial','sans-serif'; mso-fareast-font-family: 'Times New Roman'; mso-fareast-language: PT-BR;\">II \u2013 demais servi\u00e7os, 5% (cinco por cento).<\/span><\/p>\n<p class=\"MsoNormal\" style=\"mso-margin-top-alt: auto; mso-margin-bottom-alt: auto; text-align: justify; text-indent: 26.25pt; line-height: normal; vertical-align: baseline;\"><a name=\"art8a\"><\/a><span style=\"font-size: 10pt; font-family: Arial, sans-serif;\">Art. 8<span style=\"text-decoration: underline;\"><sup>o<\/sup><\/span>-A. \u00a0A al\u00edquota m\u00ednima do Imposto sobre Servi\u00e7os de Qualquer Natureza \u00e9 de 2% (dois por cento).\u00a0\u00a0<\/span><a href=\"http:\/\/www.planalto.gov.br\/ccivil_03\/leis\/LCP\/Lcp157.htm#art2\"><span style=\"font-size: 10.0pt; font-family: 'Arial','sans-serif'; mso-fareast-font-family: 'Times New Roman'; color: blue; mso-fareast-language: PT-BR;\">(Inclu\u00eddo pela Lei Complementar n\u00ba 157, de 2016)<\/span><\/a><\/p>\n<p class=\"MsoNormal\" style=\"mso-margin-top-alt: auto; mso-margin-bottom-alt: auto; text-align: justify; text-indent: 26.25pt; line-height: normal; vertical-align: baseline;\"><span style=\"font-size: 10pt; font-family: Arial, sans-serif;\">\u00a7 1<span style=\"text-decoration: underline;\"><sup>o<\/sup><\/span>\u00a0\u00a0O imposto n\u00e3o ser\u00e1 objeto de concess\u00e3o de isen\u00e7\u00f5es, incentivos ou benef\u00edcios tribut\u00e1rios ou financeiros, inclusive de redu\u00e7\u00e3o de base de c\u00e1lculo ou de cr\u00e9dito presumido ou outorgado, ou sob qualquer outra forma que resulte, direta ou indiretamente, em carga tribut\u00e1ria menor que a decorrente da aplica\u00e7\u00e3o da al\u00edquota m\u00ednima estabelecida no\u00a0<b>caput<\/b>, exceto para os servi\u00e7os a que se referem os subitens 7.02, 7.05 e 16.01 da lista anexa a esta Lei Complementar.\u00a0\u00a0<\/span><a href=\"http:\/\/www.planalto.gov.br\/ccivil_03\/leis\/LCP\/Lcp157.htm#art2\"><span style=\"font-size: 10.0pt; font-family: 'Arial','sans-serif'; mso-fareast-font-family: 'Times New Roman'; color: blue; mso-fareast-language: PT-BR;\">(Inclu\u00eddo pela Lei Complementar n\u00ba 157, de 2016)<\/span><\/a><\/p>\n<p class=\"MsoNormal\" style=\"mso-margin-top-alt: auto; mso-margin-bottom-alt: auto; text-align: justify; text-indent: 26.25pt; line-height: normal; vertical-align: baseline;\"><span style=\"font-size: 10pt; font-family: Arial, sans-serif;\">\u00a7 2<span style=\"text-decoration: underline;\"><sup>o<\/sup><\/span>\u00a0\u00a0\u00c9 nula a lei ou o ato do Munic\u00edpio ou do Distrito Federal que n\u00e3o respeite as disposi\u00e7\u00f5es relativas \u00e0 al\u00edquota m\u00ednima previstas neste artigo no caso de servi\u00e7o prestado a tomador ou intermedi\u00e1rio localizado em Munic\u00edpio diverso daquele onde est\u00e1 localizado o prestador do servi\u00e7o.\u00a0\u00a0<\/span><a href=\"http:\/\/www.planalto.gov.br\/ccivil_03\/leis\/LCP\/Lcp157.htm#art2\"><span style=\"font-size: 10.0pt; font-family: 'Arial','sans-serif'; mso-fareast-font-family: 'Times New Roman'; color: blue; mso-fareast-language: PT-BR;\">(Inclu\u00eddo pela Lei Complementar n\u00ba 157, de 2016)<\/span><\/a><\/p>\n<p class=\"MsoNormal\" style=\"mso-margin-top-alt: auto; mso-margin-bottom-alt: auto; text-align: justify; text-indent: 26.25pt; line-height: normal; vertical-align: baseline;\"><span style=\"font-size: 10pt; font-family: Arial, sans-serif;\">\u00a7 3<span style=\"text-decoration: underline;\"><sup>o<\/sup><\/span>\u00a0\u00a0A nulidade a que se refere o \u00a7 2<span style=\"text-decoration: underline;\"><sup>o<\/sup><\/span>\u00a0deste artigo gera, para o prestador do servi\u00e7o, perante o Munic\u00edpio ou o Distrito Federal que n\u00e3o respeitar as disposi\u00e7\u00f5es deste artigo, o direito \u00e0 restitui\u00e7\u00e3o do valor efetivamente pago do Imposto sobre Servi\u00e7os de Qualquer Natureza calculado sob a \u00e9gide da lei nula.\u00a0\u00a0<\/span><a href=\"http:\/\/www.planalto.gov.br\/ccivil_03\/leis\/LCP\/Lcp157.htm#art2\"><span style=\"font-size: 10.0pt; font-family: 'Arial','sans-serif'; mso-fareast-font-family: 'Times New Roman'; color: blue; mso-fareast-language: PT-BR;\">(Inclu\u00eddo pela Lei Complementar n\u00ba 157, de 2016)<\/span><\/a><\/p>\n<p class=\"MsoNormal\" style=\"mso-margin-top-alt: auto; mso-margin-bottom-alt: auto; text-indent: 26.25pt; line-height: normal;\"><a name=\"art9\"><\/a><span style=\"font-size: 10.0pt; font-family: 'Arial','sans-serif'; mso-fareast-font-family: 'Times New Roman'; mso-fareast-language: PT-BR;\">Art. 9<span style=\"text-decoration: underline;\"><sup>o<\/sup><\/span>\u00a0Esta Lei Complementar entra em vigor na data de sua publica\u00e7\u00e3o.<\/span><\/p>\n<p class=\"MsoNormal\" style=\"mso-margin-top-alt: auto; mso-margin-bottom-alt: auto; text-indent: 26.25pt; line-height: normal;\"><a name=\"art10\"><\/a><span style=\"font-size: 10.0pt; font-family: 'Arial','sans-serif'; mso-fareast-font-family: 'Times New Roman'; mso-fareast-language: PT-BR;\">Art. 10. Ficam revogados os\u00a0<a href=\"http:\/\/www.planalto.gov.br\/ccivil_03\/Decreto-Lei\/Del0406.htm#art8\"><span style=\"color: blue;\">arts. 8<sup>o<\/sup><\/span><\/a>,\u00a0<\/span><a href=\"http:\/\/www.planalto.gov.br\/ccivil_03\/Decreto-Lei\/Del0406.htm#art10\"><span style=\"font-size: 10.0pt; font-family: 'Arial','sans-serif'; mso-fareast-font-family: 'Times New Roman'; color: blue; mso-fareast-language: PT-BR;\">10<\/span><\/a><span style=\"font-size: 10.0pt; font-family: 'Arial','sans-serif'; mso-fareast-font-family: 'Times New Roman'; mso-fareast-language: PT-BR;\">,\u00a0<\/span><a href=\"http:\/\/www.planalto.gov.br\/ccivil_03\/Decreto-Lei\/Del0406.htm#art11\"><span style=\"font-size: 10.0pt; font-family: 'Arial','sans-serif'; mso-fareast-font-family: 'Times New Roman'; color: blue; mso-fareast-language: PT-BR;\">11<\/span><\/a><span style=\"font-size: 10.0pt; font-family: 'Arial','sans-serif'; mso-fareast-font-family: 'Times New Roman'; mso-fareast-language: PT-BR;\">\u00a0e\u00a0<\/span><a href=\"http:\/\/www.planalto.gov.br\/ccivil_03\/Decreto-Lei\/Del0406.htm#art12\"><span style=\"font-size: 10.0pt; font-family: 'Arial','sans-serif'; mso-fareast-font-family: 'Times New Roman'; color: blue; mso-fareast-language: PT-BR;\">12 do Decreto-Lei n<sup>o<\/sup>\u00a0406, de 31 de dezembro de 1968<\/span><\/a><span style=\"font-size: 10.0pt; font-family: 'Arial','sans-serif'; mso-fareast-font-family: 'Times New Roman'; mso-fareast-language: PT-BR;\">; os\u00a0<\/span><a href=\"http:\/\/www.planalto.gov.br\/ccivil_03\/Decreto-Lei\/del0834.htm#art3iii\"><span style=\"font-size: 10.0pt; font-family: 'Arial','sans-serif'; mso-fareast-font-family: 'Times New Roman'; color: blue; mso-fareast-language: PT-BR;\">incisos III<\/span><\/a><span style=\"font-size: 10.0pt; font-family: 'Arial','sans-serif'; mso-fareast-font-family: 'Times New Roman'; mso-fareast-language: PT-BR;\">,\u00a0<\/span><a href=\"http:\/\/www.planalto.gov.br\/ccivil_03\/Decreto-Lei\/del0834.htm#art3iv\"><span style=\"font-size: 10.0pt; font-family: 'Arial','sans-serif'; mso-fareast-font-family: 'Times New Roman'; color: blue; mso-fareast-language: PT-BR;\">IV<\/span><\/a><span style=\"font-size: 10.0pt; font-family: 'Arial','sans-serif'; mso-fareast-font-family: 'Times New Roman'; mso-fareast-language: PT-BR;\">,\u00a0<\/span><a href=\"http:\/\/www.planalto.gov.br\/ccivil_03\/Decreto-Lei\/del0834.htm#art3v\"><span style=\"font-size: 10.0pt; font-family: 'Arial','sans-serif'; mso-fareast-font-family: 'Times New Roman'; color: blue; mso-fareast-language: PT-BR;\">V<\/span><\/a><span style=\"font-size: 10.0pt; font-family: 'Arial','sans-serif'; mso-fareast-font-family: 'Times New Roman'; mso-fareast-language: PT-BR;\">\u00a0e\u00a0<\/span><a href=\"http:\/\/www.planalto.gov.br\/ccivil_03\/Decreto-Lei\/del0834.htm#art3vii\"><span style=\"font-size: 10.0pt; font-family: 'Arial','sans-serif'; mso-fareast-font-family: 'Times New Roman'; color: blue; mso-fareast-language: PT-BR;\">VII do art. 3<sup>o<\/sup>\u00a0do Decreto-Lei n<sup>o<\/sup>\u00a0834, de 8 de setembro de 1969<\/span><\/a><span style=\"font-size: 10.0pt; font-family: 'Arial','sans-serif'; mso-fareast-font-family: 'Times New Roman'; mso-fareast-language: PT-BR;\">; a\u00a0<\/span><a href=\"http:\/\/www.planalto.gov.br\/ccivil_03\/leis\/LCP\/Lcp22.htm\"><span style=\"font-size: 10.0pt; font-family: 'Arial','sans-serif'; mso-fareast-font-family: 'Times New Roman'; color: blue; mso-fareast-language: PT-BR;\">Lei Complementar n<sup>o<\/sup>\u00a022, de 9 de dezembro de 1974<\/span><\/a><span style=\"font-size: 10.0pt; font-family: 'Arial','sans-serif'; mso-fareast-font-family: 'Times New Roman'; mso-fareast-language: PT-BR;\">; a\u00a0<\/span><a href=\"http:\/\/www.planalto.gov.br\/ccivil_03\/leis\/L7192.htm\"><span style=\"font-size: 10.0pt; font-family: 'Arial','sans-serif'; mso-fareast-font-family: 'Times New Roman'; color: blue; mso-fareast-language: PT-BR;\">Lei n<sup>o<\/sup>\u00a07.192, de 5 de junho de 1984<\/span><\/a><span style=\"font-size: 10.0pt; font-family: 'Arial','sans-serif'; mso-fareast-font-family: 'Times New Roman'; mso-fareast-language: PT-BR;\">; a\u00a0<\/span><a href=\"http:\/\/www.planalto.gov.br\/ccivil_03\/leis\/LCP\/Lcp56.htm\"><span style=\"font-size: 10.0pt; font-family: 'Arial','sans-serif'; mso-fareast-font-family: 'Times New Roman'; color: blue; mso-fareast-language: PT-BR;\">Lei Complementar n<sup>o<\/sup>\u00a056, de 15 de dezembro de 1987<\/span><\/a><span style=\"font-size: 10.0pt; font-family: 'Arial','sans-serif'; mso-fareast-font-family: 'Times New Roman'; mso-fareast-language: PT-BR;\">; e a\u00a0<\/span><a href=\"http:\/\/www.planalto.gov.br\/ccivil_03\/leis\/LCP\/Lcp100.htm\"><span style=\"font-size: 10.0pt; font-family: 'Arial','sans-serif'; mso-fareast-font-family: 'Times New Roman'; color: blue; mso-fareast-language: PT-BR;\">Lei Complementar n<sup>o<\/sup>\u00a0100, de 22 de dezembro de 1999.<\/span><\/a><\/p>\n<p class=\"MsoNormal\" style=\"mso-margin-top-alt: auto; mso-margin-bottom-alt: auto; text-indent: 26.25pt; line-height: normal;\"><span style=\"font-size: 10.0pt; font-family: 'Arial','sans-serif'; mso-fareast-font-family: 'Times New Roman'; mso-fareast-language: PT-BR;\">Bras\u00edlia, 31 de julho de 2003; 182<span style=\"text-decoration: underline;\"><sup>o<\/sup><\/span>\u00a0da Independ\u00eancia e 115<span style=\"text-decoration: underline;\"><sup>o<\/sup><\/span>\u00a0da Rep\u00fablica.<\/span><\/p>\n<p class=\"MsoNormal\" style=\"mso-margin-top-alt: auto; mso-margin-bottom-alt: auto; line-height: normal;\"><span style=\"font-size: 10.0pt; font-family: 'Arial','sans-serif'; mso-fareast-font-family: 'Times New Roman'; mso-fareast-language: PT-BR;\">LUIZ IN\u00c1CIO LULA DA SILVA<br \/>\n<i>Ant\u00f4nio Palocci Filho<\/i><\/span><\/p>\n<p class=\"MsoNormal\" style=\"mso-margin-top-alt: auto; mso-margin-bottom-alt: auto; line-height: normal;\"><span style=\"font-size: 10.0pt; font-family: 'Arial','sans-serif'; mso-fareast-font-family: 'Times New Roman'; color: red; mso-fareast-language: PT-BR;\">Este texto n\u00e3o substitui o publicado no DOU de 1\u00ba.8.2003<\/span><\/p>\n<p class=\"MsoNormal\" style=\"mso-margin-top-alt: auto; mso-margin-bottom-alt: auto; text-align: center; line-height: normal;\" align=\"center\"><b><span style=\"font-size: 12.0pt; font-family: 'Times New Roman','serif'; mso-fareast-font-family: 'Times New Roman'; mso-fareast-language: PT-BR;\">\u00a0<\/span><\/b><a name=\"anexo\"><\/a><b><span style=\"font-size: 10.0pt; font-family: 'Arial','sans-serif'; mso-fareast-font-family: 'Times New Roman'; mso-fareast-language: PT-BR;\">Lista de servi\u00e7os anexa \u00e0 Lei Complementar n\u00ba 116, de 31 de julho de 2003.<\/span><\/b><b><\/b><\/p>\n<p class=\"MsoNormal\" style=\"mso-margin-top-alt: auto; mso-margin-bottom-alt: auto; text-indent: 26.25pt; line-height: normal;\"><span style=\"font-size: 10.0pt; font-family: 'Arial','sans-serif'; mso-fareast-font-family: 'Times New Roman'; mso-fareast-language: PT-BR;\">1 \u2013 Servi\u00e7os de inform\u00e1tica e cong\u00eaneres.<\/span><\/p>\n<p class=\"MsoNormal\" style=\"mso-margin-top-alt: auto; mso-margin-bottom-alt: auto; text-indent: 26.25pt; line-height: normal;\"><span style=\"font-size: 10.0pt; font-family: 'Arial','sans-serif'; mso-fareast-font-family: 'Times New Roman'; mso-fareast-language: PT-BR;\">1.01 \u2013 An\u00e1lise e desenvolvimento de sistemas.<\/span><\/p>\n<p class=\"MsoNormal\" style=\"mso-margin-top-alt: auto; mso-margin-bottom-alt: auto; text-indent: 26.25pt; line-height: normal;\"><span style=\"font-size: 10.0pt; font-family: 'Arial','sans-serif'; mso-fareast-font-family: 'Times New Roman'; mso-fareast-language: PT-BR;\">1.02 \u2013 Programa\u00e7\u00e3o.<\/span><\/p>\n<p class=\"MsoNormal\" style=\"margin-bottom: .0001pt; text-indent: 26.25pt; line-height: normal;\"><s><span style=\"font-size: 10.0pt; font-family: 'Arial','sans-serif'; mso-fareast-font-family: 'Times New Roman'; mso-fareast-language: PT-BR;\">1.03 \u2013 Processamento de dados e cong\u00eaneres.<\/span><\/s><\/p>\n<p class=\"MsoNormal\" style=\"margin-bottom: .0001pt; text-indent: 26.25pt; line-height: normal;\"><s><span style=\"font-size: 10.0pt; font-family: 'Arial','sans-serif'; mso-fareast-font-family: 'Times New Roman'; mso-fareast-language: PT-BR;\">1.04 \u2013 Elabora\u00e7\u00e3o de programas de computadores, inclusive de jogos eletr\u00f4nicos.<\/span><\/s><\/p>\n<p class=\"MsoNormal\" style=\"mso-margin-top-alt: auto; mso-margin-bottom-alt: auto; text-align: justify; text-indent: 26.25pt; line-height: normal; vertical-align: baseline;\"><a name=\"lista1.03\"><\/a><span style=\"font-size: 10pt; font-family: Arial, sans-serif;\">1.03 &#8211; Processamento, armazenamento ou hospedagem de dados, textos, imagens, v\u00eddeos, p\u00e1ginas eletr\u00f4nicas, aplicativos e sistemas de informa\u00e7\u00e3o, entre outros formatos, e cong\u00eaneres.\u00a0<\/span><a href=\"http:\/\/www.planalto.gov.br\/ccivil_03\/leis\/LCP\/Lcp157.htm#art3\"><span style=\"font-size: 10.0pt; font-family: 'Arial','sans-serif'; mso-fareast-font-family: 'Times New Roman'; color: blue; mso-fareast-language: PT-BR;\">(Reda\u00e7\u00e3o dada pela Lei Complementar n\u00ba 157, de 2016)<\/span><\/a><\/p>\n<p class=\"MsoNormal\" style=\"mso-margin-top-alt: auto; mso-margin-bottom-alt: auto; text-align: justify; text-indent: 26.25pt; line-height: normal; vertical-align: baseline;\"><span style=\"font-size: 10pt; font-family: Arial, sans-serif;\">1.04 &#8211; Elabora\u00e7\u00e3o de programas de computadores, inclusive de jogos eletr\u00f4nicos, independentemente da arquitetura construtiva da m\u00e1quina em que o programa ser\u00e1 executado, incluindo\u00a0<b>tablets<\/b>,\u00a0<b>smartphones<\/b>\u00a0e cong\u00eaneres.\u00a0<\/span><a href=\"http:\/\/www.planalto.gov.br\/ccivil_03\/leis\/LCP\/Lcp157.htm#art3\"><span style=\"font-size: 10.0pt; font-family: 'Arial','sans-serif'; mso-fareast-font-family: 'Times New Roman'; color: blue; mso-fareast-language: PT-BR;\">(Reda\u00e7\u00e3o dada pela Lei Complementar n\u00ba 157, de 2016)<\/span><\/a><\/p>\n<p class=\"MsoNormal\" style=\"mso-margin-top-alt: auto; mso-margin-bottom-alt: auto; text-indent: 26.25pt; line-height: normal;\"><span style=\"font-size: 10.0pt; font-family: 'Arial','sans-serif'; mso-fareast-font-family: 'Times New Roman'; mso-fareast-language: PT-BR;\">1.05 \u2013 Licenciamento ou cess\u00e3o de direito de uso de programas de computa\u00e7\u00e3o.<\/span><\/p>\n<p class=\"MsoNormal\" style=\"mso-margin-top-alt: auto; mso-margin-bottom-alt: auto; text-indent: 26.25pt; line-height: normal;\"><span style=\"font-size: 10.0pt; font-family: 'Arial','sans-serif'; mso-fareast-font-family: 'Times New Roman'; mso-fareast-language: PT-BR;\">1.06 \u2013 Assessoria e consultoria em inform\u00e1tica.<\/span><\/p>\n<p class=\"MsoNormal\" style=\"mso-margin-top-alt: auto; mso-margin-bottom-alt: auto; text-indent: 26.25pt; line-height: normal;\"><span style=\"font-size: 10.0pt; font-family: 'Arial','sans-serif'; mso-fareast-font-family: 'Times New Roman'; mso-fareast-language: PT-BR;\">1.07 \u2013 Suporte t\u00e9cnico em inform\u00e1tica, inclusive instala\u00e7\u00e3o, configura\u00e7\u00e3o e manuten\u00e7\u00e3o de programas de computa\u00e7\u00e3o e bancos de dados.<\/span><\/p>\n<p class=\"MsoNormal\" style=\"mso-margin-top-alt: auto; mso-margin-bottom-alt: auto; text-indent: 26.25pt; line-height: normal;\"><span style=\"font-size: 10.0pt; font-family: 'Arial','sans-serif'; mso-fareast-font-family: 'Times New Roman'; mso-fareast-language: PT-BR;\">1.08 \u2013 Planejamento, confec\u00e7\u00e3o, manuten\u00e7\u00e3o e atualiza\u00e7\u00e3o de p\u00e1ginas eletr\u00f4nicas.<\/span><\/p>\n<p class=\"MsoNormal\" style=\"mso-margin-top-alt: auto; mso-margin-bottom-alt: auto; text-indent: 26.25pt; line-height: normal;\"><a name=\"lista1.09\"><\/a><span style=\"font-size: 10pt; font-family: Arial, sans-serif;\">1.09 &#8211; Disponibiliza\u00e7\u00e3o, sem cess\u00e3o definitiva, de conte\u00fados de \u00e1udio, v\u00eddeo, imagem e texto por meio da internet, respeitada a imunidade de livros, jornais e peri\u00f3dicos (exceto a distribui\u00e7\u00e3o de conte\u00fados pelas prestadoras de Servi\u00e7o de Acesso Condicionado, de que trata a\u00a0<\/span><a href=\"http:\/\/www.planalto.gov.br\/ccivil_03\/_Ato2011-2014\/2011\/Lei\/L12485.htm\"><span style=\"font-size: 10.0pt; font-family: 'Arial','sans-serif'; mso-fareast-font-family: 'Times New Roman'; color: blue; mso-fareast-language: PT-BR;\">Lei n<sup>o<\/sup>\u00a012.485, de 12 de setembro de 2011<\/span><\/a><span style=\"font-size: 10pt; font-family: Arial, sans-serif;\">, sujeita ao ICMS).\u00a0\u00a0<\/span><a href=\"http:\/\/www.planalto.gov.br\/ccivil_03\/leis\/LCP\/Lcp157.htm#art3\"><span style=\"font-size: 10.0pt; font-family: 'Arial','sans-serif'; mso-fareast-font-family: 'Times New Roman'; color: blue; mso-fareast-language: PT-BR;\">(Inclu\u00eddo pela Lei Complementar n\u00ba 157, de 2016)<\/span><\/a><\/p>\n<p class=\"MsoNormal\" style=\"mso-margin-top-alt: auto; mso-margin-bottom-alt: auto; text-indent: 26.25pt; line-height: normal;\"><span style=\"font-size: 10.0pt; font-family: 'Arial','sans-serif'; mso-fareast-font-family: 'Times New Roman'; mso-fareast-language: PT-BR;\">2 \u2013 Servi\u00e7os de pesquisas e desenvolvimento de qualquer natureza.<\/span><\/p>\n<p class=\"MsoNormal\" style=\"mso-margin-top-alt: auto; mso-margin-bottom-alt: auto; text-indent: 26.25pt; line-height: normal;\"><span style=\"font-size: 10.0pt; font-family: 'Arial','sans-serif'; mso-fareast-font-family: 'Times New Roman'; mso-fareast-language: PT-BR;\">2.01 \u2013 Servi\u00e7os de pesquisas e desenvolvimento de qualquer natureza.<\/span><\/p>\n<p class=\"MsoNormal\" style=\"mso-margin-top-alt: auto; mso-margin-bottom-alt: auto; text-indent: 26.25pt; line-height: normal;\"><span style=\"font-size: 10.0pt; font-family: 'Arial','sans-serif'; mso-fareast-font-family: 'Times New Roman'; mso-fareast-language: PT-BR;\">3 \u2013 Servi\u00e7os prestados mediante loca\u00e7\u00e3o, cess\u00e3o de direito de uso e cong\u00eaneres.<\/span><\/p>\n<p class=\"MsoNormal\" style=\"mso-margin-top-alt: auto; mso-margin-bottom-alt: auto; text-indent: 26.25pt; line-height: normal;\"><span style=\"font-size: 10.0pt; font-family: 'Arial','sans-serif'; mso-fareast-font-family: 'Times New Roman'; mso-fareast-language: PT-BR;\">3.01 \u2013\u00a0\u00a0\u00a0(VETADO)<\/span><\/p>\n<p class=\"MsoNormal\" style=\"mso-margin-top-alt: auto; mso-margin-bottom-alt: auto; text-indent: 26.25pt; line-height: normal;\"><span style=\"font-size: 10.0pt; font-family: 'Arial','sans-serif'; mso-fareast-font-family: 'Times New Roman'; mso-fareast-language: PT-BR;\">3.02 \u2013 Cess\u00e3o de direito de uso de marcas e de sinais de propaganda.<\/span><\/p>\n<p class=\"MsoNormal\" style=\"mso-margin-top-alt: auto; mso-margin-bottom-alt: auto; text-indent: 26.25pt; line-height: normal;\"><span style=\"font-size: 10.0pt; font-family: 'Arial','sans-serif'; mso-fareast-font-family: 'Times New Roman'; mso-fareast-language: PT-BR;\">3.03 \u2013 Explora\u00e7\u00e3o de sal\u00f5es de festas, centro de conven\u00e7\u00f5es, escrit\u00f3rios virtuais,\u00a0<b>stands<\/b><i>,\u00a0<\/i>quadras esportivas, est\u00e1dios, gin\u00e1sios, audit\u00f3rios, casas de espet\u00e1culos, parques de divers\u00f5es, canchas e cong\u00eaneres, para realiza\u00e7\u00e3o de eventos ou neg\u00f3cios de qualquer natureza.<\/span><\/p>\n<p class=\"MsoNormal\" style=\"mso-margin-top-alt: auto; mso-margin-bottom-alt: auto; text-indent: 26.25pt; line-height: normal;\"><span style=\"font-size: 10.0pt; font-family: 'Arial','sans-serif'; mso-fareast-font-family: 'Times New Roman'; mso-fareast-language: PT-BR;\">3.04 \u2013 Loca\u00e7\u00e3o, subloca\u00e7\u00e3o, arrendamento, direito de passagem ou permiss\u00e3o de uso, compartilhado ou n\u00e3o, de ferrovia, rodovia, postes, cabos, dutos e condutos de qualquer natureza.<\/span><\/p>\n<p class=\"MsoNormal\" style=\"mso-margin-top-alt: auto; mso-margin-bottom-alt: auto; text-indent: 26.25pt; line-height: normal;\"><span style=\"font-size: 10.0pt; font-family: 'Arial','sans-serif'; mso-fareast-font-family: 'Times New Roman'; mso-fareast-language: PT-BR;\">3.05 \u2013 Cess\u00e3o de andaimes, palcos, coberturas e outras estruturas de uso tempor\u00e1rio.<\/span><\/p>\n<p class=\"MsoNormal\" style=\"mso-margin-top-alt: auto; mso-margin-bottom-alt: auto; text-indent: 26.25pt; line-height: normal;\"><span style=\"font-size: 10.0pt; font-family: 'Arial','sans-serif'; mso-fareast-font-family: 'Times New Roman'; mso-fareast-language: PT-BR;\">4 \u2013 Servi\u00e7os de sa\u00fade, assist\u00eancia m\u00e9dica e cong\u00eaneres.<\/span><\/p>\n<p class=\"MsoNormal\" style=\"mso-margin-top-alt: auto; mso-margin-bottom-alt: auto; text-indent: 26.25pt; line-height: normal;\"><span style=\"font-size: 10.0pt; font-family: 'Arial','sans-serif'; mso-fareast-font-family: 'Times New Roman'; mso-fareast-language: PT-BR;\">4.01 \u2013 Medicina e biomedicina.<\/span><\/p>\n<p class=\"MsoNormal\" style=\"mso-margin-top-alt: auto; mso-margin-bottom-alt: auto; text-indent: 26.25pt; line-height: normal;\"><span style=\"font-size: 10.0pt; font-family: 'Arial','sans-serif'; mso-fareast-font-family: 'Times New Roman'; mso-fareast-language: PT-BR;\">4.02 \u2013 An\u00e1lises cl\u00ednicas, patologia, eletricidade m\u00e9dica, radioterapia, quimioterapia, ultra-sonografia, resson\u00e2ncia magn\u00e9tica, radiologia, tomografia e cong\u00eaneres.<\/span><\/p>\n<p class=\"MsoNormal\" style=\"mso-margin-top-alt: auto; mso-margin-bottom-alt: auto; text-indent: 26.25pt; line-height: normal;\"><span style=\"font-size: 10.0pt; font-family: 'Arial','sans-serif'; mso-fareast-font-family: 'Times New Roman'; mso-fareast-language: PT-BR;\">4.03 \u2013 Hospitais, cl\u00ednicas, laborat\u00f3rios, sanat\u00f3rios, manic\u00f4mios, casas de sa\u00fade, prontos-socorros, ambulat\u00f3rios e cong\u00eaneres.<\/span><\/p>\n<p class=\"MsoNormal\" style=\"mso-margin-top-alt: auto; mso-margin-bottom-alt: auto; text-indent: 26.25pt; line-height: normal;\"><span style=\"font-size: 10.0pt; font-family: 'Arial','sans-serif'; mso-fareast-font-family: 'Times New Roman'; mso-fareast-language: PT-BR;\">4.04 \u2013 Instrumenta\u00e7\u00e3o cir\u00fargica.<\/span><\/p>\n<p class=\"MsoNormal\" style=\"mso-margin-top-alt: auto; mso-margin-bottom-alt: auto; text-indent: 26.25pt; line-height: normal;\"><span style=\"font-size: 10.0pt; font-family: 'Arial','sans-serif'; mso-fareast-font-family: 'Times New Roman'; mso-fareast-language: PT-BR;\">4.05 \u2013 Acupuntura.<\/span><\/p>\n<p class=\"MsoNormal\" style=\"mso-margin-top-alt: auto; mso-margin-bottom-alt: auto; text-indent: 26.25pt; line-height: normal;\"><span style=\"font-size: 10.0pt; font-family: 'Arial','sans-serif'; mso-fareast-font-family: 'Times New Roman'; mso-fareast-language: PT-BR;\">4.06 \u2013 Enfermagem, inclusive servi\u00e7os auxiliares.<\/span><\/p>\n<p class=\"MsoNormal\" style=\"mso-margin-top-alt: auto; mso-margin-bottom-alt: auto; text-indent: 26.25pt; line-height: normal;\"><span style=\"font-size: 10.0pt; font-family: 'Arial','sans-serif'; mso-fareast-font-family: 'Times New Roman'; mso-fareast-language: PT-BR;\">4.07 \u2013 Servi\u00e7os farmac\u00eauticos.<\/span><\/p>\n<p class=\"MsoNormal\" style=\"mso-margin-top-alt: auto; mso-margin-bottom-alt: auto; text-indent: 26.25pt; line-height: normal;\"><span style=\"font-size: 10.0pt; font-family: 'Arial','sans-serif'; mso-fareast-font-family: 'Times New Roman'; mso-fareast-language: PT-BR;\">4.08 \u2013 Terapia ocupacional, fisioterapia e fonoaudiologia.<\/span><\/p>\n<p class=\"MsoNormal\" style=\"mso-margin-top-alt: auto; mso-margin-bottom-alt: auto; text-indent: 26.25pt; line-height: normal;\"><span style=\"font-size: 10.0pt; font-family: 'Arial','sans-serif'; mso-fareast-font-family: 'Times New Roman'; mso-fareast-language: PT-BR;\">4.09 \u2013 Terapias de qualquer esp\u00e9cie destinadas ao tratamento f\u00edsico, org\u00e2nico e mental.<\/span><\/p>\n<p class=\"MsoNormal\" style=\"mso-margin-top-alt: auto; mso-margin-bottom-alt: auto; text-indent: 26.25pt; line-height: normal;\"><span style=\"font-size: 10.0pt; font-family: 'Arial','sans-serif'; mso-fareast-font-family: 'Times New Roman'; mso-fareast-language: PT-BR;\">4.10 \u2013 Nutri\u00e7\u00e3o.<\/span><\/p>\n<p class=\"MsoNormal\" style=\"mso-margin-top-alt: auto; mso-margin-bottom-alt: auto; text-indent: 26.25pt; line-height: normal;\"><span style=\"font-size: 10.0pt; font-family: 'Arial','sans-serif'; mso-fareast-font-family: 'Times New Roman'; mso-fareast-language: PT-BR;\">4.11 \u2013 Obstetr\u00edcia.<\/span><\/p>\n<p class=\"MsoNormal\" style=\"mso-margin-top-alt: auto; mso-margin-bottom-alt: auto; text-indent: 26.25pt; line-height: normal;\"><span style=\"font-size: 10.0pt; font-family: 'Arial','sans-serif'; mso-fareast-font-family: 'Times New Roman'; mso-fareast-language: PT-BR;\">4.12 \u2013 Odontologia.<\/span><\/p>\n<p class=\"MsoNormal\" style=\"mso-margin-top-alt: auto; mso-margin-bottom-alt: auto; text-indent: 26.25pt; line-height: normal;\"><span style=\"font-size: 10.0pt; font-family: 'Arial','sans-serif'; mso-fareast-font-family: 'Times New Roman'; mso-fareast-language: PT-BR;\">4.13 \u2013 Ort\u00f3ptica.<\/span><\/p>\n<p class=\"MsoNormal\" style=\"mso-margin-top-alt: auto; mso-margin-bottom-alt: auto; text-indent: 26.25pt; line-height: normal;\"><span style=\"font-size: 10.0pt; font-family: 'Arial','sans-serif'; mso-fareast-font-family: 'Times New Roman'; mso-fareast-language: PT-BR;\">4.14 \u2013 Pr\u00f3teses sob encomenda.<\/span><\/p>\n<p class=\"MsoNormal\" style=\"mso-margin-top-alt: auto; mso-margin-bottom-alt: auto; text-indent: 26.25pt; line-height: normal;\"><span style=\"font-size: 10.0pt; font-family: 'Arial','sans-serif'; mso-fareast-font-family: 'Times New Roman'; mso-fareast-language: PT-BR;\">4.15 \u2013 Psican\u00e1lise.<\/span><\/p>\n<p class=\"MsoNormal\" style=\"mso-margin-top-alt: auto; mso-margin-bottom-alt: auto; text-indent: 26.25pt; line-height: normal;\"><span style=\"font-size: 10.0pt; font-family: 'Arial','sans-serif'; mso-fareast-font-family: 'Times New Roman'; mso-fareast-language: PT-BR;\">4.16 \u2013 Psicologia.<\/span><\/p>\n<p class=\"MsoNormal\" style=\"mso-margin-top-alt: auto; mso-margin-bottom-alt: auto; text-indent: 26.25pt; line-height: normal;\"><span style=\"font-size: 10.0pt; font-family: 'Arial','sans-serif'; mso-fareast-font-family: 'Times New Roman'; mso-fareast-language: PT-BR;\">4.17 \u2013 Casas de repouso e de recupera\u00e7\u00e3o, creches, asilos e cong\u00eaneres.<\/span><\/p>\n<p class=\"MsoNormal\" style=\"mso-margin-top-alt: auto; mso-margin-bottom-alt: auto; text-indent: 26.25pt; line-height: normal;\"><span style=\"font-size: 10.0pt; font-family: 'Arial','sans-serif'; mso-fareast-font-family: 'Times New Roman'; mso-fareast-language: PT-BR;\">4.18 \u2013 Insemina\u00e7\u00e3o artificial, fertiliza\u00e7\u00e3o\u00a0<b>in vitro<\/b><i>\u00a0<\/i>e cong\u00eaneres.<\/span><\/p>\n<p class=\"MsoNormal\" style=\"mso-margin-top-alt: auto; mso-margin-bottom-alt: auto; text-indent: 26.25pt; line-height: normal;\"><span style=\"font-size: 10.0pt; font-family: 'Arial','sans-serif'; mso-fareast-font-family: 'Times New Roman'; mso-fareast-language: PT-BR;\">4.19 \u2013 Bancos de sangue, leite, pele, olhos, \u00f3vulos, s\u00eamen e cong\u00eaneres.<\/span><\/p>\n<p class=\"MsoNormal\" style=\"mso-margin-top-alt: auto; mso-margin-bottom-alt: auto; text-indent: 26.25pt; line-height: normal;\"><span style=\"font-size: 10.0pt; font-family: 'Arial','sans-serif'; mso-fareast-font-family: 'Times New Roman'; mso-fareast-language: PT-BR;\">4.20 \u2013 Coleta de sangue, leite, tecidos, s\u00eamen, \u00f3rg\u00e3os e materiais biol\u00f3gicos de qualquer esp\u00e9cie.<\/span><\/p>\n<p class=\"MsoNormal\" style=\"mso-margin-top-alt: auto; mso-margin-bottom-alt: auto; text-indent: 26.25pt; line-height: normal;\"><span style=\"font-size: 10.0pt; font-family: 'Arial','sans-serif'; mso-fareast-font-family: 'Times New Roman'; mso-fareast-language: PT-BR;\">4.21 \u2013 Unidade de atendimento, assist\u00eancia ou tratamento m\u00f3vel e cong\u00eaneres.<\/span><\/p>\n<p class=\"MsoNormal\" style=\"mso-margin-top-alt: auto; mso-margin-bottom-alt: auto; text-indent: 26.25pt; line-height: normal;\"><span style=\"font-size: 10.0pt; font-family: 'Arial','sans-serif'; mso-fareast-font-family: 'Times New Roman'; mso-fareast-language: PT-BR;\">4.22 \u2013 Planos de medicina de grupo ou individual e conv\u00eanios para presta\u00e7\u00e3o de assist\u00eancia m\u00e9dica, hospitalar, odontol\u00f3gica e cong\u00eaneres.<\/span><\/p>\n<p class=\"MsoNormal\" style=\"mso-margin-top-alt: auto; mso-margin-bottom-alt: auto; text-indent: 26.25pt; line-height: normal;\"><span style=\"font-size: 10.0pt; font-family: 'Arial','sans-serif'; mso-fareast-font-family: 'Times New Roman'; mso-fareast-language: PT-BR;\">4.23 \u2013 Outros planos de sa\u00fade que se cumpram atrav\u00e9s de servi\u00e7os de terceiros contratados, credenciados, cooperados ou apenas pagos pelo operador do plano mediante indica\u00e7\u00e3o do benefici\u00e1rio.<\/span><\/p>\n<p class=\"MsoNormal\" style=\"mso-margin-top-alt: auto; mso-margin-bottom-alt: auto; text-indent: 26.25pt; line-height: normal;\"><span style=\"font-size: 10.0pt; font-family: 'Arial','sans-serif'; mso-fareast-font-family: 'Times New Roman'; mso-fareast-language: PT-BR;\">5 \u2013 Servi\u00e7os de medicina e assist\u00eancia veterin\u00e1ria e cong\u00eaneres.<\/span><\/p>\n<p class=\"MsoNormal\" style=\"mso-margin-top-alt: auto; mso-margin-bottom-alt: auto; text-indent: 26.25pt; line-height: normal;\"><span style=\"font-size: 10.0pt; font-family: 'Arial','sans-serif'; mso-fareast-font-family: 'Times New Roman'; mso-fareast-language: PT-BR;\">5.01 \u2013 Medicina veterin\u00e1ria e zootecnia.<\/span><\/p>\n<p class=\"MsoNormal\" style=\"mso-margin-top-alt: auto; mso-margin-bottom-alt: auto; text-indent: 26.25pt; line-height: normal;\"><span style=\"font-size: 10.0pt; font-family: 'Arial','sans-serif'; mso-fareast-font-family: 'Times New Roman'; mso-fareast-language: PT-BR;\">5.02 \u2013 Hospitais, cl\u00ednicas, ambulat\u00f3rios, prontos-socorros e cong\u00eaneres, na \u00e1rea veterin\u00e1ria.<\/span><\/p>\n<p class=\"MsoNormal\" style=\"mso-margin-top-alt: auto; mso-margin-bottom-alt: auto; text-indent: 26.25pt; line-height: normal;\"><span style=\"font-size: 10.0pt; font-family: 'Arial','sans-serif'; mso-fareast-font-family: 'Times New Roman'; mso-fareast-language: PT-BR;\">5.03 \u2013 Laborat\u00f3rios de an\u00e1lise na \u00e1rea veterin\u00e1ria.<\/span><\/p>\n<p class=\"MsoNormal\" style=\"mso-margin-top-alt: auto; mso-margin-bottom-alt: auto; text-indent: 26.25pt; line-height: normal;\"><span style=\"font-size: 10.0pt; font-family: 'Arial','sans-serif'; mso-fareast-font-family: 'Times New Roman'; mso-fareast-language: PT-BR;\">5.04 \u2013 Insemina\u00e7\u00e3o artificial, fertiliza\u00e7\u00e3o\u00a0<b>in vitro<\/b>\u00a0e cong\u00eaneres.<\/span><\/p>\n<p class=\"MsoNormal\" style=\"mso-margin-top-alt: auto; mso-margin-bottom-alt: auto; text-indent: 26.25pt; line-height: normal;\"><span style=\"font-size: 10.0pt; font-family: 'Arial','sans-serif'; mso-fareast-font-family: 'Times New Roman'; mso-fareast-language: PT-BR;\">5.05 \u2013 Bancos de sangue e de \u00f3rg\u00e3os e cong\u00eaneres.<\/span><\/p>\n<p class=\"MsoNormal\" style=\"mso-margin-top-alt: auto; mso-margin-bottom-alt: auto; text-indent: 26.25pt; line-height: normal;\"><span style=\"font-size: 10.0pt; font-family: 'Arial','sans-serif'; mso-fareast-font-family: 'Times New Roman'; mso-fareast-language: PT-BR;\">5.06 \u2013 Coleta de sangue, leite, tecidos, s\u00eamen, \u00f3rg\u00e3os e materiais biol\u00f3gicos de qualquer esp\u00e9cie.<\/span><\/p>\n<p class=\"MsoNormal\" style=\"mso-margin-top-alt: auto; mso-margin-bottom-alt: auto; text-indent: 26.25pt; line-height: normal;\"><span style=\"font-size: 10.0pt; font-family: 'Arial','sans-serif'; mso-fareast-font-family: 'Times New Roman'; mso-fareast-language: PT-BR;\">5.07 \u2013 Unidade de atendimento, assist\u00eancia ou tratamento m\u00f3vel e cong\u00eaneres.<\/span><\/p>\n<p class=\"MsoNormal\" style=\"mso-margin-top-alt: auto; mso-margin-bottom-alt: auto; text-indent: 26.25pt; line-height: normal;\"><span style=\"font-size: 10.0pt; font-family: 'Arial','sans-serif'; mso-fareast-font-family: 'Times New Roman'; mso-fareast-language: PT-BR;\">5.08 \u2013 Guarda, tratamento, amestramento, embelezamento, alojamento e cong\u00eaneres.<\/span><\/p>\n<p class=\"MsoNormal\" style=\"mso-margin-top-alt: auto; mso-margin-bottom-alt: auto; text-indent: 26.25pt; line-height: normal;\"><span style=\"font-size: 10.0pt; font-family: 'Arial','sans-serif'; mso-fareast-font-family: 'Times New Roman'; mso-fareast-language: PT-BR;\">5.09 \u2013 Planos de atendimento e assist\u00eancia m\u00e9dico-veterin\u00e1ria.<\/span><\/p>\n<p class=\"MsoNormal\" style=\"mso-margin-top-alt: auto; mso-margin-bottom-alt: auto; text-indent: 26.25pt; line-height: normal;\"><span style=\"font-size: 10.0pt; font-family: 'Arial','sans-serif'; mso-fareast-font-family: 'Times New Roman'; mso-fareast-language: PT-BR;\">6 \u2013 Servi\u00e7os de cuidados pessoais, est\u00e9tica, atividades f\u00edsicas e cong\u00eaneres.<\/span><\/p>\n<p class=\"MsoNormal\" style=\"mso-margin-top-alt: auto; mso-margin-bottom-alt: auto; text-indent: 26.25pt; line-height: normal;\"><span style=\"font-size: 10.0pt; font-family: 'Arial','sans-serif'; mso-fareast-font-family: 'Times New Roman'; mso-fareast-language: PT-BR;\">6.01 \u2013 Barbearia, cabeleireiros, manicuros, pedicuros e cong\u00eaneres.<\/span><\/p>\n<p class=\"MsoNormal\" style=\"mso-margin-top-alt: auto; mso-margin-bottom-alt: auto; text-indent: 26.25pt; line-height: normal;\"><span style=\"font-size: 10.0pt; font-family: 'Arial','sans-serif'; mso-fareast-font-family: 'Times New Roman'; mso-fareast-language: PT-BR;\">6.02 \u2013 Esteticistas, tratamento de pele, depila\u00e7\u00e3o e cong\u00eaneres.<\/span><\/p>\n<p class=\"MsoNormal\" style=\"mso-margin-top-alt: auto; mso-margin-bottom-alt: auto; text-indent: 26.25pt; line-height: normal;\"><span style=\"font-size: 10.0pt; font-family: 'Arial','sans-serif'; mso-fareast-font-family: 'Times New Roman'; mso-fareast-language: PT-BR;\">6.03 \u2013 Banhos, duchas, sauna, massagens e cong\u00eaneres.<\/span><\/p>\n<p class=\"MsoNormal\" style=\"mso-margin-top-alt: auto; mso-margin-bottom-alt: auto; text-indent: 26.25pt; line-height: normal;\"><span style=\"font-size: 10.0pt; font-family: 'Arial','sans-serif'; mso-fareast-font-family: 'Times New Roman'; mso-fareast-language: PT-BR;\">6.04 \u2013 Gin\u00e1stica, dan\u00e7a, esportes, nata\u00e7\u00e3o, artes marciais e demais atividades f\u00edsicas.<\/span><\/p>\n<p class=\"MsoNormal\" style=\"mso-margin-top-alt: auto; mso-margin-bottom-alt: auto; text-indent: 26.25pt; line-height: normal;\"><span style=\"font-size: 10.0pt; font-family: 'Arial','sans-serif'; mso-fareast-font-family: 'Times New Roman'; mso-fareast-language: PT-BR;\">6.05 \u2013 Centros de emagrecimento,\u00a0<b>spa\u00a0<\/b>e cong\u00eaneres.<\/span><\/p>\n<p class=\"MsoNormal\" style=\"mso-margin-top-alt: auto; mso-margin-bottom-alt: auto; text-indent: 26.25pt; line-height: normal;\"><a name=\"lista6.06\"><\/a><span style=\"font-size: 10pt; font-family: Arial, sans-serif;\">6.06 &#8211; Aplica\u00e7\u00e3o de tatuagens,\u00a0<b>piercings<\/b><i>\u00a0<\/i>e cong\u00eaneres.\u00a0\u00a0<\/span><a href=\"http:\/\/www.planalto.gov.br\/ccivil_03\/leis\/LCP\/Lcp157.htm#art3\"><span style=\"font-size: 10.0pt; font-family: 'Arial','sans-serif'; mso-fareast-font-family: 'Times New Roman'; color: blue; mso-fareast-language: PT-BR;\">(Inclu\u00eddo pela Lei Complementar n\u00ba 157, de 2016)<\/span><\/a><\/p>\n<p class=\"MsoNormal\" style=\"mso-margin-top-alt: auto; mso-margin-bottom-alt: auto; text-indent: 26.25pt; line-height: normal;\"><span style=\"font-size: 10.0pt; font-family: 'Arial','sans-serif'; mso-fareast-font-family: 'Times New Roman'; mso-fareast-language: PT-BR;\">7 \u2013 Servi\u00e7os relativos a engenharia, arquitetura, geologia, urbanismo, constru\u00e7\u00e3o civil, manuten\u00e7\u00e3o, limpeza, meio ambiente, saneamento e cong\u00eaneres.<\/span><\/p>\n<p class=\"MsoNormal\" style=\"mso-margin-top-alt: auto; mso-margin-bottom-alt: auto; text-indent: 26.25pt; line-height: normal;\"><span style=\"font-size: 10.0pt; font-family: 'Arial','sans-serif'; mso-fareast-font-family: 'Times New Roman'; mso-fareast-language: PT-BR;\">7.01 \u2013 Engenharia, agronomia, agrimensura, arquitetura, geologia, urbanismo, paisagismo e cong\u00eaneres.<\/span><\/p>\n<p class=\"MsoNormal\" style=\"mso-margin-top-alt: auto; mso-margin-bottom-alt: auto; text-indent: 26.25pt; line-height: normal;\"><span style=\"font-size: 10.0pt; font-family: 'Arial','sans-serif'; mso-fareast-font-family: 'Times New Roman'; mso-fareast-language: PT-BR;\">7.02 \u2013 Execu\u00e7\u00e3o, por administra\u00e7\u00e3o, empreitada ou subempreitada, de obras de constru\u00e7\u00e3o civil, hidr\u00e1ulica ou el\u00e9trica e de outras obras semelhantes, inclusive sondagem, perfura\u00e7\u00e3o de po\u00e7os, escava\u00e7\u00e3o, drenagem e irriga\u00e7\u00e3o, terraplanagem, pavimenta\u00e7\u00e3o, concretagem e a instala\u00e7\u00e3o e montagem de produtos, pe\u00e7as e equipamentos (exceto o fornecimento de mercadorias produzidas pelo prestador de servi\u00e7os fora do local da presta\u00e7\u00e3o dos servi\u00e7os, que fica sujeito ao ICMS).<\/span><\/p>\n<p class=\"MsoNormal\" style=\"mso-margin-top-alt: auto; mso-margin-bottom-alt: auto; text-indent: 26.25pt; line-height: normal;\"><span style=\"font-size: 10.0pt; font-family: 'Arial','sans-serif'; mso-fareast-font-family: 'Times New Roman'; mso-fareast-language: PT-BR;\">7.03 \u2013 Elabora\u00e7\u00e3o de planos diretores, estudos de viabilidade, estudos organizacionais e outros, relacionados com obras e servi\u00e7os de engenharia; elabora\u00e7\u00e3o de anteprojetos, projetos b\u00e1sicos e projetos executivos para trabalhos de engenharia.<\/span><\/p>\n<p class=\"MsoNormal\" style=\"mso-margin-top-alt: auto; mso-margin-bottom-alt: auto; text-indent: 26.25pt; line-height: normal;\"><span style=\"font-size: 10.0pt; font-family: 'Arial','sans-serif'; mso-fareast-font-family: 'Times New Roman'; mso-fareast-language: PT-BR;\">7.04 \u2013 Demoli\u00e7\u00e3o.<\/span><\/p>\n<p class=\"MsoNormal\" style=\"mso-margin-top-alt: auto; mso-margin-bottom-alt: auto; text-indent: 26.25pt; line-height: normal;\"><span style=\"font-size: 10.0pt; font-family: 'Arial','sans-serif'; mso-fareast-font-family: 'Times New Roman'; mso-fareast-language: PT-BR;\">7.05 \u2013 Repara\u00e7\u00e3o, conserva\u00e7\u00e3o e reforma de edif\u00edcios, estradas, pontes, portos e cong\u00eaneres (exceto o fornecimento de mercadorias produzidas pelo prestador dos servi\u00e7os, fora do local da presta\u00e7\u00e3o dos servi\u00e7os, que fica sujeito ao ICMS).<\/span><\/p>\n<p class=\"MsoNormal\" style=\"mso-margin-top-alt: auto; mso-margin-bottom-alt: auto; text-indent: 26.25pt; line-height: normal;\"><span style=\"font-size: 10.0pt; font-family: 'Arial','sans-serif'; mso-fareast-font-family: 'Times New Roman'; mso-fareast-language: PT-BR;\">7.06 \u2013 Coloca\u00e7\u00e3o e instala\u00e7\u00e3o de tapetes, carpetes, assoalhos, cortinas, revestimentos de parede, vidros, divis\u00f3rias, placas de gesso e cong\u00eaneres, com material fornecido pelo tomador do servi\u00e7o.<\/span><\/p>\n<p class=\"MsoNormal\" style=\"mso-margin-top-alt: auto; mso-margin-bottom-alt: auto; text-indent: 26.25pt; line-height: normal;\"><span style=\"font-size: 10.0pt; font-family: 'Arial','sans-serif'; mso-fareast-font-family: 'Times New Roman'; mso-fareast-language: PT-BR;\">7.07 \u2013 Recupera\u00e7\u00e3o, raspagem, polimento e lustra\u00e7\u00e3o de pisos e cong\u00eaneres.<\/span><\/p>\n<p class=\"MsoNormal\" style=\"mso-margin-top-alt: auto; mso-margin-bottom-alt: auto; text-indent: 26.25pt; line-height: normal;\"><span style=\"font-size: 10.0pt; font-family: 'Arial','sans-serif'; mso-fareast-font-family: 'Times New Roman'; mso-fareast-language: PT-BR;\">7.08 \u2013 Calafeta\u00e7\u00e3o.<\/span><\/p>\n<p class=\"MsoNormal\" style=\"mso-margin-top-alt: auto; mso-margin-bottom-alt: auto; text-indent: 26.25pt; line-height: normal;\"><span style=\"font-size: 10.0pt; font-family: 'Arial','sans-serif'; mso-fareast-font-family: 'Times New Roman'; mso-fareast-language: PT-BR;\">7.09 \u2013 Varri\u00e7\u00e3o, coleta, remo\u00e7\u00e3o, incinera\u00e7\u00e3o, tratamento, reciclagem, separa\u00e7\u00e3o e destina\u00e7\u00e3o final de lixo, rejeitos e outros res\u00edduos quaisquer.<\/span><\/p>\n<p class=\"MsoNormal\" style=\"mso-margin-top-alt: auto; mso-margin-bottom-alt: auto; text-indent: 26.25pt; line-height: normal;\"><span style=\"font-size: 10.0pt; font-family: 'Arial','sans-serif'; mso-fareast-font-family: 'Times New Roman'; mso-fareast-language: PT-BR;\">7.10 \u2013 Limpeza, manuten\u00e7\u00e3o e conserva\u00e7\u00e3o de vias e logradouros p\u00fablicos, im\u00f3veis, chamin\u00e9s, piscinas, parques, jardins e cong\u00eaneres.<\/span><\/p>\n<p class=\"MsoNormal\" style=\"mso-margin-top-alt: auto; mso-margin-bottom-alt: auto; text-indent: 26.25pt; line-height: normal;\"><span style=\"font-size: 10.0pt; font-family: 'Arial','sans-serif'; mso-fareast-font-family: 'Times New Roman'; mso-fareast-language: PT-BR;\">7.11 \u2013 Decora\u00e7\u00e3o e jardinagem, inclusive corte e poda de \u00e1rvores.<\/span><\/p>\n<p class=\"MsoNormal\" style=\"mso-margin-top-alt: auto; mso-margin-bottom-alt: auto; text-indent: 26.25pt; line-height: normal;\"><span style=\"font-size: 10.0pt; font-family: 'Arial','sans-serif'; mso-fareast-font-family: 'Times New Roman'; mso-fareast-language: PT-BR;\">7.12 \u2013 Controle e tratamento de efluentes de qualquer natureza e de agentes f\u00edsicos, qu\u00edmicos e biol\u00f3gicos.<\/span><\/p>\n<p class=\"MsoNormal\" style=\"mso-margin-top-alt: auto; mso-margin-bottom-alt: auto; text-indent: 26.25pt; line-height: normal;\"><span style=\"font-size: 10.0pt; font-family: 'Arial','sans-serif'; mso-fareast-font-family: 'Times New Roman'; mso-fareast-language: PT-BR;\">7.13 \u2013 Dedetiza\u00e7\u00e3o, desinfec\u00e7\u00e3o, desinsetiza\u00e7\u00e3o, imuniza\u00e7\u00e3o, higieniza\u00e7\u00e3o, desratiza\u00e7\u00e3o, pulveriza\u00e7\u00e3o e cong\u00eaneres.<\/span><\/p>\n<p class=\"MsoNormal\" style=\"mso-margin-top-alt: auto; mso-margin-bottom-alt: auto; text-indent: 26.25pt; line-height: normal;\"><span style=\"font-size: 10.0pt; font-family: 'Arial','sans-serif'; mso-fareast-font-family: 'Times New Roman'; mso-fareast-language: PT-BR;\">7.14 \u2013\u00a0\u00a0\u00a0(VETADO)<\/span><\/p>\n<p class=\"MsoNormal\" style=\"mso-margin-top-alt: auto; mso-margin-bottom-alt: auto; text-indent: 26.25pt; line-height: normal;\"><span style=\"font-size: 10.0pt; font-family: 'Arial','sans-serif'; mso-fareast-font-family: 'Times New Roman'; mso-fareast-language: PT-BR;\">7.15 \u2013\u00a0\u00a0\u00a0(VETADO)<\/span><\/p>\n<p class=\"MsoNormal\" style=\"mso-margin-top-alt: auto; mso-margin-bottom-alt: auto; text-indent: 26.25pt; line-height: normal;\"><s><span style=\"font-size: 10.0pt; font-family: 'Arial','sans-serif'; mso-fareast-font-family: 'Times New Roman'; mso-fareast-language: PT-BR;\">7.16 \u2013 Florestamento, reflorestamento, semeadura, aduba\u00e7\u00e3o e cong\u00eaneres.<\/span><\/s><\/p>\n<p class=\"MsoNormal\" style=\"mso-margin-top-alt: auto; mso-margin-bottom-alt: auto; text-indent: 26.25pt; line-height: normal;\"><a name=\"lista7.16\"><\/a><span style=\"font-size: 10pt; font-family: Arial, sans-serif;\">7.16 &#8211; Florestamento, reflorestamento, semeadura, aduba\u00e7\u00e3o, repara\u00e7\u00e3o de solo, plantio, silagem, colheita, corte e descascamento de \u00e1rvores, silvicultura, explora\u00e7\u00e3o florestal e dos servi\u00e7os cong\u00eaneres indissoci\u00e1veis da forma\u00e7\u00e3o, manuten\u00e7\u00e3o e colheita de florestas, para quaisquer fins e por quaisquer meios.\u00a0\u00a0<\/span><a href=\"http:\/\/www.planalto.gov.br\/ccivil_03\/leis\/LCP\/Lcp157.htm#art3\"><span style=\"font-size: 10.0pt; font-family: 'Arial','sans-serif'; mso-fareast-font-family: 'Times New Roman'; color: blue; mso-fareast-language: PT-BR;\">(Reda\u00e7\u00e3o dada pela Lei Complementar n\u00ba 157, de 2016)<\/span><\/a><\/p>\n<p class=\"MsoNormal\" style=\"mso-margin-top-alt: auto; mso-margin-bottom-alt: auto; text-indent: 26.25pt; line-height: normal;\"><span style=\"font-size: 10.0pt; font-family: 'Arial','sans-serif'; mso-fareast-font-family: 'Times New Roman'; mso-fareast-language: PT-BR;\">7.17 \u2013 Escoramento, conten\u00e7\u00e3o de encostas e servi\u00e7os cong\u00eaneres.<\/span><\/p>\n<p class=\"MsoNormal\" style=\"mso-margin-top-alt: auto; mso-margin-bottom-alt: auto; text-indent: 26.25pt; line-height: normal;\"><span style=\"font-size: 10.0pt; font-family: 'Arial','sans-serif'; mso-fareast-font-family: 'Times New Roman'; mso-fareast-language: PT-BR;\">7.18 \u2013 Limpeza e dragagem de rios, portos, canais, ba\u00edas, lagos, lagoas, represas, a\u00e7udes e cong\u00eaneres.<\/span><\/p>\n<p class=\"MsoNormal\" style=\"mso-margin-top-alt: auto; mso-margin-bottom-alt: auto; text-indent: 26.25pt; line-height: normal;\"><span style=\"font-size: 10.0pt; font-family: 'Arial','sans-serif'; mso-fareast-font-family: 'Times New Roman'; mso-fareast-language: PT-BR;\">7.19 \u2013 Acompanhamento e fiscaliza\u00e7\u00e3o da execu\u00e7\u00e3o de obras de engenharia, arquitetura e urbanismo.<\/span><\/p>\n<p class=\"MsoNormal\" style=\"mso-margin-top-alt: auto; mso-margin-bottom-alt: auto; text-indent: 26.25pt; line-height: normal;\"><span style=\"font-size: 10.0pt; font-family: 'Arial','sans-serif'; mso-fareast-font-family: 'Times New Roman'; mso-fareast-language: PT-BR;\">7.20 \u2013 Aerofotogrametria (inclusive interpreta\u00e7\u00e3o), cartografia, mapeamento, levantamentos topogr\u00e1ficos, batim\u00e9tricos, geogr\u00e1ficos, geod\u00e9sicos, geol\u00f3gicos, geof\u00edsicos e cong\u00eaneres.<\/span><\/p>\n<p class=\"MsoNormal\" style=\"mso-margin-top-alt: auto; mso-margin-bottom-alt: auto; text-indent: 26.25pt; line-height: normal;\"><span style=\"font-size: 10.0pt; font-family: 'Arial','sans-serif'; mso-fareast-font-family: 'Times New Roman'; mso-fareast-language: PT-BR;\">7.21 \u2013 Pesquisa, perfura\u00e7\u00e3o, cimenta\u00e7\u00e3o, mergulho, perfilagem, concreta\u00e7\u00e3o, testemunhagem, pescaria, estimula\u00e7\u00e3o e outros servi\u00e7os relacionados com a explora\u00e7\u00e3o e explota\u00e7\u00e3o de petr\u00f3leo, g\u00e1s natural e de outros recursos minerais.<\/span><\/p>\n<p class=\"MsoNormal\" style=\"mso-margin-top-alt: auto; mso-margin-bottom-alt: auto; text-indent: 26.25pt; line-height: normal;\"><span style=\"font-size: 10.0pt; font-family: 'Arial','sans-serif'; mso-fareast-font-family: 'Times New Roman'; mso-fareast-language: PT-BR;\">7.22 \u2013 Nuclea\u00e7\u00e3o e bombardeamento de nuvens e cong\u00eaneres.<\/span><\/p>\n<p class=\"MsoNormal\" style=\"mso-margin-top-alt: auto; mso-margin-bottom-alt: auto; text-indent: 26.25pt; line-height: normal;\"><span style=\"font-size: 10.0pt; font-family: 'Arial','sans-serif'; mso-fareast-font-family: 'Times New Roman'; mso-fareast-language: PT-BR;\">8 \u2013 Servi\u00e7os de educa\u00e7\u00e3o, ensino, orienta\u00e7\u00e3o pedag\u00f3gica e educacional, instru\u00e7\u00e3o, treinamento e avalia\u00e7\u00e3o pessoal de qualquer grau ou natureza.<\/span><\/p>\n<p class=\"MsoNormal\" style=\"mso-margin-top-alt: auto; mso-margin-bottom-alt: auto; text-indent: 26.25pt; line-height: normal;\"><span style=\"font-size: 10.0pt; font-family: 'Arial','sans-serif'; mso-fareast-font-family: 'Times New Roman'; mso-fareast-language: PT-BR;\">8.01 \u2013 Ensino regular pr\u00e9-escolar, fundamental, m\u00e9dio e superior.<\/span><\/p>\n<p class=\"MsoNormal\" style=\"mso-margin-top-alt: auto; mso-margin-bottom-alt: auto; text-indent: 26.25pt; line-height: normal;\"><span style=\"font-size: 10.0pt; font-family: 'Arial','sans-serif'; mso-fareast-font-family: 'Times New Roman'; mso-fareast-language: PT-BR;\">8.02 \u2013 Instru\u00e7\u00e3o, treinamento, orienta\u00e7\u00e3o pedag\u00f3gica e educacional, avalia\u00e7\u00e3o de conhecimentos de qualquer natureza.<\/span><\/p>\n<p class=\"MsoNormal\" style=\"mso-margin-top-alt: auto; mso-margin-bottom-alt: auto; text-indent: 26.25pt; line-height: normal;\"><span style=\"font-size: 10.0pt; font-family: 'Arial','sans-serif'; mso-fareast-font-family: 'Times New Roman'; mso-fareast-language: PT-BR;\">9 \u2013 Servi\u00e7os relativos a hospedagem, turismo, viagens e cong\u00eaneres.<\/span><\/p>\n<p class=\"MsoNormal\" style=\"mso-margin-top-alt: auto; mso-margin-bottom-alt: auto; text-indent: 26.25pt; line-height: normal;\"><span style=\"font-size: 10.0pt; font-family: 'Arial','sans-serif'; mso-fareast-font-family: 'Times New Roman'; mso-fareast-language: PT-BR;\">9.01 \u2013 Hospedagem de qualquer natureza em hot\u00e9is,\u00a0<b>apart-service<\/b>\u00a0condominiais,\u00a0<b>flat<\/b>, apart-hot\u00e9is, hot\u00e9is resid\u00eancia,\u00a0<b>residence-service<\/b>,\u00a0<b>suite service<\/b>, hotelaria mar\u00edtima, mot\u00e9is, pens\u00f5es e cong\u00eaneres; ocupa\u00e7\u00e3o por temporada com fornecimento de servi\u00e7o (o valor da alimenta\u00e7\u00e3o e gorjeta, quando inclu\u00eddo no pre\u00e7o da di\u00e1ria, fica sujeito ao Imposto Sobre Servi\u00e7os).<\/span><\/p>\n<p class=\"MsoNormal\" style=\"mso-margin-top-alt: auto; mso-margin-bottom-alt: auto; text-indent: 26.25pt; line-height: normal;\"><span style=\"font-size: 10.0pt; font-family: 'Arial','sans-serif'; mso-fareast-font-family: 'Times New Roman'; mso-fareast-language: PT-BR;\">9.02 \u2013 Agenciamento, organiza\u00e7\u00e3o, promo\u00e7\u00e3o, intermedia\u00e7\u00e3o e execu\u00e7\u00e3o de programas de turismo, passeios, viagens, excurs\u00f5es, hospedagens e cong\u00eaneres.<\/span><\/p>\n<p class=\"MsoNormal\" style=\"mso-margin-top-alt: auto; mso-margin-bottom-alt: auto; text-indent: 26.25pt; line-height: normal;\"><span style=\"font-size: 10.0pt; font-family: 'Arial','sans-serif'; mso-fareast-font-family: 'Times New Roman'; mso-fareast-language: PT-BR;\">9.03 \u2013 Guias de turismo.<\/span><\/p>\n<p class=\"MsoNormal\" style=\"mso-margin-top-alt: auto; mso-margin-bottom-alt: auto; text-indent: 26.25pt; line-height: normal;\"><span style=\"font-size: 10.0pt; font-family: 'Arial','sans-serif'; mso-fareast-font-family: 'Times New Roman'; mso-fareast-language: PT-BR;\">10 \u2013 Servi\u00e7os de intermedia\u00e7\u00e3o e cong\u00eaneres.<\/span><\/p>\n<p class=\"MsoNormal\" style=\"mso-margin-top-alt: auto; mso-margin-bottom-alt: auto; text-indent: 26.25pt; line-height: normal;\"><span style=\"font-size: 10.0pt; font-family: 'Arial','sans-serif'; mso-fareast-font-family: 'Times New Roman'; mso-fareast-language: PT-BR;\">10.01 \u2013 Agenciamento, corretagem ou intermedia\u00e7\u00e3o de c\u00e2mbio, de seguros, de cart\u00f5es de cr\u00e9dito, de planos de sa\u00fade e de planos de previd\u00eancia privada.<\/span><\/p>\n<p class=\"MsoNormal\" style=\"mso-margin-top-alt: auto; mso-margin-bottom-alt: auto; text-indent: 26.25pt; line-height: normal;\"><span style=\"font-size: 10.0pt; font-family: 'Arial','sans-serif'; mso-fareast-font-family: 'Times New Roman'; mso-fareast-language: PT-BR;\">10.02 \u2013 Agenciamento, corretagem ou intermedia\u00e7\u00e3o de t\u00edtulos em geral, valores mobili\u00e1rios e contratos quaisquer.<\/span><\/p>\n<p class=\"MsoNormal\" style=\"mso-margin-top-alt: auto; mso-margin-bottom-alt: auto; text-indent: 26.25pt; line-height: normal;\"><span style=\"font-size: 10.0pt; font-family: 'Arial','sans-serif'; mso-fareast-font-family: 'Times New Roman'; mso-fareast-language: PT-BR;\">10.03 \u2013 Agenciamento, corretagem ou intermedia\u00e7\u00e3o de direitos de propriedade industrial, art\u00edstica ou liter\u00e1ria.<\/span><\/p>\n<p class=\"MsoNormal\" style=\"mso-margin-top-alt: auto; mso-margin-bottom-alt: auto; text-indent: 26.25pt; line-height: normal;\"><span style=\"font-size: 10.0pt; font-family: 'Arial','sans-serif'; mso-fareast-font-family: 'Times New Roman'; mso-fareast-language: PT-BR;\">10.04 \u2013 Agenciamento, corretagem ou intermedia\u00e7\u00e3o de contratos de arrendamento mercantil (<b>leasing<\/b>), de franquia (<b>franchising<\/b>) e de faturiza\u00e7\u00e3o (<b>factoring<\/b>).<\/span><\/p>\n<p class=\"MsoNormal\" style=\"mso-margin-top-alt: auto; mso-margin-bottom-alt: auto; text-indent: 26.25pt; line-height: normal;\"><span style=\"font-size: 10.0pt; font-family: 'Arial','sans-serif'; mso-fareast-font-family: 'Times New Roman'; mso-fareast-language: PT-BR;\">10.05 \u2013 Agenciamento, corretagem ou intermedia\u00e7\u00e3o de bens m\u00f3veis ou im\u00f3veis, n\u00e3o abrangidos em outros itens ou subitens, inclusive aqueles realizados no \u00e2mbito de Bolsas de Mercadorias e Futuros, por quaisquer meios.<\/span><\/p>\n<p class=\"MsoNormal\" style=\"mso-margin-top-alt: auto; mso-margin-bottom-alt: auto; text-indent: 26.25pt; line-height: normal;\"><span style=\"font-size: 10.0pt; font-family: 'Arial','sans-serif'; mso-fareast-font-family: 'Times New Roman'; mso-fareast-language: PT-BR;\">10.06 \u2013 Agenciamento mar\u00edtimo.<\/span><\/p>\n<p class=\"MsoNormal\" style=\"mso-margin-top-alt: auto; mso-margin-bottom-alt: auto; text-indent: 26.25pt; line-height: normal;\"><span style=\"font-size: 10.0pt; font-family: 'Arial','sans-serif'; mso-fareast-font-family: 'Times New Roman'; mso-fareast-language: PT-BR;\">10.07 \u2013 Agenciamento de not\u00edcias.<\/span><\/p>\n<p class=\"MsoNormal\" style=\"mso-margin-top-alt: auto; mso-margin-bottom-alt: auto; text-indent: 26.25pt; line-height: normal;\"><span style=\"font-size: 10.0pt; font-family: 'Arial','sans-serif'; mso-fareast-font-family: 'Times New Roman'; mso-fareast-language: PT-BR;\">10.08 \u2013 Agenciamento de publicidade e propaganda, inclusive o agenciamento de veicula\u00e7\u00e3o por quaisquer meios.<\/span><\/p>\n<p class=\"MsoNormal\" style=\"mso-margin-top-alt: auto; mso-margin-bottom-alt: auto; text-indent: 26.25pt; line-height: normal;\"><span style=\"font-size: 10.0pt; font-family: 'Arial','sans-serif'; mso-fareast-font-family: 'Times New Roman'; mso-fareast-language: PT-BR;\">10.09 \u2013 Representa\u00e7\u00e3o de qualquer natureza, inclusive comercial.<\/span><\/p>\n<p class=\"MsoNormal\" style=\"mso-margin-top-alt: auto; mso-margin-bottom-alt: auto; text-indent: 26.25pt; line-height: normal;\"><span style=\"font-size: 10.0pt; font-family: 'Arial','sans-serif'; mso-fareast-font-family: 'Times New Roman'; mso-fareast-language: PT-BR;\">10.10 \u2013 Distribui\u00e7\u00e3o de bens de terceiros.<\/span><\/p>\n<p class=\"MsoNormal\" style=\"mso-margin-top-alt: auto; mso-margin-bottom-alt: auto; text-indent: 26.25pt; line-height: normal;\"><span style=\"font-size: 10.0pt; font-family: 'Arial','sans-serif'; mso-fareast-font-family: 'Times New Roman'; mso-fareast-language: PT-BR;\">11 \u2013 Servi\u00e7os de guarda, estacionamento, armazenamento, vigil\u00e2ncia e cong\u00eaneres.<\/span><\/p>\n<p class=\"MsoNormal\" style=\"mso-margin-top-alt: auto; mso-margin-bottom-alt: auto; text-indent: 26.25pt; line-height: normal;\"><span style=\"font-size: 10.0pt; font-family: 'Arial','sans-serif'; mso-fareast-font-family: 'Times New Roman'; mso-fareast-language: PT-BR;\">11.01 \u2013 Guarda e estacionamento de ve\u00edculos terrestres automotores, de aeronaves e de embarca\u00e7\u00f5es.<\/span><\/p>\n<p class=\"MsoNormal\" style=\"mso-margin-top-alt: auto; mso-margin-bottom-alt: auto; text-indent: 26.25pt; line-height: normal;\"><s><span style=\"font-size: 10.0pt; font-family: 'Arial','sans-serif'; mso-fareast-font-family: 'Times New Roman'; mso-fareast-language: PT-BR;\">11.02 \u2013 Vigil\u00e2ncia, seguran\u00e7a ou monitoramento de bens e pessoas.<\/span><\/s><\/p>\n<p class=\"MsoNormal\" style=\"mso-margin-top-alt: auto; mso-margin-bottom-alt: auto; text-indent: 26.25pt; line-height: normal;\"><a name=\"lista11.02\"><\/a><span style=\"font-size: 10pt; font-family: Arial, sans-serif;\">11.02 &#8211; Vigil\u00e2ncia, seguran\u00e7a ou monitoramento de bens, pessoas e semoventes.\u00a0<\/span><a href=\"http:\/\/www.planalto.gov.br\/ccivil_03\/leis\/LCP\/Lcp157.htm#art3\"><span style=\"font-size: 10.0pt; font-family: 'Arial','sans-serif'; mso-fareast-font-family: 'Times New Roman'; color: blue; mso-fareast-language: PT-BR;\">(Reda\u00e7\u00e3o dada pela Lei Complementar n\u00ba 157, de 2016)<\/span><\/a><\/p>\n<p class=\"MsoNormal\" style=\"mso-margin-top-alt: auto; mso-margin-bottom-alt: auto; text-indent: 26.25pt; line-height: normal;\"><span style=\"font-size: 10.0pt; font-family: 'Arial','sans-serif'; mso-fareast-font-family: 'Times New Roman'; mso-fareast-language: PT-BR;\">11.03 \u2013 Escolta, inclusive de ve\u00edculos e cargas.<\/span><\/p>\n<p class=\"MsoNormal\" style=\"mso-margin-top-alt: auto; mso-margin-bottom-alt: auto; text-indent: 26.25pt; line-height: normal;\"><span style=\"font-size: 10.0pt; font-family: 'Arial','sans-serif'; mso-fareast-font-family: 'Times New Roman'; mso-fareast-language: PT-BR;\">11.04 \u2013 Armazenamento, dep\u00f3sito, carga, descarga, arruma\u00e7\u00e3o e guarda de bens de qualquer esp\u00e9cie.<\/span><\/p>\n<p class=\"MsoNormal\" style=\"mso-margin-top-alt: auto; mso-margin-bottom-alt: auto; text-indent: 26.25pt; line-height: normal;\"><span style=\"font-size: 10.0pt; font-family: 'Arial','sans-serif'; mso-fareast-font-family: 'Times New Roman'; mso-fareast-language: PT-BR;\">12 \u2013 Servi\u00e7os de divers\u00f5es, lazer, entretenimento e cong\u00eaneres.<\/span><\/p>\n<p class=\"MsoNormal\" style=\"mso-margin-top-alt: auto; mso-margin-bottom-alt: auto; text-indent: 26.25pt; line-height: normal;\"><span style=\"font-size: 10.0pt; font-family: 'Arial','sans-serif'; mso-fareast-font-family: 'Times New Roman'; mso-fareast-language: PT-BR;\">12.01 \u2013 Espet\u00e1culos teatrais.<\/span><\/p>\n<p class=\"MsoNormal\" style=\"mso-margin-top-alt: auto; mso-margin-bottom-alt: auto; text-indent: 26.25pt; line-height: normal;\"><span style=\"font-size: 10.0pt; font-family: 'Arial','sans-serif'; mso-fareast-font-family: 'Times New Roman'; mso-fareast-language: PT-BR;\">12.02 \u2013 Exibi\u00e7\u00f5es cinematogr\u00e1ficas.<\/span><\/p>\n<p class=\"MsoNormal\" style=\"mso-margin-top-alt: auto; mso-margin-bottom-alt: auto; text-indent: 26.25pt; line-height: normal;\"><span style=\"font-size: 10.0pt; font-family: 'Arial','sans-serif'; mso-fareast-font-family: 'Times New Roman'; mso-fareast-language: PT-BR;\">12.03 \u2013 Espet\u00e1culos circenses.<\/span><\/p>\n<p class=\"MsoNormal\" style=\"mso-margin-top-alt: auto; mso-margin-bottom-alt: auto; text-indent: 26.25pt; line-height: normal;\"><span style=\"font-size: 10.0pt; font-family: 'Arial','sans-serif'; mso-fareast-font-family: 'Times New Roman'; mso-fareast-language: PT-BR;\">12.04 \u2013 Programas de audit\u00f3rio.<\/span><\/p>\n<p class=\"MsoNormal\" style=\"mso-margin-top-alt: auto; mso-margin-bottom-alt: auto; text-indent: 26.25pt; line-height: normal;\"><span style=\"font-size: 10.0pt; font-family: 'Arial','sans-serif'; mso-fareast-font-family: 'Times New Roman'; mso-fareast-language: PT-BR;\">12.05 \u2013 Parques de divers\u00f5es, centros de lazer e cong\u00eaneres.<\/span><\/p>\n<p class=\"MsoNormal\" style=\"mso-margin-top-alt: auto; mso-margin-bottom-alt: auto; text-indent: 26.25pt; line-height: normal;\"><span style=\"font-size: 10.0pt; font-family: 'Arial','sans-serif'; mso-fareast-font-family: 'Times New Roman'; mso-fareast-language: PT-BR;\">12.06 \u2013 Boates,\u00a0<b>taxi-dancing<\/b>\u00a0e cong\u00eaneres.<\/span><\/p>\n<p class=\"MsoNormal\" style=\"mso-margin-top-alt: auto; mso-margin-bottom-alt: auto; text-indent: 26.25pt; line-height: normal;\"><span style=\"font-size: 10.0pt; font-family: 'Arial','sans-serif'; mso-fareast-font-family: 'Times New Roman'; mso-fareast-language: PT-BR;\">12.07 \u2013\u00a0<b>Shows<\/b><i>,\u00a0<\/i><b>ballet<\/b>, dan\u00e7as, desfiles, bailes, \u00f3peras, concertos, recitais, festivais e cong\u00eaneres.<\/span><\/p>\n<p class=\"MsoNormal\" style=\"mso-margin-top-alt: auto; mso-margin-bottom-alt: auto; text-indent: 26.25pt; line-height: normal;\"><span style=\"font-size: 10.0pt; font-family: 'Arial','sans-serif'; mso-fareast-font-family: 'Times New Roman'; mso-fareast-language: PT-BR;\">12.08 \u2013 Feiras, exposi\u00e7\u00f5es, congressos e cong\u00eaneres.<\/span><\/p>\n<p class=\"MsoNormal\" style=\"mso-margin-top-alt: auto; mso-margin-bottom-alt: auto; text-indent: 26.25pt; line-height: normal;\"><span style=\"font-size: 10.0pt; font-family: 'Arial','sans-serif'; mso-fareast-font-family: 'Times New Roman'; mso-fareast-language: PT-BR;\">12.09 \u2013 Bilhares, boliches e divers\u00f5es eletr\u00f4nicas ou n\u00e3o.<\/span><\/p>\n<p class=\"MsoNormal\" style=\"mso-margin-top-alt: auto; mso-margin-bottom-alt: auto; text-indent: 26.25pt; line-height: normal;\"><span style=\"font-size: 10.0pt; font-family: 'Arial','sans-serif'; mso-fareast-font-family: 'Times New Roman'; mso-fareast-language: PT-BR;\">12.10 \u2013 Corridas e competi\u00e7\u00f5es de animais.<\/span><\/p>\n<p class=\"MsoNormal\" style=\"mso-margin-top-alt: auto; mso-margin-bottom-alt: auto; text-indent: 26.25pt; line-height: normal;\"><span style=\"font-size: 10.0pt; font-family: 'Arial','sans-serif'; mso-fareast-font-family: 'Times New Roman'; mso-fareast-language: PT-BR;\">12.11 \u2013 Competi\u00e7\u00f5es esportivas ou de destreza f\u00edsica ou intelectual, com ou sem a participa\u00e7\u00e3o do espectador.<\/span><\/p>\n<p class=\"MsoNormal\" style=\"mso-margin-top-alt: auto; mso-margin-bottom-alt: auto; text-indent: 26.25pt; line-height: normal;\"><span style=\"font-size: 10.0pt; font-family: 'Arial','sans-serif'; mso-fareast-font-family: 'Times New Roman'; mso-fareast-language: PT-BR;\">12.12 \u2013 Execu\u00e7\u00e3o de m\u00fasica.<\/span><\/p>\n<p class=\"MsoNormal\" style=\"mso-margin-top-alt: auto; mso-margin-bottom-alt: auto; text-indent: 26.25pt; line-height: normal;\"><span style=\"font-size: 10.0pt; font-family: 'Arial','sans-serif'; mso-fareast-font-family: 'Times New Roman'; mso-fareast-language: PT-BR;\">12.13 \u2013 Produ\u00e7\u00e3o, mediante ou sem encomenda pr\u00e9via, de eventos, espet\u00e1culos, entrevistas,\u00a0<b>shows<\/b><i>,\u00a0<\/i><b>ballet<\/b>, dan\u00e7as, desfiles, bailes, teatros, \u00f3peras, concertos, recitais, festivais e cong\u00eaneres.<\/span><\/p>\n<p class=\"MsoNormal\" style=\"mso-margin-top-alt: auto; mso-margin-bottom-alt: auto; text-indent: 26.25pt; line-height: normal;\"><span style=\"font-size: 10.0pt; font-family: 'Arial','sans-serif'; mso-fareast-font-family: 'Times New Roman'; mso-fareast-language: PT-BR;\">12.14 \u2013 Fornecimento de m\u00fasica para ambientes fechados ou n\u00e3o, mediante transmiss\u00e3o por qualquer processo.<\/span><\/p>\n<p class=\"MsoNormal\" style=\"mso-margin-top-alt: auto; mso-margin-bottom-alt: auto; text-indent: 26.25pt; line-height: normal;\"><span style=\"font-size: 10.0pt; font-family: 'Arial','sans-serif'; mso-fareast-font-family: 'Times New Roman'; mso-fareast-language: PT-BR;\">12.15 \u2013 Desfiles de blocos carnavalescos ou folcl\u00f3ricos, trios el\u00e9tricos e cong\u00eaneres.<\/span><\/p>\n<p class=\"MsoNormal\" style=\"mso-margin-top-alt: auto; mso-margin-bottom-alt: auto; text-indent: 26.25pt; line-height: normal;\"><span style=\"font-size: 10.0pt; font-family: 'Arial','sans-serif'; mso-fareast-font-family: 'Times New Roman'; mso-fareast-language: PT-BR;\">12.16 \u2013 Exibi\u00e7\u00e3o de filmes, entrevistas, musicais, espet\u00e1culos,\u00a0<b>shows<\/b>, concertos, desfiles, \u00f3peras, competi\u00e7\u00f5es esportivas, de destreza intelectual ou cong\u00eaneres.<\/span><\/p>\n<p class=\"MsoNormal\" style=\"mso-margin-top-alt: auto; mso-margin-bottom-alt: auto; text-indent: 26.25pt; line-height: normal;\"><span style=\"font-size: 10.0pt; font-family: 'Arial','sans-serif'; mso-fareast-font-family: 'Times New Roman'; mso-fareast-language: PT-BR;\">12.17 \u2013 Recrea\u00e7\u00e3o e anima\u00e7\u00e3o, inclusive em festas e eventos de qualquer natureza.<\/span><\/p>\n<p class=\"MsoNormal\" style=\"mso-margin-top-alt: auto; mso-margin-bottom-alt: auto; text-indent: 26.25pt; line-height: normal;\"><span style=\"font-size: 10.0pt; font-family: 'Arial','sans-serif'; mso-fareast-font-family: 'Times New Roman'; mso-fareast-language: PT-BR;\">13 \u2013 Servi\u00e7os relativos a fonografia, fotografia, cinematografia e reprografia.<\/span><\/p>\n<p class=\"MsoNormal\" style=\"mso-margin-top-alt: auto; mso-margin-bottom-alt: auto; text-indent: 26.25pt; line-height: normal;\"><span style=\"font-size: 10.0pt; font-family: 'Arial','sans-serif'; mso-fareast-font-family: 'Times New Roman'; mso-fareast-language: PT-BR;\">13.01 \u2013\u00a0\u00a0\u00a0(VETADO)<\/span><\/p>\n<p class=\"MsoNormal\" style=\"mso-margin-top-alt: auto; mso-margin-bottom-alt: auto; text-indent: 26.25pt; line-height: normal;\"><span style=\"font-size: 10.0pt; font-family: 'Arial','sans-serif'; mso-fareast-font-family: 'Times New Roman'; mso-fareast-language: PT-BR;\">13.02 \u2013 Fonografia ou grava\u00e7\u00e3o de sons, inclusive trucagem, dublagem, mixagem e cong\u00eaneres.<\/span><\/p>\n<p class=\"MsoNormal\" style=\"mso-margin-top-alt: auto; mso-margin-bottom-alt: auto; text-indent: 26.25pt; line-height: normal;\"><span style=\"font-size: 10.0pt; font-family: 'Arial','sans-serif'; mso-fareast-font-family: 'Times New Roman'; mso-fareast-language: PT-BR;\">13.03 \u2013 Fotografia e cinematografia, inclusive revela\u00e7\u00e3o, amplia\u00e7\u00e3o, c\u00f3pia, reprodu\u00e7\u00e3o, trucagem e cong\u00eaneres.<\/span><\/p>\n<p class=\"MsoNormal\" style=\"mso-margin-top-alt: auto; mso-margin-bottom-alt: auto; text-indent: 26.25pt; line-height: normal;\"><span style=\"font-size: 10.0pt; font-family: 'Arial','sans-serif'; mso-fareast-font-family: 'Times New Roman'; mso-fareast-language: PT-BR;\">13.04 \u2013 Reprografia, microfilmagem e digitaliza\u00e7\u00e3o.<\/span><\/p>\n<p class=\"MsoNormal\" style=\"mso-margin-top-alt: auto; mso-margin-bottom-alt: auto; text-indent: 26.25pt; line-height: normal;\"><s><span style=\"font-size: 10.0pt; font-family: 'Arial','sans-serif'; mso-fareast-font-family: 'Times New Roman'; mso-fareast-language: PT-BR;\">13.05 \u2013 Composi\u00e7\u00e3o gr\u00e1fica, fotocomposi\u00e7\u00e3o, clicheria, zincografia, litografia, fotolitografia.<\/span><\/s><\/p>\n<p class=\"MsoNormal\" style=\"mso-margin-top-alt: auto; mso-margin-bottom-alt: auto; text-indent: 26.25pt; line-height: normal;\"><a name=\"lista13.05\"><\/a><span style=\"font-size: 10pt; font-family: Arial, sans-serif;\">13.05 &#8211; Composi\u00e7\u00e3o gr\u00e1fica, inclusive confec\u00e7\u00e3o de impressos gr\u00e1ficos, fotocomposi\u00e7\u00e3o, clicheria, zincografia, litografia e fotolitografia, exceto se destinados a posterior opera\u00e7\u00e3o de comercializa\u00e7\u00e3o ou industrializa\u00e7\u00e3o, ainda que incorporados, de qualquer forma, a outra mercadoria que deva ser objeto de posterior circula\u00e7\u00e3o, tais como bulas, r\u00f3tulos, etiquetas, caixas, cartuchos, embalagens e manuais t\u00e9cnicos e de instru\u00e7\u00e3o, quando ficar\u00e3o sujeitos ao ICMS.\u00a0\u00a0<\/span><a href=\"http:\/\/www.planalto.gov.br\/ccivil_03\/leis\/LCP\/Lcp157.htm#art3\"><span style=\"font-size: 10.0pt; font-family: 'Arial','sans-serif'; mso-fareast-font-family: 'Times New Roman'; color: blue; mso-fareast-language: PT-BR;\">(Reda\u00e7\u00e3o dada pela Lei Complementar n\u00ba 157, de 2016)<\/span><\/a><\/p>\n<p class=\"MsoNormal\" style=\"mso-margin-top-alt: auto; mso-margin-bottom-alt: auto; text-indent: 26.25pt; line-height: normal;\"><span style=\"font-size: 10.0pt; font-family: 'Arial','sans-serif'; mso-fareast-font-family: 'Times New Roman'; mso-fareast-language: PT-BR;\">14 \u2013 Servi\u00e7os relativos a bens de terceiros.<\/span><\/p>\n<p class=\"MsoNormal\" style=\"mso-margin-top-alt: auto; mso-margin-bottom-alt: auto; text-indent: 26.25pt; line-height: normal;\"><span style=\"font-size: 10.0pt; font-family: 'Arial','sans-serif'; mso-fareast-font-family: 'Times New Roman'; mso-fareast-language: PT-BR;\">14.01 \u2013 Lubrifica\u00e7\u00e3o, limpeza, lustra\u00e7\u00e3o, revis\u00e3o, carga e recarga, conserto, restaura\u00e7\u00e3o, blindagem, manuten\u00e7\u00e3o e conserva\u00e7\u00e3o de m\u00e1quinas, ve\u00edculos, aparelhos, equipamentos, motores, elevadores ou de qualquer objeto (exceto pe\u00e7as e partes empregadas, que ficam sujeitas ao ICMS).<\/span><\/p>\n<p class=\"MsoNormal\" style=\"mso-margin-top-alt: auto; mso-margin-bottom-alt: auto; text-indent: 26.25pt; line-height: normal;\"><span style=\"font-size: 10.0pt; font-family: 'Arial','sans-serif'; mso-fareast-font-family: 'Times New Roman'; mso-fareast-language: PT-BR;\">14.02 \u2013 Assist\u00eancia t\u00e9cnica.<\/span><\/p>\n<p class=\"MsoNormal\" style=\"mso-margin-top-alt: auto; mso-margin-bottom-alt: auto; text-indent: 26.25pt; line-height: normal;\"><span style=\"font-size: 10.0pt; font-family: 'Arial','sans-serif'; mso-fareast-font-family: 'Times New Roman'; mso-fareast-language: PT-BR;\">14.03 \u2013 Recondicionamento de motores (exceto pe\u00e7as e partes empregadas, que ficam sujeitas ao ICMS).<\/span><\/p>\n<p class=\"MsoNormal\" style=\"mso-margin-top-alt: auto; mso-margin-bottom-alt: auto; text-indent: 26.25pt; line-height: normal;\"><span style=\"font-size: 10.0pt; font-family: 'Arial','sans-serif'; mso-fareast-font-family: 'Times New Roman'; mso-fareast-language: PT-BR;\">14.04 \u2013 Recauchutagem ou regenera\u00e7\u00e3o de pneus.<\/span><\/p>\n<p class=\"MsoNormal\" style=\"mso-margin-top-alt: auto; mso-margin-bottom-alt: auto; text-indent: 26.25pt; line-height: normal;\"><s><span style=\"font-size: 10.0pt; font-family: 'Arial','sans-serif'; mso-fareast-font-family: 'Times New Roman'; mso-fareast-language: PT-BR;\">14.05 \u2013 Restaura\u00e7\u00e3o, recondicionamento, acondicionamento, pintura, beneficiamento, lavagem, secagem, tingimento, galvanoplastia, anodiza\u00e7\u00e3o, corte, recorte, polimento, plastifica\u00e7\u00e3o e cong\u00eaneres, de objetos quaisquer.<\/span><\/s><\/p>\n<p class=\"MsoNormal\" style=\"mso-margin-top-alt: auto; mso-margin-bottom-alt: auto; text-indent: 26.25pt; line-height: normal;\"><a name=\"lista14.05\"><\/a><span style=\"font-size: 10pt; font-family: Arial, sans-serif;\">14.05 &#8211; Restaura\u00e7\u00e3o, recondicionamento, acondicionamento, pintura, beneficiamento, lavagem, secagem, tingimento, galvanoplastia, anodiza\u00e7\u00e3o, corte, recorte, plastifica\u00e7\u00e3o, costura, acabamento, polimento e cong\u00eaneres de objetos quaisquer.\u00a0\u00a0<\/span><a href=\"http:\/\/www.planalto.gov.br\/ccivil_03\/leis\/LCP\/Lcp157.htm#art3\"><span style=\"font-size: 10.0pt; font-family: 'Arial','sans-serif'; mso-fareast-font-family: 'Times New Roman'; color: blue; mso-fareast-language: PT-BR;\">(Reda\u00e7\u00e3o dada pela Lei Complementar n\u00ba 157, de 2016)<\/span><\/a><\/p>\n<p class=\"MsoNormal\" style=\"mso-margin-top-alt: auto; mso-margin-bottom-alt: auto; text-indent: 26.25pt; line-height: normal;\"><span style=\"font-size: 10.0pt; font-family: 'Arial','sans-serif'; mso-fareast-font-family: 'Times New Roman'; mso-fareast-language: PT-BR;\">14.06 \u2013 Instala\u00e7\u00e3o e montagem de aparelhos, m\u00e1quinas e equipamentos, inclusive montagem industrial, prestados ao usu\u00e1rio final, exclusivamente com material por ele fornecido.<\/span><\/p>\n<p class=\"MsoNormal\" style=\"mso-margin-top-alt: auto; mso-margin-bottom-alt: auto; text-indent: 26.25pt; line-height: normal;\"><span style=\"font-size: 10.0pt; font-family: 'Arial','sans-serif'; mso-fareast-font-family: 'Times New Roman'; mso-fareast-language: PT-BR;\">14.07 \u2013 Coloca\u00e7\u00e3o de molduras e cong\u00eaneres.<\/span><\/p>\n<p class=\"MsoNormal\" style=\"mso-margin-top-alt: auto; mso-margin-bottom-alt: auto; text-indent: 26.25pt; line-height: normal;\"><span style=\"font-size: 10.0pt; font-family: 'Arial','sans-serif'; mso-fareast-font-family: 'Times New Roman'; mso-fareast-language: PT-BR;\">14.08 \u2013 Encaderna\u00e7\u00e3o, grava\u00e7\u00e3o e doura\u00e7\u00e3o de livros, revistas e cong\u00eaneres.<\/span><\/p>\n<p class=\"MsoNormal\" style=\"mso-margin-top-alt: auto; mso-margin-bottom-alt: auto; text-indent: 26.25pt; line-height: normal;\"><span style=\"font-size: 10.0pt; font-family: 'Arial','sans-serif'; mso-fareast-font-family: 'Times New Roman'; mso-fareast-language: PT-BR;\">14.09 \u2013 Alfaiataria e costura, quando o material for fornecido pelo usu\u00e1rio final, exceto aviamento.<\/span><\/p>\n<p class=\"MsoNormal\" style=\"mso-margin-top-alt: auto; mso-margin-bottom-alt: auto; text-indent: 26.25pt; line-height: normal;\"><span style=\"font-size: 10.0pt; font-family: 'Arial','sans-serif'; mso-fareast-font-family: 'Times New Roman'; mso-fareast-language: PT-BR;\">14.10 \u2013 Tinturaria e lavanderia.<\/span><\/p>\n<p class=\"MsoNormal\" style=\"mso-margin-top-alt: auto; mso-margin-bottom-alt: auto; text-indent: 26.25pt; line-height: normal;\"><span style=\"font-size: 10.0pt; font-family: 'Arial','sans-serif'; mso-fareast-font-family: 'Times New Roman'; mso-fareast-language: PT-BR;\">14.11 \u2013 Tape\u00e7aria e reforma de estofamentos em geral.<\/span><\/p>\n<p class=\"MsoNormal\" style=\"mso-margin-top-alt: auto; mso-margin-bottom-alt: auto; text-indent: 26.25pt; line-height: normal;\"><span style=\"font-size: 10.0pt; font-family: 'Arial','sans-serif'; mso-fareast-font-family: 'Times New Roman'; mso-fareast-language: PT-BR;\">14.12 \u2013 Funilaria e lanternagem.<\/span><\/p>\n<p class=\"MsoNormal\" style=\"mso-margin-top-alt: auto; mso-margin-bottom-alt: auto; text-indent: 26.25pt; line-height: normal;\"><span style=\"font-size: 10.0pt; font-family: 'Arial','sans-serif'; mso-fareast-font-family: 'Times New Roman'; mso-fareast-language: PT-BR;\">14.13 \u2013 Carpintaria e serralheria.<\/span><\/p>\n<p class=\"MsoNormal\" style=\"mso-margin-top-alt: auto; mso-margin-bottom-alt: auto; text-indent: 26.25pt; line-height: normal;\"><a name=\"lista14.14\"><\/a><span style=\"font-size: 10pt; font-family: Arial, sans-serif;\">14.14 &#8211; Guincho intramunicipal, guindaste e i\u00e7amento.\u00a0<\/span><a href=\"http:\/\/www.planalto.gov.br\/ccivil_03\/leis\/LCP\/Lcp157.htm#art3\"><span style=\"font-size: 10.0pt; font-family: 'Arial','sans-serif'; mso-fareast-font-family: 'Times New Roman'; color: blue; mso-fareast-language: PT-BR;\">(Reda\u00e7\u00e3o dada pela Lei Complementar n\u00ba 157, de 2016)<\/span><\/a><\/p>\n<p class=\"MsoNormal\" style=\"mso-margin-top-alt: auto; mso-margin-bottom-alt: auto; text-indent: 26.25pt; line-height: normal;\"><span style=\"font-size: 10.0pt; font-family: 'Arial','sans-serif'; mso-fareast-font-family: 'Times New Roman'; mso-fareast-language: PT-BR;\">15 \u2013 Servi\u00e7os relacionados ao setor banc\u00e1rio ou financeiro, inclusive aqueles prestados por institui\u00e7\u00f5es financeiras autorizadas a funcionar pela Uni\u00e3o ou por quem de direito.<\/span><\/p>\n<p class=\"MsoNormal\" style=\"mso-margin-top-alt: auto; mso-margin-bottom-alt: auto; text-indent: 26.25pt; line-height: normal;\"><span style=\"font-size: 10.0pt; font-family: 'Arial','sans-serif'; mso-fareast-font-family: 'Times New Roman'; mso-fareast-language: PT-BR;\">15.01 \u2013 Administra\u00e7\u00e3o de fundos quaisquer, de cons\u00f3rcio, de cart\u00e3o de cr\u00e9dito ou d\u00e9bito e cong\u00eaneres, de carteira de clientes, de cheques pr\u00e9-datados e cong\u00eaneres.<\/span><\/p>\n<p class=\"MsoNormal\" style=\"mso-margin-top-alt: auto; mso-margin-bottom-alt: auto; text-indent: 26.25pt; line-height: normal;\"><span style=\"font-size: 10.0pt; font-family: 'Arial','sans-serif'; mso-fareast-font-family: 'Times New Roman'; mso-fareast-language: PT-BR;\">15.02 \u2013 Abertura de contas em geral, inclusive conta-corrente, conta de investimentos e aplica\u00e7\u00e3o e caderneta de poupan\u00e7a, no Pa\u00eds e no exterior, bem como a manuten\u00e7\u00e3o das referidas contas ativas e inativas.<\/span><\/p>\n<p class=\"MsoNormal\" style=\"mso-margin-top-alt: auto; mso-margin-bottom-alt: auto; text-indent: 26.25pt; line-height: normal;\"><span style=\"font-size: 10.0pt; font-family: 'Arial','sans-serif'; mso-fareast-font-family: 'Times New Roman'; mso-fareast-language: PT-BR;\">15.03 \u2013 Loca\u00e7\u00e3o e manuten\u00e7\u00e3o de cofres particulares, de terminais eletr\u00f4nicos, de terminais de atendimento e de bens e equipamentos em geral.<\/span><\/p>\n<p class=\"MsoNormal\" style=\"mso-margin-top-alt: auto; mso-margin-bottom-alt: auto; text-indent: 26.25pt; line-height: normal;\"><span style=\"font-size: 10.0pt; font-family: 'Arial','sans-serif'; mso-fareast-font-family: 'Times New Roman'; mso-fareast-language: PT-BR;\">15.04 \u2013 Fornecimento ou emiss\u00e3o de atestados em geral, inclusive atestado de idoneidade, atestado de capacidade financeira e cong\u00eaneres.<\/span><\/p>\n<p class=\"MsoNormal\" style=\"mso-margin-top-alt: auto; mso-margin-bottom-alt: auto; text-indent: 26.25pt; line-height: normal;\"><span style=\"font-size: 10.0pt; font-family: 'Arial','sans-serif'; mso-fareast-font-family: 'Times New Roman'; mso-fareast-language: PT-BR;\">15.05 \u2013 Cadastro, elabora\u00e7\u00e3o de ficha cadastral, renova\u00e7\u00e3o cadastral e cong\u00eaneres, inclus\u00e3o ou exclus\u00e3o no Cadastro de Emitentes de Cheques sem Fundos \u2013 CCF ou em quaisquer outros bancos cadastrais.<\/span><\/p>\n<p class=\"MsoNormal\" style=\"mso-margin-top-alt: auto; mso-margin-bottom-alt: auto; text-indent: 26.25pt; line-height: normal;\"><span style=\"font-size: 10.0pt; font-family: 'Arial','sans-serif'; mso-fareast-font-family: 'Times New Roman'; mso-fareast-language: PT-BR;\">15.06 \u2013 Emiss\u00e3o, reemiss\u00e3o e fornecimento de avisos, comprovantes e documentos em geral; abono de firmas; coleta e entrega de documentos, bens e valores; comunica\u00e7\u00e3o com outra ag\u00eancia ou com a administra\u00e7\u00e3o central; licenciamento eletr\u00f4nico de ve\u00edculos; transfer\u00eancia de ve\u00edculos; agenciamento fiduci\u00e1rio ou deposit\u00e1rio; devolu\u00e7\u00e3o de bens em cust\u00f3dia.<\/span><\/p>\n<p class=\"MsoNormal\" style=\"mso-margin-top-alt: auto; mso-margin-bottom-alt: auto; text-indent: 26.25pt; line-height: normal;\"><span style=\"font-size: 10.0pt; font-family: 'Arial','sans-serif'; mso-fareast-font-family: 'Times New Roman'; mso-fareast-language: PT-BR;\">15.07 \u2013 Acesso, movimenta\u00e7\u00e3o, atendimento e consulta a contas em geral, por qualquer meio ou processo, inclusive por telefone, fac-s\u00edmile, internet e telex, acesso a terminais de atendimento, inclusive vinte e quatro horas; acesso a outro banco e a rede compartilhada; fornecimento de saldo, extrato e demais informa\u00e7\u00f5es relativas a contas em geral, por qualquer meio ou processo.<\/span><\/p>\n<p class=\"MsoNormal\" style=\"mso-margin-top-alt: auto; mso-margin-bottom-alt: auto; text-indent: 26.25pt; line-height: normal;\"><span style=\"font-size: 10.0pt; font-family: 'Arial','sans-serif'; mso-fareast-font-family: 'Times New Roman'; mso-fareast-language: PT-BR;\">15.08 \u2013 Emiss\u00e3o, reemiss\u00e3o, altera\u00e7\u00e3o, cess\u00e3o, substitui\u00e7\u00e3o, cancelamento e registro de contrato de cr\u00e9dito; estudo, an\u00e1lise e avalia\u00e7\u00e3o de opera\u00e7\u00f5es de cr\u00e9dito; emiss\u00e3o, concess\u00e3o, altera\u00e7\u00e3o ou contrata\u00e7\u00e3o de aval, fian\u00e7a, anu\u00eancia e cong\u00eaneres; servi\u00e7os relativos a abertura de cr\u00e9dito, para quaisquer fins.<\/span><\/p>\n<p class=\"MsoNormal\" style=\"mso-margin-top-alt: auto; mso-margin-bottom-alt: auto; text-indent: 26.25pt; line-height: normal;\"><span style=\"font-size: 10.0pt; font-family: 'Arial','sans-serif'; mso-fareast-font-family: 'Times New Roman'; mso-fareast-language: PT-BR;\">15.09 \u2013 Arrendamento mercantil (<b>leasing<\/b>) de quaisquer bens, inclusive cess\u00e3o de direitos e obriga\u00e7\u00f5es, substitui\u00e7\u00e3o de garantia, altera\u00e7\u00e3o, cancelamento e registro de contrato, e demais servi\u00e7os relacionados ao arrendamento mercantil (<b>leasing<\/b>).<\/span><\/p>\n<p class=\"MsoNormal\" style=\"mso-margin-top-alt: auto; mso-margin-bottom-alt: auto; text-indent: 26.25pt; line-height: normal;\"><span style=\"font-size: 10.0pt; font-family: 'Arial','sans-serif'; mso-fareast-font-family: 'Times New Roman'; mso-fareast-language: PT-BR;\">15.10 \u2013 Servi\u00e7os relacionados a cobran\u00e7as, recebimentos ou pagamentos em geral, de t\u00edtulos quaisquer, de contas ou carn\u00eas, de c\u00e2mbio, de tributos e por conta de terceiros, inclusive os efetuados por meio eletr\u00f4nico, autom\u00e1tico ou por m\u00e1quinas de atendimento; fornecimento de posi\u00e7\u00e3o de cobran\u00e7a, recebimento ou pagamento; emiss\u00e3o de carn\u00eas, fichas de compensa\u00e7\u00e3o, impressos e documentos em geral.<\/span><\/p>\n<p class=\"MsoNormal\" style=\"mso-margin-top-alt: auto; mso-margin-bottom-alt: auto; text-indent: 26.25pt; line-height: normal;\"><span style=\"font-size: 10.0pt; font-family: 'Arial','sans-serif'; mso-fareast-font-family: 'Times New Roman'; mso-fareast-language: PT-BR;\">15.11 \u2013 Devolu\u00e7\u00e3o de t\u00edtulos, protesto de t\u00edtulos, susta\u00e7\u00e3o de protesto, manuten\u00e7\u00e3o de t\u00edtulos, reapresenta\u00e7\u00e3o de t\u00edtulos, e demais servi\u00e7os a eles relacionados.<\/span><\/p>\n<p class=\"MsoNormal\" style=\"mso-margin-top-alt: auto; mso-margin-bottom-alt: auto; text-indent: 26.25pt; line-height: normal;\"><span style=\"font-size: 10.0pt; font-family: 'Arial','sans-serif'; mso-fareast-font-family: 'Times New Roman'; mso-fareast-language: PT-BR;\">15.12 \u2013 Cust\u00f3dia em geral, inclusive de t\u00edtulos e valores mobili\u00e1rios.<\/span><\/p>\n<p class=\"MsoNormal\" style=\"mso-margin-top-alt: auto; mso-margin-bottom-alt: auto; text-indent: 26.25pt; line-height: normal;\"><span style=\"font-size: 10.0pt; font-family: 'Arial','sans-serif'; mso-fareast-font-family: 'Times New Roman'; mso-fareast-language: PT-BR;\">15.13 \u2013 Servi\u00e7os relacionados a opera\u00e7\u00f5es de c\u00e2mbio em geral, edi\u00e7\u00e3o, altera\u00e7\u00e3o, prorroga\u00e7\u00e3o, cancelamento e baixa de contrato de c\u00e2mbio; emiss\u00e3o de registro de exporta\u00e7\u00e3o ou de cr\u00e9dito; cobran\u00e7a ou dep\u00f3sito no exterior; emiss\u00e3o, fornecimento e cancelamento de cheques de viagem; fornecimento, transfer\u00eancia, cancelamento e demais servi\u00e7os relativos a carta de cr\u00e9dito de importa\u00e7\u00e3o, exporta\u00e7\u00e3o e garantias recebidas; envio e recebimento de mensagens em geral relacionadas a opera\u00e7\u00f5es de c\u00e2mbio.<\/span><\/p>\n<p class=\"MsoNormal\" style=\"mso-margin-top-alt: auto; mso-margin-bottom-alt: auto; text-indent: 26.25pt; line-height: normal;\"><span style=\"font-size: 10.0pt; font-family: 'Arial','sans-serif'; mso-fareast-font-family: 'Times New Roman'; mso-fareast-language: PT-BR;\">15.14 \u2013 Fornecimento, emiss\u00e3o, reemiss\u00e3o, renova\u00e7\u00e3o e manuten\u00e7\u00e3o de cart\u00e3o magn\u00e9tico, cart\u00e3o de cr\u00e9dito, cart\u00e3o de d\u00e9bito, cart\u00e3o sal\u00e1rio e cong\u00eaneres.<\/span><\/p>\n<p class=\"MsoNormal\" style=\"mso-margin-top-alt: auto; mso-margin-bottom-alt: auto; text-indent: 26.25pt; line-height: normal;\"><span style=\"font-size: 10.0pt; font-family: 'Arial','sans-serif'; mso-fareast-font-family: 'Times New Roman'; mso-fareast-language: PT-BR;\">15.15 \u2013 Compensa\u00e7\u00e3o de cheques e t\u00edtulos quaisquer; servi\u00e7os relacionados a dep\u00f3sito, inclusive dep\u00f3sito identificado, a saque de contas quaisquer, por qualquer meio ou processo, inclusive em terminais eletr\u00f4nicos e de atendimento.<\/span><\/p>\n<p class=\"MsoNormal\" style=\"mso-margin-top-alt: auto; mso-margin-bottom-alt: auto; text-indent: 26.25pt; line-height: normal;\"><span style=\"font-size: 10.0pt; font-family: 'Arial','sans-serif'; mso-fareast-font-family: 'Times New Roman'; mso-fareast-language: PT-BR;\">15.16 \u2013 Emiss\u00e3o, reemiss\u00e3o, liquida\u00e7\u00e3o, altera\u00e7\u00e3o, cancelamento e baixa de ordens de pagamento, ordens de cr\u00e9dito e similares, por qualquer meio ou processo; servi\u00e7os relacionados \u00e0 transfer\u00eancia de valores, dados, fundos, pagamentos e similares, inclusive entre contas em geral.<\/span><\/p>\n<p class=\"MsoNormal\" style=\"mso-margin-top-alt: auto; mso-margin-bottom-alt: auto; text-indent: 26.25pt; line-height: normal;\"><span style=\"font-size: 10.0pt; font-family: 'Arial','sans-serif'; mso-fareast-font-family: 'Times New Roman'; mso-fareast-language: PT-BR;\">15.17 \u2013 Emiss\u00e3o, fornecimento, devolu\u00e7\u00e3o, susta\u00e7\u00e3o, cancelamento e oposi\u00e7\u00e3o de cheques quaisquer, avulso ou por tal\u00e3o.<\/span><\/p>\n<p class=\"MsoNormal\" style=\"mso-margin-top-alt: auto; mso-margin-bottom-alt: auto; text-indent: 26.25pt; line-height: normal;\"><span style=\"font-size: 10.0pt; font-family: 'Arial','sans-serif'; mso-fareast-font-family: 'Times New Roman'; mso-fareast-language: PT-BR;\">15.18 \u2013 Servi\u00e7os relacionados a cr\u00e9dito imobili\u00e1rio, avalia\u00e7\u00e3o e vistoria de im\u00f3vel ou obra, an\u00e1lise t\u00e9cnica e jur\u00eddica, emiss\u00e3o, reemiss\u00e3o, altera\u00e7\u00e3o, transfer\u00eancia e renegocia\u00e7\u00e3o de contrato, emiss\u00e3o e reemiss\u00e3o do termo de quita\u00e7\u00e3o e demais servi\u00e7os relacionados a cr\u00e9dito imobili\u00e1rio.<\/span><\/p>\n<p class=\"MsoNormal\" style=\"mso-margin-top-alt: auto; mso-margin-bottom-alt: auto; text-indent: 26.25pt; line-height: normal;\"><span style=\"font-size: 10.0pt; font-family: 'Arial','sans-serif'; mso-fareast-font-family: 'Times New Roman'; mso-fareast-language: PT-BR;\">16 \u2013 Servi\u00e7os de transporte de natureza municipal.<\/span><\/p>\n<p class=\"MsoNormal\" style=\"mso-margin-top-alt: auto; mso-margin-bottom-alt: auto; text-indent: 26.25pt; line-height: normal;\"><s><span style=\"font-size: 10.0pt; font-family: 'Arial','sans-serif'; mso-fareast-font-family: 'Times New Roman'; mso-fareast-language: PT-BR;\">16.01 \u2013 Servi\u00e7os de transporte de natureza municipal.<\/span><\/s><\/p>\n<p class=\"MsoNormal\" style=\"mso-margin-top-alt: auto; mso-margin-bottom-alt: auto; text-align: justify; text-indent: 26.25pt; line-height: normal; vertical-align: baseline;\"><a name=\"lista16.01\"><\/a><span style=\"font-size: 10pt; font-family: Arial, sans-serif;\">16.01 &#8211; Servi\u00e7os de transporte coletivo municipal rodovi\u00e1rio, metrovi\u00e1rio, ferrovi\u00e1rio e aquavi\u00e1rio de passageiros.\u00a0<\/span><a href=\"http:\/\/www.planalto.gov.br\/ccivil_03\/leis\/LCP\/Lcp157.htm#art3\"><span style=\"font-size: 10.0pt; font-family: 'Arial','sans-serif'; mso-fareast-font-family: 'Times New Roman'; color: blue; mso-fareast-language: PT-BR;\">(Reda\u00e7\u00e3o dada pela Lei Complementar n\u00ba 157, de 2016)<\/span><\/a><\/p>\n<p class=\"MsoNormal\" style=\"mso-margin-top-alt: auto; mso-margin-bottom-alt: auto; text-align: justify; text-indent: 26.25pt; line-height: normal; vertical-align: baseline;\"><span style=\"font-size: 10pt; font-family: Arial, sans-serif;\">16.02 &#8211; Outros servi\u00e7os de transporte de natureza municipal.\u00a0<\/span><a href=\"http:\/\/www.planalto.gov.br\/ccivil_03\/leis\/LCP\/Lcp157.htm#art3\"><span style=\"font-size: 10.0pt; font-family: 'Arial','sans-serif'; mso-fareast-font-family: 'Times New Roman'; color: blue; mso-fareast-language: PT-BR;\">(Inclu\u00eddo pela Lei Complementar n\u00ba 157, de 2016)<\/span><\/a><\/p>\n<p class=\"MsoNormal\" style=\"mso-margin-top-alt: auto; mso-margin-bottom-alt: auto; text-indent: 26.25pt; line-height: normal;\"><span style=\"font-size: 10.0pt; font-family: 'Arial','sans-serif'; mso-fareast-font-family: 'Times New Roman'; mso-fareast-language: PT-BR;\">17 \u2013 Servi\u00e7os de apoio t\u00e9cnico, administrativo, jur\u00eddico, cont\u00e1bil, comercial e cong\u00eaneres.<\/span><\/p>\n<p class=\"MsoNormal\" style=\"mso-margin-top-alt: auto; mso-margin-bottom-alt: auto; text-indent: 26.25pt; line-height: normal;\"><span style=\"font-size: 10.0pt; font-family: 'Arial','sans-serif'; mso-fareast-font-family: 'Times New Roman'; mso-fareast-language: PT-BR;\">17.01 \u2013 Assessoria ou consultoria de qualquer natureza, n\u00e3o contida em outros itens desta lista; an\u00e1lise, exame, pesquisa, coleta, compila\u00e7\u00e3o e fornecimento de dados e informa\u00e7\u00f5es de qualquer natureza, inclusive cadastro e similares.<\/span><\/p>\n<p class=\"MsoNormal\" style=\"mso-margin-top-alt: auto; mso-margin-bottom-alt: auto; text-indent: 26.25pt; line-height: normal;\"><span style=\"font-size: 10.0pt; font-family: 'Arial','sans-serif'; mso-fareast-font-family: 'Times New Roman'; mso-fareast-language: PT-BR;\">17.02 \u2013 Datilografia, digita\u00e7\u00e3o, estenografia, expediente, secretaria em geral, resposta aud\u00edvel, reda\u00e7\u00e3o, edi\u00e7\u00e3o, interpreta\u00e7\u00e3o, revis\u00e3o, tradu\u00e7\u00e3o, apoio e infra-estrutura administrativa e cong\u00eaneres.<\/span><\/p>\n<p class=\"MsoNormal\" style=\"mso-margin-top-alt: auto; mso-margin-bottom-alt: auto; text-indent: 26.25pt; line-height: normal;\"><span style=\"font-size: 10.0pt; font-family: 'Arial','sans-serif'; mso-fareast-font-family: 'Times New Roman'; mso-fareast-language: PT-BR;\">17.03 \u2013 Planejamento, coordena\u00e7\u00e3o, programa\u00e7\u00e3o ou organiza\u00e7\u00e3o t\u00e9cnica, financeira ou administrativa.<\/span><\/p>\n<p class=\"MsoNormal\" style=\"mso-margin-top-alt: auto; mso-margin-bottom-alt: auto; text-indent: 26.25pt; line-height: normal;\"><span style=\"font-size: 10.0pt; font-family: 'Arial','sans-serif'; mso-fareast-font-family: 'Times New Roman'; mso-fareast-language: PT-BR;\">17.04 \u2013 Recrutamento, agenciamento, sele\u00e7\u00e3o e coloca\u00e7\u00e3o de m\u00e3o-de-obra.<\/span><\/p>\n<p class=\"MsoNormal\" style=\"mso-margin-top-alt: auto; mso-margin-bottom-alt: auto; text-indent: 26.25pt; line-height: normal;\"><span style=\"font-size: 10.0pt; font-family: 'Arial','sans-serif'; mso-fareast-font-family: 'Times New Roman'; mso-fareast-language: PT-BR;\">17.05 \u2013 Fornecimento de m\u00e3o-de-obra, mesmo em car\u00e1ter tempor\u00e1rio, inclusive de empregados ou trabalhadores, avulsos ou tempor\u00e1rios, contratados pelo prestador de servi\u00e7o.<\/span><\/p>\n<p class=\"MsoNormal\" style=\"mso-margin-top-alt: auto; mso-margin-bottom-alt: auto; text-indent: 26.25pt; line-height: normal;\"><span style=\"font-size: 10.0pt; font-family: 'Arial','sans-serif'; mso-fareast-font-family: 'Times New Roman'; mso-fareast-language: PT-BR;\">17.06 \u2013 Propaganda e publicidade, inclusive promo\u00e7\u00e3o de vendas, planejamento de campanhas ou sistemas de publicidade, elabora\u00e7\u00e3o de desenhos, textos e demais materiais publicit\u00e1rios.<\/span><\/p>\n<p class=\"MsoNormal\" style=\"mso-margin-top-alt: auto; mso-margin-bottom-alt: auto; text-indent: 26.25pt; line-height: normal;\"><span style=\"font-size: 10.0pt; font-family: 'Arial','sans-serif'; mso-fareast-font-family: 'Times New Roman'; mso-fareast-language: PT-BR;\">17.07 \u2013\u00a0\u00a0\u00a0(VETADO)<\/span><\/p>\n<p class=\"MsoNormal\" style=\"mso-margin-top-alt: auto; mso-margin-bottom-alt: auto; text-indent: 26.25pt; line-height: normal;\"><span style=\"font-size: 10.0pt; font-family: 'Arial','sans-serif'; mso-fareast-font-family: 'Times New Roman'; mso-fareast-language: PT-BR;\">17.08 \u2013 Franquia (<b>franchising<\/b>).<\/span><\/p>\n<p class=\"MsoNormal\" style=\"mso-margin-top-alt: auto; mso-margin-bottom-alt: auto; text-indent: 26.25pt; line-height: normal;\"><span style=\"font-size: 10.0pt; font-family: 'Arial','sans-serif'; mso-fareast-font-family: 'Times New Roman'; mso-fareast-language: PT-BR;\">17.09 \u2013 Per\u00edcias, laudos, exames t\u00e9cnicos e an\u00e1lises t\u00e9cnicas.<\/span><\/p>\n<p class=\"MsoNormal\" style=\"mso-margin-top-alt: auto; mso-margin-bottom-alt: auto; text-indent: 26.25pt; line-height: normal;\"><span style=\"font-size: 10.0pt; font-family: 'Arial','sans-serif'; mso-fareast-font-family: 'Times New Roman'; mso-fareast-language: PT-BR;\">17.10 \u2013 Planejamento, organiza\u00e7\u00e3o e administra\u00e7\u00e3o de feiras, exposi\u00e7\u00f5es, congressos e cong\u00eaneres.<\/span><\/p>\n<p class=\"MsoNormal\" style=\"mso-margin-top-alt: auto; mso-margin-bottom-alt: auto; text-indent: 26.25pt; line-height: normal;\"><span style=\"font-size: 10.0pt; font-family: 'Arial','sans-serif'; mso-fareast-font-family: 'Times New Roman'; mso-fareast-language: PT-BR;\">17.11 \u2013 Organiza\u00e7\u00e3o de festas e recep\u00e7\u00f5es; buf\u00ea (exceto o fornecimento de alimenta\u00e7\u00e3o e bebidas, que fica sujeito ao ICMS).<\/span><\/p>\n<p class=\"MsoNormal\" style=\"mso-margin-top-alt: auto; mso-margin-bottom-alt: auto; text-indent: 26.25pt; line-height: normal;\"><span style=\"font-size: 10.0pt; font-family: 'Arial','sans-serif'; mso-fareast-font-family: 'Times New Roman'; mso-fareast-language: PT-BR;\">17.12 \u2013 Administra\u00e7\u00e3o em geral, inclusive de bens e neg\u00f3cios de terceiros.<\/span><\/p>\n<p class=\"MsoNormal\" style=\"mso-margin-top-alt: auto; mso-margin-bottom-alt: auto; text-indent: 26.25pt; line-height: normal;\"><span style=\"font-size: 10.0pt; font-family: 'Arial','sans-serif'; mso-fareast-font-family: 'Times New Roman'; mso-fareast-language: PT-BR;\">17.13 \u2013 Leil\u00e3o e cong\u00eaneres.<\/span><\/p>\n<p class=\"MsoNormal\" style=\"mso-margin-top-alt: auto; mso-margin-bottom-alt: auto; text-indent: 26.25pt; line-height: normal;\"><span style=\"font-size: 10.0pt; font-family: 'Arial','sans-serif'; mso-fareast-font-family: 'Times New Roman'; mso-fareast-language: PT-BR;\">17.14 \u2013 Advocacia.<\/span><\/p>\n<p class=\"MsoNormal\" style=\"mso-margin-top-alt: auto; mso-margin-bottom-alt: auto; text-indent: 26.25pt; line-height: normal;\"><span style=\"font-size: 10.0pt; font-family: 'Arial','sans-serif'; mso-fareast-font-family: 'Times New Roman'; mso-fareast-language: PT-BR;\">17.15 \u2013 Arbitragem de qualquer esp\u00e9cie, inclusive jur\u00eddica.<\/span><\/p>\n<p class=\"MsoNormal\" style=\"mso-margin-top-alt: auto; mso-margin-bottom-alt: auto; text-indent: 26.25pt; line-height: normal;\"><span style=\"font-size: 10.0pt; font-family: 'Arial','sans-serif'; mso-fareast-font-family: 'Times New Roman'; mso-fareast-language: PT-BR;\">17.16 \u2013 Auditoria.<\/span><\/p>\n<p class=\"MsoNormal\" style=\"mso-margin-top-alt: auto; mso-margin-bottom-alt: auto; text-indent: 26.25pt; line-height: normal;\"><span style=\"font-size: 10.0pt; font-family: 'Arial','sans-serif'; mso-fareast-font-family: 'Times New Roman'; mso-fareast-language: PT-BR;\">17.17 \u2013 An\u00e1lise de Organiza\u00e7\u00e3o e M\u00e9todos.<\/span><\/p>\n<p class=\"MsoNormal\" style=\"mso-margin-top-alt: auto; mso-margin-bottom-alt: auto; text-indent: 26.25pt; line-height: normal;\"><span style=\"font-size: 10.0pt; font-family: 'Arial','sans-serif'; mso-fareast-font-family: 'Times New Roman'; mso-fareast-language: PT-BR;\">17.18 \u2013 Atu\u00e1ria e c\u00e1lculos t\u00e9cnicos de qualquer natureza.<\/span><\/p>\n<p class=\"MsoNormal\" style=\"mso-margin-top-alt: auto; mso-margin-bottom-alt: auto; text-indent: 26.25pt; line-height: normal;\"><span style=\"font-size: 10.0pt; font-family: 'Arial','sans-serif'; mso-fareast-font-family: 'Times New Roman'; mso-fareast-language: PT-BR;\">17.19 \u2013 Contabilidade, inclusive servi\u00e7os t\u00e9cnicos e auxiliares.<\/span><\/p>\n<p class=\"MsoNormal\" style=\"mso-margin-top-alt: auto; mso-margin-bottom-alt: auto; text-indent: 26.25pt; line-height: normal;\"><span style=\"font-size: 10.0pt; font-family: 'Arial','sans-serif'; mso-fareast-font-family: 'Times New Roman'; mso-fareast-language: PT-BR;\">17.20 \u2013 Consultoria e assessoria econ\u00f4mica ou financeira.<\/span><\/p>\n<p class=\"MsoNormal\" style=\"mso-margin-top-alt: auto; mso-margin-bottom-alt: auto; text-indent: 26.25pt; line-height: normal;\"><span style=\"font-size: 10.0pt; font-family: 'Arial','sans-serif'; mso-fareast-font-family: 'Times New Roman'; mso-fareast-language: PT-BR;\">17.21 \u2013 Estat\u00edstica.<\/span><\/p>\n<p class=\"MsoNormal\" style=\"mso-margin-top-alt: auto; mso-margin-bottom-alt: auto; text-indent: 26.25pt; line-height: normal;\"><span style=\"font-size: 10.0pt; font-family: 'Arial','sans-serif'; mso-fareast-font-family: 'Times New Roman'; mso-fareast-language: PT-BR;\">17.22 \u2013 Cobran\u00e7a em geral.<\/span><\/p>\n<p class=\"MsoNormal\" style=\"mso-margin-top-alt: auto; mso-margin-bottom-alt: auto; text-indent: 26.25pt; line-height: normal;\"><span style=\"font-size: 10.0pt; font-family: 'Arial','sans-serif'; mso-fareast-font-family: 'Times New Roman'; mso-fareast-language: PT-BR;\">17.23 \u2013 Assessoria, an\u00e1lise, avalia\u00e7\u00e3o, atendimento, consulta, cadastro, sele\u00e7\u00e3o, gerenciamento de informa\u00e7\u00f5es, administra\u00e7\u00e3o de contas a receber ou a pagar e em geral, relacionados a opera\u00e7\u00f5es de faturiza\u00e7\u00e3o (<b>factoring<\/b>).<\/span><\/p>\n<p class=\"MsoNormal\" style=\"mso-margin-top-alt: auto; mso-margin-bottom-alt: auto; text-indent: 26.25pt; line-height: normal;\"><span style=\"font-size: 10.0pt; font-family: 'Arial','sans-serif'; mso-fareast-font-family: 'Times New Roman'; mso-fareast-language: PT-BR;\">17.24 \u2013 Apresenta\u00e7\u00e3o de palestras, confer\u00eancias, semin\u00e1rios e cong\u00eaneres.<\/span><\/p>\n<p class=\"MsoNormal\" style=\"mso-margin-top-alt: auto; mso-margin-bottom-alt: auto; text-indent: 26.25pt; line-height: normal;\"><a name=\"lista17.25\"><\/a><span style=\"font-size: 10pt; font-family: Arial, sans-serif;\">17.25 &#8211; Inser\u00e7\u00e3o de textos, desenhos e outros materiais de propaganda e publicidade, em qualquer meio (exceto em livros, jornais, peri\u00f3dicos e nas modalidades de servi\u00e7os de radiodifus\u00e3o sonora e de sons e imagens de recep\u00e7\u00e3o livre e gratuita).\u00a0<\/span><a href=\"http:\/\/www.planalto.gov.br\/ccivil_03\/leis\/LCP\/Lcp157.htm#art3\"><span style=\"font-size: 10.0pt; font-family: 'Arial','sans-serif'; mso-fareast-font-family: 'Times New Roman'; color: blue; mso-fareast-language: PT-BR;\">(Inclu\u00eddo pela Lei Complementar n\u00ba 157, de 2016)<\/span><\/a><\/p>\n<p class=\"MsoNormal\" style=\"mso-margin-top-alt: auto; mso-margin-bottom-alt: auto; text-indent: 26.25pt; line-height: normal;\"><span style=\"font-size: 10.0pt; font-family: 'Arial','sans-serif'; mso-fareast-font-family: 'Times New Roman'; mso-fareast-language: PT-BR;\">18 \u2013 Servi\u00e7os de regula\u00e7\u00e3o de sinistros vinculados a contratos de seguros; inspe\u00e7\u00e3o e avalia\u00e7\u00e3o de riscos para cobertura de contratos de seguros; preven\u00e7\u00e3o e ger\u00eancia de riscos segur\u00e1veis e cong\u00eaneres.<\/span><\/p>\n<p class=\"MsoNormal\" style=\"mso-margin-top-alt: auto; mso-margin-bottom-alt: auto; text-indent: 26.25pt; line-height: normal;\"><span style=\"font-size: 10.0pt; font-family: 'Arial','sans-serif'; mso-fareast-font-family: 'Times New Roman'; mso-fareast-language: PT-BR;\">18.01 &#8211; Servi\u00e7os de regula\u00e7\u00e3o de sinistros vinculados a contratos de seguros; inspe\u00e7\u00e3o e avalia\u00e7\u00e3o de riscos para cobertura de contratos de seguros; preven\u00e7\u00e3o e ger\u00eancia de riscos segur\u00e1veis e cong\u00eaneres.<\/span><\/p>\n<p class=\"MsoNormal\" style=\"mso-margin-top-alt: auto; mso-margin-bottom-alt: auto; text-indent: 26.25pt; line-height: normal;\"><span style=\"font-size: 10.0pt; font-family: 'Arial','sans-serif'; mso-fareast-font-family: 'Times New Roman'; mso-fareast-language: PT-BR;\">19 \u2013 Servi\u00e7os de distribui\u00e7\u00e3o e venda de bilhetes e demais produtos de loteria, bingos, cart\u00f5es, pules ou cupons de apostas, sorteios, pr\u00eamios, inclusive os decorrentes de t\u00edtulos de capitaliza\u00e7\u00e3o e cong\u00eaneres.<\/span><\/p>\n<p class=\"MsoNormal\" style=\"mso-margin-top-alt: auto; mso-margin-bottom-alt: auto; text-indent: 26.25pt; line-height: normal;\"><span style=\"font-size: 10.0pt; font-family: 'Arial','sans-serif'; mso-fareast-font-family: 'Times New Roman'; mso-fareast-language: PT-BR;\">19.01 &#8211; Servi\u00e7os de distribui\u00e7\u00e3o e venda de bilhetes e demais produtos de loteria, bingos, cart\u00f5es, pules ou cupons de apostas, sorteios, pr\u00eamios, inclusive os decorrentes de t\u00edtulos de capitaliza\u00e7\u00e3o e cong\u00eaneres.<\/span><\/p>\n<p class=\"MsoNormal\" style=\"mso-margin-top-alt: auto; mso-margin-bottom-alt: auto; text-indent: 26.25pt; line-height: normal;\"><span style=\"font-size: 10.0pt; font-family: 'Arial','sans-serif'; mso-fareast-font-family: 'Times New Roman'; mso-fareast-language: PT-BR;\">20 \u2013 Servi\u00e7os portu\u00e1rios, aeroportu\u00e1rios, ferroportu\u00e1rios, de terminais rodovi\u00e1rios, ferrovi\u00e1rios e metrovi\u00e1rios.<\/span><\/p>\n<p class=\"MsoNormal\" style=\"mso-margin-top-alt: auto; mso-margin-bottom-alt: auto; text-indent: 26.25pt; line-height: normal;\"><span style=\"font-size: 10.0pt; font-family: 'Arial','sans-serif'; mso-fareast-font-family: 'Times New Roman'; mso-fareast-language: PT-BR;\">20.01 \u2013 Servi\u00e7os portu\u00e1rios, ferroportu\u00e1rios, utiliza\u00e7\u00e3o de porto, movimenta\u00e7\u00e3o de passageiros, reboque de embarca\u00e7\u00f5es, rebocador escoteiro, atraca\u00e7\u00e3o, desatraca\u00e7\u00e3o, servi\u00e7os de praticagem, capatazia, armazenagem de qualquer natureza, servi\u00e7os acess\u00f3rios, movimenta\u00e7\u00e3o de mercadorias, servi\u00e7os de apoio mar\u00edtimo, de movimenta\u00e7\u00e3o ao largo, servi\u00e7os de armadores, estiva, confer\u00eancia, log\u00edstica e cong\u00eaneres.<\/span><\/p>\n<p class=\"MsoNormal\" style=\"mso-margin-top-alt: auto; mso-margin-bottom-alt: auto; text-indent: 26.25pt; line-height: normal;\"><span style=\"font-size: 10.0pt; font-family: 'Arial','sans-serif'; mso-fareast-font-family: 'Times New Roman'; mso-fareast-language: PT-BR;\">20.02 \u2013 Servi\u00e7os aeroportu\u00e1rios, utiliza\u00e7\u00e3o de aeroporto, movimenta\u00e7\u00e3o de passageiros, armazenagem de qualquer natureza, capatazia, movimenta\u00e7\u00e3o de aeronaves, servi\u00e7os de apoio aeroportu\u00e1rios, servi\u00e7os acess\u00f3rios, movimenta\u00e7\u00e3o de mercadorias, log\u00edstica e cong\u00eaneres.<\/span><\/p>\n<p class=\"MsoNormal\" style=\"mso-margin-top-alt: auto; mso-margin-bottom-alt: auto; text-indent: 26.25pt; line-height: normal;\"><span style=\"font-size: 10.0pt; font-family: 'Arial','sans-serif'; mso-fareast-font-family: 'Times New Roman'; mso-fareast-language: PT-BR;\">20.03 \u2013 Servi\u00e7os de terminais rodovi\u00e1rios, ferrovi\u00e1rios, metrovi\u00e1rios, movimenta\u00e7\u00e3o de passageiros, mercadorias, inclusive\u00a0\u00a0\u00a0\u00a0 suas opera\u00e7\u00f5es, log\u00edstica e cong\u00eaneres.<\/span><\/p>\n<p class=\"MsoNormal\" style=\"mso-margin-top-alt: auto; mso-margin-bottom-alt: auto; text-indent: 26.25pt; line-height: normal;\"><span style=\"font-size: 10.0pt; font-family: 'Arial','sans-serif'; mso-fareast-font-family: 'Times New Roman'; mso-fareast-language: PT-BR;\">21 \u2013 Servi\u00e7os de registros p\u00fablicos, cartor\u00e1rios e notariais.<\/span><\/p>\n<p class=\"MsoNormal\" style=\"mso-margin-top-alt: auto; mso-margin-bottom-alt: auto; text-indent: 26.25pt; line-height: normal;\"><span style=\"font-size: 10.0pt; font-family: 'Arial','sans-serif'; mso-fareast-font-family: 'Times New Roman'; mso-fareast-language: PT-BR;\">21.01 &#8211; Servi\u00e7os de registros p\u00fablicos, cartor\u00e1rios e notariais.<\/span><\/p>\n<p class=\"MsoNormal\" style=\"mso-margin-top-alt: auto; mso-margin-bottom-alt: auto; text-indent: 26.25pt; line-height: normal;\"><span style=\"font-size: 10.0pt; font-family: 'Arial','sans-serif'; mso-fareast-font-family: 'Times New Roman'; mso-fareast-language: PT-BR;\">22 \u2013 Servi\u00e7os de explora\u00e7\u00e3o de rodovia.<\/span><\/p>\n<p class=\"MsoNormal\" style=\"mso-margin-top-alt: auto; mso-margin-bottom-alt: auto; text-indent: 26.25pt; line-height: normal;\"><span style=\"font-size: 10.0pt; font-family: 'Arial','sans-serif'; mso-fareast-font-family: 'Times New Roman'; mso-fareast-language: PT-BR;\">22.01 \u2013 Servi\u00e7os de explora\u00e7\u00e3o de rodovia mediante cobran\u00e7a de pre\u00e7o ou ped\u00e1gio dos usu\u00e1rios, envolvendo execu\u00e7\u00e3o de servi\u00e7os de conserva\u00e7\u00e3o, manuten\u00e7\u00e3o, melhoramentos para adequa\u00e7\u00e3o de capacidade e seguran\u00e7a de tr\u00e2nsito, opera\u00e7\u00e3o, monitora\u00e7\u00e3o, assist\u00eancia aos usu\u00e1rios e outros servi\u00e7os definidos em contratos, atos de concess\u00e3o ou de permiss\u00e3o ou em \u00a0\u00a0\u00a0\u00a0 normas oficiais.<\/span><\/p>\n<p class=\"MsoNormal\" style=\"mso-margin-top-alt: auto; mso-margin-bottom-alt: auto; text-indent: 26.25pt; line-height: normal;\"><span style=\"font-size: 10.0pt; font-family: 'Arial','sans-serif'; mso-fareast-font-family: 'Times New Roman'; mso-fareast-language: PT-BR;\">23 \u2013 Servi\u00e7os de programa\u00e7\u00e3o e comunica\u00e7\u00e3o visual, desenho industrial e cong\u00eaneres.<\/span><\/p>\n<p class=\"MsoNormal\" style=\"mso-margin-top-alt: auto; mso-margin-bottom-alt: auto; text-indent: 26.25pt; line-height: normal;\"><span style=\"font-size: 10.0pt; font-family: 'Arial','sans-serif'; mso-fareast-font-family: 'Times New Roman'; mso-fareast-language: PT-BR;\">23.01 \u2013 Servi\u00e7os de programa\u00e7\u00e3o e comunica\u00e7\u00e3o visual, desenho industrial e cong\u00eaneres.<\/span><\/p>\n<p class=\"MsoNormal\" style=\"mso-margin-top-alt: auto; mso-margin-bottom-alt: auto; text-indent: 26.25pt; line-height: normal;\"><span style=\"font-size: 10.0pt; font-family: 'Arial','sans-serif'; mso-fareast-font-family: 'Times New Roman'; mso-fareast-language: PT-BR;\">24 \u2013 Servi\u00e7os de chaveiros, confec\u00e7\u00e3o de carimbos, placas, sinaliza\u00e7\u00e3o visual,\u00a0<b>banners<\/b>, adesivos e cong\u00eaneres.<\/span><\/p>\n<p class=\"MsoNormal\" style=\"mso-margin-top-alt: auto; mso-margin-bottom-alt: auto; text-indent: 26.25pt; line-height: normal;\"><span style=\"font-size: 10.0pt; font-family: 'Arial','sans-serif'; mso-fareast-font-family: 'Times New Roman'; mso-fareast-language: PT-BR;\">24.01 &#8211; Servi\u00e7os de chaveiros, confec\u00e7\u00e3o de carimbos, placas, sinaliza\u00e7\u00e3o visual,\u00a0<b>banners<\/b>, adesivos e cong\u00eaneres.<\/span><\/p>\n<p class=\"MsoNormal\" style=\"mso-margin-top-alt: auto; mso-margin-bottom-alt: auto; text-indent: 26.25pt; line-height: normal;\"><span style=\"font-size: 10.0pt; font-family: 'Arial','sans-serif'; mso-fareast-font-family: 'Times New Roman'; mso-fareast-language: PT-BR;\">25 &#8211; Servi\u00e7os funer\u00e1rios.<\/span><\/p>\n<p class=\"MsoNormal\" style=\"mso-margin-top-alt: auto; mso-margin-bottom-alt: auto; text-indent: 26.25pt; line-height: normal;\"><span style=\"font-size: 10.0pt; font-family: 'Arial','sans-serif'; mso-fareast-font-family: 'Times New Roman'; mso-fareast-language: PT-BR;\">25.01 \u2013 Funerais, inclusive fornecimento de caix\u00e3o, urna ou esquifes; aluguel de capela; transporte do corpo cadav\u00e9rico; fornecimento de flores, coroas e outros paramentos; desembara\u00e7o de certid\u00e3o de \u00f3bito; fornecimento de v\u00e9u, essa e outros adornos; embalsamento, embelezamento, conserva\u00e7\u00e3o ou restaura\u00e7\u00e3o de cad\u00e1veres.<\/span><\/p>\n<p class=\"MsoNormal\" style=\"mso-margin-top-alt: auto; mso-margin-bottom-alt: auto; text-indent: 26.25pt; line-height: normal;\"><s><span style=\"font-size: 10.0pt; font-family: 'Arial','sans-serif'; mso-fareast-font-family: 'Times New Roman'; mso-fareast-language: PT-BR;\">25.02 \u2013 Crema\u00e7\u00e3o de corpos e partes de corpos cadav\u00e9ricos.<\/span><\/s><\/p>\n<p class=\"MsoNormal\" style=\"mso-margin-top-alt: auto; mso-margin-bottom-alt: auto; text-indent: 26.25pt; line-height: normal;\"><a name=\"lista25.02\"><\/a><span style=\"font-size: 10pt; font-family: Arial, sans-serif;\">25.02 &#8211; Translado intramunicipal e crema\u00e7\u00e3o de corpos e partes de corpos cadav\u00e9ricos.\u00a0\u00a0<\/span><a href=\"http:\/\/www.planalto.gov.br\/ccivil_03\/leis\/LCP\/Lcp157.htm#art3\"><span style=\"font-size: 10.0pt; font-family: 'Arial','sans-serif'; mso-fareast-font-family: 'Times New Roman'; color: blue; mso-fareast-language: PT-BR;\">(Reda\u00e7\u00e3o dada pela Lei Complementar n\u00ba 157, de 2016)<\/span><\/a><\/p>\n<p class=\"MsoNormal\" style=\"mso-margin-top-alt: auto; mso-margin-bottom-alt: auto; text-indent: 26.25pt; line-height: normal;\"><span style=\"font-size: 10.0pt; font-family: 'Arial','sans-serif'; mso-fareast-font-family: 'Times New Roman'; mso-fareast-language: PT-BR;\">25.03 \u2013 Planos ou conv\u00eanio funer\u00e1rios.<\/span><\/p>\n<p class=\"MsoNormal\" style=\"mso-margin-top-alt: auto; mso-margin-bottom-alt: auto; text-indent: 26.25pt; line-height: normal;\"><span style=\"font-size: 10.0pt; font-family: 'Arial','sans-serif'; mso-fareast-font-family: 'Times New Roman'; mso-fareast-language: PT-BR;\">25.04 \u2013 Manuten\u00e7\u00e3o e conserva\u00e7\u00e3o de jazigos e cemit\u00e9rios.<\/span><\/p>\n<p class=\"MsoNormal\" style=\"mso-margin-top-alt: auto; mso-margin-bottom-alt: auto; text-indent: 26.25pt; line-height: normal;\"><a name=\"lista25.05\"><\/a><span style=\"font-size: 10pt; font-family: Arial, sans-serif;\">25.05 &#8211; Cess\u00e3o de uso de espa\u00e7os em cemit\u00e9rios para sepultamento.\u00a0<\/span><a href=\"http:\/\/www.planalto.gov.br\/ccivil_03\/leis\/LCP\/Lcp157.htm#art3\"><span style=\"font-size: 10.0pt; font-family: 'Arial','sans-serif'; mso-fareast-font-family: 'Times New Roman'; color: blue; mso-fareast-language: PT-BR;\">(Inclu\u00eddo pela Lei Complementar n\u00ba 157, de 2016)<\/span><\/a><\/p>\n<p class=\"MsoNormal\" style=\"mso-margin-top-alt: auto; mso-margin-bottom-alt: auto; text-indent: 26.25pt; line-height: normal;\"><span style=\"font-size: 10.0pt; font-family: 'Arial','sans-serif'; mso-fareast-font-family: 'Times New Roman'; mso-fareast-language: PT-BR;\">26 \u2013 Servi\u00e7os de coleta, remessa ou entrega de correspond\u00eancias, documentos, objetos, bens ou valores, inclusive pelos correios e suas ag\u00eancias franqueadas;\u00a0<b>courrier<\/b><i>\u00a0<\/i>e cong\u00eaneres.<\/span><\/p>\n<p class=\"MsoNormal\" style=\"mso-margin-top-alt: auto; mso-margin-bottom-alt: auto; text-indent: 26.25pt; line-height: normal;\"><span style=\"font-size: 10.0pt; font-family: 'Arial','sans-serif'; mso-fareast-font-family: 'Times New Roman'; mso-fareast-language: PT-BR;\">26.01 \u2013 Servi\u00e7os de coleta, remessa ou entrega de correspond\u00eancias, documentos, objetos, bens ou valores, inclusive pelos correios e suas ag\u00eancias franqueadas;\u00a0<b>courrier\u00a0<\/b>e cong\u00eaneres.<\/span><\/p>\n<p class=\"MsoNormal\" style=\"mso-margin-top-alt: auto; mso-margin-bottom-alt: auto; text-indent: 26.25pt; line-height: normal;\"><span style=\"font-size: 10.0pt; font-family: 'Arial','sans-serif'; mso-fareast-font-family: 'Times New Roman'; mso-fareast-language: PT-BR;\">27 \u2013 Servi\u00e7os de assist\u00eancia social.<\/span><\/p>\n<p class=\"MsoNormal\" style=\"mso-margin-top-alt: auto; mso-margin-bottom-alt: auto; text-indent: 26.25pt; line-height: normal;\"><span style=\"font-size: 10.0pt; font-family: 'Arial','sans-serif'; mso-fareast-font-family: 'Times New Roman'; mso-fareast-language: PT-BR;\">27.01 \u2013 Servi\u00e7os de assist\u00eancia social.<\/span><\/p>\n<p class=\"MsoNormal\" style=\"mso-margin-top-alt: auto; mso-margin-bottom-alt: auto; text-indent: 26.25pt; line-height: normal;\"><span style=\"font-size: 10.0pt; font-family: 'Arial','sans-serif'; mso-fareast-font-family: 'Times New Roman'; mso-fareast-language: PT-BR;\">28 \u2013 Servi\u00e7os de avalia\u00e7\u00e3o de bens e servi\u00e7os de qualquer natureza.<\/span><\/p>\n<p class=\"MsoNormal\" style=\"mso-margin-top-alt: auto; mso-margin-bottom-alt: auto; text-indent: 26.25pt; line-height: normal;\"><span style=\"font-size: 10.0pt; font-family: 'Arial','sans-serif'; mso-fareast-font-family: 'Times New Roman'; mso-fareast-language: PT-BR;\">28.01 \u2013 Servi\u00e7os de avalia\u00e7\u00e3o de bens e servi\u00e7os de qualquer natureza.<\/span><\/p>\n<p class=\"MsoNormal\" style=\"mso-margin-top-alt: auto; mso-margin-bottom-alt: auto; text-indent: 26.25pt; line-height: normal;\"><span style=\"font-size: 10.0pt; font-family: 'Arial','sans-serif'; mso-fareast-font-family: 'Times New Roman'; mso-fareast-language: PT-BR;\">29 \u2013 Servi\u00e7os de biblioteconomia.<\/span><\/p>\n<p class=\"MsoNormal\" style=\"mso-margin-top-alt: auto; mso-margin-bottom-alt: auto; text-indent: 26.25pt; line-height: normal;\"><span style=\"font-size: 10.0pt; font-family: 'Arial','sans-serif'; mso-fareast-font-family: 'Times New Roman'; mso-fareast-language: PT-BR;\">29.01 \u2013 Servi\u00e7os de biblioteconomia.<\/span><\/p>\n<p class=\"MsoNormal\" style=\"mso-margin-top-alt: auto; mso-margin-bottom-alt: auto; text-indent: 26.25pt; line-height: normal;\"><span style=\"font-size: 10.0pt; font-family: 'Arial','sans-serif'; mso-fareast-font-family: 'Times New Roman'; mso-fareast-language: PT-BR;\">30 \u2013 Servi\u00e7os de biologia, biotecnologia e qu\u00edmica.<\/span><\/p>\n<p class=\"MsoNormal\" style=\"mso-margin-top-alt: auto; mso-margin-bottom-alt: auto; text-indent: 26.25pt; line-height: normal;\"><span style=\"font-size: 10.0pt; font-family: 'Arial','sans-serif'; mso-fareast-font-family: 'Times New Roman'; mso-fareast-language: PT-BR;\">30.01 \u2013 Servi\u00e7os de biologia, biotecnologia e qu\u00edmica.<\/span><\/p>\n<p class=\"MsoNormal\" style=\"mso-margin-top-alt: auto; mso-margin-bottom-alt: auto; text-indent: 26.25pt; line-height: normal;\"><span style=\"font-size: 10.0pt; font-family: 'Arial','sans-serif'; mso-fareast-font-family: 'Times New Roman'; mso-fareast-language: PT-BR;\">31 \u2013 Servi\u00e7os t\u00e9cnicos em edifica\u00e7\u00f5es, eletr\u00f4nica, eletrot\u00e9cnica, mec\u00e2nica, telecomunica\u00e7\u00f5es e cong\u00eaneres.<\/span><\/p>\n<p class=\"MsoNormal\" style=\"mso-margin-top-alt: auto; mso-margin-bottom-alt: auto; text-indent: 26.25pt; line-height: normal;\"><span style=\"font-size: 10.0pt; font-family: 'Arial','sans-serif'; mso-fareast-font-family: 'Times New Roman'; mso-fareast-language: PT-BR;\">31.01 &#8211; Servi\u00e7os t\u00e9cnicos em edifica\u00e7\u00f5es, eletr\u00f4nica, eletrot\u00e9cnica, mec\u00e2nica, telecomunica\u00e7\u00f5es e cong\u00eaneres.<\/span><\/p>\n<p class=\"MsoNormal\" style=\"mso-margin-top-alt: auto; mso-margin-bottom-alt: auto; text-indent: 26.25pt; line-height: normal;\"><span style=\"font-size: 10.0pt; font-family: 'Arial','sans-serif'; mso-fareast-font-family: 'Times New Roman'; mso-fareast-language: PT-BR;\">32 \u2013 Servi\u00e7os de desenhos t\u00e9cnicos.<\/span><\/p>\n<p class=\"MsoNormal\" style=\"mso-margin-top-alt: auto; mso-margin-bottom-alt: auto; text-indent: 26.25pt; line-height: normal;\"><span style=\"font-size: 10.0pt; font-family: 'Arial','sans-serif'; mso-fareast-font-family: 'Times New Roman'; mso-fareast-language: PT-BR;\">32.01 &#8211; Servi\u00e7os de desenhos t\u00e9cnicos.<\/span><\/p>\n<p class=\"MsoNormal\" style=\"mso-margin-top-alt: auto; mso-margin-bottom-alt: auto; text-indent: 26.25pt; line-height: normal;\"><span style=\"font-size: 10.0pt; font-family: 'Arial','sans-serif'; mso-fareast-font-family: 'Times New Roman'; mso-fareast-language: PT-BR;\">33 \u2013 Servi\u00e7os de desembara\u00e7o aduaneiro, comiss\u00e1rios, despachantes e cong\u00eaneres.<\/span><\/p>\n<p class=\"MsoNormal\" style=\"mso-margin-top-alt: auto; mso-margin-bottom-alt: auto; text-indent: 26.25pt; line-height: normal;\"><span style=\"font-size: 10.0pt; font-family: 'Arial','sans-serif'; mso-fareast-font-family: 'Times New Roman'; mso-fareast-language: PT-BR;\">33.01 &#8211; Servi\u00e7os de desembara\u00e7o aduaneiro, comiss\u00e1rios, despachantes e cong\u00eaneres.<\/span><\/p>\n<p class=\"MsoNormal\" style=\"mso-margin-top-alt: auto; mso-margin-bottom-alt: auto; text-indent: 26.25pt; line-height: normal;\"><span style=\"font-size: 10.0pt; font-family: 'Arial','sans-serif'; mso-fareast-font-family: 'Times New Roman'; mso-fareast-language: PT-BR;\">34 \u2013 Servi\u00e7os de investiga\u00e7\u00f5es particulares, detetives e cong\u00eaneres.<\/span><\/p>\n<p class=\"MsoNormal\" style=\"mso-margin-top-alt: auto; mso-margin-bottom-alt: auto; text-indent: 26.25pt; line-height: normal;\"><span style=\"font-size: 10.0pt; font-family: 'Arial','sans-serif'; mso-fareast-font-family: 'Times New Roman'; mso-fareast-language: PT-BR;\">34.01 &#8211; Servi\u00e7os de investiga\u00e7\u00f5es particulares, detetives e cong\u00eaneres.<\/span><\/p>\n<p class=\"MsoNormal\" style=\"mso-margin-top-alt: auto; mso-margin-bottom-alt: auto; text-indent: 26.25pt; line-height: normal;\"><span style=\"font-size: 10.0pt; font-family: 'Arial','sans-serif'; mso-fareast-font-family: 'Times New Roman'; mso-fareast-language: PT-BR;\">35 \u2013 Servi\u00e7os de reportagem, assessoria de imprensa, jornalismo e rela\u00e7\u00f5es p\u00fablicas.<\/span><\/p>\n<p class=\"MsoNormal\" style=\"mso-margin-top-alt: auto; mso-margin-bottom-alt: auto; text-indent: 26.25pt; line-height: normal;\"><span style=\"font-size: 10.0pt; font-family: 'Arial','sans-serif'; mso-fareast-font-family: 'Times New Roman'; mso-fareast-language: PT-BR;\">35.01 &#8211; Servi\u00e7os de reportagem, assessoria de imprensa, jornalismo e rela\u00e7\u00f5es p\u00fablicas.<\/span><\/p>\n<p class=\"MsoNormal\" style=\"mso-margin-top-alt: auto; mso-margin-bottom-alt: auto; text-indent: 26.25pt; line-height: normal;\"><span style=\"font-size: 10.0pt; font-family: 'Arial','sans-serif'; mso-fareast-font-family: 'Times New Roman'; mso-fareast-language: PT-BR;\">36 \u2013 Servi\u00e7os de meteorologia.<\/span><\/p>\n<p class=\"MsoNormal\" style=\"mso-margin-top-alt: auto; mso-margin-bottom-alt: auto; text-indent: 26.25pt; line-height: normal;\"><span style=\"font-size: 10.0pt; font-family: 'Arial','sans-serif'; mso-fareast-font-family: 'Times New Roman'; mso-fareast-language: PT-BR;\">36.01 \u2013 Servi\u00e7os de meteorologia.<\/span><\/p>\n<p class=\"MsoNormal\" style=\"mso-margin-top-alt: auto; mso-margin-bottom-alt: auto; text-indent: 26.25pt; line-height: normal;\"><span style=\"font-size: 10.0pt; font-family: 'Arial','sans-serif'; mso-fareast-font-family: 'Times New Roman'; mso-fareast-language: PT-BR;\">37 \u2013 Servi\u00e7os de artistas, atletas, modelos e manequins.<\/span><\/p>\n<p class=\"MsoNormal\" style=\"mso-margin-top-alt: auto; mso-margin-bottom-alt: auto; text-indent: 26.25pt; line-height: normal;\"><span style=\"font-size: 10.0pt; font-family: 'Arial','sans-serif'; mso-fareast-font-family: 'Times New Roman'; mso-fareast-language: PT-BR;\">37.01 &#8211; Servi\u00e7os de artistas, atletas, modelos e manequins.<\/span><\/p>\n<p class=\"MsoNormal\" style=\"mso-margin-top-alt: auto; mso-margin-bottom-alt: auto; text-indent: 26.25pt; line-height: normal;\"><span style=\"font-size: 10.0pt; font-family: 'Arial','sans-serif'; mso-fareast-font-family: 'Times New Roman'; mso-fareast-language: PT-BR;\">38 \u2013 Servi\u00e7os de museologia.<\/span><\/p>\n<p class=\"MsoNormal\" style=\"mso-margin-top-alt: auto; mso-margin-bottom-alt: auto; text-indent: 26.25pt; line-height: normal;\"><span style=\"font-size: 10.0pt; font-family: 'Arial','sans-serif'; mso-fareast-font-family: 'Times New Roman'; mso-fareast-language: PT-BR;\">38.01 \u2013 Servi\u00e7os de museologia.<\/span><\/p>\n<p class=\"MsoNormal\" style=\"mso-margin-top-alt: auto; mso-margin-bottom-alt: auto; text-indent: 26.25pt; line-height: normal;\"><span style=\"font-size: 10.0pt; font-family: 'Arial','sans-serif'; mso-fareast-font-family: 'Times New Roman'; mso-fareast-language: PT-BR;\">39 \u2013 Servi\u00e7os de ourivesaria e lapida\u00e7\u00e3o.<\/span><\/p>\n<p class=\"MsoNormal\" style=\"mso-margin-top-alt: auto; mso-margin-bottom-alt: auto; text-indent: 26.25pt; line-height: normal;\"><span style=\"font-size: 10.0pt; font-family: 'Arial','sans-serif'; mso-fareast-font-family: 'Times New Roman'; mso-fareast-language: PT-BR;\">39.01 &#8211; Servi\u00e7os de ourivesaria e lapida\u00e7\u00e3o (quando o material for fornecido pelo tomador do servi\u00e7o).<\/span><\/p>\n<p class=\"MsoNormal\" style=\"mso-margin-top-alt: auto; mso-margin-bottom-alt: auto; text-indent: 26.25pt; line-height: normal;\"><span style=\"font-size: 10.0pt; font-family: 'Arial','sans-serif'; mso-fareast-font-family: 'Times New Roman'; mso-fareast-language: PT-BR;\">40 \u2013 Servi\u00e7os relativos a obras de arte sob encomenda.<\/span><\/p>\n<p class=\"MsoNormal\" style=\"mso-margin-top-alt: auto; mso-margin-bottom-alt: auto; text-indent: 26.25pt; line-height: normal;\"><span style=\"font-size: 10.0pt; font-family: 'Arial','sans-serif'; mso-fareast-font-family: 'Times New Roman'; mso-fareast-language: PT-BR;\">40.01 &#8211; Obras de arte sob encomenda.<\/span><\/p>\n<\/div>\n","protected":false},"excerpt":{"rendered":"<p>22\/09\/2021 Integrantes das C\u00e2maras da ACS veem poucas altera\u00e7\u00f5es na Resolu\u00e7\u00e3o da RN-18 \/ Antaq A Resolu\u00e7\u00e3o 62\/2021 da Ag\u00eancia Nacional de Transportes Aquavi\u00e1rios (Antaq), que revoga e atualiza o conte\u00fado da atual norma que trata dos direitos e deveres dos usu\u00e1rios, \u00a0dos agentes intermedi\u00e1rios \u00a0e\u00a0 das empresas que operam nas navega\u00e7\u00f5es de apoio mar\u00edtimo, [&hellip;]<\/p>\n","protected":false},"author":1,"featured_media":0,"comment_status":"open","ping_status":"open","sticky":false,"template":"","format":"standard","meta":{"footnotes":""},"categories":[84],"tags":[],"_links":{"self":[{"href":"https:\/\/acs.org.br\/academy\/wp-json\/wp\/v2\/posts\/79406"}],"collection":[{"href":"https:\/\/acs.org.br\/academy\/wp-json\/wp\/v2\/posts"}],"about":[{"href":"https:\/\/acs.org.br\/academy\/wp-json\/wp\/v2\/types\/post"}],"author":[{"embeddable":true,"href":"https:\/\/acs.org.br\/academy\/wp-json\/wp\/v2\/users\/1"}],"replies":[{"embeddable":true,"href":"https:\/\/acs.org.br\/academy\/wp-json\/wp\/v2\/comments?post=79406"}],"version-history":[{"count":10,"href":"https:\/\/acs.org.br\/academy\/wp-json\/wp\/v2\/posts\/79406\/revisions"}],"predecessor-version":[{"id":103398,"href":"https:\/\/acs.org.br\/academy\/wp-json\/wp\/v2\/posts\/79406\/revisions\/103398"}],"wp:attachment":[{"href":"https:\/\/acs.org.br\/academy\/wp-json\/wp\/v2\/media?parent=79406"}],"wp:term":[{"taxonomy":"category","embeddable":true,"href":"https:\/\/acs.org.br\/academy\/wp-json\/wp\/v2\/categories?post=79406"},{"taxonomy":"post_tag","embeddable":true,"href":"https:\/\/acs.org.br\/academy\/wp-json\/wp\/v2\/tags?post=79406"}],"curies":[{"name":"wp","href":"https:\/\/api.w.org\/{rel}","templated":true}]}}