{"id":79223,"date":"2017-08-31T10:21:30","date_gmt":"2017-08-31T13:21:30","guid":{"rendered":"http:\/\/127.0.0.1\/acs\/palestra-ives-gandra\/"},"modified":"2017-08-31T10:21:30","modified_gmt":"2017-08-31T13:21:30","slug":"palestra-ives-gandra","status":"publish","type":"post","link":"https:\/\/acs.org.br\/academy\/palestra-ives-gandra\/","title":{"rendered":"Diretoria executiva da Associa\u00e7\u00e3o Comercial de Santos participa de palestra com o advogado Ives Gandra da Silva Martins"},"content":{"rendered":"<p align=\"center\" style=\"text-align: left;\">Fonte: Assessoria de imprensa ACS<\/p>\n<p>&nbsp;<\/p>\n<p><img loading=\"lazy\" decoding=\"async\" class=\" size-full wp-image-79213\" src=\"http:\/\/127.0.0.1\/acs\/wp-content\/uploads\/2017\/08\/WEB_2017_AGOSTO_PALESTRA-W_PALESTRA-045.jpg\" width=\"570\" height=\"421\" srcset=\"https:\/\/acs.org.br\/academy\/wp-content\/uploads\/2017\/08\/WEB_2017_AGOSTO_PALESTRA-W_PALESTRA-045.jpg 570w, https:\/\/acs.org.br\/academy\/wp-content\/uploads\/2017\/08\/WEB_2017_AGOSTO_PALESTRA-W_PALESTRA-045-300x222.jpg 300w\" sizes=\"(max-width: 570px) 100vw, 570px\" \/><\/p>\n<p><img loading=\"lazy\" decoding=\"async\" class=\" size-full wp-image-79214\" src=\"http:\/\/127.0.0.1\/acs\/wp-content\/uploads\/2017\/08\/WEB_2017_AGOSTO_PALESTRA-W_PALESTRA-075.jpg\" width=\"570\" height=\"428\" srcset=\"https:\/\/acs.org.br\/academy\/wp-content\/uploads\/2017\/08\/WEB_2017_AGOSTO_PALESTRA-W_PALESTRA-075.jpg 570w, https:\/\/acs.org.br\/academy\/wp-content\/uploads\/2017\/08\/WEB_2017_AGOSTO_PALESTRA-W_PALESTRA-075-300x225.jpg 300w\" sizes=\"(max-width: 570px) 100vw, 570px\" \/><\/p>\n<p><img loading=\"lazy\" decoding=\"async\" class=\" size-full wp-image-79215\" src=\"http:\/\/127.0.0.1\/acs\/wp-content\/uploads\/2017\/08\/WEB_2017_AGOSTO_PALESTRA-W_PALESTRA-018.jpg\" width=\"570\" height=\"416\" srcset=\"https:\/\/acs.org.br\/academy\/wp-content\/uploads\/2017\/08\/WEB_2017_AGOSTO_PALESTRA-W_PALESTRA-018.jpg 570w, https:\/\/acs.org.br\/academy\/wp-content\/uploads\/2017\/08\/WEB_2017_AGOSTO_PALESTRA-W_PALESTRA-018-300x219.jpg 300w\" sizes=\"(max-width: 570px) 100vw, 570px\" \/><\/p>\n<p><img loading=\"lazy\" decoding=\"async\" class=\" size-full wp-image-79216\" src=\"http:\/\/127.0.0.1\/acs\/wp-content\/uploads\/2017\/08\/WEB_2017_AGOSTO_PALESTRA-W_PALESTRA-020.jpg\" width=\"570\" height=\"428\" srcset=\"https:\/\/acs.org.br\/academy\/wp-content\/uploads\/2017\/08\/WEB_2017_AGOSTO_PALESTRA-W_PALESTRA-020.jpg 570w, https:\/\/acs.org.br\/academy\/wp-content\/uploads\/2017\/08\/WEB_2017_AGOSTO_PALESTRA-W_PALESTRA-020-300x225.jpg 300w\" sizes=\"(max-width: 570px) 100vw, 570px\" \/><\/p>\n<p><img loading=\"lazy\" decoding=\"async\" class=\" size-full wp-image-79217\" src=\"http:\/\/127.0.0.1\/acs\/wp-content\/uploads\/2017\/08\/WEB_2017_AGOSTO_PALESTRA-W_PALESTRA-049.jpg\" width=\"570\" height=\"424\" srcset=\"https:\/\/acs.org.br\/academy\/wp-content\/uploads\/2017\/08\/WEB_2017_AGOSTO_PALESTRA-W_PALESTRA-049.jpg 570w, https:\/\/acs.org.br\/academy\/wp-content\/uploads\/2017\/08\/WEB_2017_AGOSTO_PALESTRA-W_PALESTRA-049-300x223.jpg 300w\" sizes=\"(max-width: 570px) 100vw, 570px\" \/><\/p>\n<p>Grande parte da diretoria executiva da Associa\u00e7\u00e3o Comercial de Santos (ACS) participou, nesta quarta-feira (30), de uma palestra com o advogado e professor de direito, Ives Gandra da Silva Martins, no audit\u00f3rio da TV Tribuna. O evento faz parte da programa\u00e7\u00e3o do \u201cL\u00edderes Inspiram\u201d, realizado numa parceria entre o grupo A Tribuna e o Centro Universit\u00e1rio Monte Serrat (Unimonte), com apoio da Escola Brasileira de Direito (Ebradi).<\/p>\n<p>&nbsp;<img loading=\"lazy\" decoding=\"async\" class=\" size-full wp-image-79218\" src=\"http:\/\/127.0.0.1\/acs\/wp-content\/uploads\/2017\/08\/WEB_2017_AGOSTO_PALESTRA-W_PALESTRA-004.jpg\" width=\"570\" height=\"459\" srcset=\"https:\/\/acs.org.br\/academy\/wp-content\/uploads\/2017\/08\/WEB_2017_AGOSTO_PALESTRA-W_PALESTRA-004.jpg 570w, https:\/\/acs.org.br\/academy\/wp-content\/uploads\/2017\/08\/WEB_2017_AGOSTO_PALESTRA-W_PALESTRA-004-300x242.jpg 300w\" sizes=\"(max-width: 570px) 100vw, 570px\" \/><\/p>\n<p>O palestrante foi recebido pelo presidente da ACS, tamb\u00e9m presidente da TV Tribuna, Roberto Clemente Santini, que ressaltou a import\u00e2ncia desta palestra para os diretores da Associa\u00e7\u00e3o Comercial, tamb\u00e9m grandes empres\u00e1rios da regi\u00e3o.<\/p>\n<p>\u201cOuvir as reflex\u00f5es pol\u00edticas de um advogado com tamanha experi\u00eancia certamente nos trar\u00e1 uma bagagem maior sobre a atual situa\u00e7\u00e3o do Pa\u00eds. Por isso, houve tamanho interesse e a maioria p\u00f4de comparecer\u201d.<\/p>\n<p>Ao saber que os diretores da ACS estavam na plateia, Gandra se surpreendeu e disse estar muito honrado.<\/p>\n<p>\u201cS\u00e3o apenas umas reflex\u00f5es de um professor de direito, mas me sinto muito honrado que estejam aqui\u201d.<\/p>\n<p>Estiveram presentes tamb\u00e9m o reitor da Unimonte, Ozires Silva, e seu vice, Adalto Correa, que agradeceu a fam\u00edlia Santini pela parceria neste grande evento.<\/p>\n<p><img loading=\"lazy\" decoding=\"async\" class=\" size-full wp-image-79219\" src=\"http:\/\/127.0.0.1\/acs\/wp-content\/uploads\/2017\/08\/WEB_2017_AGOSTO_PALESTRA-W_PALESTRA-015.jpg\" width=\"570\" height=\"428\" srcset=\"https:\/\/acs.org.br\/academy\/wp-content\/uploads\/2017\/08\/WEB_2017_AGOSTO_PALESTRA-W_PALESTRA-015.jpg 570w, https:\/\/acs.org.br\/academy\/wp-content\/uploads\/2017\/08\/WEB_2017_AGOSTO_PALESTRA-W_PALESTRA-015-300x225.jpg 300w\" sizes=\"(max-width: 570px) 100vw, 570px\" \/>&nbsp;<\/p>\n<p><strong>Otimismo<\/strong><\/p>\n<p>Em sua palestra, Gandra mencionou diversos pontos que deixaram o Pa\u00eds em uma situa\u00e7\u00e3o cr\u00edtica no governo anterior.<\/p>\n<p>\u201cA infla\u00e7\u00e3o atingiu praticamente 11%, houve queda das exporta\u00e7\u00f5es, desemprego crescente, aparelhamento do Estado e nenhum di\u00e1logo com o Congresso Nacional, o que determinou a queda da presidente Dilma Rousseff\u201d.<\/p>\n<p><img loading=\"lazy\" decoding=\"async\" class=\" size-full wp-image-79220\" src=\"http:\/\/127.0.0.1\/acs\/wp-content\/uploads\/2017\/08\/WEB_2017_AGOSTO_PALESTRA-W_PALESTRA-056.jpg\" width=\"570\" height=\"428\" srcset=\"https:\/\/acs.org.br\/academy\/wp-content\/uploads\/2017\/08\/WEB_2017_AGOSTO_PALESTRA-W_PALESTRA-056.jpg 570w, https:\/\/acs.org.br\/academy\/wp-content\/uploads\/2017\/08\/WEB_2017_AGOSTO_PALESTRA-W_PALESTRA-056-300x225.jpg 300w\" sizes=\"(max-width: 570px) 100vw, 570px\" \/>&nbsp;<\/p>\n<p>Por\u00e9m, otimista, o advogado acredita que toda essa crise pela qual passa o Brasil servir\u00e1 para conscientizar o eleitor, que ir\u00e1 escolher melhor seus candidatos daqui para frente.<\/p>\n<p>\u201cHoje, se voc\u00ea perguntar em quem as pessoas votaram h\u00e1 duas elei\u00e7\u00f5es, elas n\u00e3o sabem. Estou convencido de que, agora, elas v\u00e3o saber, porque as pr\u00f3prias campanhas pol\u00edticas v\u00e3o explorar os lados bom e mau dos candidatos. H\u00e1 esperan\u00e7as, mas sou otimista, apesar da idade. Acho que o Brasil \u00e9 grande demais para se afundar com alguns homens med\u00edocres que levaram o Pa\u00eds a esta situa\u00e7\u00e3o\u201d.<\/p>\n<p>Ele, que defende o parlamentarismo, entende que n\u00e3o seria poss\u00edvel implementar de imediato essa forma de governo. Mas, acredita que o \u201cdistrit\u00e3o\u201d, com algumas altera\u00e7\u00f5es, seria o ideal.<\/p>\n<p><img loading=\"lazy\" decoding=\"async\" class=\" size-full wp-image-79221\" src=\"http:\/\/127.0.0.1\/acs\/wp-content\/uploads\/2017\/08\/WEB_2017_AGOSTO_PALESTRA-W_PALESTRA-039.jpg\" width=\"570\" height=\"418\" srcset=\"https:\/\/acs.org.br\/academy\/wp-content\/uploads\/2017\/08\/WEB_2017_AGOSTO_PALESTRA-W_PALESTRA-039.jpg 570w, https:\/\/acs.org.br\/academy\/wp-content\/uploads\/2017\/08\/WEB_2017_AGOSTO_PALESTRA-W_PALESTRA-039-300x220.jpg 300w\" sizes=\"(max-width: 570px) 100vw, 570px\" \/>&nbsp;<\/p>\n<p>\u201cA vantagem do parlamentarismo \u00e9 que voc\u00ea teria at\u00e9 oito partidos, no m\u00e1ximo, e todos ideol\u00f3gicos. A vantagem do voto distrital e n\u00e3o coliga\u00e7\u00e3o \u00e9 que os partidos se fortalecem ideologicamente. J\u00e1 que n\u00e3o podemos adotar de imediato o parlamentarismo, eu seria favor\u00e1vel ao distrit\u00e3o, mas n\u00e3o o que foi apresentado. Na minha forma de ver o distrit\u00e3o, seriam eleitos os deputados que tivessem maior vota\u00e7\u00e3o, respeitando a vontade do eleitor. Assim, os partidos se fortaleceriam, impondo a fidelidade partid\u00e1ria. Por exemplo, se um deputado for eleito por um partido e quiser deixar esse partido, ele poder\u00e1 e continuar\u00e1 seu mandato, mas n\u00e3o poder\u00e1 entrar em nenhum outro partido antes do fim desse mandato. Dessa forma, ele vai perder uma elei\u00e7\u00e3o, porque at\u00e9 o fim do mandato n\u00e3o ter\u00e1 partido para a pr\u00f3xima elei\u00e7\u00e3o. Por\u00e9m, apresentaram um distrit\u00e3o sem a fidelidade partid\u00e1ria e, sem ela, continuaremos com os estelionatos eleitorais que t\u00eam caraterizado a vida partid\u00e1ria no Brasil\u201d.<\/p>\n<p>Ele citou alguns resultados positivos conquistados no governo Michel Temer e afirmou que o atual presidente conseguir\u00e1 finalizar seu mandato.<\/p>\n<p>\u201cO governo Temer conseguiu diminuir a infla\u00e7\u00e3o abaixo da meta. Come\u00e7ou a recuperar economia, o emprego e fez algumas reformas essenciais. O povo come\u00e7a a sentir alguma recupera\u00e7\u00e3o. Tenho impress\u00e3o que a situa\u00e7\u00e3o do Brasil hoje \u00e9 muito melhor do que um ano atr\u00e1s. N\u00e3o tenho d\u00favidas de que esse governo ir\u00e1 at\u00e9 o fim\u201d.<\/p>\n<p><img loading=\"lazy\" decoding=\"async\" class=\" size-full wp-image-79222\" src=\"http:\/\/127.0.0.1\/acs\/wp-content\/uploads\/2017\/08\/WEB_2017_AGOSTO_PALESTRA-W_PALESTRA-036.jpg\" width=\"570\" height=\"428\" srcset=\"https:\/\/acs.org.br\/academy\/wp-content\/uploads\/2017\/08\/WEB_2017_AGOSTO_PALESTRA-W_PALESTRA-036.jpg 570w, https:\/\/acs.org.br\/academy\/wp-content\/uploads\/2017\/08\/WEB_2017_AGOSTO_PALESTRA-W_PALESTRA-036-300x225.jpg 300w\" sizes=\"(max-width: 570px) 100vw, 570px\" \/>&nbsp;<\/p>\n<p>Por fim, Gandra disse que algumas medidas impopulares que est\u00e3o sendo tomadas v\u00e3o contribuir para o crescimento do Brasil e, principalmente, para que pr\u00f3ximo governo possa atuar com maior estabilidade.<\/p>\n<p>\u201cEsse governo (Temer) n\u00e3o tem a menor inten\u00e7\u00e3o de concorrer nas pr\u00f3ximas elei\u00e7\u00f5es e nem pretende ser popular. Por isso, est\u00e1 tomando medidas impopulares, como a reforma da previd\u00eancia, extremamente impopular, principalmente em Bras\u00edlia, onde ir\u00e1 atingir os grandes sal\u00e1rios, as grandes aposentadorias. Grandes aposentadoria s\u00e3o os grandes inimigos da previd\u00eancia\u201d.<\/p>\n","protected":false},"excerpt":{"rendered":"<p>Fonte: Assessoria de imprensa ACS &nbsp; Grande parte da diretoria executiva da Associa\u00e7\u00e3o Comercial de Santos (ACS) participou, nesta quarta-feira (30), de uma palestra com o advogado e professor de direito, Ives Gandra da Silva Martins, no audit\u00f3rio da TV Tribuna. O evento faz parte da programa\u00e7\u00e3o do \u201cL\u00edderes Inspiram\u201d, realizado numa parceria entre o [&hellip;]<\/p>\n","protected":false},"author":1,"featured_media":79212,"comment_status":"open","ping_status":"open","sticky":false,"template":"","format":"standard","meta":{"footnotes":""},"categories":[84],"tags":[],"_links":{"self":[{"href":"https:\/\/acs.org.br\/academy\/wp-json\/wp\/v2\/posts\/79223"}],"collection":[{"href":"https:\/\/acs.org.br\/academy\/wp-json\/wp\/v2\/posts"}],"about":[{"href":"https:\/\/acs.org.br\/academy\/wp-json\/wp\/v2\/types\/post"}],"author":[{"embeddable":true,"href":"https:\/\/acs.org.br\/academy\/wp-json\/wp\/v2\/users\/1"}],"replies":[{"embeddable":true,"href":"https:\/\/acs.org.br\/academy\/wp-json\/wp\/v2\/comments?post=79223"}],"version-history":[{"count":0,"href":"https:\/\/acs.org.br\/academy\/wp-json\/wp\/v2\/posts\/79223\/revisions"}],"wp:featuredmedia":[{"embeddable":true,"href":"https:\/\/acs.org.br\/academy\/wp-json\/wp\/v2\/media\/79212"}],"wp:attachment":[{"href":"https:\/\/acs.org.br\/academy\/wp-json\/wp\/v2\/media?parent=79223"}],"wp:term":[{"taxonomy":"category","embeddable":true,"href":"https:\/\/acs.org.br\/academy\/wp-json\/wp\/v2\/categories?post=79223"},{"taxonomy":"post_tag","embeddable":true,"href":"https:\/\/acs.org.br\/academy\/wp-json\/wp\/v2\/tags?post=79223"}],"curies":[{"name":"wp","href":"https:\/\/api.w.org\/{rel}","templated":true}]}}