{"id":79187,"date":"2017-08-29T10:47:51","date_gmt":"2017-08-29T13:47:51","guid":{"rendered":"http:\/\/127.0.0.1\/acs\/italianos-conhecem-sala-de-classificacao-e-degustacao-de-cafe-da-acs\/"},"modified":"2017-08-29T10:47:51","modified_gmt":"2017-08-29T13:47:51","slug":"italianos-conhecem-sala-de-classificacao-e-degustacao-de-cafe-da-acs","status":"publish","type":"post","link":"https:\/\/acs.org.br\/academy\/italianos-conhecem-sala-de-classificacao-e-degustacao-de-cafe-da-acs\/","title":{"rendered":"Italianos conhecem Sala de Classifica\u00e7\u00e3o e Degusta\u00e7\u00e3o de Caf\u00e9 da ACS"},"content":{"rendered":"<p>Fonte: Assessoria de imprensa ACS<\/p>\n<p>Importadores da empresa Aziende Riunite Caff\u00e8, com sede em Mil\u00e3o, na It\u00e1lia, visitaram na manh\u00e3 desta ter\u00e7a-feira (29) a Sala de Classifica\u00e7\u00e3o e Degusta\u00e7\u00e3o de Caf\u00e9 da Associa\u00e7\u00e3o Comercial de Santos (ACS). Riccardo Rosconi, Lorenzo Fleishhaker, Gianluca Sodano e Allesia Orsini vieram a Santos para fazer um est\u00e1gio no escrit\u00f3rio da empresa Eurobrasil LTDA.<\/p>\n<p>Veja, abaixo, a galeria de fotos:<\/p>\n<\/p>\n<p><img loading=\"lazy\" decoding=\"async\" class=\" size-full wp-image-79174\" src=\"http:\/\/127.0.0.1\/acs\/wp-content\/uploads\/2017\/08\/WEB_2017_AGOSTO_ITALIANOS-W_ITALIANOS-006.JPG\" width=\"570\" height=\"414\" srcset=\"https:\/\/acs.org.br\/academy\/wp-content\/uploads\/2017\/08\/WEB_2017_AGOSTO_ITALIANOS-W_ITALIANOS-006.JPG 570w, https:\/\/acs.org.br\/academy\/wp-content\/uploads\/2017\/08\/WEB_2017_AGOSTO_ITALIANOS-W_ITALIANOS-006-300x218.jpg 300w\" sizes=\"(max-width: 570px) 100vw, 570px\" \/><\/p>\n<p><img loading=\"lazy\" decoding=\"async\" class=\" size-full wp-image-79175\" src=\"http:\/\/127.0.0.1\/acs\/wp-content\/uploads\/2017\/08\/WEB_2017_AGOSTO_ITALIANOS-W_ITALIANOS-008.JPG\" width=\"570\" height=\"407\" srcset=\"https:\/\/acs.org.br\/academy\/wp-content\/uploads\/2017\/08\/WEB_2017_AGOSTO_ITALIANOS-W_ITALIANOS-008.JPG 570w, https:\/\/acs.org.br\/academy\/wp-content\/uploads\/2017\/08\/WEB_2017_AGOSTO_ITALIANOS-W_ITALIANOS-008-300x214.jpg 300w\" sizes=\"(max-width: 570px) 100vw, 570px\" \/><\/p>\n<p><img loading=\"lazy\" decoding=\"async\" class=\" size-full wp-image-79176\" src=\"http:\/\/127.0.0.1\/acs\/wp-content\/uploads\/2017\/08\/WEB_2017_AGOSTO_ITALIANOS-W_ITALIANOS-017.JPG\" width=\"570\" height=\"396\" srcset=\"https:\/\/acs.org.br\/academy\/wp-content\/uploads\/2017\/08\/WEB_2017_AGOSTO_ITALIANOS-W_ITALIANOS-017.JPG 570w, https:\/\/acs.org.br\/academy\/wp-content\/uploads\/2017\/08\/WEB_2017_AGOSTO_ITALIANOS-W_ITALIANOS-017-300x208.jpg 300w\" sizes=\"(max-width: 570px) 100vw, 570px\" \/><\/p>\n<p><img loading=\"lazy\" decoding=\"async\" class=\" size-full wp-image-79177\" src=\"http:\/\/127.0.0.1\/acs\/wp-content\/uploads\/2017\/08\/WEB_2017_AGOSTO_ITALIANOS-W_ITALIANOS-018.JPG\" width=\"570\" height=\"417\" srcset=\"https:\/\/acs.org.br\/academy\/wp-content\/uploads\/2017\/08\/WEB_2017_AGOSTO_ITALIANOS-W_ITALIANOS-018.JPG 570w, https:\/\/acs.org.br\/academy\/wp-content\/uploads\/2017\/08\/WEB_2017_AGOSTO_ITALIANOS-W_ITALIANOS-018-300x219.jpg 300w\" sizes=\"(max-width: 570px) 100vw, 570px\" \/><\/p>\n<p><img loading=\"lazy\" decoding=\"async\" class=\" size-full wp-image-79178\" src=\"http:\/\/127.0.0.1\/acs\/wp-content\/uploads\/2017\/08\/WEB_2017_AGOSTO_ITALIANOS-W_ITALIANOS-019.JPG\" width=\"570\" height=\"396\" srcset=\"https:\/\/acs.org.br\/academy\/wp-content\/uploads\/2017\/08\/WEB_2017_AGOSTO_ITALIANOS-W_ITALIANOS-019.JPG 570w, https:\/\/acs.org.br\/academy\/wp-content\/uploads\/2017\/08\/WEB_2017_AGOSTO_ITALIANOS-W_ITALIANOS-019-300x208.jpg 300w\" sizes=\"(max-width: 570px) 100vw, 570px\" \/><\/p>\n<p><img loading=\"lazy\" decoding=\"async\" class=\" size-full wp-image-79179\" src=\"http:\/\/127.0.0.1\/acs\/wp-content\/uploads\/2017\/08\/WEB_2017_AGOSTO_ITALIANOS-W_ITALIANOS-023.JPG\" width=\"570\" height=\"430\" srcset=\"https:\/\/acs.org.br\/academy\/wp-content\/uploads\/2017\/08\/WEB_2017_AGOSTO_ITALIANOS-W_ITALIANOS-023.JPG 570w, https:\/\/acs.org.br\/academy\/wp-content\/uploads\/2017\/08\/WEB_2017_AGOSTO_ITALIANOS-W_ITALIANOS-023-300x226.jpg 300w\" sizes=\"(max-width: 570px) 100vw, 570px\" \/><\/p>\n<p><img loading=\"lazy\" decoding=\"async\" class=\" size-full wp-image-79180\" src=\"http:\/\/127.0.0.1\/acs\/wp-content\/uploads\/2017\/08\/WEB_2017_AGOSTO_ITALIANOS-W_ITALIANOS-024.JPG\" width=\"570\" height=\"407\" srcset=\"https:\/\/acs.org.br\/academy\/wp-content\/uploads\/2017\/08\/WEB_2017_AGOSTO_ITALIANOS-W_ITALIANOS-024.JPG 570w, https:\/\/acs.org.br\/academy\/wp-content\/uploads\/2017\/08\/WEB_2017_AGOSTO_ITALIANOS-W_ITALIANOS-024-300x214.jpg 300w\" sizes=\"(max-width: 570px) 100vw, 570px\" \/><\/p>\n<p><img loading=\"lazy\" decoding=\"async\" class=\" size-full wp-image-79181\" src=\"http:\/\/127.0.0.1\/acs\/wp-content\/uploads\/2017\/08\/WEB_2017_AGOSTO_ITALIANOS-W_ITALIANOS-026.JPG\" width=\"570\" height=\"428\" srcset=\"https:\/\/acs.org.br\/academy\/wp-content\/uploads\/2017\/08\/WEB_2017_AGOSTO_ITALIANOS-W_ITALIANOS-026.JPG 570w, https:\/\/acs.org.br\/academy\/wp-content\/uploads\/2017\/08\/WEB_2017_AGOSTO_ITALIANOS-W_ITALIANOS-026-300x225.jpg 300w\" sizes=\"(max-width: 570px) 100vw, 570px\" \/><\/p>\n<p><img loading=\"lazy\" decoding=\"async\" class=\" size-full wp-image-79182\" src=\"http:\/\/127.0.0.1\/acs\/wp-content\/uploads\/2017\/08\/WEB_2017_AGOSTO_ITALIANOS-W_ITALIANOS-039.JPG\" width=\"570\" height=\"428\" srcset=\"https:\/\/acs.org.br\/academy\/wp-content\/uploads\/2017\/08\/WEB_2017_AGOSTO_ITALIANOS-W_ITALIANOS-039.JPG 570w, https:\/\/acs.org.br\/academy\/wp-content\/uploads\/2017\/08\/WEB_2017_AGOSTO_ITALIANOS-W_ITALIANOS-039-300x225.jpg 300w\" sizes=\"(max-width: 570px) 100vw, 570px\" \/><\/p>\n<p><img loading=\"lazy\" decoding=\"async\" class=\" size-full wp-image-79183\" src=\"http:\/\/127.0.0.1\/acs\/wp-content\/uploads\/2017\/08\/WEB_2017_AGOSTO_ITALIANOS-W_ITALIANOS-042.JPG\" width=\"570\" height=\"417\" srcset=\"https:\/\/acs.org.br\/academy\/wp-content\/uploads\/2017\/08\/WEB_2017_AGOSTO_ITALIANOS-W_ITALIANOS-042.JPG 570w, https:\/\/acs.org.br\/academy\/wp-content\/uploads\/2017\/08\/WEB_2017_AGOSTO_ITALIANOS-W_ITALIANOS-042-300x219.jpg 300w\" sizes=\"(max-width: 570px) 100vw, 570px\" \/><\/p>\n<p><img loading=\"lazy\" decoding=\"async\" class=\" size-full wp-image-79184\" src=\"http:\/\/127.0.0.1\/acs\/wp-content\/uploads\/2017\/08\/WEB_2017_AGOSTO_ITALIANOS-W_ITALIANOS-046.JPG\" width=\"570\" height=\"419\" srcset=\"https:\/\/acs.org.br\/academy\/wp-content\/uploads\/2017\/08\/WEB_2017_AGOSTO_ITALIANOS-W_ITALIANOS-046.JPG 570w, https:\/\/acs.org.br\/academy\/wp-content\/uploads\/2017\/08\/WEB_2017_AGOSTO_ITALIANOS-W_ITALIANOS-046-300x221.jpg 300w\" sizes=\"(max-width: 570px) 100vw, 570px\" \/><\/p>\n<p><img loading=\"lazy\" decoding=\"async\" class=\" size-full wp-image-79185\" src=\"http:\/\/127.0.0.1\/acs\/wp-content\/uploads\/2017\/08\/WEB_2017_AGOSTO_ITALIANOS-W_ITALIANOS-048.JPG\" width=\"570\" height=\"431\" srcset=\"https:\/\/acs.org.br\/academy\/wp-content\/uploads\/2017\/08\/WEB_2017_AGOSTO_ITALIANOS-W_ITALIANOS-048.JPG 570w, https:\/\/acs.org.br\/academy\/wp-content\/uploads\/2017\/08\/WEB_2017_AGOSTO_ITALIANOS-W_ITALIANOS-048-300x227.jpg 300w\" sizes=\"(max-width: 570px) 100vw, 570px\" \/><\/p>\n<p><img loading=\"lazy\" decoding=\"async\" class=\" size-full wp-image-79186\" src=\"http:\/\/127.0.0.1\/acs\/wp-content\/uploads\/2017\/08\/WEB_2017_AGOSTO_ITALIANOS-W_ITALIANOS-050.JPG\" width=\"570\" height=\"428\" srcset=\"https:\/\/acs.org.br\/academy\/wp-content\/uploads\/2017\/08\/WEB_2017_AGOSTO_ITALIANOS-W_ITALIANOS-050.JPG 570w, https:\/\/acs.org.br\/academy\/wp-content\/uploads\/2017\/08\/WEB_2017_AGOSTO_ITALIANOS-W_ITALIANOS-050-300x225.jpg 300w\" sizes=\"(max-width: 570px) 100vw, 570px\" \/><\/p>\n","protected":false},"excerpt":{"rendered":"<p>Fonte: Assessoria de imprensa ACS Importadores da empresa Aziende Riunite Caff\u00e8, com sede em Mil\u00e3o, na It\u00e1lia, visitaram na manh\u00e3 desta ter\u00e7a-feira (29) a Sala de Classifica\u00e7\u00e3o e Degusta\u00e7\u00e3o de Caf\u00e9 da Associa\u00e7\u00e3o Comercial de Santos (ACS). Riccardo Rosconi, Lorenzo Fleishhaker, Gianluca Sodano e Allesia Orsini vieram a Santos para fazer um est\u00e1gio no escrit\u00f3rio [&hellip;]<\/p>\n","protected":false},"author":1,"featured_media":79173,"comment_status":"open","ping_status":"open","sticky":false,"template":"","format":"standard","meta":{"footnotes":""},"categories":[84],"tags":[],"_links":{"self":[{"href":"https:\/\/acs.org.br\/academy\/wp-json\/wp\/v2\/posts\/79187"}],"collection":[{"href":"https:\/\/acs.org.br\/academy\/wp-json\/wp\/v2\/posts"}],"about":[{"href":"https:\/\/acs.org.br\/academy\/wp-json\/wp\/v2\/types\/post"}],"author":[{"embeddable":true,"href":"https:\/\/acs.org.br\/academy\/wp-json\/wp\/v2\/users\/1"}],"replies":[{"embeddable":true,"href":"https:\/\/acs.org.br\/academy\/wp-json\/wp\/v2\/comments?post=79187"}],"version-history":[{"count":0,"href":"https:\/\/acs.org.br\/academy\/wp-json\/wp\/v2\/posts\/79187\/revisions"}],"wp:featuredmedia":[{"embeddable":true,"href":"https:\/\/acs.org.br\/academy\/wp-json\/wp\/v2\/media\/79173"}],"wp:attachment":[{"href":"https:\/\/acs.org.br\/academy\/wp-json\/wp\/v2\/media?parent=79187"}],"wp:term":[{"taxonomy":"category","embeddable":true,"href":"https:\/\/acs.org.br\/academy\/wp-json\/wp\/v2\/categories?post=79187"},{"taxonomy":"post_tag","embeddable":true,"href":"https:\/\/acs.org.br\/academy\/wp-json\/wp\/v2\/tags?post=79187"}],"curies":[{"name":"wp","href":"https:\/\/api.w.org\/{rel}","templated":true}]}}