{"id":79001,"date":"2017-08-10T00:00:00","date_gmt":"2017-08-10T03:00:00","guid":{"rendered":"http:\/\/127.0.0.1\/acs\/confira-a-galeria-de-fotos-da-reuniao-da-camara-setorial-dos-agentes-de-carga\/"},"modified":"2017-08-10T00:00:00","modified_gmt":"2017-08-10T03:00:00","slug":"confira-a-galeria-de-fotos-da-reuniao-da-camara-setorial-dos-agentes-de-carga","status":"publish","type":"post","link":"https:\/\/acs.org.br\/academy\/confira-a-galeria-de-fotos-da-reuniao-da-camara-setorial-dos-agentes-de-carga\/","title":{"rendered":"Confira a galeria de fotos da reuni\u00e3o da C\u00e2mara Setorial dos Agentes de Carga"},"content":{"rendered":"<p>Fonte: Assessoria de imprensa ACS&nbsp;<\/p>\n<p>Confira a galeria de fotos da reuni\u00e3o da C\u00e2mara Setorial dos Agentes de Carga da Associa\u00e7\u00e3o Comercial de Santos, realizada nesta quarta-feira (9), no audit\u00f3rio do Sindamar, em raz\u00e3o das obras de moderniza\u00e7\u00e3o que ocorrem na sede da ACS.<\/p>\n<p>Entre os temas discutidos, estavam: DUEE\/CCT junto \u00e0 GRU Airport; consolida\u00e7\u00e3o e embarque FCL &#8211; coment\u00e1rios do contato com o Sr. Marcos Siqueira; coment\u00e1rios sobre a apresenta\u00e7\u00e3o do MDIC\/RFB sobre a DU-IMP; e a elabora\u00e7\u00e3o de uma consolida\u00e7\u00e3o com a gera\u00e7\u00e3o de MRUC.<\/p>\n<\/p>\n<p><img loading=\"lazy\" decoding=\"async\" class=\" size-full wp-image-78993\" src=\"http:\/\/127.0.0.1\/acs\/wp-content\/uploads\/2017\/08\/WEB_2017_AGOSTO_AGENTES-W_IMG_6220.jpg\" width=\"570\" height=\"428\" srcset=\"https:\/\/acs.org.br\/academy\/wp-content\/uploads\/2017\/08\/WEB_2017_AGOSTO_AGENTES-W_IMG_6220.jpg 570w, https:\/\/acs.org.br\/academy\/wp-content\/uploads\/2017\/08\/WEB_2017_AGOSTO_AGENTES-W_IMG_6220-300x225.jpg 300w\" sizes=\"(max-width: 570px) 100vw, 570px\" \/><\/p>\n<p><img loading=\"lazy\" decoding=\"async\" class=\" size-full wp-image-78994\" src=\"http:\/\/127.0.0.1\/acs\/wp-content\/uploads\/2017\/08\/WEB_2017_AGOSTO_AGENTES-W_IMG_6222.jpg\" width=\"570\" height=\"428\" srcset=\"https:\/\/acs.org.br\/academy\/wp-content\/uploads\/2017\/08\/WEB_2017_AGOSTO_AGENTES-W_IMG_6222.jpg 570w, https:\/\/acs.org.br\/academy\/wp-content\/uploads\/2017\/08\/WEB_2017_AGOSTO_AGENTES-W_IMG_6222-300x225.jpg 300w\" sizes=\"(max-width: 570px) 100vw, 570px\" \/><\/p>\n<p><img loading=\"lazy\" decoding=\"async\" class=\" size-full wp-image-78995\" src=\"http:\/\/127.0.0.1\/acs\/wp-content\/uploads\/2017\/08\/WEB_2017_AGOSTO_AGENTES-W_IMG_6223.jpg\" width=\"570\" height=\"428\" srcset=\"https:\/\/acs.org.br\/academy\/wp-content\/uploads\/2017\/08\/WEB_2017_AGOSTO_AGENTES-W_IMG_6223.jpg 570w, https:\/\/acs.org.br\/academy\/wp-content\/uploads\/2017\/08\/WEB_2017_AGOSTO_AGENTES-W_IMG_6223-300x225.jpg 300w\" sizes=\"(max-width: 570px) 100vw, 570px\" \/><\/p>\n<p><img loading=\"lazy\" decoding=\"async\" class=\" size-full wp-image-78996\" src=\"http:\/\/127.0.0.1\/acs\/wp-content\/uploads\/2017\/08\/WEB_2017_AGOSTO_AGENTES-W_IMG_6224.jpg\" width=\"570\" height=\"428\" srcset=\"https:\/\/acs.org.br\/academy\/wp-content\/uploads\/2017\/08\/WEB_2017_AGOSTO_AGENTES-W_IMG_6224.jpg 570w, https:\/\/acs.org.br\/academy\/wp-content\/uploads\/2017\/08\/WEB_2017_AGOSTO_AGENTES-W_IMG_6224-300x225.jpg 300w\" sizes=\"(max-width: 570px) 100vw, 570px\" \/><\/p>\n<p><img loading=\"lazy\" decoding=\"async\" class=\" size-full wp-image-78997\" src=\"http:\/\/127.0.0.1\/acs\/wp-content\/uploads\/2017\/08\/WEB_2017_AGOSTO_AGENTES-W_IMG_6225.jpg\" width=\"570\" height=\"428\" srcset=\"https:\/\/acs.org.br\/academy\/wp-content\/uploads\/2017\/08\/WEB_2017_AGOSTO_AGENTES-W_IMG_6225.jpg 570w, https:\/\/acs.org.br\/academy\/wp-content\/uploads\/2017\/08\/WEB_2017_AGOSTO_AGENTES-W_IMG_6225-300x225.jpg 300w\" sizes=\"(max-width: 570px) 100vw, 570px\" \/><\/p>\n<p><img loading=\"lazy\" decoding=\"async\" class=\" size-full wp-image-78998\" src=\"http:\/\/127.0.0.1\/acs\/wp-content\/uploads\/2017\/08\/WEB_2017_AGOSTO_AGENTES-W_IMG_6233.jpg\" width=\"570\" height=\"428\" srcset=\"https:\/\/acs.org.br\/academy\/wp-content\/uploads\/2017\/08\/WEB_2017_AGOSTO_AGENTES-W_IMG_6233.jpg 570w, https:\/\/acs.org.br\/academy\/wp-content\/uploads\/2017\/08\/WEB_2017_AGOSTO_AGENTES-W_IMG_6233-300x225.jpg 300w\" sizes=\"(max-width: 570px) 100vw, 570px\" \/><\/p>\n<p><img loading=\"lazy\" decoding=\"async\" class=\" size-full wp-image-78999\" src=\"http:\/\/127.0.0.1\/acs\/wp-content\/uploads\/2017\/08\/WEB_2017_AGOSTO_AGENTES-W_IMG_6236.jpg\" width=\"570\" height=\"428\" srcset=\"https:\/\/acs.org.br\/academy\/wp-content\/uploads\/2017\/08\/WEB_2017_AGOSTO_AGENTES-W_IMG_6236.jpg 570w, https:\/\/acs.org.br\/academy\/wp-content\/uploads\/2017\/08\/WEB_2017_AGOSTO_AGENTES-W_IMG_6236-300x225.jpg 300w\" sizes=\"(max-width: 570px) 100vw, 570px\" \/><\/p>\n<p><img loading=\"lazy\" decoding=\"async\" class=\" size-full wp-image-79000\" src=\"http:\/\/127.0.0.1\/acs\/wp-content\/uploads\/2017\/08\/WEB_2017_AGOSTO_AGENTES-W_IMG_6239.jpg\" width=\"570\" height=\"428\" srcset=\"https:\/\/acs.org.br\/academy\/wp-content\/uploads\/2017\/08\/WEB_2017_AGOSTO_AGENTES-W_IMG_6239.jpg 570w, https:\/\/acs.org.br\/academy\/wp-content\/uploads\/2017\/08\/WEB_2017_AGOSTO_AGENTES-W_IMG_6239-300x225.jpg 300w\" sizes=\"(max-width: 570px) 100vw, 570px\" \/><\/p>\n","protected":false},"excerpt":{"rendered":"<p>Fonte: Assessoria de imprensa ACS&nbsp; Confira a galeria de fotos da reuni\u00e3o da C\u00e2mara Setorial dos Agentes de Carga da Associa\u00e7\u00e3o Comercial de Santos, realizada nesta quarta-feira (9), no audit\u00f3rio do Sindamar, em raz\u00e3o das obras de moderniza\u00e7\u00e3o que ocorrem na sede da ACS. Entre os temas discutidos, estavam: DUEE\/CCT junto \u00e0 GRU Airport; consolida\u00e7\u00e3o [&hellip;]<\/p>\n","protected":false},"author":1,"featured_media":78992,"comment_status":"open","ping_status":"open","sticky":false,"template":"","format":"standard","meta":{"footnotes":""},"categories":[84],"tags":[],"_links":{"self":[{"href":"https:\/\/acs.org.br\/academy\/wp-json\/wp\/v2\/posts\/79001"}],"collection":[{"href":"https:\/\/acs.org.br\/academy\/wp-json\/wp\/v2\/posts"}],"about":[{"href":"https:\/\/acs.org.br\/academy\/wp-json\/wp\/v2\/types\/post"}],"author":[{"embeddable":true,"href":"https:\/\/acs.org.br\/academy\/wp-json\/wp\/v2\/users\/1"}],"replies":[{"embeddable":true,"href":"https:\/\/acs.org.br\/academy\/wp-json\/wp\/v2\/comments?post=79001"}],"version-history":[{"count":0,"href":"https:\/\/acs.org.br\/academy\/wp-json\/wp\/v2\/posts\/79001\/revisions"}],"wp:featuredmedia":[{"embeddable":true,"href":"https:\/\/acs.org.br\/academy\/wp-json\/wp\/v2\/media\/78992"}],"wp:attachment":[{"href":"https:\/\/acs.org.br\/academy\/wp-json\/wp\/v2\/media?parent=79001"}],"wp:term":[{"taxonomy":"category","embeddable":true,"href":"https:\/\/acs.org.br\/academy\/wp-json\/wp\/v2\/categories?post=79001"},{"taxonomy":"post_tag","embeddable":true,"href":"https:\/\/acs.org.br\/academy\/wp-json\/wp\/v2\/tags?post=79001"}],"curies":[{"name":"wp","href":"https:\/\/api.w.org\/{rel}","templated":true}]}}