{"id":78952,"date":"2017-08-04T14:40:21","date_gmt":"2017-08-04T17:40:21","guid":{"rendered":"http:\/\/127.0.0.1\/acs\/concurso-de-qualidade-do-cafe-de-sp-novidades-deste-ano-incluem-nova-categoria-e-lance-minimo-no-leilao-dos-lotes-finalistas\/"},"modified":"2017-08-04T14:40:21","modified_gmt":"2017-08-04T17:40:21","slug":"concurso-de-qualidade-do-cafe-de-sp-novidades-deste-ano-incluem-nova-categoria-e-lance-minimo-no-leilao-dos-lotes-finalistas","status":"publish","type":"post","link":"https:\/\/acs.org.br\/academy\/concurso-de-qualidade-do-cafe-de-sp-novidades-deste-ano-incluem-nova-categoria-e-lance-minimo-no-leilao-dos-lotes-finalistas\/","title":{"rendered":"Concurso de qualidade do Caf\u00e9 de SP &#8211; Novidades deste ano incluem nova categoria e lance m\u00ednimo no leil\u00e3o dos lotes finalistas"},"content":{"rendered":"<p style=\"text-align: left;\" align=\"center\">Tradicional e um dos mais antigos certames nacionais, o 16\u00ba Concurso Estadual de Qualidade do Caf\u00e9 de S\u00e3o Paulo \u2013 Pr\u00eamio Aldir Alves Teixeira ter\u00e1 novidades neste ano. Entre elas, o Nanolote ser\u00e1 uma nova categoria de premia\u00e7\u00e3o e o valor do lance m\u00ednimo do leil\u00e3o dos lotes finalistas ser\u00e1 maior.<\/p>\n<p>O evento, promovido pela Secretaria da Agricultura e Abastecimento do Estado, com apoio da C\u00e2mara Setorial de Caf\u00e9 de S\u00e3o Paulo e de v\u00e1rias entidades, entre elas a Associa\u00e7\u00e3o Comercial de Santos (ACS), ter\u00e1, no dia 17 de novembro, em cerim\u00f4nia no Museu do Caf\u00e9, em Santos, a premia\u00e7\u00e3o dos produtores e empresas campe\u00e3s do concurso (que s\u00e3o aquelas que mais se destacaram no leil\u00e3o).<\/p>\n<p>Este ano, al\u00e9m das categorias Caf\u00e9 Natural e Caf\u00e9 Cereja Descascado (com lotes de 8 sacas cada) e Microlote (de 2 sacas), foi criada mais uma: a de Nanolote, de apenas 10 kgs. As cooperativas e associa\u00e7\u00f5es&nbsp;de produtores do Estado poder\u00e3o inscrever um \u00fanico&nbsp;nanolote no concurso.<\/p>\n<p>Todos passar\u00e3o pelo crivo do J\u00fari T\u00e9cnico, mas apenas um ser\u00e1 eleito o melhor de S\u00e3o Paulo.<\/p>\n<p>De acordo com o presidente da C\u00e2mara Setorial de Caf\u00e9, Eduardo Carvalhaes Junior, o objetivo \u00e9 descobrir verdadeiros diamantes nesta safra 2017\/2018.<\/p>\n<p>\u201cO nanolote ser\u00e1 altamente exclusivo e com certeza ser\u00e1 muito disputado principalmente por cafeterias e casas de caf\u00e9. Os nanolotes s\u00e3o uma nov\u00edssima tend\u00eancia nas casas de caf\u00e9 brasileiras e estrangeiras, que escolhem lotes muito pequenos, com sele\u00e7\u00e3o muito cuidadosa, para oferecer sabores distintos e raros aos consumidores\u201d.<\/p>\n<p><b>Lance m\u00ednimo<\/b><\/p>\n<p>A outra novidade no regulamento&nbsp;deste ano refere-se ao valor do lance m\u00ednimo no leil\u00e3o de venda dos lotes finalistas: passa a ser 80% acima da cota\u00e7\u00e3o BMF\/Bovespa do dia anterior ao preg\u00e3o (antes esse valor correspondia a 50%).<\/p>\n<p>O lance m\u00ednimo para aquisi\u00e7\u00e3o do Nanolote ser\u00e1 informado oportunamente pela comiss\u00e3o organizadora.<\/p>\n<p>\u201cO lance m\u00ednimo aumentado responde devidamente \u00e0 valoriza\u00e7\u00e3o dos caf\u00e9s de alta qualidade que o mercado apresenta\u201d, explica Nathan Herszkowicz, coordenador do concurso.<\/p>\n<p><b>O concurso<\/b><\/p>\n<p>Podem participar do concurso estadual apenas os lotes finalistas dos certames regionais. Cooperativas e associa\u00e7\u00f5es de produtores t\u00eam at\u00e9 9 de outubro para se inscreverem na etapa estadual. Tamb\u00e9m em outubro as amostras passar\u00e3o pelo J\u00fari T\u00e9cnico, nos dias 25 e 26, com a divulga\u00e7\u00e3o dos lotes finalistas no dia 30.<\/p>\n<p>O leil\u00e3o desses caf\u00e9s ser\u00e1 realizado no per\u00edodo de 3 a 9 de novembro. No dia 17 de novembro, em cerim\u00f4nia no Museu do Caf\u00e9, em Santos, ser\u00e1 feita a premia\u00e7\u00e3o dos produtores e empresas campe\u00e3s do concurso (que s\u00e3o aquelas que mais se destacaram no leil\u00e3o).<\/p>\n<p>O regulamento e demais informa\u00e7\u00f5es podem ser acessados no site: <a href=\"http:\/\/www.sindicafesp.com.br\/\">www.sindicafesp.com.br<\/a><\/p>\n<p>O Concurso \u00e9 uma iniciativa da Secretaria da Agricultura e Abastecimento, por meio da APTA \u2013 Ag\u00eancia Paulista de Tecnologia dos Agroneg\u00f3cios, e da CODEAGRO &#8211;&nbsp;Coordenadoria de Desenvolvimento dos Agroneg\u00f3cios. Conta com a parceria da C\u00e2mara Setorial do Caf\u00e9, da Associa\u00e7\u00e3o Comercial de Santos, do Sindicato da Ind\u00fastria de Caf\u00e9 do Estado de S\u00e3o Paulo, Associa\u00e7\u00e3o Brasileira da Ind\u00fastria de Caf\u00e9 e do Instituto Biol\u00f3gico.<\/p>\n<p>\u201cO Concurso tem sido apontado como importante ferramenta para melhoria da qualidade dos gr\u00e3os de caf\u00e9, estimulando as boas pr\u00e1ticas que conduzem \u00e0 qualidade e premiando produtores, ind\u00fastrias de torrefa\u00e7\u00e3o, cafeterias e empresas exportadoras, tudo resultando em melhoria do valor agregado do produto e do conceito de qualidade do Caf\u00e9 de S\u00e3o Paulo\u201d, diz o presidente da C\u00e2mara Setorial, Eduardo Carvalhaes.<\/p>\n","protected":false},"excerpt":{"rendered":"<p>Tradicional e um dos mais antigos certames nacionais, o 16\u00ba Concurso Estadual de Qualidade do Caf\u00e9 de S\u00e3o Paulo \u2013 Pr\u00eamio Aldir Alves Teixeira ter\u00e1 novidades neste ano. Entre elas, o Nanolote ser\u00e1 uma nova categoria de premia\u00e7\u00e3o e o valor do lance m\u00ednimo do leil\u00e3o dos lotes finalistas ser\u00e1 maior. O evento, promovido pela [&hellip;]<\/p>\n","protected":false},"author":1,"featured_media":0,"comment_status":"open","ping_status":"open","sticky":false,"template":"","format":"standard","meta":{"footnotes":""},"categories":[84],"tags":[],"_links":{"self":[{"href":"https:\/\/acs.org.br\/academy\/wp-json\/wp\/v2\/posts\/78952"}],"collection":[{"href":"https:\/\/acs.org.br\/academy\/wp-json\/wp\/v2\/posts"}],"about":[{"href":"https:\/\/acs.org.br\/academy\/wp-json\/wp\/v2\/types\/post"}],"author":[{"embeddable":true,"href":"https:\/\/acs.org.br\/academy\/wp-json\/wp\/v2\/users\/1"}],"replies":[{"embeddable":true,"href":"https:\/\/acs.org.br\/academy\/wp-json\/wp\/v2\/comments?post=78952"}],"version-history":[{"count":0,"href":"https:\/\/acs.org.br\/academy\/wp-json\/wp\/v2\/posts\/78952\/revisions"}],"wp:attachment":[{"href":"https:\/\/acs.org.br\/academy\/wp-json\/wp\/v2\/media?parent=78952"}],"wp:term":[{"taxonomy":"category","embeddable":true,"href":"https:\/\/acs.org.br\/academy\/wp-json\/wp\/v2\/categories?post=78952"},{"taxonomy":"post_tag","embeddable":true,"href":"https:\/\/acs.org.br\/academy\/wp-json\/wp\/v2\/tags?post=78952"}],"curies":[{"name":"wp","href":"https:\/\/api.w.org\/{rel}","templated":true}]}}