{"id":78900,"date":"2017-08-22T00:00:00","date_gmt":"2017-08-22T03:00:00","guid":{"rendered":"http:\/\/127.0.0.1\/acs\/modernizacao-da-acs-estrutura-metalica-de-novo-elevador-e-concluida-e-comeca-montagem-do-equipamento\/"},"modified":"2017-08-22T00:00:00","modified_gmt":"2017-08-22T03:00:00","slug":"modernizacao-da-acs-estrutura-metalica-de-novo-elevador-e-concluida-e-comeca-montagem-do-equipamento","status":"publish","type":"post","link":"https:\/\/acs.org.br\/academy\/modernizacao-da-acs-estrutura-metalica-de-novo-elevador-e-concluida-e-comeca-montagem-do-equipamento\/","title":{"rendered":"Moderniza\u00e7\u00e3o da ACS &#8211; Estrutura met\u00e1lica de novo elevador \u00e9 conclu\u00edda e come\u00e7a montagem do equipamento"},"content":{"rendered":"<p align=\"center\" style=\"text-align: left;\">Fonte: Assessoria de imprensa ACS<\/p>\n<p><u1:p><\/u1:p><\/p>\n<p>A obra de moderniza\u00e7\u00e3o da Associa\u00e7\u00e3o Comercial de Santos (ACS) est\u00e1 avan\u00e7ando e a estrutura met\u00e1lica do novo elevador foi conclu\u00edda, bem como suas instala\u00e7\u00f5es e acess\u00f3rios internos. A montagem do novo equipamento come\u00e7ou no in\u00edcio do m\u00eas.<\/p>\n<p>De acordo com o engenheiro respons\u00e1vel, Alexandre Alonso, o novo equipamento ir\u00e1 atender mais especificamente ao p\u00fablico do audit\u00f3rio. &#8220;Ele tem capacidade para 13 pessoas e ser\u00e1 utilizado para quando o movimento estiver maior&#8221;.<\/p>\n<\/p>\n<p><img loading=\"lazy\" decoding=\"async\" class=\" size-full wp-image-78896\" src=\"http:\/\/127.0.0.1\/acs\/wp-content\/uploads\/2017\/08\/WEB_2017_AGOSTO_OBRA-22-08-2017-W_IMG_4593.JPG\" width=\"570\" height=\"428\" srcset=\"https:\/\/acs.org.br\/academy\/wp-content\/uploads\/2017\/08\/WEB_2017_AGOSTO_OBRA-22-08-2017-W_IMG_4593.JPG 570w, https:\/\/acs.org.br\/academy\/wp-content\/uploads\/2017\/08\/WEB_2017_AGOSTO_OBRA-22-08-2017-W_IMG_4593-300x225.jpg 300w\" sizes=\"(max-width: 570px) 100vw, 570px\" \/><\/p>\n<p><img loading=\"lazy\" decoding=\"async\" class=\" size-full wp-image-78897\" src=\"http:\/\/127.0.0.1\/acs\/wp-content\/uploads\/2017\/08\/WEB_2017_AGOSTO_OBRA-22-08-2017-W_IMG_4594.JPG\" width=\"570\" height=\"428\" srcset=\"https:\/\/acs.org.br\/academy\/wp-content\/uploads\/2017\/08\/WEB_2017_AGOSTO_OBRA-22-08-2017-W_IMG_4594.JPG 570w, https:\/\/acs.org.br\/academy\/wp-content\/uploads\/2017\/08\/WEB_2017_AGOSTO_OBRA-22-08-2017-W_IMG_4594-300x225.jpg 300w\" sizes=\"(max-width: 570px) 100vw, 570px\" \/><\/p>\n<p><img loading=\"lazy\" decoding=\"async\" class=\" size-full wp-image-78898\" src=\"http:\/\/127.0.0.1\/acs\/wp-content\/uploads\/2017\/08\/WEB_2017_AGOSTO_OBRA-22-08-2017-W_IMG_4595.JPG\" width=\"570\" height=\"428\" srcset=\"https:\/\/acs.org.br\/academy\/wp-content\/uploads\/2017\/08\/WEB_2017_AGOSTO_OBRA-22-08-2017-W_IMG_4595.JPG 570w, https:\/\/acs.org.br\/academy\/wp-content\/uploads\/2017\/08\/WEB_2017_AGOSTO_OBRA-22-08-2017-W_IMG_4595-300x225.jpg 300w\" sizes=\"(max-width: 570px) 100vw, 570px\" \/><img decoding=\"async\" src=\"images\/stories\/WEB\/2017\/AGOSTO\/OBRA-DIA-22-08-2017-W\/IMG_4591.JPG\" \/><img decoding=\"async\" src=\"images\/stories\/WEB\/2017\/AGOSTO\/OBRA-DIA-22-08-2017-W\/IMG_4591.JPG\" \/><img decoding=\"async\" src=\"images\/stories\/WEB\/2017\/AGOSTO\/OBRA-DIA-22-08-2017-W\/IMG_4591.JPG\" \/><\/p>\n<p><img loading=\"lazy\" decoding=\"async\" class=\" size-full wp-image-78899\" src=\"http:\/\/127.0.0.1\/acs\/wp-content\/uploads\/2017\/08\/WEB_2017_AGOSTO_OBRA-01-08-2017-W_OBRA-01-08-2017_0004.jpg\" width=\"570\" height=\"422\" srcset=\"https:\/\/acs.org.br\/academy\/wp-content\/uploads\/2017\/08\/WEB_2017_AGOSTO_OBRA-01-08-2017-W_OBRA-01-08-2017_0004.jpg 570w, https:\/\/acs.org.br\/academy\/wp-content\/uploads\/2017\/08\/WEB_2017_AGOSTO_OBRA-01-08-2017-W_OBRA-01-08-2017_0004-300x222.jpg 300w\" sizes=\"(max-width: 570px) 100vw, 570px\" \/><\/p>\n<p>Outros avan\u00e7os incluem a concretagem de dois lances da escadaria dos fundos, com o patamar alcan\u00e7ando a nova laje do audit\u00f3rio; concretagem da laje de extens\u00e3o do novo audit\u00f3rio; e da laje de cobertura da caixa do elevador<\/p>\n<p><img loading=\"lazy\" decoding=\"async\" class=\" size-full wp-image-78880\" src=\"http:\/\/127.0.0.1\/acs\/wp-content\/uploads\/2017\/07\/WEB_2017_JULHO_OBRA-31-07-2017-W_OBRA-31-07-2017_0022.jpg\" width=\"570\" height=\"760\" srcset=\"https:\/\/acs.org.br\/academy\/wp-content\/uploads\/2017\/07\/WEB_2017_JULHO_OBRA-31-07-2017-W_OBRA-31-07-2017_0022.jpg 570w, https:\/\/acs.org.br\/academy\/wp-content\/uploads\/2017\/07\/WEB_2017_JULHO_OBRA-31-07-2017-W_OBRA-31-07-2017_0022-225x300.jpg 225w\" sizes=\"(max-width: 570px) 100vw, 570px\" \/><\/p>\n<p><u1:p><\/u1:p><\/p>\n<p>Tamb\u00e9m j\u00e1 foram feitas as instala\u00e7\u00f5es de vigas de refor\u00e7o para sustenta\u00e7\u00e3o da laje do novo audit\u00f3rio e para sustenta\u00e7\u00e3o de alvenarias do 2\u00ba pavimento.<\/p>\n<p><img loading=\"lazy\" decoding=\"async\" class=\" size-full wp-image-78878\" src=\"http:\/\/127.0.0.1\/acs\/wp-content\/uploads\/2017\/07\/WEB_2017_JULHO_OBRA-31-07-2017-W_OBRA-31-07-2017_0018.jpg\" width=\"570\" height=\"428\" srcset=\"https:\/\/acs.org.br\/academy\/wp-content\/uploads\/2017\/07\/WEB_2017_JULHO_OBRA-31-07-2017-W_OBRA-31-07-2017_0018.jpg 570w, https:\/\/acs.org.br\/academy\/wp-content\/uploads\/2017\/07\/WEB_2017_JULHO_OBRA-31-07-2017-W_OBRA-31-07-2017_0018-300x225.jpg 300w\" sizes=\"(max-width: 570px) 100vw, 570px\" \/><\/p>\n<p><u1:p><\/u1:p><\/p>\n<p>Segundo Alonso, \u201ccom a concretagem da laje do novo audit\u00f3rio, foi poss\u00edvel avan\u00e7ar em v\u00e1rias frentes de atua\u00e7\u00e3o\u201d.<\/p>\n<p><u1:p><\/u1:p><\/p>\n<p>Est\u00e3o sendo executadas, simultaneamente, alvenarias no pavimento t\u00e9rreo, primeiro e segundo pavimentos, al\u00e9m de requadra\u00e7\u00f5es e enchimentos em alvenarias para regularizar e nivelar os revestimentos em paredes existentes.<\/p>\n<p><img loading=\"lazy\" decoding=\"async\" class=\" size-full wp-image-78883\" src=\"http:\/\/127.0.0.1\/acs\/wp-content\/uploads\/2017\/07\/WEB_2017_JULHO_OBRA-31-07-2017-W_OBRA-31-07-2017_0032.jpg\" width=\"570\" height=\"428\" srcset=\"https:\/\/acs.org.br\/academy\/wp-content\/uploads\/2017\/07\/WEB_2017_JULHO_OBRA-31-07-2017-W_OBRA-31-07-2017_0032.jpg 570w, https:\/\/acs.org.br\/academy\/wp-content\/uploads\/2017\/07\/WEB_2017_JULHO_OBRA-31-07-2017-W_OBRA-31-07-2017_0032-300x225.jpg 300w\" sizes=\"(max-width: 570px) 100vw, 570px\" \/><\/p>\n<p><u1:p><\/u1:p><\/p>\n<p><b> <\/b><\/p>\n<p><b>Projeto<u1:p><\/u1:p><\/b><\/p>\n<p>O projeto prev\u00ea, entre outras mudan\u00e7as, a amplia\u00e7\u00e3o e moderniza\u00e7\u00e3o do audit\u00f3rio (com novos equipamentos de ilumina\u00e7\u00e3o, \u00e1udio e v\u00eddeo); amplia\u00e7\u00e3o da sala onde s\u00e3o emitidos os certificados de origem; instala\u00e7\u00e3o de um novo elevador e de novos banheiros no primeiro andar, al\u00e9m de pintura e reformas el\u00e9trica e hidr\u00e1ulica de todo o pr\u00e9dio.<\/p>\n<p><u1:p><\/u1:p><\/p>\n<p>A partir do t\u00e9rmino da obra de moderniza\u00e7\u00e3o, novos servi\u00e7os ser\u00e3o implantados, ampliando o apoio aos associados e ao p\u00fablico em geral.&nbsp;<\/p>\n<p><u1:p><\/u1:p><\/p>\n<p><u1:p><\/u1:p><\/p>\n","protected":false},"excerpt":{"rendered":"<p>Fonte: Assessoria de imprensa ACS A obra de moderniza\u00e7\u00e3o da Associa\u00e7\u00e3o Comercial de Santos (ACS) est\u00e1 avan\u00e7ando e a estrutura met\u00e1lica do novo elevador foi conclu\u00edda, bem como suas instala\u00e7\u00f5es e acess\u00f3rios internos. A montagem do novo equipamento come\u00e7ou no in\u00edcio do m\u00eas. De acordo com o engenheiro respons\u00e1vel, Alexandre Alonso, o novo equipamento ir\u00e1 [&hellip;]<\/p>\n","protected":false},"author":1,"featured_media":78895,"comment_status":"open","ping_status":"open","sticky":false,"template":"","format":"standard","meta":{"footnotes":""},"categories":[84],"tags":[],"_links":{"self":[{"href":"https:\/\/acs.org.br\/academy\/wp-json\/wp\/v2\/posts\/78900"}],"collection":[{"href":"https:\/\/acs.org.br\/academy\/wp-json\/wp\/v2\/posts"}],"about":[{"href":"https:\/\/acs.org.br\/academy\/wp-json\/wp\/v2\/types\/post"}],"author":[{"embeddable":true,"href":"https:\/\/acs.org.br\/academy\/wp-json\/wp\/v2\/users\/1"}],"replies":[{"embeddable":true,"href":"https:\/\/acs.org.br\/academy\/wp-json\/wp\/v2\/comments?post=78900"}],"version-history":[{"count":0,"href":"https:\/\/acs.org.br\/academy\/wp-json\/wp\/v2\/posts\/78900\/revisions"}],"wp:featuredmedia":[{"embeddable":true,"href":"https:\/\/acs.org.br\/academy\/wp-json\/wp\/v2\/media\/78895"}],"wp:attachment":[{"href":"https:\/\/acs.org.br\/academy\/wp-json\/wp\/v2\/media?parent=78900"}],"wp:term":[{"taxonomy":"category","embeddable":true,"href":"https:\/\/acs.org.br\/academy\/wp-json\/wp\/v2\/categories?post=78900"},{"taxonomy":"post_tag","embeddable":true,"href":"https:\/\/acs.org.br\/academy\/wp-json\/wp\/v2\/tags?post=78900"}],"curies":[{"name":"wp","href":"https:\/\/api.w.org\/{rel}","templated":true}]}}