{"id":78826,"date":"2017-07-26T11:10:51","date_gmt":"2017-07-26T14:10:51","guid":{"rendered":"http:\/\/127.0.0.1\/acs\/64a-turma-do-curso-de-cafe-da-acs-tera-formatura-no-museu-do-cafe\/"},"modified":"2017-07-26T11:10:51","modified_gmt":"2017-07-26T14:10:51","slug":"64a-turma-do-curso-de-cafe-da-acs-tera-formatura-no-museu-do-cafe","status":"publish","type":"post","link":"https:\/\/acs.org.br\/academy\/64a-turma-do-curso-de-cafe-da-acs-tera-formatura-no-museu-do-cafe\/","title":{"rendered":"64\u00aa turma do curso de caf\u00e9 da ACS ter\u00e1 formatura no Museu do Caf\u00e9"},"content":{"rendered":"<p align=\"center\" style=\"text-align: left;\">Fonte: Assessoria de imprensa ACS<\/p>\n<\/p>\n<p><img loading=\"lazy\" decoding=\"async\" class=\" size-full wp-image-78162\" src=\"http:\/\/127.0.0.1\/acs\/wp-content\/uploads\/2017\/07\/WEB_2017_JULHO_CURSO-DIA26-W_CURSO-DIA26-006.jpg\" width=\"570\" height=\"432\" srcset=\"https:\/\/acs.org.br\/academy\/wp-content\/uploads\/2017\/07\/WEB_2017_JULHO_CURSO-DIA26-W_CURSO-DIA26-006.jpg 570w, https:\/\/acs.org.br\/academy\/wp-content\/uploads\/2017\/07\/WEB_2017_JULHO_CURSO-DIA26-W_CURSO-DIA26-006-300x227.jpg 300w\" sizes=\"(max-width: 570px) 100vw, 570px\" \/><\/p>\n<p><img loading=\"lazy\" decoding=\"async\" class=\" size-full wp-image-78164\" src=\"http:\/\/127.0.0.1\/acs\/wp-content\/uploads\/2017\/07\/WEB_2017_JULHO_CURSO-DIA26-W_CURSO-DIA26-012.jpg\" width=\"570\" height=\"486\" srcset=\"https:\/\/acs.org.br\/academy\/wp-content\/uploads\/2017\/07\/WEB_2017_JULHO_CURSO-DIA26-W_CURSO-DIA26-012.jpg 570w, https:\/\/acs.org.br\/academy\/wp-content\/uploads\/2017\/07\/WEB_2017_JULHO_CURSO-DIA26-W_CURSO-DIA26-012-300x256.jpg 300w\" sizes=\"(max-width: 570px) 100vw, 570px\" \/><\/p>\n<p>Os 23 alunos da 64\u00aa turma do Curso de Classifica\u00e7\u00e3o e Degusta\u00e7\u00e3o de Caf\u00e9 da Associa\u00e7\u00e3o Comercial de Santos (ACS) participaram nesta quarta-feira (26) da \u00faltima aula pr\u00e1tica de degusta\u00e7\u00e3o. Amanh\u00e3 (27), pela manh\u00e3, eles far\u00e3o um passeio de lancha pelo cais do Porto de Santos e, \u00e0 noite, participar\u00e3o da formatura, que ser\u00e1 realizada, excepcionalmente, no Museu do Caf\u00e9 de Santos.<\/p>\n<p>Isso porque, desde dezembro do ano passado, a ACS passa por uma obra de moderniza\u00e7\u00e3o, o que impede a realiza\u00e7\u00e3o de grandes eventos durante os servi\u00e7os.<\/p>\n<p>Entre os inscritos desta turma, h\u00e1 9 japoneses, um belga, um peruano e um mold\u00e1vio, al\u00e9m dos 11 brasileiros.<\/p>\n<p>Os professores Nilton Ribeiro e Jos\u00e9 Almeida Ferreira ficaram muito felizes com o desempenho da turma. \u201cS\u00e3o muito interessados e aplicados. Parab\u00e9ns\u201d.<\/p>\n<p><b> <\/b><\/p>\n<p>Ao longo de todo o m\u00eas de julho, os alunos participaram de aulas di\u00e1rias na ACS, sempre das 8 \u00e0s 10 horas, e fizeram passeios como uma visita \u00e0 fazenda Vargem Grande, em Jacutinga, Minas Gerais; ao armaz\u00e9m da D\u00ednamo; e ao Museu do Caf\u00e9.<\/p>\n<p>Nesta quinta-feira (26), durante a cerim\u00f4nia de formatura, eles receber\u00e3o seus diplomas de conclus\u00e3o de curso.<\/p>\n<p>O Museu do Caf\u00e9 fica na Rua XV de Novembro, 95, no Centro Hist\u00f3rico de Santos.<\/p>\n<p><b> <\/b><\/p>\n<p><b>Hist\u00f3ria do curso<\/b><\/p>\n<p>O tradicional curso teve in\u00edcio em 1989, com o objetivo de capacitar os alunos a identificar as caracter\u00edsticas do produto, atender \u00e0s exig\u00eancias do mercado e criar oportunidades de neg\u00f3cios.<\/p>\n<p>Al\u00e9m de despertar o interesse de profissionais do mercado cafeeiro do Brasil, o curso da ACS \u00e9 reconhecido tamb\u00e9m pelos principais pa\u00edses consumidores. No m\u00eas de julho de cada ano, japoneses que atuam em empresas relacionadas \u00e0 ind\u00fastria do caf\u00e9 v\u00eam a Santos especialmente para o curso da Associa\u00e7\u00e3o Comercial.<\/p>\n<p>S\u00e3o duas horas di\u00e1rias durante quatro semanas de aprendizagem te\u00f3rica e pr\u00e1tica sobre a hist\u00f3ria do caf\u00e9, produ\u00e7\u00e3o, armazenagem, aspectos econ\u00f4micos nacionais e internacionais, legisla\u00e7\u00e3o, tecnologia, fiscaliza\u00e7\u00e3o, identifica\u00e7\u00e3o de gr\u00e3os, prova de bebida e desenvolvimento de blends (misturas) de caf\u00e9s.<\/p>\n<p>Para participar do curso \u00e9 necess\u00e1rio ter 18 anos de idade, c\u00f3pia do diploma ou certificado de conclus\u00e3o do Ensino M\u00e9dio ou equivalente, atestado de sanidade bucal emitido por profissional habilitado e c\u00f3pia da carteira de identidade (RG) ou passaporte.<\/p>\n<p>Ao final, os alunos com frequ\u00eancia m\u00ednima de 80% e com bom desempenho nas aulas recebem certificado e carteira de classificador.<\/p>\n<p>Mais informa\u00e7\u00f5es podem ser obtidas na Associa\u00e7\u00e3o Comercial de Santos, pelo telefone (13) 3212-8200, ramal 220, e-mail: <a href=\"mailto:acs@acs.org.br\">acs@acs.org.br<\/a> .<\/p>\n<p><b><span style=\"text-decoration-line: underline;\">Confira a lista dos alunos:<\/span><\/b><\/p>\n<table cellpadding=\"0\" cellspacing=\"0\" border=\"0\">\n<tbody>\n<tr>\n<td valign=\"top\" width=\"274\">\n<p>1-Bruna   Martinelli Rauscher<\/p>\n<\/td>\n<td valign=\"top\" width=\"516\">\n<p>Santos\/Rauscher   Corretora de Caf\u00e9<\/p>\n<\/td>\n<\/tr>\n<tr>\n<td valign=\"top\" width=\"274\">\n<p>2-Clarissa   R. Sampaio<\/p>\n<\/td>\n<td valign=\"top\" width=\"516\">\n<p>S\u00e3o   Paulo\/ Itochu Brasil S\/A.<\/p>\n<\/td>\n<\/tr>\n<tr>\n<td valign=\"top\" width=\"274\">\n<p>3-Diana   Silva Sim\u00f5es<\/p>\n<\/td>\n<td valign=\"top\" width=\"516\">\n<p>Santos\/   Cofco International<\/p>\n<\/td>\n<\/tr>\n<tr>\n<td valign=\"top\" width=\"274\">\n<p>4-Gabriel   Comarela Bortolini<\/p>\n<\/td>\n<td valign=\"top\" width=\"516\">\n<p>Vila   Velha &#8211; ES\/ Unicaf\u00e9<\/p>\n<\/td>\n<\/tr>\n<tr>\n<td valign=\"top\" width=\"274\">\n<p>5-Igor   Ferreira Rocha<\/p>\n<\/td>\n<td valign=\"top\" width=\"516\">\n<p>Santos\/   Cofco International<\/p>\n<\/td>\n<\/tr>\n<tr>\n<td valign=\"top\" width=\"274\">\n<p>6-Leonardo   Zanini<\/p>\n<\/td>\n<td valign=\"top\" width=\"516\">\n<p>Campinas<\/p>\n<\/td>\n<\/tr>\n<tr>\n<td valign=\"top\" width=\"274\">\n<p>7-Lucas   Andrade da Silva<\/p>\n<\/td>\n<td valign=\"top\" width=\"516\">\n<p>Guaruj\u00e1\/   EISA &#8211; Empresa Interagricola S.A.<\/p>\n<\/td>\n<\/tr>\n<tr>\n<td valign=\"top\" width=\"274\">\n<p>8-Matheus   Evangelista Carneiro<\/p>\n<\/td>\n<td valign=\"top\" width=\"516\">\n<p>S\u00e3o   Vicente<\/p>\n<\/td>\n<\/tr>\n<tr>\n<td valign=\"top\" width=\"274\">\n<p>9-Matheus   Pedro Tinoco<\/p>\n<\/td>\n<td valign=\"top\" width=\"516\">\n<p>S\u00e3o   Vicente\/ EISA &#8211; Empresa Interagricola S.A.<\/p>\n<\/td>\n<\/tr>\n<tr>\n<td valign=\"top\" width=\"274\">\n<p>10-Odair   Roberto Vessoni<\/p>\n<\/td>\n<td valign=\"top\" width=\"516\">\n<p>Guaxup\u00e9   &#8211; MG<\/p>\n<\/td>\n<\/tr>\n<tr>\n<td valign=\"top\" width=\"274\">\n<p>11-Patricia   Teixeira S. Ogando<\/p>\n<\/td>\n<td valign=\"top\" width=\"516\">\n<p>Guaruj\u00e1\/   Ogando Embalagens<\/p>\n<\/td>\n<\/tr>\n<tr>\n<td valign=\"top\" width=\"274\">\n<p>12-Ken   Shiraiwa<\/p>\n<\/td>\n<td valign=\"top\" width=\"516\">\n<p>Jap\u00e3o\/   Mitsui Alimentos Ltda<\/p>\n<\/td>\n<\/tr>\n<tr>\n<td valign=\"top\" width=\"274\">\n<p>13-Kenichi   Okita<\/p>\n<\/td>\n<td valign=\"top\" width=\"516\">\n<p>Jap\u00e3o\/UCC   &#8211; Ueshima Coffee do Brasil Ltda<\/p>\n<\/td>\n<\/tr>\n<tr>\n<td valign=\"top\" width=\"274\">\n<p>14-Koji   Nagata<\/p>\n<\/td>\n<td valign=\"top\" width=\"516\">\n<p>Jap\u00e3o\/UCC   &#8211; Ueshima Coffee do Brasil Ltda<\/p>\n<\/td>\n<\/tr>\n<tr>\n<td valign=\"top\" width=\"274\">\n<p>15-Kota   Suzuki<\/p>\n<\/td>\n<td valign=\"top\" width=\"516\">\n<p>Jap\u00e3o\/   Mitsui Alimentos Ltda<\/p>\n<\/td>\n<\/tr>\n<tr>\n<td valign=\"top\" width=\"274\">\n<p>16-Taiki   Nakata<\/p>\n<\/td>\n<td valign=\"top\" width=\"516\">\n<p>Jap\u00e3o\/   Companhia Igua\u00e7\u00fa de Caf\u00e9 Sol\u00favel<\/p>\n<\/td>\n<\/tr>\n<tr>\n<td valign=\"top\" width=\"274\">\n<p>17-Tetsuya   Matsuno<\/p>\n<\/td>\n<td valign=\"top\" width=\"516\">\n<p>Jap\u00e3o\/UCC   &#8211; Ueshima Coffee do Brasil Ltda<\/p>\n<\/td>\n<\/tr>\n<tr>\n<td valign=\"top\" width=\"274\">\n<p>18-Yoshihisa   Tachibana<\/p>\n<\/td>\n<td valign=\"top\" width=\"516\">\n<p>Jap\u00e3o\/   Mitsui Alimentos Ltda<\/p>\n<\/td>\n<\/tr>\n<tr>\n<td valign=\"top\" width=\"274\">\n<p>19-Mayumi   Uehara<\/p>\n<\/td>\n<td valign=\"top\" width=\"516\">\n<p>Jap\u00e3o\/   Mitsui Alimentos Ltda<\/p>\n<\/td>\n<\/tr>\n<tr>\n<td valign=\"top\" width=\"274\">\n<p>20-Masaya   Kawaguchi<\/p>\n<\/td>\n<td valign=\"top\" width=\"516\">\n<p>Jap\u00e3o\/UCC   &#8211; Ueshima Coffee do Brasil Ltda<\/p>\n<\/td>\n<\/tr>\n<tr>\n<td valign=\"top\" width=\"274\">\n<p>21-Ovidiu   Negrea<\/p>\n<\/td>\n<td valign=\"top\" width=\"516\">\n<p>Londres\/   Companhia Igua\u00e7\u00fa de Caf\u00e9 Sol\u00favel<\/p>\n<\/td>\n<\/tr>\n<tr>\n<td valign=\"top\" width=\"274\">\n<p>22-Jeremy   de Bruyn<\/p>\n<\/td>\n<td valign=\"top\" width=\"516\">\n<p>B\u00e9lgica\/   Stockler<\/p>\n<\/td>\n<\/tr>\n<tr>\n<td valign=\"top\" width=\"274\">\n<p>23-Antonio   Gabriel Paredes<\/p>\n<\/td>\n<td valign=\"top\" width=\"516\">\n<p>Brasil-Peru\/Stockler<\/p>\n<\/td>\n<\/tr>\n<\/tbody>\n<\/table>\n<p>\u00a0<\/p>\n<p>\u00a0<\/p>\n","protected":false},"excerpt":{"rendered":"<p>Fonte: Assessoria de imprensa ACS Os 23 alunos da 64\u00aa turma do Curso de Classifica\u00e7\u00e3o e Degusta\u00e7\u00e3o de Caf\u00e9 da Associa\u00e7\u00e3o Comercial de Santos (ACS) participaram nesta quarta-feira (26) da \u00faltima aula pr\u00e1tica de degusta\u00e7\u00e3o. Amanh\u00e3 (27), pela manh\u00e3, eles far\u00e3o um passeio de lancha pelo cais do Porto de Santos e, \u00e0 noite, participar\u00e3o [&hellip;]<\/p>\n","protected":false},"author":1,"featured_media":78159,"comment_status":"open","ping_status":"open","sticky":false,"template":"","format":"standard","meta":{"footnotes":""},"categories":[84],"tags":[],"_links":{"self":[{"href":"https:\/\/acs.org.br\/academy\/wp-json\/wp\/v2\/posts\/78826"}],"collection":[{"href":"https:\/\/acs.org.br\/academy\/wp-json\/wp\/v2\/posts"}],"about":[{"href":"https:\/\/acs.org.br\/academy\/wp-json\/wp\/v2\/types\/post"}],"author":[{"embeddable":true,"href":"https:\/\/acs.org.br\/academy\/wp-json\/wp\/v2\/users\/1"}],"replies":[{"embeddable":true,"href":"https:\/\/acs.org.br\/academy\/wp-json\/wp\/v2\/comments?post=78826"}],"version-history":[{"count":0,"href":"https:\/\/acs.org.br\/academy\/wp-json\/wp\/v2\/posts\/78826\/revisions"}],"wp:featuredmedia":[{"embeddable":true,"href":"https:\/\/acs.org.br\/academy\/wp-json\/wp\/v2\/media\/78159"}],"wp:attachment":[{"href":"https:\/\/acs.org.br\/academy\/wp-json\/wp\/v2\/media?parent=78826"}],"wp:term":[{"taxonomy":"category","embeddable":true,"href":"https:\/\/acs.org.br\/academy\/wp-json\/wp\/v2\/categories?post=78826"},{"taxonomy":"post_tag","embeddable":true,"href":"https:\/\/acs.org.br\/academy\/wp-json\/wp\/v2\/tags?post=78826"}],"curies":[{"name":"wp","href":"https:\/\/api.w.org\/{rel}","templated":true}]}}