{"id":78673,"date":"2017-07-14T11:33:15","date_gmt":"2017-07-14T14:33:15","guid":{"rendered":"http:\/\/127.0.0.1\/acs\/obra\/"},"modified":"2017-07-14T11:33:15","modified_gmt":"2017-07-14T14:33:15","slug":"obra","status":"publish","type":"post","link":"https:\/\/acs.org.br\/academy\/obra\/","title":{"rendered":"Come\u00e7am as instala\u00e7\u00f5es de alvenarias el\u00e9tricas e hidr\u00e1ulicas na obra de moderniza\u00e7\u00e3o da ACS"},"content":{"rendered":"<p style=\"text-align: left;\" align=\"center\">Fonte: Assessoria de imprensa ACS<\/p>\n<p>As obras de moderniza\u00e7\u00e3o da Associa\u00e7\u00e3o Comercial de Santos (ACS) entraram em uma nova fase: a de execu\u00e7\u00e3o de alvenarias e instala\u00e7\u00f5es el\u00e9tricas e hidr\u00e1ulicas.<\/p>\n<\/p>\n<p>De acordo com o engenheiro respons\u00e1vel, Alexandre Alonso, ap\u00f3s as concretagens da laje do audit\u00f3rio, da escadaria dos fundos &nbsp;e do contrapiso dos fundos (antiga zeladoria) foram iniciadas as alvenarias e, consequentemente, as tubula\u00e7\u00f5es secas das instala\u00e7\u00f5es el\u00e9tricas e hidr\u00e1ulicas.<\/p>\n<p>&nbsp;<img loading=\"lazy\" decoding=\"async\" class=\" size-full wp-image-78668\" src=\"http:\/\/127.0.0.1\/acs\/wp-content\/uploads\/2017\/07\/WEB_2017_JULHO_OBRA-DIA-14-07-2017-W_IMG_5701.JPG\" width=\"570\" height=\"420\" srcset=\"https:\/\/acs.org.br\/academy\/wp-content\/uploads\/2017\/07\/WEB_2017_JULHO_OBRA-DIA-14-07-2017-W_IMG_5701.JPG 570w, https:\/\/acs.org.br\/academy\/wp-content\/uploads\/2017\/07\/WEB_2017_JULHO_OBRA-DIA-14-07-2017-W_IMG_5701-300x221.jpg 300w\" sizes=\"(max-width: 570px) 100vw, 570px\" \/><\/p>\n<p>\u201cOs quadros de distribui\u00e7\u00e3o de energia j\u00e1 foram encomendados e ser\u00e3o entregues montados, eliminando esta etapa no canteiro de obras. Na sequ\u00eancia, iniciaremos a distribui\u00e7\u00e3o de fia\u00e7\u00e3o para telefonia, l\u00f3gica e eletricidade\u201d.<\/p>\n<p>Segundo ele, as instala\u00e7\u00f5es que v\u00e3o abrigar o novo elevador est\u00e3o 90% conclu\u00eddas. \u201cO po\u00e7o do elevador est\u00e1 em fase final de entrega e a previs\u00e3o \u00e9 que esteja tudo pronto segunda-feira (17). Todo maquin\u00e1rio foi trazido para a ACS e est\u00e1 no piso t\u00e9rreo para ser montado\u201d.<\/p>\n<p>&nbsp;<img loading=\"lazy\" decoding=\"async\" class=\" size-full wp-image-78669\" src=\"http:\/\/127.0.0.1\/acs\/wp-content\/uploads\/2017\/07\/WEB_2017_JULHO_OBRA-DIA-14-07-2017-W_IMG_5693.JPG\" width=\"570\" height=\"513\" srcset=\"https:\/\/acs.org.br\/academy\/wp-content\/uploads\/2017\/07\/WEB_2017_JULHO_OBRA-DIA-14-07-2017-W_IMG_5693.JPG 570w, https:\/\/acs.org.br\/academy\/wp-content\/uploads\/2017\/07\/WEB_2017_JULHO_OBRA-DIA-14-07-2017-W_IMG_5693-300x270.jpg 300w\" sizes=\"(max-width: 570px) 100vw, 570px\" \/><\/p>\n<p><img loading=\"lazy\" decoding=\"async\" class=\" size-full wp-image-78670\" src=\"http:\/\/127.0.0.1\/acs\/wp-content\/uploads\/2017\/07\/WEB_2017_JULHO_OBRA-DIA-14-07-2017-W_IMG_5706.JPG\" width=\"570\" height=\"428\" srcset=\"https:\/\/acs.org.br\/academy\/wp-content\/uploads\/2017\/07\/WEB_2017_JULHO_OBRA-DIA-14-07-2017-W_IMG_5706.JPG 570w, https:\/\/acs.org.br\/academy\/wp-content\/uploads\/2017\/07\/WEB_2017_JULHO_OBRA-DIA-14-07-2017-W_IMG_5706-300x225.jpg 300w\" sizes=\"(max-width: 570px) 100vw, 570px\" \/><\/p>\n<p>O projeto e reforma da ACS prev\u00ea, entre outras mudan\u00e7as, a amplia\u00e7\u00e3o e moderniza\u00e7\u00e3o do audit\u00f3rio (com novos equipamentos de ilumina\u00e7\u00e3o, \u00e1udio e v\u00eddeo); amplia\u00e7\u00e3o da sala onde s\u00e3o emitidos os certificados de origem; instala\u00e7\u00e3o de um novo elevador e de novos banheiros nos pavimentos t\u00e9rreo, primeiro e segundo, al\u00e9m de pintura geral (interna e externa), novo layout e reformas el\u00e9trica e hidr\u00e1ulica de todo o pr\u00e9dio.<\/p>\n<p align=\"center\"><b> <\/b><\/p>\n<p><img loading=\"lazy\" decoding=\"async\" class=\" size-full wp-image-78671\" src=\"http:\/\/127.0.0.1\/acs\/wp-content\/uploads\/2017\/07\/WEB_2017_JULHO_OBRA-DIA-14-07-2017-W_IMG_5698.JPG\" width=\"570\" height=\"428\" srcset=\"https:\/\/acs.org.br\/academy\/wp-content\/uploads\/2017\/07\/WEB_2017_JULHO_OBRA-DIA-14-07-2017-W_IMG_5698.JPG 570w, https:\/\/acs.org.br\/academy\/wp-content\/uploads\/2017\/07\/WEB_2017_JULHO_OBRA-DIA-14-07-2017-W_IMG_5698-300x225.jpg 300w\" sizes=\"(max-width: 570px) 100vw, 570px\" \/><\/p>\n<p><img loading=\"lazy\" decoding=\"async\" class=\" size-full wp-image-78672\" src=\"http:\/\/127.0.0.1\/acs\/wp-content\/uploads\/2017\/07\/WEB_2017_JULHO_OBRA-DIA-14-07-2017-W_IMG_5704.JPG\" width=\"570\" height=\"428\" srcset=\"https:\/\/acs.org.br\/academy\/wp-content\/uploads\/2017\/07\/WEB_2017_JULHO_OBRA-DIA-14-07-2017-W_IMG_5704.JPG 570w, https:\/\/acs.org.br\/academy\/wp-content\/uploads\/2017\/07\/WEB_2017_JULHO_OBRA-DIA-14-07-2017-W_IMG_5704-300x225.jpg 300w\" sizes=\"(max-width: 570px) 100vw, 570px\" \/><\/p>\n","protected":false},"excerpt":{"rendered":"<p>Fonte: Assessoria de imprensa ACS As obras de moderniza\u00e7\u00e3o da Associa\u00e7\u00e3o Comercial de Santos (ACS) entraram em uma nova fase: a de execu\u00e7\u00e3o de alvenarias e instala\u00e7\u00f5es el\u00e9tricas e hidr\u00e1ulicas. De acordo com o engenheiro respons\u00e1vel, Alexandre Alonso, ap\u00f3s as concretagens da laje do audit\u00f3rio, da escadaria dos fundos &nbsp;e do contrapiso dos fundos (antiga [&hellip;]<\/p>\n","protected":false},"author":1,"featured_media":78667,"comment_status":"open","ping_status":"open","sticky":false,"template":"","format":"standard","meta":{"footnotes":""},"categories":[84],"tags":[],"_links":{"self":[{"href":"https:\/\/acs.org.br\/academy\/wp-json\/wp\/v2\/posts\/78673"}],"collection":[{"href":"https:\/\/acs.org.br\/academy\/wp-json\/wp\/v2\/posts"}],"about":[{"href":"https:\/\/acs.org.br\/academy\/wp-json\/wp\/v2\/types\/post"}],"author":[{"embeddable":true,"href":"https:\/\/acs.org.br\/academy\/wp-json\/wp\/v2\/users\/1"}],"replies":[{"embeddable":true,"href":"https:\/\/acs.org.br\/academy\/wp-json\/wp\/v2\/comments?post=78673"}],"version-history":[{"count":0,"href":"https:\/\/acs.org.br\/academy\/wp-json\/wp\/v2\/posts\/78673\/revisions"}],"wp:featuredmedia":[{"embeddable":true,"href":"https:\/\/acs.org.br\/academy\/wp-json\/wp\/v2\/media\/78667"}],"wp:attachment":[{"href":"https:\/\/acs.org.br\/academy\/wp-json\/wp\/v2\/media?parent=78673"}],"wp:term":[{"taxonomy":"category","embeddable":true,"href":"https:\/\/acs.org.br\/academy\/wp-json\/wp\/v2\/categories?post=78673"},{"taxonomy":"post_tag","embeddable":true,"href":"https:\/\/acs.org.br\/academy\/wp-json\/wp\/v2\/tags?post=78673"}],"curies":[{"name":"wp","href":"https:\/\/api.w.org\/{rel}","templated":true}]}}