{"id":78639,"date":"2017-07-12T17:08:44","date_gmt":"2017-07-12T20:08:44","guid":{"rendered":"http:\/\/127.0.0.1\/acs\/latam\/"},"modified":"2017-07-12T17:08:44","modified_gmt":"2017-07-12T20:08:44","slug":"latam","status":"publish","type":"post","link":"https:\/\/acs.org.br\/academy\/latam\/","title":{"rendered":"Palestra na ACS &#8211; TCP Latam fala sobre recupera\u00e7\u00e3o de empresas em \u00e9poca de crise e diz que estrat\u00e9gia \u00e9 a melhor sa\u00edda"},"content":{"rendered":"<p style=\"text-align: left;\" align=\"center\">Fonte: Assessoria de imprensa ACS<\/p>\n<p>Diretores da TCP Latam ministraram, na tarde desta quarta-feira (12), palestras sobre economia e recupera\u00e7\u00e3o de empresas em \u00e9pocas de crise para empres\u00e1rios e associados \u00e0 Associa\u00e7\u00e3o Comercial de Santos (ACS). Segundo eles, a sa\u00edda para voltar a crescer \u00e9 a estrat\u00e9gia.<\/p>\n<p>O evento foi realizado no audit\u00f3rio da TV Tribuna, em raz\u00e3o da obra de moderniza\u00e7\u00e3o que ocorre na sede da ACS desde dezembro do ano passado. Estiveram presentes os diretores da ACS Fabr\u00edcio Juli\u00e3o, Pedro Veras e Marcio Calves.<\/p>\n<\/p>\n<p><img loading=\"lazy\" decoding=\"async\" class=\" size-full wp-image-78629\" src=\"http:\/\/127.0.0.1\/acs\/wp-content\/uploads\/2017\/07\/WEB_2017_JULHO_LATAM-W_LATAM-030.jpg\" width=\"570\" height=\"399\" srcset=\"https:\/\/acs.org.br\/academy\/wp-content\/uploads\/2017\/07\/WEB_2017_JULHO_LATAM-W_LATAM-030.jpg 570w, https:\/\/acs.org.br\/academy\/wp-content\/uploads\/2017\/07\/WEB_2017_JULHO_LATAM-W_LATAM-030-300x210.jpg 300w\" sizes=\"(max-width: 570px) 100vw, 570px\" \/>&nbsp;<\/p>\n<p><img loading=\"lazy\" decoding=\"async\" class=\" size-full wp-image-78630\" src=\"http:\/\/127.0.0.1\/acs\/wp-content\/uploads\/2017\/07\/WEB_2017_JULHO_LATAM-W_LATAM-035.jpg\" width=\"570\" height=\"428\" srcset=\"https:\/\/acs.org.br\/academy\/wp-content\/uploads\/2017\/07\/WEB_2017_JULHO_LATAM-W_LATAM-035.jpg 570w, https:\/\/acs.org.br\/academy\/wp-content\/uploads\/2017\/07\/WEB_2017_JULHO_LATAM-W_LATAM-035-300x225.jpg 300w\" sizes=\"(max-width: 570px) 100vw, 570px\" \/><\/p>\n<p><img loading=\"lazy\" decoding=\"async\" class=\" size-full wp-image-78631\" src=\"http:\/\/127.0.0.1\/acs\/wp-content\/uploads\/2017\/07\/WEB_2017_JULHO_LATAM-W_LATAM-013.jpg\" width=\"570\" height=\"428\" srcset=\"https:\/\/acs.org.br\/academy\/wp-content\/uploads\/2017\/07\/WEB_2017_JULHO_LATAM-W_LATAM-013.jpg 570w, https:\/\/acs.org.br\/academy\/wp-content\/uploads\/2017\/07\/WEB_2017_JULHO_LATAM-W_LATAM-013-300x225.jpg 300w\" sizes=\"(max-width: 570px) 100vw, 570px\" \/><\/p>\n<p>No in\u00edcio, o conselheiro da TCP Latam, Marcilio de Andrade, apresentou a empresa. \u201cSomos especializados na gest\u00e3o de ativos, voltados para reestrutura\u00e7\u00f5es financeira e operacional. Temos conex\u00f5es no Brasil e fora, escrit\u00f3rios na Am\u00e9rica do Sul e condi\u00e7\u00f5es de fazer a reestrutura\u00e7\u00e3o financeira de empresas de toda essa regi\u00e3o, incluindo ou n\u00e3o investidores internacionais, conforme necess\u00e1rio\u201d.<\/p>\n<p><img loading=\"lazy\" decoding=\"async\" class=\" size-full wp-image-78632\" src=\"http:\/\/127.0.0.1\/acs\/wp-content\/uploads\/2017\/07\/WEB_2017_JULHO_LATAM-W_LATAM-010.jpg\" width=\"570\" height=\"444\" srcset=\"https:\/\/acs.org.br\/academy\/wp-content\/uploads\/2017\/07\/WEB_2017_JULHO_LATAM-W_LATAM-010.jpg 570w, https:\/\/acs.org.br\/academy\/wp-content\/uploads\/2017\/07\/WEB_2017_JULHO_LATAM-W_LATAM-010-300x234.jpg 300w\" sizes=\"(max-width: 570px) 100vw, 570px\" \/>&nbsp;<\/p>\n<p><img loading=\"lazy\" decoding=\"async\" class=\" size-full wp-image-78633\" src=\"http:\/\/127.0.0.1\/acs\/wp-content\/uploads\/2017\/07\/WEB_2017_JULHO_LATAM-W_LATAM-011.jpg\" width=\"570\" height=\"470\" srcset=\"https:\/\/acs.org.br\/academy\/wp-content\/uploads\/2017\/07\/WEB_2017_JULHO_LATAM-W_LATAM-011.jpg 570w, https:\/\/acs.org.br\/academy\/wp-content\/uploads\/2017\/07\/WEB_2017_JULHO_LATAM-W_LATAM-011-300x247.jpg 300w\" sizes=\"(max-width: 570px) 100vw, 570px\" \/><\/p>\n<p>Na sequ\u00eancia, o diretor de investimentos e estudos econ\u00f4micos da TCP Latam, Ricardo Jacomassi, falou sobre as tend\u00eancias para a Baixada Santista.<\/p>\n<p><img loading=\"lazy\" decoding=\"async\" class=\" size-full wp-image-78634\" src=\"http:\/\/127.0.0.1\/acs\/wp-content\/uploads\/2017\/07\/WEB_2017_JULHO_LATAM-W_LATAM-022.jpg\" width=\"570\" height=\"428\" srcset=\"https:\/\/acs.org.br\/academy\/wp-content\/uploads\/2017\/07\/WEB_2017_JULHO_LATAM-W_LATAM-022.jpg 570w, https:\/\/acs.org.br\/academy\/wp-content\/uploads\/2017\/07\/WEB_2017_JULHO_LATAM-W_LATAM-022-300x225.jpg 300w\" sizes=\"(max-width: 570px) 100vw, 570px\" \/><\/p>\n<p><img loading=\"lazy\" decoding=\"async\" class=\" size-full wp-image-78635\" src=\"http:\/\/127.0.0.1\/acs\/wp-content\/uploads\/2017\/07\/WEB_2017_JULHO_LATAM-W_LATAM-025.jpg\" width=\"570\" height=\"447\" srcset=\"https:\/\/acs.org.br\/academy\/wp-content\/uploads\/2017\/07\/WEB_2017_JULHO_LATAM-W_LATAM-025.jpg 570w, https:\/\/acs.org.br\/academy\/wp-content\/uploads\/2017\/07\/WEB_2017_JULHO_LATAM-W_LATAM-025-300x235.jpg 300w\" sizes=\"(max-width: 570px) 100vw, 570px\" \/><\/p>\n<p>\u201cMostramos o contexto econ\u00f4mico e o que enxergamos de futuro para nossa economia. Abordamos a parte comercial, falamos sobre as tend\u00eancias para a regi\u00e3o, o potencial dela, at\u00e9 porque a Baixada Santista representa hoje, consolidada, a 13\u00aa economia do Pa\u00eds. Ent\u00e3o, achamos importante o empres\u00e1rio ter essa vis\u00e3o da infraestrutura e dos setores imobili\u00e1rio e portu\u00e1rio\u201d.<\/p>\n<p>Segundo ele, \u201ca previs\u00e3o da Latam \u00e9 que a retomada seja de 0,5% acima do PIB (Produto Interno Bruto) para 2017 e acreditamos em um PIB pr\u00f3ximo a tr\u00eas para 2018, no contexto em que a reforma trabalhista ajudar\u00e1 a reduzir o contingente de 14 milh\u00f5es de desempregados, que \u00e9 o grande limitador para a retomada. Se tem desemprego em alta, tem redu\u00e7\u00e3o do consumo\u201d.<\/p>\n<p><img loading=\"lazy\" decoding=\"async\" class=\" size-full wp-image-78636\" src=\"http:\/\/127.0.0.1\/acs\/wp-content\/uploads\/2017\/07\/WEB_2017_JULHO_LATAM-W_LATAM-027.jpg\" width=\"570\" height=\"447\" srcset=\"https:\/\/acs.org.br\/academy\/wp-content\/uploads\/2017\/07\/WEB_2017_JULHO_LATAM-W_LATAM-027.jpg 570w, https:\/\/acs.org.br\/academy\/wp-content\/uploads\/2017\/07\/WEB_2017_JULHO_LATAM-W_LATAM-027-300x235.jpg 300w\" sizes=\"(max-width: 570px) 100vw, 570px\" \/>&nbsp;<\/p>\n<p>Por fim, ele falou que a sa\u00edda para driblar esse grande desafio, que \u00e9 a crise, \u00e9 a estrat\u00e9gia. \u201cHoje, 80 % das empresas t\u00eam algum desafio em ganho de performance e melhoria na gest\u00e3o. Elas n\u00e3o fizeram profissionaliza\u00e7\u00e3o, n\u00e3o olharam com cuidado a parte financeira. Muitas est\u00e3o paradas e se voc\u00ea n\u00e3o faz processos de melhoria de performance e n\u00e3o olha qual ser\u00e1 o futuro do sucessor, isso trava a transi\u00e7\u00e3o\u201d.<\/p>\n<p>O \u00faltimo palestrante, o diretor de investimentos da TCP Latam, Paulo Pires, apresentou t\u00e9cnicas de gest\u00e3o que s\u00e3o aplicadas ao redor do mundo.<\/p>\n<p><img loading=\"lazy\" decoding=\"async\" class=\" size-full wp-image-78637\" src=\"http:\/\/127.0.0.1\/acs\/wp-content\/uploads\/2017\/07\/WEB_2017_JULHO_LATAM-W_LATAM-043.jpg\" width=\"570\" height=\"432\" srcset=\"https:\/\/acs.org.br\/academy\/wp-content\/uploads\/2017\/07\/WEB_2017_JULHO_LATAM-W_LATAM-043.jpg 570w, https:\/\/acs.org.br\/academy\/wp-content\/uploads\/2017\/07\/WEB_2017_JULHO_LATAM-W_LATAM-043-300x227.jpg 300w\" sizes=\"(max-width: 570px) 100vw, 570px\" \/><\/p>\n<p>\u201cEm \u00e9pocas de crise temos que olhar pra dentro. Por isso, viemos ajudar o empres\u00e1rio a implementar&nbsp; mudan\u00e7as necess\u00e1rias para que ele se recupere e para que esteja forte para voltar a ter cr\u00e9dito e voltar aos investimentos. Nesse momento, o grande desafio \u00e9 descobrir como sobreviver \u00e0 crise e chegar ao outro lado dessa tempestade com condi\u00e7\u00f5es de voltar a crescer. Nossa mensagem \u00e9 de esperan\u00e7a, porque existe jeito sim\u201d.<\/p>\n<p><img loading=\"lazy\" decoding=\"async\" class=\" size-full wp-image-78638\" src=\"http:\/\/127.0.0.1\/acs\/wp-content\/uploads\/2017\/07\/WEB_2017_JULHO_LATAM-W_LATAM-046.jpg\" width=\"570\" height=\"442\" srcset=\"https:\/\/acs.org.br\/academy\/wp-content\/uploads\/2017\/07\/WEB_2017_JULHO_LATAM-W_LATAM-046.jpg 570w, https:\/\/acs.org.br\/academy\/wp-content\/uploads\/2017\/07\/WEB_2017_JULHO_LATAM-W_LATAM-046-300x233.jpg 300w\" sizes=\"(max-width: 570px) 100vw, 570px\" \/>&nbsp;<\/p>\n<p>\u00a0<\/p>\n<p>\u00a0<\/p>\n<p>\u00a0<\/p>\n<p>\u00a0<\/p>\n","protected":false},"excerpt":{"rendered":"<p>Fonte: Assessoria de imprensa ACS Diretores da TCP Latam ministraram, na tarde desta quarta-feira (12), palestras sobre economia e recupera\u00e7\u00e3o de empresas em \u00e9pocas de crise para empres\u00e1rios e associados \u00e0 Associa\u00e7\u00e3o Comercial de Santos (ACS). Segundo eles, a sa\u00edda para voltar a crescer \u00e9 a estrat\u00e9gia. O evento foi realizado no audit\u00f3rio da TV [&hellip;]<\/p>\n","protected":false},"author":1,"featured_media":78628,"comment_status":"open","ping_status":"open","sticky":false,"template":"","format":"standard","meta":{"footnotes":""},"categories":[84],"tags":[],"_links":{"self":[{"href":"https:\/\/acs.org.br\/academy\/wp-json\/wp\/v2\/posts\/78639"}],"collection":[{"href":"https:\/\/acs.org.br\/academy\/wp-json\/wp\/v2\/posts"}],"about":[{"href":"https:\/\/acs.org.br\/academy\/wp-json\/wp\/v2\/types\/post"}],"author":[{"embeddable":true,"href":"https:\/\/acs.org.br\/academy\/wp-json\/wp\/v2\/users\/1"}],"replies":[{"embeddable":true,"href":"https:\/\/acs.org.br\/academy\/wp-json\/wp\/v2\/comments?post=78639"}],"version-history":[{"count":0,"href":"https:\/\/acs.org.br\/academy\/wp-json\/wp\/v2\/posts\/78639\/revisions"}],"wp:featuredmedia":[{"embeddable":true,"href":"https:\/\/acs.org.br\/academy\/wp-json\/wp\/v2\/media\/78628"}],"wp:attachment":[{"href":"https:\/\/acs.org.br\/academy\/wp-json\/wp\/v2\/media?parent=78639"}],"wp:term":[{"taxonomy":"category","embeddable":true,"href":"https:\/\/acs.org.br\/academy\/wp-json\/wp\/v2\/categories?post=78639"},{"taxonomy":"post_tag","embeddable":true,"href":"https:\/\/acs.org.br\/academy\/wp-json\/wp\/v2\/tags?post=78639"}],"curies":[{"name":"wp","href":"https:\/\/api.w.org\/{rel}","templated":true}]}}