{"id":78623,"date":"2017-07-12T12:03:29","date_gmt":"2017-07-12T15:03:29","guid":{"rendered":"http:\/\/127.0.0.1\/acs\/acaba-fase-de-demolicoes-da-obra-de-modernizacao-da-associacao-comercial-de-santos\/"},"modified":"2017-07-12T12:03:29","modified_gmt":"2017-07-12T15:03:29","slug":"acaba-fase-de-demolicoes-da-obra-de-modernizacao-da-associacao-comercial-de-santos","status":"publish","type":"post","link":"https:\/\/acs.org.br\/academy\/acaba-fase-de-demolicoes-da-obra-de-modernizacao-da-associacao-comercial-de-santos\/","title":{"rendered":"Acaba fase de demoli\u00e7\u00f5es da obra de moderniza\u00e7\u00e3o da Associa\u00e7\u00e3o Comercial de Santos"},"content":{"rendered":"<p style=\"text-align: left;\" align=\"center\">Fonte: Assessoria de imprensa ACS<\/p>\n<p style=\"text-align: left;\" align=\"center\">J\u00e1 foi encerrada a fase de demoli\u00e7\u00f5es das obras de moderniza\u00e7\u00e3o da Associa\u00e7\u00e3o Comercial de Santos (ACS), iniciadas em dezembro do ano passado.<\/p>\n<p style=\"text-align: left;\" align=\"center\">\n<p>\u201cFizemos a remo\u00e7\u00e3o de paredes, lajes e vigas em sua totalidade, restando apenas pequenas remo\u00e7\u00f5es e revestimentos antigos, que est\u00e3o sendo realizados. Na \u00faltima segunda-feira, finalizamos a concretagem da laje do audit\u00f3rio\u201d, explicou o engenheiro respons\u00e1vel, Alexandre Alonso.<\/p>\n<p><img loading=\"lazy\" decoding=\"async\" class=\" size-full wp-image-78622\" src=\"http:\/\/127.0.0.1\/acs\/wp-content\/uploads\/2017\/07\/WEB_2017_JULHO_OBRA-10-07-2017-W_IMG_004.jpg\" width=\"570\" height=\"332\" srcset=\"https:\/\/acs.org.br\/academy\/wp-content\/uploads\/2017\/07\/WEB_2017_JULHO_OBRA-10-07-2017-W_IMG_004.jpg 570w, https:\/\/acs.org.br\/academy\/wp-content\/uploads\/2017\/07\/WEB_2017_JULHO_OBRA-10-07-2017-W_IMG_004-300x175.jpg 300w\" sizes=\"(max-width: 570px) 100vw, 570px\" \/><\/p>\n<p>A reforma prev\u00ea, entre outras mudan\u00e7as, a amplia\u00e7\u00e3o e moderniza\u00e7\u00e3o do audit\u00f3rio (com novos equipamentos de ilumina\u00e7\u00e3o, \u00e1udio e v\u00eddeo); amplia\u00e7\u00e3o da sala onde s\u00e3o emitidos os certificados de origem; instala\u00e7\u00e3o de um novo elevador e de novos banheiros no primeiro andar, al\u00e9m de pintura e reformas el\u00e9trica e hidr\u00e1ulica de todo o pr\u00e9dio.<\/p>\n<p>Segundo Alonso, j\u00e1 foram concretadas a funda\u00e7\u00e3o da escadaria dos fundos (com altera\u00e7\u00e3o do projeto estrutural) e o contrapiso dos fundos (antiga zeladoria).<\/p>\n<p><img loading=\"lazy\" decoding=\"async\" class=\" size-full wp-image-78493\" src=\"http:\/\/127.0.0.1\/acs\/wp-content\/uploads\/2016\/07\/WEB_2017_JUNHO_OBRA-30-06-2017-W_IMG_001.jpg\" width=\"570\" height=\"955\" srcset=\"https:\/\/acs.org.br\/academy\/wp-content\/uploads\/2016\/07\/WEB_2017_JUNHO_OBRA-30-06-2017-W_IMG_001.jpg 570w, https:\/\/acs.org.br\/academy\/wp-content\/uploads\/2016\/07\/WEB_2017_JUNHO_OBRA-30-06-2017-W_IMG_001-179x300.jpg 179w\" sizes=\"(max-width: 570px) 100vw, 570px\" \/><\/p>\n<p>Foram feitas, ainda, a instala\u00e7\u00e3o de vigas de refor\u00e7o para sustenta\u00e7\u00e3o de alvenarias e pisos (sob a sala da diretoria executiva); instala\u00e7\u00f5es el\u00e9tricas, de telefonia e de som no Audit\u00f3rio e na antiga secretaria no 2\u00ba pavimento.<\/p>\n<p>Sobre o novo elevador, o engenheiro disse que 90% da estrutura met\u00e1lica est\u00e3o conclu\u00eddas. \u201cEfetuaremos agora os fechamentos em alvenaria do po\u00e7o\u201d.<\/p>\n<p><img loading=\"lazy\" decoding=\"async\" class=\" size-full wp-image-78497\" src=\"http:\/\/127.0.0.1\/acs\/wp-content\/uploads\/2016\/07\/WEB_2017_JUNHO_OBRA-30-06-2017-W_IMG_005.jpg\" width=\"570\" height=\"321\" srcset=\"https:\/\/acs.org.br\/academy\/wp-content\/uploads\/2016\/07\/WEB_2017_JUNHO_OBRA-30-06-2017-W_IMG_005.jpg 570w, https:\/\/acs.org.br\/academy\/wp-content\/uploads\/2016\/07\/WEB_2017_JUNHO_OBRA-30-06-2017-W_IMG_005-300x169.jpg 300w\" sizes=\"(max-width: 570px) 100vw, 570px\" \/><\/p>\n<p>Com essa etapa conclu\u00edda, Alonso acredita que a reforma passar\u00e1 a ter um ritmo mais acelerado.<\/p>\n<p>\u201cAgora que j\u00e1 concretamos a laje do audit\u00f3rio, poderemos adotar um novo ritmo de obras (mais acelerado)\u201d.<\/p>\n","protected":false},"excerpt":{"rendered":"<p>Fonte: Assessoria de imprensa ACS J\u00e1 foi encerrada a fase de demoli\u00e7\u00f5es das obras de moderniza\u00e7\u00e3o da Associa\u00e7\u00e3o Comercial de Santos (ACS), iniciadas em dezembro do ano passado. \u201cFizemos a remo\u00e7\u00e3o de paredes, lajes e vigas em sua totalidade, restando apenas pequenas remo\u00e7\u00f5es e revestimentos antigos, que est\u00e3o sendo realizados. Na \u00faltima segunda-feira, finalizamos a [&hellip;]<\/p>\n","protected":false},"author":1,"featured_media":78621,"comment_status":"open","ping_status":"open","sticky":false,"template":"","format":"standard","meta":{"footnotes":""},"categories":[84],"tags":[],"_links":{"self":[{"href":"https:\/\/acs.org.br\/academy\/wp-json\/wp\/v2\/posts\/78623"}],"collection":[{"href":"https:\/\/acs.org.br\/academy\/wp-json\/wp\/v2\/posts"}],"about":[{"href":"https:\/\/acs.org.br\/academy\/wp-json\/wp\/v2\/types\/post"}],"author":[{"embeddable":true,"href":"https:\/\/acs.org.br\/academy\/wp-json\/wp\/v2\/users\/1"}],"replies":[{"embeddable":true,"href":"https:\/\/acs.org.br\/academy\/wp-json\/wp\/v2\/comments?post=78623"}],"version-history":[{"count":0,"href":"https:\/\/acs.org.br\/academy\/wp-json\/wp\/v2\/posts\/78623\/revisions"}],"wp:featuredmedia":[{"embeddable":true,"href":"https:\/\/acs.org.br\/academy\/wp-json\/wp\/v2\/media\/78621"}],"wp:attachment":[{"href":"https:\/\/acs.org.br\/academy\/wp-json\/wp\/v2\/media?parent=78623"}],"wp:term":[{"taxonomy":"category","embeddable":true,"href":"https:\/\/acs.org.br\/academy\/wp-json\/wp\/v2\/categories?post=78623"},{"taxonomy":"post_tag","embeddable":true,"href":"https:\/\/acs.org.br\/academy\/wp-json\/wp\/v2\/tags?post=78623"}],"curies":[{"name":"wp","href":"https:\/\/api.w.org\/{rel}","templated":true}]}}