{"id":78610,"date":"2017-07-11T15:07:46","date_gmt":"2017-07-11T18:07:46","guid":{"rendered":"http:\/\/127.0.0.1\/acs\/secretaria-adjunta-de-planejamento-estrategico-de-guaruja-passa-a-integrar-camara-de-petroleo-e-gas\/"},"modified":"2017-07-11T15:07:46","modified_gmt":"2017-07-11T18:07:46","slug":"secretaria-adjunta-de-planejamento-estrategico-de-guaruja-passa-a-integrar-camara-de-petroleo-e-gas","status":"publish","type":"post","link":"https:\/\/acs.org.br\/academy\/secretaria-adjunta-de-planejamento-estrategico-de-guaruja-passa-a-integrar-camara-de-petroleo-e-gas\/","title":{"rendered":"Secret\u00e1ria-adjunta de Planejamento Estrat\u00e9gico de Guaruj\u00e1 passa a integrar C\u00e2mara de Petr\u00f3leo e G\u00e1s"},"content":{"rendered":"<p>Fonte: Assessoria de imprensa ACS<\/p>\n<p>A secret\u00e1ria-adjunta de Planejamento Estrat\u00e9gico de Guaruj\u00e1, Polliana Iamonti, participou pela primeira vez nesta ter\u00e7a-feira (11) da reuni\u00e3o mensal da C\u00e2mara Setorial de Petr\u00f3leo e G\u00e1s da Associa\u00e7\u00e3o Comercial de Santos (ACS). O encontro ocorreu na sede da Associa\u00e7\u00e3o, na sala da presid\u00eancia.<\/p>\n<\/p>\n<p><img loading=\"lazy\" decoding=\"async\" class=\" size-full wp-image-78605\" src=\"http:\/\/127.0.0.1\/acs\/wp-content\/uploads\/2017\/07\/WEB_2017_JULHO_PETROLEO-W_PETROLEO_0001.jpg\" width=\"570\" height=\"437\" srcset=\"https:\/\/acs.org.br\/academy\/wp-content\/uploads\/2017\/07\/WEB_2017_JULHO_PETROLEO-W_PETROLEO_0001.jpg 570w, https:\/\/acs.org.br\/academy\/wp-content\/uploads\/2017\/07\/WEB_2017_JULHO_PETROLEO-W_PETROLEO_0001-300x230.jpg 300w\" sizes=\"(max-width: 570px) 100vw, 570px\" \/><\/p>\n<p>O coordenador da C\u00e2mara, Vicente do Valle, exp\u00f4s \u00e0 nova participante a principal frente da C\u00e2mara atualmente, que \u00e9 a instala\u00e7\u00e3o de uma base offshore na regi\u00e3o.<\/p>\n<p><img loading=\"lazy\" decoding=\"async\" class=\" size-full wp-image-78606\" src=\"http:\/\/127.0.0.1\/acs\/wp-content\/uploads\/2017\/07\/WEB_2017_JULHO_PETROLEO-W_PETROLEO_0011.jpg\" width=\"570\" height=\"439\" srcset=\"https:\/\/acs.org.br\/academy\/wp-content\/uploads\/2017\/07\/WEB_2017_JULHO_PETROLEO-W_PETROLEO_0011.jpg 570w, https:\/\/acs.org.br\/academy\/wp-content\/uploads\/2017\/07\/WEB_2017_JULHO_PETROLEO-W_PETROLEO_0011-300x231.jpg 300w\" sizes=\"(max-width: 570px) 100vw, 570px\" \/><\/p>\n<p>Ap\u00f3s se atualizar sobre tudo o que est\u00e1 sendo realizado pela C\u00e2mara, Polliana se mostrou otimista.<\/p>\n<p>\u201cNossa proposta \u00e9 sempre estar em conjunto com munic\u00edpios vizinhos para que a gente possa fomentar essa quest\u00e3o do desenvolvimento econ\u00f4mico. Levarei as propostas colocadas pelo coordenador Vicente para o secret\u00e1rio da Pasta, para acharmos uma solu\u00e7\u00e3o para a instala\u00e7\u00e3o dessa base. Acredito que teremos \u00eaxito\u201d.<\/p>\n<p><img loading=\"lazy\" decoding=\"async\" class=\" size-full wp-image-78607\" src=\"http:\/\/127.0.0.1\/acs\/wp-content\/uploads\/2017\/07\/WEB_2017_JULHO_PETROLEO-W_PETROLEO_0007.jpg\" width=\"570\" height=\"400\" srcset=\"https:\/\/acs.org.br\/academy\/wp-content\/uploads\/2017\/07\/WEB_2017_JULHO_PETROLEO-W_PETROLEO_0007.jpg 570w, https:\/\/acs.org.br\/academy\/wp-content\/uploads\/2017\/07\/WEB_2017_JULHO_PETROLEO-W_PETROLEO_0007-300x211.jpg 300w\" sizes=\"(max-width: 570px) 100vw, 570px\" \/><\/p>\n<p><img loading=\"lazy\" decoding=\"async\" class=\" size-full wp-image-78608\" src=\"http:\/\/127.0.0.1\/acs\/wp-content\/uploads\/2017\/07\/WEB_2017_JULHO_PETROLEO-W_PETROLEO_0015.jpg\" width=\"570\" height=\"422\" srcset=\"https:\/\/acs.org.br\/academy\/wp-content\/uploads\/2017\/07\/WEB_2017_JULHO_PETROLEO-W_PETROLEO_0015.jpg 570w, https:\/\/acs.org.br\/academy\/wp-content\/uploads\/2017\/07\/WEB_2017_JULHO_PETROLEO-W_PETROLEO_0015-300x222.jpg 300w\" sizes=\"(max-width: 570px) 100vw, 570px\" \/><\/p>\n<p><img loading=\"lazy\" decoding=\"async\" class=\" size-full wp-image-78609\" src=\"http:\/\/127.0.0.1\/acs\/wp-content\/uploads\/2017\/07\/WEB_2017_JULHO_PETROLEO-W_PETROLEO_0017.jpg\" width=\"570\" height=\"554\" srcset=\"https:\/\/acs.org.br\/academy\/wp-content\/uploads\/2017\/07\/WEB_2017_JULHO_PETROLEO-W_PETROLEO_0017.jpg 570w, https:\/\/acs.org.br\/academy\/wp-content\/uploads\/2017\/07\/WEB_2017_JULHO_PETROLEO-W_PETROLEO_0017-300x292.jpg 300w\" sizes=\"(max-width: 570px) 100vw, 570px\" \/><\/p>\n<p>\u00a0<\/p>\n","protected":false},"excerpt":{"rendered":"<p>Fonte: Assessoria de imprensa ACS A secret\u00e1ria-adjunta de Planejamento Estrat\u00e9gico de Guaruj\u00e1, Polliana Iamonti, participou pela primeira vez nesta ter\u00e7a-feira (11) da reuni\u00e3o mensal da C\u00e2mara Setorial de Petr\u00f3leo e G\u00e1s da Associa\u00e7\u00e3o Comercial de Santos (ACS). O encontro ocorreu na sede da Associa\u00e7\u00e3o, na sala da presid\u00eancia. O coordenador da C\u00e2mara, Vicente do Valle, [&hellip;]<\/p>\n","protected":false},"author":1,"featured_media":78604,"comment_status":"open","ping_status":"open","sticky":false,"template":"","format":"standard","meta":{"footnotes":""},"categories":[84],"tags":[],"_links":{"self":[{"href":"https:\/\/acs.org.br\/academy\/wp-json\/wp\/v2\/posts\/78610"}],"collection":[{"href":"https:\/\/acs.org.br\/academy\/wp-json\/wp\/v2\/posts"}],"about":[{"href":"https:\/\/acs.org.br\/academy\/wp-json\/wp\/v2\/types\/post"}],"author":[{"embeddable":true,"href":"https:\/\/acs.org.br\/academy\/wp-json\/wp\/v2\/users\/1"}],"replies":[{"embeddable":true,"href":"https:\/\/acs.org.br\/academy\/wp-json\/wp\/v2\/comments?post=78610"}],"version-history":[{"count":0,"href":"https:\/\/acs.org.br\/academy\/wp-json\/wp\/v2\/posts\/78610\/revisions"}],"wp:featuredmedia":[{"embeddable":true,"href":"https:\/\/acs.org.br\/academy\/wp-json\/wp\/v2\/media\/78604"}],"wp:attachment":[{"href":"https:\/\/acs.org.br\/academy\/wp-json\/wp\/v2\/media?parent=78610"}],"wp:term":[{"taxonomy":"category","embeddable":true,"href":"https:\/\/acs.org.br\/academy\/wp-json\/wp\/v2\/categories?post=78610"},{"taxonomy":"post_tag","embeddable":true,"href":"https:\/\/acs.org.br\/academy\/wp-json\/wp\/v2\/tags?post=78610"}],"curies":[{"name":"wp","href":"https:\/\/api.w.org\/{rel}","templated":true}]}}