{"id":78568,"date":"2017-07-07T16:09:49","date_gmt":"2017-07-07T19:09:49","guid":{"rendered":"http:\/\/127.0.0.1\/acs\/xxii-seminario-internacional-de-cafe-de-santos-save-the-date\/"},"modified":"2017-07-07T16:09:49","modified_gmt":"2017-07-07T19:09:49","slug":"xxii-seminario-internacional-de-cafe-de-santos-save-the-date","status":"publish","type":"post","link":"https:\/\/acs.org.br\/academy\/xxii-seminario-internacional-de-cafe-de-santos-save-the-date\/","title":{"rendered":"XXII Semin\u00e1rio Internacional de Caf\u00e9 de Santos: SAVE THE DATE"},"content":{"rendered":"<p><span style=\"text-decoration: underline;\"><strong>SAVE THE DATE<\/strong><\/span><\/p>\n<p>J\u00e1 estamos trabalhando para a realiza\u00e7\u00e3o de nosso&nbsp;<b><i>XXII Semin\u00e1rio Internacional de Caf\u00e9 de Santos, <\/i><\/b>cujo tema central ser\u00e1 \u201cQuebrando recordes\u201d. O tradicional evento, promovido pela ACS &#8211; Associa\u00e7\u00e3o Comercial de Santos &#8211; e coordenado pela C\u00e2mara Setorial de Exportadores de Caf\u00e9, ocorrer\u00e1 nos dias 9 e 10 de maio de 2018, em Guaruj\u00e1.<\/p>\n<p>S\u00e3o esperados participantes de toda a cadeia produtiva do Brasil, exportadores, importadores e torradores de v\u00e1rias partes do mundo.<\/p>\n<p>Em breve retornaremos com a programa\u00e7\u00e3o e informa\u00e7\u00f5es adicionais sobre o evento.<\/p>\n<p>Contamos com sua participa\u00e7\u00e3o.<\/p>\n<p>\u00a0<\/p>\n<p><span style=\"text-decoration: underline;\"><strong>SAVE THE DATE<\/strong><\/span><\/p>\n<p>We are already working on the&nbsp;<b><i>XXII Santos&#8217; Coffee International Seminar<\/i><\/b>, the main subject is about&nbsp;<i>Breaking Records<\/i>. The traditional event, promoted by ACS (Santos Commercial Association), and coordinated by the Coffee Exporter Sector Chamber, will occur on May 9th and 10th, 2018, in the city of Guaruj\u00e1.<\/p>\n<p>We are expecting participants from the entire Brazilian productive chain as well as exporters, importers and roasters from many parts of the world.<\/p>\n<p>We will be back with the schedule and further information about the event soon.<\/p>\n<p>We hope to see you there.<\/p>\n<p>\u00a0<\/p>\n<p>\u00a0<\/p>\n<p>\u00a0<\/p>\n","protected":false},"excerpt":{"rendered":"<p>SAVE THE DATE J\u00e1 estamos trabalhando para a realiza\u00e7\u00e3o de nosso&nbsp;XXII Semin\u00e1rio Internacional de Caf\u00e9 de Santos, cujo tema central ser\u00e1 \u201cQuebrando recordes\u201d. O tradicional evento, promovido pela ACS &#8211; Associa\u00e7\u00e3o Comercial de Santos &#8211; e coordenado pela C\u00e2mara Setorial de Exportadores de Caf\u00e9, ocorrer\u00e1 nos dias 9 e 10 de maio de 2018, em [&hellip;]<\/p>\n","protected":false},"author":1,"featured_media":0,"comment_status":"open","ping_status":"open","sticky":false,"template":"","format":"standard","meta":{"footnotes":""},"categories":[84],"tags":[],"_links":{"self":[{"href":"https:\/\/acs.org.br\/academy\/wp-json\/wp\/v2\/posts\/78568"}],"collection":[{"href":"https:\/\/acs.org.br\/academy\/wp-json\/wp\/v2\/posts"}],"about":[{"href":"https:\/\/acs.org.br\/academy\/wp-json\/wp\/v2\/types\/post"}],"author":[{"embeddable":true,"href":"https:\/\/acs.org.br\/academy\/wp-json\/wp\/v2\/users\/1"}],"replies":[{"embeddable":true,"href":"https:\/\/acs.org.br\/academy\/wp-json\/wp\/v2\/comments?post=78568"}],"version-history":[{"count":0,"href":"https:\/\/acs.org.br\/academy\/wp-json\/wp\/v2\/posts\/78568\/revisions"}],"wp:attachment":[{"href":"https:\/\/acs.org.br\/academy\/wp-json\/wp\/v2\/media?parent=78568"}],"wp:term":[{"taxonomy":"category","embeddable":true,"href":"https:\/\/acs.org.br\/academy\/wp-json\/wp\/v2\/categories?post=78568"},{"taxonomy":"post_tag","embeddable":true,"href":"https:\/\/acs.org.br\/academy\/wp-json\/wp\/v2\/tags?post=78568"}],"curies":[{"name":"wp","href":"https:\/\/api.w.org\/{rel}","templated":true}]}}