{"id":78567,"date":"2017-07-07T00:00:00","date_gmt":"2017-07-07T03:00:00","guid":{"rendered":"http:\/\/127.0.0.1\/acs\/rodada\/"},"modified":"2017-07-07T00:00:00","modified_gmt":"2017-07-07T03:00:00","slug":"rodada","status":"publish","type":"post","link":"https:\/\/acs.org.br\/academy\/rodada\/","title":{"rendered":"Rodada da cidadania &#8211; Coordenadores das C\u00e2maras Setoriais da Associa\u00e7\u00e3o Comercial de Santos re\u00fanem-se com vice-governador e pedem melhorias para a regi\u00e3o"},"content":{"rendered":"<p style=\"text-align: left;\" align=\"center\">Fonte: Assessoria de imprensa ACS<\/p>\n<p>Coordenadores das C\u00e2maras Setoriais da Associa\u00e7\u00e3o Comercial de Santos (ACS) reuniram-se nesta sexta-feira (7) com o vice-governador do Estado de S\u00e3o Paulo, Marcio Fran\u00e7a, e pediram investimentos para a regi\u00e3o. O principal deles foi a constru\u00e7\u00e3o de vias de acesso na entrada de Santos. Ap\u00f3s ouvir todas as reivindica\u00e7\u00f5es, Fran\u00e7a disse acreditar que a economia ser\u00e1 retomada no pr\u00f3ximo ano e, juntamente com ela, novos investimentos.<\/p>\n<p>Denominado Rodada da Cidadania, o encontro, idealizado pela C\u00e2mara Setorial de Institui\u00e7\u00f5es de Ensino e pelo Conselho de C\u00e2maras Setoriais, foi realizado no audit\u00f3rio da TV Tribuna, em raz\u00e3o das obras de moderniza\u00e7\u00e3o que ocorrem na sede da ACS desde dezembro do ano passado.<\/p>\n<p>Na abertura, o presidente da ACS, Roberto Clemente Santini, falou sobre a import\u00e2ncia das a\u00e7\u00f5es que t\u00eam sido organizadas pelas c\u00e2maras setoriais.<\/p>\n<\/p>\n<p>\u201cDesde o nosso primeiro mandato, uma das nossas metas tem sido dinamizar as c\u00e2maras setoriais que, na pr\u00e1tica, representam todos os setores da economia local, regional e nacional. Esse encontro \u00e9 mais uma etapa desse processo e sua presen\u00e7a abre uma grande perspectiva. A inten\u00e7\u00e3o \u00e9 que desse encontro saiam ideias, propostas e, principalmente, que fortale\u00e7a ainda mais sua liga\u00e7\u00e3o com a nossa regi\u00e3o e com os setores que s\u00e3o potenciais polos de desenvolvimento\u201d.<\/p>\n<p>Na sequ\u00eancia, a coordenadora da C\u00e2mara Setorial de Institui\u00e7\u00f5es de Ensino, Silvia Teixeira Penteado, apresentou um r\u00e1pido perfil da situa\u00e7\u00e3o do setor na regi\u00e3o e perguntou quais os planos do vice-governador em rela\u00e7\u00e3o \u00e0 mobilidade urbana e aos acessos \u00e0 Cidade, quest\u00f5es que interferem em v\u00e1rios setores da economia da Baixada Santista.<\/p>\n<p><img loading=\"lazy\" decoding=\"async\" class=\" size-full wp-image-78547\" src=\"http:\/\/127.0.0.1\/acs\/wp-content\/uploads\/2017\/07\/WEB_2017_JULHO_RODADA-W_IMG_5466.jpg\" width=\"570\" height=\"416\" srcset=\"https:\/\/acs.org.br\/academy\/wp-content\/uploads\/2017\/07\/WEB_2017_JULHO_RODADA-W_IMG_5466.jpg 570w, https:\/\/acs.org.br\/academy\/wp-content\/uploads\/2017\/07\/WEB_2017_JULHO_RODADA-W_IMG_5466-300x219.jpg 300w\" sizes=\"(max-width: 570px) 100vw, 570px\" \/><\/p>\n<p><img loading=\"lazy\" decoding=\"async\" class=\" size-full wp-image-78548\" src=\"http:\/\/127.0.0.1\/acs\/wp-content\/uploads\/2017\/07\/WEB_2017_JULHO_RODADA-W_IMG_5468.jpg\" width=\"570\" height=\"403\" srcset=\"https:\/\/acs.org.br\/academy\/wp-content\/uploads\/2017\/07\/WEB_2017_JULHO_RODADA-W_IMG_5468.jpg 570w, https:\/\/acs.org.br\/academy\/wp-content\/uploads\/2017\/07\/WEB_2017_JULHO_RODADA-W_IMG_5468-300x212.jpg 300w\" sizes=\"(max-width: 570px) 100vw, 570px\" \/><\/p>\n<p>Outros questionamentos foram feitos pelos coordenadores das c\u00e2maras setoriais, relacionados aos seguintes temas: cria\u00e7\u00e3o de uma rede hospitalar pelo Sistema \u00danico de Sa\u00fade \u2013 SUS; instala\u00e7\u00e3o de uma base offshore na Baixada Santista; constru\u00e7\u00e3o de uma terceira rodovia de acesso a Santos; desenvolvimento do Porto.<\/p>\n<p><img loading=\"lazy\" decoding=\"async\" class=\" size-full wp-image-78549\" src=\"http:\/\/127.0.0.1\/acs\/wp-content\/uploads\/2017\/07\/WEB_2017_JULHO_RODADA-W_IMG_5478.jpg\" width=\"570\" height=\"442\" srcset=\"https:\/\/acs.org.br\/academy\/wp-content\/uploads\/2017\/07\/WEB_2017_JULHO_RODADA-W_IMG_5478.jpg 570w, https:\/\/acs.org.br\/academy\/wp-content\/uploads\/2017\/07\/WEB_2017_JULHO_RODADA-W_IMG_5478-300x233.jpg 300w\" sizes=\"(max-width: 570px) 100vw, 570px\" \/><\/p>\n<p><img loading=\"lazy\" decoding=\"async\" class=\" size-full wp-image-78550\" src=\"http:\/\/127.0.0.1\/acs\/wp-content\/uploads\/2017\/07\/WEB_2017_JULHO_RODADA-W_IMG_5481.jpg\" width=\"570\" height=\"428\" srcset=\"https:\/\/acs.org.br\/academy\/wp-content\/uploads\/2017\/07\/WEB_2017_JULHO_RODADA-W_IMG_5481.jpg 570w, https:\/\/acs.org.br\/academy\/wp-content\/uploads\/2017\/07\/WEB_2017_JULHO_RODADA-W_IMG_5481-300x225.jpg 300w\" sizes=\"(max-width: 570px) 100vw, 570px\" \/><\/p>\n<p><img loading=\"lazy\" decoding=\"async\" class=\" size-full wp-image-78551\" src=\"http:\/\/127.0.0.1\/acs\/wp-content\/uploads\/2017\/07\/WEB_2017_JULHO_RODADA-W_IMG_5488.jpg\" width=\"570\" height=\"428\" srcset=\"https:\/\/acs.org.br\/academy\/wp-content\/uploads\/2017\/07\/WEB_2017_JULHO_RODADA-W_IMG_5488.jpg 570w, https:\/\/acs.org.br\/academy\/wp-content\/uploads\/2017\/07\/WEB_2017_JULHO_RODADA-W_IMG_5488-300x225.jpg 300w\" sizes=\"(max-width: 570px) 100vw, 570px\" \/><\/p>\n<p><img loading=\"lazy\" decoding=\"async\" class=\" size-full wp-image-78552\" src=\"http:\/\/127.0.0.1\/acs\/wp-content\/uploads\/2017\/07\/WEB_2017_JULHO_RODADA-W_IMG_5512.jpg\" width=\"570\" height=\"416\" srcset=\"https:\/\/acs.org.br\/academy\/wp-content\/uploads\/2017\/07\/WEB_2017_JULHO_RODADA-W_IMG_5512.jpg 570w, https:\/\/acs.org.br\/academy\/wp-content\/uploads\/2017\/07\/WEB_2017_JULHO_RODADA-W_IMG_5512-300x219.jpg 300w\" sizes=\"(max-width: 570px) 100vw, 570px\" \/><\/p>\n<p>Ap\u00f3s ouvir a todos, o vice-governador fez uma r\u00e1pida exposi\u00e7\u00e3o dos \u00edndices de economia do Pa\u00eds e do Estado de S\u00e3o Paulo.<\/p>\n<p><img loading=\"lazy\" decoding=\"async\" class=\" size-full wp-image-78553\" src=\"http:\/\/127.0.0.1\/acs\/wp-content\/uploads\/2017\/07\/WEB_2017_JULHO_RODADA-W_IMG_5516.jpg\" width=\"570\" height=\"470\" srcset=\"https:\/\/acs.org.br\/academy\/wp-content\/uploads\/2017\/07\/WEB_2017_JULHO_RODADA-W_IMG_5516.jpg 570w, https:\/\/acs.org.br\/academy\/wp-content\/uploads\/2017\/07\/WEB_2017_JULHO_RODADA-W_IMG_5516-300x247.jpg 300w\" sizes=\"(max-width: 570px) 100vw, 570px\" \/><\/p>\n<p>Em seguida, sobre o os acessos a Santos, Fran\u00e7a relembrou que h\u00e1 um projeto para a realiza\u00e7\u00e3o dessas obras, que ser\u00e3o realizadas numa parceria entre a Prefeitura de Santos e os governos Estadual e Federal. Ele explicou que o governo do Estado j\u00e1 tem como viabilizar sua parte, por meio de investimentos que poder\u00e3o ser feitos pela concession\u00e1ria Ecovias. \u201cEstamos na fase final para encontrar uma solu\u00e7\u00e3o jur\u00eddica para realizar essas obras por meio de recursos privados. A Prefeitura de Santos tamb\u00e9m j\u00e1 tem tudo pronto. Falta apenas o Governo Federal confirmar a participa\u00e7\u00e3o dele\u201d.<\/p>\n<p><img loading=\"lazy\" decoding=\"async\" class=\" size-full wp-image-78554\" src=\"http:\/\/127.0.0.1\/acs\/wp-content\/uploads\/2017\/07\/WEB_2017_JULHO_RODADA-W_IMG_5519-B.jpg\" width=\"570\" height=\"715\" srcset=\"https:\/\/acs.org.br\/academy\/wp-content\/uploads\/2017\/07\/WEB_2017_JULHO_RODADA-W_IMG_5519-B.jpg 570w, https:\/\/acs.org.br\/academy\/wp-content\/uploads\/2017\/07\/WEB_2017_JULHO_RODADA-W_IMG_5519-B-239x300.jpg 239w\" sizes=\"(max-width: 570px) 100vw, 570px\" \/><\/p>\n<p>Ele disse, ainda, que est\u00e1 prevista a duplica\u00e7\u00e3o da rodovia que liga Peru\u00edbe a Curitiba, a R\u00e9gis Bittencourt (BR 116), que ser\u00e1 feita em regime de concess\u00e3o. \u201cSer\u00e1 por meio de processo licitat\u00f3rio e o vencedor far\u00e1 a duplica\u00e7\u00e3o com recursos dele e cobrar\u00e1 ped\u00e1gio nesse trecho\u201d.<\/p>\n<p>Sobre a cria\u00e7\u00e3o de uma base offshore, Fran\u00e7a ressaltou que atualmente S\u00e3o Paulo \u00e9 o segundo maior produtor de petr\u00f3leo do Pa\u00eds e que a extra\u00e7\u00e3o na Bacia de Santos tem avan\u00e7ado. Segundo ele, a Bacia de Santos \u00e9, inclusive, a regi\u00e3o da Petrobras que mais rende.<\/p>\n<p>\u201cAinda h\u00e1 muito a ser explorado. Isso vai gerar neg\u00f3cios e a cria\u00e7\u00e3o de empregos. A Petrobras vai ampliar muito, teremos tamb\u00e9m investimentos da iniciativa privada e a base offshore ser\u00e1 uma porta de entrada para fornecer suprimentos para essas plataformas fora do continente. Nesse caso, o Estado tem que ser um indutor para a implanta\u00e7\u00e3o dessa base, mas ela deve ser feita a partir de investimentos privados\u201d, finalizou.<\/p>\n<p><img loading=\"lazy\" decoding=\"async\" class=\" size-full wp-image-78555\" src=\"http:\/\/127.0.0.1\/acs\/wp-content\/uploads\/2017\/07\/WEB_2017_JULHO_RODADA-W_IMG_5439.jpg\" width=\"570\" height=\"418\" srcset=\"https:\/\/acs.org.br\/academy\/wp-content\/uploads\/2017\/07\/WEB_2017_JULHO_RODADA-W_IMG_5439.jpg 570w, https:\/\/acs.org.br\/academy\/wp-content\/uploads\/2017\/07\/WEB_2017_JULHO_RODADA-W_IMG_5439-300x220.jpg 300w\" sizes=\"(max-width: 570px) 100vw, 570px\" \/><\/p>\n<p><img loading=\"lazy\" decoding=\"async\" class=\" size-full wp-image-78556\" src=\"http:\/\/127.0.0.1\/acs\/wp-content\/uploads\/2017\/07\/WEB_2017_JULHO_RODADA-W_IMG_5441.jpg\" width=\"570\" height=\"428\" srcset=\"https:\/\/acs.org.br\/academy\/wp-content\/uploads\/2017\/07\/WEB_2017_JULHO_RODADA-W_IMG_5441.jpg 570w, https:\/\/acs.org.br\/academy\/wp-content\/uploads\/2017\/07\/WEB_2017_JULHO_RODADA-W_IMG_5441-300x225.jpg 300w\" sizes=\"(max-width: 570px) 100vw, 570px\" \/><\/p>\n<p><img loading=\"lazy\" decoding=\"async\" class=\" size-full wp-image-78557\" src=\"http:\/\/127.0.0.1\/acs\/wp-content\/uploads\/2017\/07\/WEB_2017_JULHO_RODADA-W_IMG_5462.jpg\" width=\"570\" height=\"428\" srcset=\"https:\/\/acs.org.br\/academy\/wp-content\/uploads\/2017\/07\/WEB_2017_JULHO_RODADA-W_IMG_5462.jpg 570w, https:\/\/acs.org.br\/academy\/wp-content\/uploads\/2017\/07\/WEB_2017_JULHO_RODADA-W_IMG_5462-300x225.jpg 300w\" sizes=\"(max-width: 570px) 100vw, 570px\" \/><\/p>\n<p><img loading=\"lazy\" decoding=\"async\" class=\" size-full wp-image-78558\" src=\"http:\/\/127.0.0.1\/acs\/wp-content\/uploads\/2017\/07\/WEB_2017_JULHO_RODADA-W_IMG_5470.jpg\" width=\"570\" height=\"428\" srcset=\"https:\/\/acs.org.br\/academy\/wp-content\/uploads\/2017\/07\/WEB_2017_JULHO_RODADA-W_IMG_5470.jpg 570w, https:\/\/acs.org.br\/academy\/wp-content\/uploads\/2017\/07\/WEB_2017_JULHO_RODADA-W_IMG_5470-300x225.jpg 300w\" sizes=\"(max-width: 570px) 100vw, 570px\" \/><\/p>\n<p><img loading=\"lazy\" decoding=\"async\" class=\" size-full wp-image-78559\" src=\"http:\/\/127.0.0.1\/acs\/wp-content\/uploads\/2017\/07\/WEB_2017_JULHO_RODADA-W_IMG_5472.jpg\" width=\"570\" height=\"417\" srcset=\"https:\/\/acs.org.br\/academy\/wp-content\/uploads\/2017\/07\/WEB_2017_JULHO_RODADA-W_IMG_5472.jpg 570w, https:\/\/acs.org.br\/academy\/wp-content\/uploads\/2017\/07\/WEB_2017_JULHO_RODADA-W_IMG_5472-300x219.jpg 300w\" sizes=\"(max-width: 570px) 100vw, 570px\" \/><\/p>\n<p><img loading=\"lazy\" decoding=\"async\" class=\" size-full wp-image-78560\" src=\"http:\/\/127.0.0.1\/acs\/wp-content\/uploads\/2017\/07\/WEB_2017_JULHO_RODADA-W_IMG_5476.jpg\" width=\"570\" height=\"428\" srcset=\"https:\/\/acs.org.br\/academy\/wp-content\/uploads\/2017\/07\/WEB_2017_JULHO_RODADA-W_IMG_5476.jpg 570w, https:\/\/acs.org.br\/academy\/wp-content\/uploads\/2017\/07\/WEB_2017_JULHO_RODADA-W_IMG_5476-300x225.jpg 300w\" sizes=\"(max-width: 570px) 100vw, 570px\" \/><\/p>\n<p><img loading=\"lazy\" decoding=\"async\" class=\" size-full wp-image-78561\" src=\"http:\/\/127.0.0.1\/acs\/wp-content\/uploads\/2017\/07\/WEB_2017_JULHO_RODADA-W_IMG_5495.jpg\" width=\"570\" height=\"428\" srcset=\"https:\/\/acs.org.br\/academy\/wp-content\/uploads\/2017\/07\/WEB_2017_JULHO_RODADA-W_IMG_5495.jpg 570w, https:\/\/acs.org.br\/academy\/wp-content\/uploads\/2017\/07\/WEB_2017_JULHO_RODADA-W_IMG_5495-300x225.jpg 300w\" sizes=\"(max-width: 570px) 100vw, 570px\" \/><\/p>\n<p><img loading=\"lazy\" decoding=\"async\" class=\" size-full wp-image-78562\" src=\"http:\/\/127.0.0.1\/acs\/wp-content\/uploads\/2017\/07\/WEB_2017_JULHO_RODADA-W_IMG_5501.jpg\" width=\"570\" height=\"428\" srcset=\"https:\/\/acs.org.br\/academy\/wp-content\/uploads\/2017\/07\/WEB_2017_JULHO_RODADA-W_IMG_5501.jpg 570w, https:\/\/acs.org.br\/academy\/wp-content\/uploads\/2017\/07\/WEB_2017_JULHO_RODADA-W_IMG_5501-300x225.jpg 300w\" sizes=\"(max-width: 570px) 100vw, 570px\" \/><\/p>\n<p><img loading=\"lazy\" decoding=\"async\" class=\" size-full wp-image-78563\" src=\"http:\/\/127.0.0.1\/acs\/wp-content\/uploads\/2017\/07\/WEB_2017_JULHO_RODADA-W_IMG_5511.jpg\" width=\"570\" height=\"433\" srcset=\"https:\/\/acs.org.br\/academy\/wp-content\/uploads\/2017\/07\/WEB_2017_JULHO_RODADA-W_IMG_5511.jpg 570w, https:\/\/acs.org.br\/academy\/wp-content\/uploads\/2017\/07\/WEB_2017_JULHO_RODADA-W_IMG_5511-300x228.jpg 300w\" sizes=\"(max-width: 570px) 100vw, 570px\" \/><\/p>\n<p>\u00a0<\/p>\n<p>\u00a0<\/p>\n<p><img loading=\"lazy\" decoding=\"async\" class=\" size-full wp-image-78564\" src=\"http:\/\/127.0.0.1\/acs\/wp-content\/uploads\/2017\/07\/WEB_2017_JULHO_RODADA-W_IMG_5519.jpg\" width=\"570\" height=\"428\" srcset=\"https:\/\/acs.org.br\/academy\/wp-content\/uploads\/2017\/07\/WEB_2017_JULHO_RODADA-W_IMG_5519.jpg 570w, https:\/\/acs.org.br\/academy\/wp-content\/uploads\/2017\/07\/WEB_2017_JULHO_RODADA-W_IMG_5519-300x225.jpg 300w\" sizes=\"(max-width: 570px) 100vw, 570px\" \/><\/p>\n<p><img loading=\"lazy\" decoding=\"async\" class=\" size-full wp-image-78565\" src=\"http:\/\/127.0.0.1\/acs\/wp-content\/uploads\/2017\/07\/WEB_2017_JULHO_RODADA-W_IMG_5533.jpg\" width=\"570\" height=\"428\" srcset=\"https:\/\/acs.org.br\/academy\/wp-content\/uploads\/2017\/07\/WEB_2017_JULHO_RODADA-W_IMG_5533.jpg 570w, https:\/\/acs.org.br\/academy\/wp-content\/uploads\/2017\/07\/WEB_2017_JULHO_RODADA-W_IMG_5533-300x225.jpg 300w\" sizes=\"(max-width: 570px) 100vw, 570px\" \/><\/p>\n<p><img loading=\"lazy\" decoding=\"async\" class=\" size-full wp-image-78566\" src=\"http:\/\/127.0.0.1\/acs\/wp-content\/uploads\/2017\/07\/WEB_2017_JULHO_RODADA-W_IMG_5534.jpg\" width=\"570\" height=\"428\" srcset=\"https:\/\/acs.org.br\/academy\/wp-content\/uploads\/2017\/07\/WEB_2017_JULHO_RODADA-W_IMG_5534.jpg 570w, https:\/\/acs.org.br\/academy\/wp-content\/uploads\/2017\/07\/WEB_2017_JULHO_RODADA-W_IMG_5534-300x225.jpg 300w\" sizes=\"(max-width: 570px) 100vw, 570px\" \/><\/p>\n","protected":false},"excerpt":{"rendered":"<p>Fonte: Assessoria de imprensa ACS Coordenadores das C\u00e2maras Setoriais da Associa\u00e7\u00e3o Comercial de Santos (ACS) reuniram-se nesta sexta-feira (7) com o vice-governador do Estado de S\u00e3o Paulo, Marcio Fran\u00e7a, e pediram investimentos para a regi\u00e3o. O principal deles foi a constru\u00e7\u00e3o de vias de acesso na entrada de Santos. Ap\u00f3s ouvir todas as reivindica\u00e7\u00f5es, Fran\u00e7a [&hellip;]<\/p>\n","protected":false},"author":1,"featured_media":78546,"comment_status":"open","ping_status":"open","sticky":false,"template":"","format":"standard","meta":{"footnotes":""},"categories":[84],"tags":[],"_links":{"self":[{"href":"https:\/\/acs.org.br\/academy\/wp-json\/wp\/v2\/posts\/78567"}],"collection":[{"href":"https:\/\/acs.org.br\/academy\/wp-json\/wp\/v2\/posts"}],"about":[{"href":"https:\/\/acs.org.br\/academy\/wp-json\/wp\/v2\/types\/post"}],"author":[{"embeddable":true,"href":"https:\/\/acs.org.br\/academy\/wp-json\/wp\/v2\/users\/1"}],"replies":[{"embeddable":true,"href":"https:\/\/acs.org.br\/academy\/wp-json\/wp\/v2\/comments?post=78567"}],"version-history":[{"count":0,"href":"https:\/\/acs.org.br\/academy\/wp-json\/wp\/v2\/posts\/78567\/revisions"}],"wp:featuredmedia":[{"embeddable":true,"href":"https:\/\/acs.org.br\/academy\/wp-json\/wp\/v2\/media\/78546"}],"wp:attachment":[{"href":"https:\/\/acs.org.br\/academy\/wp-json\/wp\/v2\/media?parent=78567"}],"wp:term":[{"taxonomy":"category","embeddable":true,"href":"https:\/\/acs.org.br\/academy\/wp-json\/wp\/v2\/categories?post=78567"},{"taxonomy":"post_tag","embeddable":true,"href":"https:\/\/acs.org.br\/academy\/wp-json\/wp\/v2\/tags?post=78567"}],"curies":[{"name":"wp","href":"https:\/\/api.w.org\/{rel}","templated":true}]}}