{"id":77958,"date":"2017-06-19T15:20:33","date_gmt":"2017-06-19T18:20:33","guid":{"rendered":"http:\/\/127.0.0.1\/acs\/acs-firma-parceria-com-desenvolve-sao-paulo-e-promove-palestra\/"},"modified":"2017-06-19T15:20:33","modified_gmt":"2017-06-19T18:20:33","slug":"acs-firma-parceria-com-desenvolve-sao-paulo-e-promove-palestra","status":"publish","type":"post","link":"https:\/\/acs.org.br\/academy\/acs-firma-parceria-com-desenvolve-sao-paulo-e-promove-palestra\/","title":{"rendered":"ACS firma parceria com Desenvolve S\u00e3o Paulo e promove palestra"},"content":{"rendered":"<p>No mundo dos neg\u00f3cios, a informa\u00e7\u00e3o \u00e9 fundamental.<\/p>\n<p>N\u00f3s da Associa\u00e7\u00e3o Comercial de Santos (ACS) estamos iniciando agora uma efetiva parceria com o Desenvolve S\u00e3o Paulo, Ag\u00eancia de Desenvolvimento Paulista.<\/p>\n<p>Nessa primeira etapa, enviamos um e-mail marketing da parceria ACS\/Desenvolve S\u00e3o Paulo.<\/p>\n<p>Clique <a href=\"http:\/\/www.desenvolvesp.com.br\/a2sitebox\/boletim\/2017-06-01-emailmkt-creditodigital-ACSantos.html\">AQUI<\/a> e conhe\u00e7a mais detalhes dessa importante ag\u00eancia de fomento de S\u00e3o Paulo.<\/p>\n<p>Em seguida, voc\u00ea encontrar\u00e1 quatro canais de acesso, com informa\u00e7\u00f5es importantes, principalmente sobre linhas de cr\u00e9dito.<\/p>\n<p>Confira!<\/p>\n<p>No dia 18 de julho, na sede da TV Tribuna, em raz\u00e3o das obras de moderniza\u00e7\u00e3o do nosso pr\u00e9dio sede, promoveremos uma grande palestra sobre o assunto.<\/p>\n<p>Em breve, enviaremos mais informa\u00e7\u00f5es.<\/p>\n","protected":false},"excerpt":{"rendered":"<p>No mundo dos neg\u00f3cios, a informa\u00e7\u00e3o \u00e9 fundamental. N\u00f3s da Associa\u00e7\u00e3o Comercial de Santos (ACS) estamos iniciando agora uma efetiva parceria com o Desenvolve S\u00e3o Paulo, Ag\u00eancia de Desenvolvimento Paulista. Nessa primeira etapa, enviamos um e-mail marketing da parceria ACS\/Desenvolve S\u00e3o Paulo. Clique AQUI e conhe\u00e7a mais detalhes dessa importante ag\u00eancia de fomento de S\u00e3o [&hellip;]<\/p>\n","protected":false},"author":1,"featured_media":0,"comment_status":"open","ping_status":"open","sticky":false,"template":"","format":"standard","meta":{"footnotes":""},"categories":[84],"tags":[],"_links":{"self":[{"href":"https:\/\/acs.org.br\/academy\/wp-json\/wp\/v2\/posts\/77958"}],"collection":[{"href":"https:\/\/acs.org.br\/academy\/wp-json\/wp\/v2\/posts"}],"about":[{"href":"https:\/\/acs.org.br\/academy\/wp-json\/wp\/v2\/types\/post"}],"author":[{"embeddable":true,"href":"https:\/\/acs.org.br\/academy\/wp-json\/wp\/v2\/users\/1"}],"replies":[{"embeddable":true,"href":"https:\/\/acs.org.br\/academy\/wp-json\/wp\/v2\/comments?post=77958"}],"version-history":[{"count":0,"href":"https:\/\/acs.org.br\/academy\/wp-json\/wp\/v2\/posts\/77958\/revisions"}],"wp:attachment":[{"href":"https:\/\/acs.org.br\/academy\/wp-json\/wp\/v2\/media?parent=77958"}],"wp:term":[{"taxonomy":"category","embeddable":true,"href":"https:\/\/acs.org.br\/academy\/wp-json\/wp\/v2\/categories?post=77958"},{"taxonomy":"post_tag","embeddable":true,"href":"https:\/\/acs.org.br\/academy\/wp-json\/wp\/v2\/tags?post=77958"}],"curies":[{"name":"wp","href":"https:\/\/api.w.org\/{rel}","templated":true}]}}