{"id":77900,"date":"2017-06-10T12:02:19","date_gmt":"2017-06-10T15:02:19","guid":{"rendered":"http:\/\/127.0.0.1\/acs\/empresario-portuario-alvaro-marques-canoilas-morre-aos-91-anos\/"},"modified":"2017-06-10T12:02:19","modified_gmt":"2017-06-10T15:02:19","slug":"empresario-portuario-alvaro-marques-canoilas-morre-aos-91-anos","status":"publish","type":"post","link":"https:\/\/acs.org.br\/academy\/empresario-portuario-alvaro-marques-canoilas-morre-aos-91-anos\/","title":{"rendered":"Empres\u00e1rio portu\u00e1rio \u00c1lvaro Marques Canoilas morre aos 91 anos"},"content":{"rendered":"<p>O empres\u00e1rio portu\u00e1rio \u00c1lvaro Marques Canoilas, pai do diretor-financeiro da Associa\u00e7\u00e3o Comercial de Santos, Andr\u00e9 Marques Canoilas, faleceu neste s\u00e1bado (10) aos 91 anos. Ele estava internado no Hospital S\u00edrio Liban\u00eas, em S\u00e3o Paulo.<\/p>\n<p>\u00c1lv aro Marques Canoilas foi um dos s\u00f3cios-propriet\u00e1rios do Grupo Libra e um dos nomes mais respeitados do setor de navega\u00e7\u00e3o. Ele foi decisivo no processo de moderniza\u00e7\u00e3o do Porto de Santos.<\/p>\n<p>\u00c1lvaro \u00e9 que teve a ideia de participar da concorr\u00eancia do primeiro terminal portu\u00e1rio, o Terminal 37. Nesse processo, ele percebeu a mudan\u00e7a do setor e foi o primeiro a investir em infra-estrutura portu\u00e1ria. Toda essa atua\u00e7\u00e3o o tornou um dos nomes mais respeitados do setor.<\/p>\n<p>Em 2011, recebeu o \u2018M\u00e9rito Tamandar\u00e9\u2019, criado por decreto em 1957, e destinado \u00e0s autoridades, institui\u00e7\u00f5es e personalidades civis e militares, brasileiras ou estrangeiras, que tenham prestado relevantes servi\u00e7os \u00e0 Marinha.<\/p>\n<p>O vel\u00f3rio vai acontecer na Memorial Necr\u00f3pole Ecum\u00eanica de Santos a partir das 15h deste s\u00e1bado.<\/p>\n","protected":false},"excerpt":{"rendered":"<p>O empres\u00e1rio portu\u00e1rio \u00c1lvaro Marques Canoilas, pai do diretor-financeiro da Associa\u00e7\u00e3o Comercial de Santos, Andr\u00e9 Marques Canoilas, faleceu neste s\u00e1bado (10) aos 91 anos. Ele estava internado no Hospital S\u00edrio Liban\u00eas, em S\u00e3o Paulo. \u00c1lv aro Marques Canoilas foi um dos s\u00f3cios-propriet\u00e1rios do Grupo Libra e um dos nomes mais respeitados do setor de navega\u00e7\u00e3o. [&hellip;]<\/p>\n","protected":false},"author":1,"featured_media":0,"comment_status":"open","ping_status":"open","sticky":false,"template":"","format":"standard","meta":{"footnotes":""},"categories":[84],"tags":[],"_links":{"self":[{"href":"https:\/\/acs.org.br\/academy\/wp-json\/wp\/v2\/posts\/77900"}],"collection":[{"href":"https:\/\/acs.org.br\/academy\/wp-json\/wp\/v2\/posts"}],"about":[{"href":"https:\/\/acs.org.br\/academy\/wp-json\/wp\/v2\/types\/post"}],"author":[{"embeddable":true,"href":"https:\/\/acs.org.br\/academy\/wp-json\/wp\/v2\/users\/1"}],"replies":[{"embeddable":true,"href":"https:\/\/acs.org.br\/academy\/wp-json\/wp\/v2\/comments?post=77900"}],"version-history":[{"count":0,"href":"https:\/\/acs.org.br\/academy\/wp-json\/wp\/v2\/posts\/77900\/revisions"}],"wp:attachment":[{"href":"https:\/\/acs.org.br\/academy\/wp-json\/wp\/v2\/media?parent=77900"}],"wp:term":[{"taxonomy":"category","embeddable":true,"href":"https:\/\/acs.org.br\/academy\/wp-json\/wp\/v2\/categories?post=77900"},{"taxonomy":"post_tag","embeddable":true,"href":"https:\/\/acs.org.br\/academy\/wp-json\/wp\/v2\/tags?post=77900"}],"curies":[{"name":"wp","href":"https:\/\/api.w.org\/{rel}","templated":true}]}}